{"id":18877,"date":"2011-03-31T04:27:16","date_gmt":"2011-03-31T07:27:16","guid":{"rendered":"http:\/\/www.inclusive.org.br\/?p=18877"},"modified":"2011-03-31T04:27:16","modified_gmt":"2011-03-31T07:27:16","slug":"arvore-da-vida-pessoas-com-deficiencia-protagonistas-de-suas-historias","status":"publish","type":"post","link":"https:\/\/inclusivenews.com.br\/?p=18877","title":{"rendered":"\u00c1rvore da vida &#8211; pessoas com defici\u00eancia protagonistas de suas hist\u00f3rias"},"content":{"rendered":"<p><strong><a rel=\"attachment wp-att-12021\" href=\"http:\/\/www.inclusive.org.br\/?attachment_id=12021\"><img loading=\"lazy\" decoding=\"async\" class=\"alignleft size-full wp-image-12021\" title=\"Fotografia de Leandra Certeza.\" src=\"http:\/\/inclusivenews.com.br\/wp-content\/uploads\/2009\/07\/Leandra_Certeza.jpg\" alt=\"Fotografia de Leandra Certeza.\" width=\"151\" height=\"223\" \/><\/a>Por Leandra Migotto Certeza<\/strong><\/p>\n<p><em>Conversa franca entre os \u201cdinossauros\u201d da inclus\u00e3o e os \u201csuper-jovens\u201d do s\u00e9culo XXI.<\/em><\/p>\n<p>Quando eu nasci, em 1977, muitas mudas j\u00e1 tinham sido plantadas em solos afofados por m\u00e3os calejadas. Todas regadas com suor e l\u00e1grimas: de dores e alegrias. No solo, muitas sementes preciosas, que n\u00e3o chegaram a germinar, alimentaram com encorpados nutrientes, as fortes ra\u00edzes de pequenas \u00e1rvores que come\u00e7avam a crescer. Depois vieram as folhas. Uma a uma brotando. Tudo s\u00f3 foi poss\u00edvel, gra\u00e7as \u00e0 luz do sol, ao frescor das \u00e1guas, a leveza da brisa, a for\u00e7a das chuvas, e principalmente, ao olhar atendo de poucos, mas fortes mulheres e homens de coragem. Cada um doou um pedacinho de sua alma \u00e0quelas mudinhas cheias de determina\u00e7\u00e3o em viver e mostrar ao mundo a transforma\u00e7\u00e3o de sonhos em realiza\u00e7\u00f5es, que nascem da uni\u00e3o entre seres humanos.<\/p>\n<p>M\u00e3os, bra\u00e7os, mentes, pr\u00f3teses, p\u00e9s, cora\u00e7\u00f5es. Pernas, rodas, olhos, \u00f3rteses, ouvidos, muletas, sentimentos. Id\u00e9ias, aparelhos, bengalas, c\u00e3es-guia, a\u00e7\u00f5es. Todos juntos cultivaram as mudas, acompanharam o crescimento de cada caule, de cada galho, de cada folha. Os guerreiros e saudosos amigos com defici\u00eancia: Rui Bianchi do Nascimento, S\u00e9rgio Cunha Lisb\u00f4a, Maria de Lurdes Guarda, Araci Nallin, Maria Neide de Palma, S\u00e9rgio Del Grande e muitos outros de igual import\u00e2ncia, viveram cada dia para plantar \u00e1rvores da inclus\u00e3o, da cidadania, da autonomia, da independ\u00eancia, da toler\u00e2ncia, da diversidade, da fraternidade, do amor, da solidariedade, da uni\u00e3o, da gratid\u00e3o, da persist\u00eancia, da f\u00e9, e da PAZ.<\/p>\n<p>Os queridos amigos com defici\u00eancia: Messias Barbosa, Maria Am\u00e9lia Galan, Gilberto Frachetta, Ana Rita de Paula, Elza Ambr\u00f3zio, Suely Satow, Claudia Sofia Pereira, Doralice Sim\u00f5es, Francisca das Chagas Felix de Sousa, Lia Crespo, Flavia de Paiva Vital, Elisabete Araki, Tuca Munhoz, Francilene Rodrigues, Galeno Silva, P\u00e9rola Ventura, Sidney Tobias de Souza, Salete Fernandes, Juovelina Nunes, Jo\u00e3o Bentin, Marco Antonio Pellegrini, Izabel Maior, e muitos outros de igual import\u00e2ncia, vivem hoje para polinizar cada semente de inclus\u00e3o plantada por seus amigos. Hoje, eu e muitas outras pessoas com defici\u00eancia; come\u00e7aram a sentir o perfume de suas flores, mas s\u00f3 nossos filhos, sobrinhos, primos, netos, e bisnetos colher\u00e3o seus primeiros frutos.<\/p>\n<p>Para manter as \u00e1rvores da inclus\u00e3o vivas \u00e9 preciso cultiv\u00e1-las e preserv\u00e1-las sempre. Afofar o solo, cortar as ervas daminhas, matar os parasitas, regar, adubar, tirar as folhas mortas. E deixar o solo, a chuva, e o vento agirem na medida certa do amanhecer ao anoitecer. \u00c9 uma intensa e eterna vig\u00edlia. \u00c9 uma a\u00e7\u00e3o que requer muita perseveran\u00e7a, tenacidade, esperan\u00e7a, for\u00e7a de vontade, determina\u00e7\u00e3o, e principalmente, f\u00e9 em abund\u00e2ncia.<\/p>\n<p>Quando vemos garotos e garotas, jovens e crian\u00e7as com defici\u00eancia, que vestiram a camisa da inclus\u00e3o pela primeira vez &#8211; mas j\u00e1 abra\u00e7aram os troncos dessas \u00e1rvores com tanta garra &#8211; creio que devemos sentir muita alegria em saber que as sombras frondosas das antigas inspiraram o plantio de novas mudas. Mas \u00e9 preciso urgentemente que esses meninos e meninas com defici\u00eancia, NUNCA se esque\u00e7am da floresta que seus antepassados plantaram.<br \/>\nCada \u00e1rvore tem uma hist\u00f3ria, uma raiz, uma idade, uma trajet\u00f3ria. Deve-se sempre ouvir &#8211; atentamente e respeitosamente &#8211; o que estes antepassados t\u00eam a dizer sobre as batalhas que enfrentaram pela inclus\u00e3o, pois muitas guerras ainda precisar\u00e3o ser vencidas. Cada folhinha nova revigora essa floresta, mas sem ra\u00edzes que as sustentem com firmeza, nenhuma flor nascer\u00e1 mais e nenhum fruto surgir\u00e1 mais. Os jovens guerreiros da inclus\u00e3o t\u00eam a obriga\u00e7\u00e3o de aprender as li\u00e7\u00f5es com quem deixou suas marcas de sangue pelas estradas da diversidade.<\/p>\n<p>Os movimentos sociais &#8211; protagonizados por pessoas com defici\u00eancia &#8211; que se articularam mais a partir do Ano Internacional das Pessoas com Defici\u00eancia, em 1981, como: o CPSP \u2013 Clube dos Parapl\u00e9gicos de S\u00e3o Paulo, ADEVA \u2013 Associa\u00e7\u00e3o de Deficientes Visuais e Amigos, FCD \u2013 Fraternidade Crist\u00e3 de Doentes e Deficientes, o NID \u2013 N\u00facleo de Integra\u00e7\u00e3o do Deficiente, MDPD \u2013 Movimento pelos Direitos das Pessoas Deficientes, ONEDEF &#8211; Organiza\u00e7\u00e3o Nacional de Entidades de Deficientes F\u00edsicos, FENEIS \u2013 Federa\u00e7\u00e3o Nacional de Educa\u00e7\u00e3o e Integra\u00e7\u00e3o de Surdos, APCB \u2013 Associa\u00e7\u00e3o de Paralisia Cerebral do Brasil, CVI \u2013 Centros de Vida Independente, Conselho Estadual para Assuntos da Pessoa Deficiente, Conselho Municipal da Pessoa Deficiente, entre outros de igual import\u00e2ncia, foram os principais respons\u00e1veis por mudan\u00e7as significativas na hist\u00f3ria mundial e nacional.<\/p>\n<p>Muitas batalhas foram travadas, barreiras transpostas e dificuldades vencidas para que hoje; os jovens com defici\u00eancia (adquiridas ou n\u00e3o), seja de qual for sua classe social, idade, g\u00eanero, etnia, op\u00e7\u00e3o sexual ou nacionalidade possam usufruir os v\u00e1rios direitos conquistados. Os jovens de hoje t\u00eam o dever de conhecer a \u00fanica hist\u00f3ria desses movimentos sociais contadas somente pelas bocas dos \u201cdinossauros\u201d da inclus\u00e3o. Pois, muitos deles nem eram nascidos, ou eram crian\u00e7as de colo, quando as primeiras mudas destas \u00e1rvores foram plantadas. Estes jovens n\u00e3o t\u00eam o direito de renegar o verdadeiro e \u00fanico passado de suas vidas! S\u00f3 poder\u00e3o continuar plantando essas \u00e1rvores em solos f\u00e9rteis adubados pelos seus antepassados. Mudas em solos \u00e1ridos n\u00e3o vingam.<\/p>\n<p>\u00c9 claro que muitas mudan\u00e7as precisam surgir, discuss\u00f5es devem ser travadas, novidades devem ser testadas e outras vozes devem ser ouvidas. O rio segue seu curso, mas a paisagem muda com o passar dos tempos. A evolu\u00e7\u00e3o \u00e9 inevit\u00e1vel e muito ben\u00e9fica, desde que beba na fonte daqueles que abriram suas margens com suor e l\u00e1grimas. Revolucionar \u00e9 fundamental. Quebrar com estruturas arcaicas tamb\u00e9m. Nada \u00e9 imut\u00e1vel. Ningu\u00e9m \u00e9 perfeito. Nenhuma id\u00e9ia \u00e9 universal e inquestion\u00e1vel. Os valores do amor, paz, cidadania, autonomia, independ\u00eancia, liberdade, e  fraternidade podem vestir novas roupas, desde que NUNCA percam suas ess\u00eancias.<\/p>\n<p>Creio que os \u201csuper-jovens\u201d do s\u00e9culo XXI precisam aprender as diferen\u00e7as b\u00e1sicas e fundamentais entre: pol\u00edticas p\u00fablicas e projetos isolados; integra\u00e7\u00e3o e inclus\u00e3o; manifesta\u00e7\u00e3o pol\u00edtica popular e eventos privados ou do terceiro setor; acessibilidade e desenho universal; pessoas com defici\u00eancia f\u00edsica e pessoas com defici\u00eancias em geral; associa\u00e7\u00f5es e \u00f3rg\u00e3os p\u00fablicos; assist\u00eancia social e direitos sociais; assistencialismo e empoderamento; entre outras. Tamb\u00e9m precisam conhecer o significado de conceitos b\u00e1sicos e fundamentais como: democracia, pol\u00edticas afirmativas, movimento social, sociedade civil organizada, discrimina\u00e7\u00e3o, desigualdade social, preconceito, entre outros. Al\u00e9m de saberem como realmente funcionam os poderes e servi\u00e7os p\u00fablicos, as leis, e a\u00e7\u00f5es relativas \u00e0s pessoas com defici\u00eancia, antes de falarem aos quatro cantos, em nome de mais 14,5% da popula\u00e7\u00e3o brasileira e 10% da mundial.<\/p>\n<p>E tamb\u00e9m creio que cabe aos \u201cdinossauros\u201d da inclus\u00e3o muita HUMILDADE, paci\u00eancia, lucidez, tranq\u00fcilidade, flexibilidade, esp\u00edrito de equipe, abertura ao novo, jogo de cintura, e diplomacia para ouvir com muita aten\u00e7\u00e3o o que a nova gera\u00e7\u00e3o tem a dizer. Dar bronca quando preciso, e corrigir duramente os erros por eles cometidos, mas nunca se colocarem em cima de pedestais, desejando serem glorificados e reverenciados. O isolamento dos grupos que se dizem donos da verdade, com certeza absoluta, tamb\u00e9m n\u00e3o leva a lugar algum, a n\u00e3o ser a um retrocesso no processo de inclus\u00e3o duramente conquistado.<\/p>\n<p>Os conflitos s\u00f3 s\u00e3o saud\u00e1veis quando os dois lados t\u00eam igual n\u00famero de argumentos. Ningu\u00e9m deve ser simplesmente ignorado por ser jovem, assim como ningu\u00e9m deve ser duramente pisoteado por ser velho. Todos vivenciam experi\u00eancias enriquecedoras que somente trocadas, compartilhadas, multiplicadas, somadas, misturadas, dividias, dialogadas, e discutidas ganhar\u00e3o for\u00e7a para continuarem plantando muitas outras \u00e1rvores da inclus\u00e3o, t\u00e3o necess\u00e1rias quando as que fazem parte da atual floresta da DIVERSIDADE!<\/p>\n<p style=\"text-align: right;\">\u201cIlus\u00f5es do amanh\u00e3\u201d<\/p>\n<p>\u201cPor que eu vivo procurando um motivo de viver,<br \/>\nSe a vida \u00e0s vezes, parece de mim esquecer<br \/>\nProcuro em todas, mas todas n\u00e3o s\u00e3o voc\u00ea<br \/>\nEu quero apenas viver<br \/>\nSe n\u00e3o for para mim que seja para voc\u00ea<br \/>\nMas \u00e0s vezes voc\u00ea parece me ignorar sem nem ao menos me olhar<br \/>\nMachucando-me pra valer<br \/>\nAtr\u00e1s dos meus sonhos eu vou correr,<br \/>\nEu vou me achar, pra mais tarde em voc\u00ea me perder.<br \/>\nSe a vida d\u00e1 presente para cada um o meu, cad\u00ea?<br \/>\nSer\u00e1 que esse mundo tem jeito?<br \/>\nEsse mundo cheio de preconceito<br \/>\nQuando estou s\u00f3, penso na minha solid\u00e3o,<br \/>\nJuntando peda\u00e7os de mim que ca\u00edam ao ch\u00e3o<\/p>\n<p>Juro que \u00e0s vezes, nem ao menos sei quem sou.<br \/>\nTalvez eu seja um tolo, que acredita num sonho<br \/>\nNa procura de te esquecer<br \/>\nEu fiz brotar a flor<br \/>\nPara carregar junto ao peito<br \/>\nE crer que esse mundo, ainda tem jeito,<br \/>\nE como pr\u00edncipe sonhador<br \/>\nSou um tolo que ainda acredita no amor\u201d.<\/p>\n<p>O autor desse poema \u00e9 Alexandre Lemos \u2013 o pr\u00edncipe sonhador. Ele era aluno da APAE \u2013 Associa\u00e7\u00e3o de Pais e Amigos dos Excepcionais do Rio de Janeiro, e tinha na \u00e9poca 28 anos. O texto foi publicado na Revista \u201cCartas Abertas\u201d, n\u00famero 31 de julho\/agosto\/setembro de 2003, criada pela FCD \u2013 Fraternidade Crist\u00e3 de Doentes e Deficientes.<\/p>\n<p>\u201cCaminhada\u201d<\/p>\n<p>\u201c\u00c9 preciso caminharmos juntos,<br \/>\n\u00c9 preciso acreditar sem medo,<br \/>\nBuscar o amor mesmo sob as guerras do pranto;<br \/>\n\u00c9 preciso acreditar na esperan\u00e7a<br \/>\nTentar at\u00e9 a \u00faltima gota<br \/>\nPersistir contra o limite<br \/>\n\u00c9 preciso se dar as m\u00e3os, e fazer-se forte na luta pela vida<br \/>\nN\u00e3o importa o po\u00e7o que se faz presente<br \/>\nA f\u00e9 \u00e9 bem mais importante<br \/>\n\u00c9 preciso gritar por um mundo mais justo<br \/>\nEsque\u00e7a sua cor, sua religi\u00e3o, seu orgulho, sua dor<br \/>\nO amor \u00e9 bem mais importante<br \/>\n\u00c9 preciso evitar a l\u00e1grima do amigo<br \/>\nPara que a nossa n\u00e3o seja esquecida<br \/>\n\u00c9 preciso um amigo para n\u00e3o estar sozinho<br \/>\nE assim se conseguir\u00e1<br \/>\nPorque j\u00e1 se reuniram for\u00e7as<br \/>\n\u00c9 preciso caminhar juntos<br \/>\nAcredite&#8230;\u201d<\/p>\n<p>Antonio Reis Sobrinho, autor deste poema \u00e9 de Feira de Santana &#8211; BA e faz parte da FCD \u2013 Fraternidade Crist\u00e3 de Doentes e Deficientes. O texto foi publicado na publica\u00e7\u00e3o da FCD, a Revista \u201cCartas Abertas\u201d, n\u00famero 63 de 1989.<\/p>\n<p style=\"text-align: justify;\">________________________<\/p>\n<p><span style=\"text-decoration: underline;\"><strong>Sobre a autora:<\/strong> <\/span><\/p>\n<p><em>Leandra Migotto Certeza, \u00e9 Jornalista (MTb 40546) e colunista da Caleidosc\u00f3pio Comunica\u00e7\u00f5es, Rep\u00f3rter Volunt\u00e1ria da Rede SACI &#8212;<a href=\"http:\/\/ www.saci.org.br\" target=\"_blank\" rel=\"noopener\"> www.saci.org.br www.saci.org.br<\/a>; ativista em direitos humanos das pessoas com defici\u00eancia da ONG Conectas Direitos Humanos <a href=\"http:\/\/www.conectas.org\" target=\"_blank\" rel=\"noopener\">www.conectas.org <\/a>, e volunt\u00e1ria da Volunt\u00e1ria da Associa\u00e7\u00e3o Brasileira de S\u00edndrome de Williams &#8211; <\/em><em><a href=\"http:\/\/www.swbrasil.org.br\">www.swbrasil.org.br<\/a><\/em><em><a href=\"http:\/\/www.aboi.org.br\" target=\"_blank\" rel=\"noopener\"> <\/a>, &#8211; <em>.Tels: 55 (11) 3453-5370 \u2013 Cel: 55 (11) 8697-9067 55 <\/em>&#8211; Blogs &#8211; pessoal &#8211; <a href=\"http:\/\/leandramigottocerteza.blogspot.com\" target=\"_blank\" rel=\"noopener\">http:\/\/leandramigottocerteza.blogspot.com <\/a> &#8211; institucional &#8211; <\/em><em><a href=\"http:\/\/fantasiascaleidoscopicas.blogspot.com\/\">http:\/\/fantasiascaleidoscopicas.blogspot.com\/<\/a><\/em> &#8211; <em>Twitter: @LeCaleidoscopio<\/em><\/p>\n<p>Curr\u00edculo: <a href=\"http:\/\/twixar.com\/hAo2\" target=\"_blank\" rel=\"noopener\">http:\/\/twixar.com\/hAo2<br \/>\n<\/a>Portif\u00f3lio de textos: <a href=\"http:\/\/twixar.com\/16a2\" target=\"_blank\" rel=\"noopener\">http:\/\/twixar.com\/16a2<\/a><br \/>\nPortif\u00f3lio de v\u00eddeos: <a href=\"http:\/\/www.youtube.com\/watch?v=a9xC5DOLiQY\" target=\"_blank\" rel=\"noopener\">http:\/\/www.youtube.com\/watch?v=a9xC5DOLiQY<br \/>\n<\/a><a href=\"http:\/\/www.youtube.com\/watch?v=TyxaoaO13bA\" target=\"_blank\" rel=\"noopener\">http:\/\/www.youtube.com\/watch?v=TyxaoaO13bA<br \/>\n<\/a><a href=\"http:\/\/www.youtube.com\/watch?v=9vbe8JrqVkc\" target=\"_blank\" rel=\"noopener\">http:\/\/www.youtube.com\/watch?v=9vbe8JrqVkc<\/a><\/p>\n","protected":false},"excerpt":{"rendered":"<p>&#8220;Conversa franca entre os \u201cdinossauros\u201d da inclus\u00e3o e os \u201csuper-jovens\u201d do s\u00e9culo XXI.&#8221; Por Leandra Migotto Certeza.<\/p>\n","protected":false},"author":1,"featured_media":0,"comment_status":"open","ping_status":"open","sticky":false,"template":"","format":"standard","meta":{"site-container-style":"default","site-container-layout":"default","site-sidebar-layout":"default","disable-article-header":"default","disable-site-header":"default","disable-site-footer":"default","disable-content-area-spacing":"default","footnotes":""},"categories":[36,8],"tags":[45],"class_list":["post-18877","post","type-post","status-publish","format-standard","hentry","category-colunas-especiais","category-textos-e-artigos","tag-caleidoscopio"],"yoast_head":"<!-- This site is optimized with the Yoast SEO plugin v27.4 - https:\/\/yoast.com\/product\/yoast-seo-wordpress\/ -->\n<title>\u00c1rvore da vida - pessoas com defici\u00eancia protagonistas de suas hist\u00f3rias -<\/title>\n<meta name=\"robots\" content=\"index, follow, max-snippet:-1, max-image-preview:large, max-video-preview:-1\" \/>\n<link rel=\"canonical\" href=\"https:\/\/inclusivenews.com.br\/?p=18877\" \/>\n<meta property=\"og:locale\" content=\"pt_PT\" \/>\n<meta property=\"og:type\" content=\"article\" \/>\n<meta property=\"og:title\" content=\"\u00c1rvore da vida - pessoas com defici\u00eancia protagonistas de suas hist\u00f3rias -\" \/>\n<meta property=\"og:description\" content=\"&quot;Conversa franca entre os \u201cdinossauros\u201d da inclus\u00e3o e os \u201csuper-jovens\u201d do s\u00e9culo XXI.&quot; Por Leandra Migotto Certeza.\" \/>\n<meta property=\"og:url\" content=\"https:\/\/inclusivenews.com.br\/?p=18877\" \/>\n<meta property=\"article:publisher\" content=\"https:\/\/www.facebook.com\/agenciainclusive\/\" \/>\n<meta property=\"article:published_time\" content=\"2011-03-31T07:27:16+00:00\" \/>\n<meta property=\"og:image\" content=\"http:\/\/inclusivenews.com.br\/wp-content\/uploads\/2009\/07\/Leandra_Certeza.jpg\" \/>\n<meta name=\"author\" content=\"inclusivenews2024\" \/>\n<meta name=\"twitter:card\" content=\"summary_large_image\" \/>\n<meta name=\"twitter:label1\" content=\"Escrito por\" \/>\n\t<meta name=\"twitter:data1\" content=\"inclusivenews2024\" \/>\n\t<meta name=\"twitter:label2\" content=\"Tempo estimado de leitura\" \/>\n\t<meta name=\"twitter:data2\" content=\"9 minutos\" \/>\n<script type=\"application\/ld+json\" class=\"yoast-schema-graph\">{\"@context\":\"https:\\\/\\\/schema.org\",\"@graph\":[{\"@type\":\"Article\",\"@id\":\"https:\\\/\\\/inclusivenews.com.br\\\/?p=18877#article\",\"isPartOf\":{\"@id\":\"https:\\\/\\\/inclusivenews.com.br\\\/?p=18877\"},\"author\":{\"name\":\"inclusivenews2024\",\"@id\":\"https:\\\/\\\/inclusivenews.com.br\\\/#\\\/schema\\\/person\\\/ae4ec7087559b8692fb33b6fffd2273b\"},\"headline\":\"\u00c1rvore da vida &#8211; pessoas com defici\u00eancia protagonistas de suas hist\u00f3rias\",\"datePublished\":\"2011-03-31T07:27:16+00:00\",\"mainEntityOfPage\":{\"@id\":\"https:\\\/\\\/inclusivenews.com.br\\\/?p=18877\"},\"wordCount\":1892,\"commentCount\":5,\"publisher\":{\"@id\":\"https:\\\/\\\/inclusivenews.com.br\\\/#organization\"},\"image\":{\"@id\":\"https:\\\/\\\/inclusivenews.com.br\\\/?p=18877#primaryimage\"},\"thumbnailUrl\":\"http:\\\/\\\/inclusivenews.com.br\\\/wp-content\\\/uploads\\\/2009\\\/07\\\/Leandra_Certeza.jpg\",\"keywords\":[\"Caleidosc\u00f3pio\"],\"articleSection\":[\"Colunas especiais\",\"OPINI\u00c3O\"],\"inLanguage\":\"pt-PT\",\"potentialAction\":[{\"@type\":\"CommentAction\",\"name\":\"Comment\",\"target\":[\"https:\\\/\\\/inclusivenews.com.br\\\/?p=18877#respond\"]}]},{\"@type\":\"WebPage\",\"@id\":\"https:\\\/\\\/inclusivenews.com.br\\\/?p=18877\",\"url\":\"https:\\\/\\\/inclusivenews.com.br\\\/?p=18877\",\"name\":\"\u00c1rvore da vida - pessoas com defici\u00eancia protagonistas de suas hist\u00f3rias -\",\"isPartOf\":{\"@id\":\"https:\\\/\\\/inclusivenews.com.br\\\/#website\"},\"primaryImageOfPage\":{\"@id\":\"https:\\\/\\\/inclusivenews.com.br\\\/?p=18877#primaryimage\"},\"image\":{\"@id\":\"https:\\\/\\\/inclusivenews.com.br\\\/?p=18877#primaryimage\"},\"thumbnailUrl\":\"http:\\\/\\\/inclusivenews.com.br\\\/wp-content\\\/uploads\\\/2009\\\/07\\\/Leandra_Certeza.jpg\",\"datePublished\":\"2011-03-31T07:27:16+00:00\",\"breadcrumb\":{\"@id\":\"https:\\\/\\\/inclusivenews.com.br\\\/?p=18877#breadcrumb\"},\"inLanguage\":\"pt-PT\",\"potentialAction\":[{\"@type\":\"ReadAction\",\"target\":[\"https:\\\/\\\/inclusivenews.com.br\\\/?p=18877\"]}]},{\"@type\":\"ImageObject\",\"inLanguage\":\"pt-PT\",\"@id\":\"https:\\\/\\\/inclusivenews.com.br\\\/?p=18877#primaryimage\",\"url\":\"https:\\\/\\\/inclusivenews.com.br\\\/wp-content\\\/uploads\\\/2009\\\/07\\\/Leandra_Certeza.jpg\",\"contentUrl\":\"https:\\\/\\\/inclusivenews.com.br\\\/wp-content\\\/uploads\\\/2009\\\/07\\\/Leandra_Certeza.jpg\",\"width\":151,\"height\":223},{\"@type\":\"BreadcrumbList\",\"@id\":\"https:\\\/\\\/inclusivenews.com.br\\\/?p=18877#breadcrumb\",\"itemListElement\":[{\"@type\":\"ListItem\",\"position\":1,\"name\":\"In\u00edcio\",\"item\":\"https:\\\/\\\/inclusivenews.com.br\\\/\"},{\"@type\":\"ListItem\",\"position\":2,\"name\":\"\u00c1rvore da vida &#8211; pessoas com defici\u00eancia protagonistas de suas hist\u00f3rias\"}]},{\"@type\":\"WebSite\",\"@id\":\"https:\\\/\\\/inclusivenews.com.br\\\/#website\",\"url\":\"https:\\\/\\\/inclusivenews.com.br\\\/\",\"name\":\"Inclusive News\",\"description\":\"Inclusive News\",\"publisher\":{\"@id\":\"https:\\\/\\\/inclusivenews.com.br\\\/#organization\"},\"potentialAction\":[{\"@type\":\"SearchAction\",\"target\":{\"@type\":\"EntryPoint\",\"urlTemplate\":\"https:\\\/\\\/inclusivenews.com.br\\\/?s={search_term_string}\"},\"query-input\":{\"@type\":\"PropertyValueSpecification\",\"valueRequired\":true,\"valueName\":\"search_term_string\"}}],\"inLanguage\":\"pt-PT\"},{\"@type\":\"Organization\",\"@id\":\"https:\\\/\\\/inclusivenews.com.br\\\/#organization\",\"name\":\"Inclusive - inclus\u00e3o e cidadania\",\"url\":\"https:\\\/\\\/inclusivenews.com.br\\\/\",\"logo\":{\"@type\":\"ImageObject\",\"inLanguage\":\"pt-PT\",\"@id\":\"https:\\\/\\\/inclusivenews.com.br\\\/#\\\/schema\\\/logo\\\/image\\\/\",\"url\":\"https:\\\/\\\/inclusivenews.com.br\\\/wp-content\\\/uploads\\\/2024\\\/03\\\/@grandesite.png\",\"contentUrl\":\"https:\\\/\\\/inclusivenews.com.br\\\/wp-content\\\/uploads\\\/2024\\\/03\\\/@grandesite.png\",\"width\":1080,\"height\":1080,\"caption\":\"Inclusive - inclus\u00e3o e cidadania\"},\"image\":{\"@id\":\"https:\\\/\\\/inclusivenews.com.br\\\/#\\\/schema\\\/logo\\\/image\\\/\"},\"sameAs\":[\"https:\\\/\\\/www.facebook.com\\\/agenciainclusive\\\/\",\"https:\\\/\\\/www.instagram.com\\\/newsinclusive\\\/\"]},{\"@type\":\"Person\",\"@id\":\"https:\\\/\\\/inclusivenews.com.br\\\/#\\\/schema\\\/person\\\/ae4ec7087559b8692fb33b6fffd2273b\",\"name\":\"inclusivenews2024\",\"image\":{\"@type\":\"ImageObject\",\"inLanguage\":\"pt-PT\",\"@id\":\"https:\\\/\\\/secure.gravatar.com\\\/avatar\\\/c5a7ef84c66fa914f55bc4f7ce26cfa275a3b9a1c5568b907bd184fb4dde7b40?s=96&d=mm&r=g\",\"url\":\"https:\\\/\\\/secure.gravatar.com\\\/avatar\\\/c5a7ef84c66fa914f55bc4f7ce26cfa275a3b9a1c5568b907bd184fb4dde7b40?s=96&d=mm&r=g\",\"contentUrl\":\"https:\\\/\\\/secure.gravatar.com\\\/avatar\\\/c5a7ef84c66fa914f55bc4f7ce26cfa275a3b9a1c5568b907bd184fb4dde7b40?s=96&d=mm&r=g\",\"caption\":\"inclusivenews2024\"},\"sameAs\":[\"https:\\\/\\\/inclusivenews.com.br\"],\"url\":\"https:\\\/\\\/inclusivenews.com.br\\\/?author=1\"}]}<\/script>\n<!-- \/ Yoast SEO plugin. -->","yoast_head_json":{"title":"\u00c1rvore da vida - pessoas com defici\u00eancia protagonistas de suas hist\u00f3rias -","robots":{"index":"index","follow":"follow","max-snippet":"max-snippet:-1","max-image-preview":"max-image-preview:large","max-video-preview":"max-video-preview:-1"},"canonical":"https:\/\/inclusivenews.com.br\/?p=18877","og_locale":"pt_PT","og_type":"article","og_title":"\u00c1rvore da vida - pessoas com defici\u00eancia protagonistas de suas hist\u00f3rias -","og_description":"\"Conversa franca entre os \u201cdinossauros\u201d da inclus\u00e3o e os \u201csuper-jovens\u201d do s\u00e9culo XXI.\" Por Leandra Migotto Certeza.","og_url":"https:\/\/inclusivenews.com.br\/?p=18877","article_publisher":"https:\/\/www.facebook.com\/agenciainclusive\/","article_published_time":"2011-03-31T07:27:16+00:00","og_image":[{"url":"http:\/\/inclusivenews.com.br\/wp-content\/uploads\/2009\/07\/Leandra_Certeza.jpg","type":"","width":"","height":""}],"author":"inclusivenews2024","twitter_card":"summary_large_image","twitter_misc":{"Escrito por":"inclusivenews2024","Tempo estimado de leitura":"9 minutos"},"schema":{"@context":"https:\/\/schema.org","@graph":[{"@type":"Article","@id":"https:\/\/inclusivenews.com.br\/?p=18877#article","isPartOf":{"@id":"https:\/\/inclusivenews.com.br\/?p=18877"},"author":{"name":"inclusivenews2024","@id":"https:\/\/inclusivenews.com.br\/#\/schema\/person\/ae4ec7087559b8692fb33b6fffd2273b"},"headline":"\u00c1rvore da vida &#8211; pessoas com defici\u00eancia protagonistas de suas hist\u00f3rias","datePublished":"2011-03-31T07:27:16+00:00","mainEntityOfPage":{"@id":"https:\/\/inclusivenews.com.br\/?p=18877"},"wordCount":1892,"commentCount":5,"publisher":{"@id":"https:\/\/inclusivenews.com.br\/#organization"},"image":{"@id":"https:\/\/inclusivenews.com.br\/?p=18877#primaryimage"},"thumbnailUrl":"http:\/\/inclusivenews.com.br\/wp-content\/uploads\/2009\/07\/Leandra_Certeza.jpg","keywords":["Caleidosc\u00f3pio"],"articleSection":["Colunas especiais","OPINI\u00c3O"],"inLanguage":"pt-PT","potentialAction":[{"@type":"CommentAction","name":"Comment","target":["https:\/\/inclusivenews.com.br\/?p=18877#respond"]}]},{"@type":"WebPage","@id":"https:\/\/inclusivenews.com.br\/?p=18877","url":"https:\/\/inclusivenews.com.br\/?p=18877","name":"\u00c1rvore da vida - pessoas com defici\u00eancia protagonistas de suas hist\u00f3rias -","isPartOf":{"@id":"https:\/\/inclusivenews.com.br\/#website"},"primaryImageOfPage":{"@id":"https:\/\/inclusivenews.com.br\/?p=18877#primaryimage"},"image":{"@id":"https:\/\/inclusivenews.com.br\/?p=18877#primaryimage"},"thumbnailUrl":"http:\/\/inclusivenews.com.br\/wp-content\/uploads\/2009\/07\/Leandra_Certeza.jpg","datePublished":"2011-03-31T07:27:16+00:00","breadcrumb":{"@id":"https:\/\/inclusivenews.com.br\/?p=18877#breadcrumb"},"inLanguage":"pt-PT","potentialAction":[{"@type":"ReadAction","target":["https:\/\/inclusivenews.com.br\/?p=18877"]}]},{"@type":"ImageObject","inLanguage":"pt-PT","@id":"https:\/\/inclusivenews.com.br\/?p=18877#primaryimage","url":"https:\/\/inclusivenews.com.br\/wp-content\/uploads\/2009\/07\/Leandra_Certeza.jpg","contentUrl":"https:\/\/inclusivenews.com.br\/wp-content\/uploads\/2009\/07\/Leandra_Certeza.jpg","width":151,"height":223},{"@type":"BreadcrumbList","@id":"https:\/\/inclusivenews.com.br\/?p=18877#breadcrumb","itemListElement":[{"@type":"ListItem","position":1,"name":"In\u00edcio","item":"https:\/\/inclusivenews.com.br\/"},{"@type":"ListItem","position":2,"name":"\u00c1rvore da vida &#8211; pessoas com defici\u00eancia protagonistas de suas hist\u00f3rias"}]},{"@type":"WebSite","@id":"https:\/\/inclusivenews.com.br\/#website","url":"https:\/\/inclusivenews.com.br\/","name":"Inclusive News","description":"Inclusive News","publisher":{"@id":"https:\/\/inclusivenews.com.br\/#organization"},"potentialAction":[{"@type":"SearchAction","target":{"@type":"EntryPoint","urlTemplate":"https:\/\/inclusivenews.com.br\/?s={search_term_string}"},"query-input":{"@type":"PropertyValueSpecification","valueRequired":true,"valueName":"search_term_string"}}],"inLanguage":"pt-PT"},{"@type":"Organization","@id":"https:\/\/inclusivenews.com.br\/#organization","name":"Inclusive - inclus\u00e3o e cidadania","url":"https:\/\/inclusivenews.com.br\/","logo":{"@type":"ImageObject","inLanguage":"pt-PT","@id":"https:\/\/inclusivenews.com.br\/#\/schema\/logo\/image\/","url":"https:\/\/inclusivenews.com.br\/wp-content\/uploads\/2024\/03\/@grandesite.png","contentUrl":"https:\/\/inclusivenews.com.br\/wp-content\/uploads\/2024\/03\/@grandesite.png","width":1080,"height":1080,"caption":"Inclusive - inclus\u00e3o e cidadania"},"image":{"@id":"https:\/\/inclusivenews.com.br\/#\/schema\/logo\/image\/"},"sameAs":["https:\/\/www.facebook.com\/agenciainclusive\/","https:\/\/www.instagram.com\/newsinclusive\/"]},{"@type":"Person","@id":"https:\/\/inclusivenews.com.br\/#\/schema\/person\/ae4ec7087559b8692fb33b6fffd2273b","name":"inclusivenews2024","image":{"@type":"ImageObject","inLanguage":"pt-PT","@id":"https:\/\/secure.gravatar.com\/avatar\/c5a7ef84c66fa914f55bc4f7ce26cfa275a3b9a1c5568b907bd184fb4dde7b40?s=96&d=mm&r=g","url":"https:\/\/secure.gravatar.com\/avatar\/c5a7ef84c66fa914f55bc4f7ce26cfa275a3b9a1c5568b907bd184fb4dde7b40?s=96&d=mm&r=g","contentUrl":"https:\/\/secure.gravatar.com\/avatar\/c5a7ef84c66fa914f55bc4f7ce26cfa275a3b9a1c5568b907bd184fb4dde7b40?s=96&d=mm&r=g","caption":"inclusivenews2024"},"sameAs":["https:\/\/inclusivenews.com.br"],"url":"https:\/\/inclusivenews.com.br\/?author=1"}]}},"_links":{"self":[{"href":"https:\/\/inclusivenews.com.br\/index.php?rest_route=\/wp\/v2\/posts\/18877","targetHints":{"allow":["GET"]}}],"collection":[{"href":"https:\/\/inclusivenews.com.br\/index.php?rest_route=\/wp\/v2\/posts"}],"about":[{"href":"https:\/\/inclusivenews.com.br\/index.php?rest_route=\/wp\/v2\/types\/post"}],"author":[{"embeddable":true,"href":"https:\/\/inclusivenews.com.br\/index.php?rest_route=\/wp\/v2\/users\/1"}],"replies":[{"embeddable":true,"href":"https:\/\/inclusivenews.com.br\/index.php?rest_route=%2Fwp%2Fv2%2Fcomments&post=18877"}],"version-history":[{"count":0,"href":"https:\/\/inclusivenews.com.br\/index.php?rest_route=\/wp\/v2\/posts\/18877\/revisions"}],"wp:attachment":[{"href":"https:\/\/inclusivenews.com.br\/index.php?rest_route=%2Fwp%2Fv2%2Fmedia&parent=18877"}],"wp:term":[{"taxonomy":"category","embeddable":true,"href":"https:\/\/inclusivenews.com.br\/index.php?rest_route=%2Fwp%2Fv2%2Fcategories&post=18877"},{"taxonomy":"post_tag","embeddable":true,"href":"https:\/\/inclusivenews.com.br\/index.php?rest_route=%2Fwp%2Fv2%2Ftags&post=18877"}],"curies":[{"name":"wp","href":"https:\/\/api.w.org\/{rel}","templated":true}]}}