{"id":18883,"date":"2011-03-31T04:25:15","date_gmt":"2011-03-31T07:25:15","guid":{"rendered":"http:\/\/www.inclusive.org.br\/?p=18883"},"modified":"2011-03-31T04:25:15","modified_gmt":"2011-03-31T07:25:15","slug":"em-minas-1653-professores-terao-formacao-sobre-educacao-inclusiva","status":"publish","type":"post","link":"https:\/\/inclusivenews.com.br\/?p=18883","title":{"rendered":"Em Minas, 1653 professores ter\u00e3o forma\u00e7\u00e3o sobre educa\u00e7\u00e3o inclusiva"},"content":{"rendered":"<p><em><\/p>\n<figure style=\"width: 195px\" class=\"wp-caption alignleft\"><img loading=\"lazy\" decoding=\"async\" class=\" \" title=\"O mapa do Brasil com Minas Gerais em destaque\" src=\"http:\/\/www.duplipensar.net\/images\/geografia\/mapa-minas-gerais.jpg\" alt=\"O mapa do Brasil com Minas Gerais em destaque\" width=\"195\" height=\"194\" \/><figcaption class=\"wp-caption-text\"> <\/figcaption><\/figure>\n<p>Em Minas, 1653 ter\u00e3o forma\u00e7\u00e3o sobre educa\u00e7\u00e3o inclusiva<\/p>\n<p><\/em><\/p>\n<p>Educadores de Minas Gerais v\u00e3o iniciar um curso de atualiza\u00e7\u00e3o que vai ampliar as habilidades desses profissionais para lidar com alunos com defici\u00eancia. Ofertado pela <span style=\"cursor: pointer; color: #000099; text-decoration: underline;\">Secretaria de Estado de Educa\u00e7\u00e3o (SEE)<\/span>, por meio da Diretoria de Educa\u00e7\u00e3o Especial, o curso de Atualiza\u00e7\u00e3o em Educa\u00e7\u00e3o Inclusiva para Servidores da Educa\u00e7\u00e3o capacita educadores da rede p\u00fablica. Nesta segunda-feira (21), ter\u00e1 in\u00edcio a quinta turma do curso, da qual v\u00e3o participar 1653 profissionais.<\/p>\n<p>Nas quatro primeiras turmas, o curso capacitou cerca de 12 mil educadores e, ap\u00f3s esta quinta etapa, 13.745 ter\u00e3o passado pelo treinamento. O investimento no programa chega a R$ 8,5 milh\u00f5es. Passam pela capacita\u00e7\u00e3o, educadores da rede estadual, mas tamb\u00e9m foram abertas vagas para professores de redes municipais de ensino do Estado. O intuito das aulas n\u00e3o \u00e9 o de formar especialistas, mas o de preparar o profissional para a educa\u00e7\u00e3o inclusiva. &#8220;O professor aprende sobre os diferentes tipos de defici\u00eancia, os recursos de acessibilidade dispon\u00edveis e os apoios que cada estudante pode obter. Ele n\u00e3o se torna um especialista, mas passa a perceber as diferen\u00e7as entre os ritmos de aprendizagem dos seus alunos&#8221;, explica a diretora de Educa\u00e7\u00e3o Especial da SEE, Ana Regina de Carvalho.<\/p>\n<p>Segundo Ana Regina, o curso auxilia o professor a lidar com as necessidades dos alunos com defici\u00eancia que frequentam a escola comum. Um aluno cego, por exemplo, exige que o professor tome alguns cuidados durante a explica\u00e7\u00e3o de uma determinada mat\u00e9ria. &#8220;Numa aula de geografia, se o professor vai apontar a localiza\u00e7\u00e3o de um lugar em um mapa desenhado no quadro, ele pode ficar ao lado do aluno e guiar o dedo dele no mapa em braile. S\u00e3o pequenas a\u00e7\u00f5es que fazem diferen\u00e7a na inclus\u00e3o e ajudam no aprendizado&#8221;, exemplifica Ana Regina.<\/p>\n<p><strong>Curso a dist\u00e2ncia<\/strong><\/p>\n<p>O curso de Atualiza\u00e7\u00e3o em Educa\u00e7\u00e3o Inclusiva para Servidores da Educa\u00e7\u00e3o tem dura\u00e7\u00e3o de 120 horas\/aula, que s\u00e3o ofertadas a dist\u00e2ncia ao longo de sete meses. Ele \u00e9 oferecido pela PUC Minas Virtual, unidade da Pontif\u00edcia Universidade Cat\u00f3lica de Minas Gerais, que oferece cursos a dist\u00e2ncia em diversas \u00e1reas. Quem passa pela capacita\u00e7\u00e3o cursa v\u00e1rias disciplinas sobre educa\u00e7\u00e3o inclusiva e processos de aprendizagem. &#8220;O curso n\u00e3o vai trabalhar especificamente as \u00e1reas da defici\u00eancia, ele d\u00e1 um panorama dessas defici\u00eancias. O objetivo maior \u00e9 qualificar os professores para que eles possam mudar o olhar quanto \u00e0 diversidade do aluno e construir os processos de aprendizagem na escola&#8221;, explica a coordenadora do PUC Minas Virtual, Maria do Carmo Menicucci.<\/p>\n<p>Ao final do curso, os educadores preparam um diagn\u00f3stico sobre a escola na qual trabalham e listam as a\u00e7\u00f5es necess\u00e1rias para garantir a educa\u00e7\u00e3o inclusiva. Rubiamary Machado Figueir\u00f3 \u00e9 vice-diretora da Escola Estadual Jason de Morais, na cidade de Berilo, no Norte de Minas, e fez o curso em 2009. Em sua escola, h\u00e1 tr\u00eas alunos com defici\u00eancia. Um com baixa vis\u00e3o, outro com surdez\u00a0 e outro com defici\u00eancia f\u00edsica. Segundo a vice-diretora, a forma de lidar com esses estudantes mudou. &#8220;A gente lidava com esses alunos e n\u00e3o tinha um conhecimento espec\u00edfico. Passamos a prestar mais aten\u00e7\u00e3o nas necessidades deles e fazer as adapta\u00e7\u00f5es necess\u00e1rias&#8221;, explica. &#8220;Vai da forma de explicar um teste, at\u00e9 fazer um documento espec\u00edfico. No caso do aluno com baixa vis\u00e3o, por exemplo, temos que montar uma prova com letras maiores. Cada aluno tem sua especificidade&#8221;, complementa.<br \/>\n_____________<\/p>\n<p><strong>Fonte:<\/strong> <a href=\"http:\/\/www.jusbrasil.com.br\/politica\/6754199\/educadores-sao-capacitados-para-compreender-educacao-inclusiva\">JusBrasil<\/a><\/p>\n","protected":false},"excerpt":{"rendered":"<p>Na \u00faltima segunda-feira (21), teve in\u00edcio a quinta turma do curso, da qual participam 1653 profissionais.<\/p>\n","protected":false},"author":1,"featured_media":0,"comment_status":"open","ping_status":"open","sticky":false,"template":"","format":"standard","meta":{"site-container-style":"default","site-container-layout":"default","site-sidebar-layout":"default","disable-article-header":"default","disable-site-header":"default","disable-site-footer":"default","disable-content-area-spacing":"default","footnotes":""},"categories":[6,48,4],"tags":[],"class_list":["post-18883","post","type-post","status-publish","format-standard","hentry","category-educacao","category-inclusao","category-noticias"],"yoast_head":"<!-- This site is optimized with the Yoast SEO plugin v27.4 - https:\/\/yoast.com\/product\/yoast-seo-wordpress\/ -->\n<title>Em Minas, 1653 professores ter\u00e3o forma\u00e7\u00e3o sobre educa\u00e7\u00e3o inclusiva -<\/title>\n<meta name=\"robots\" content=\"index, follow, max-snippet:-1, max-image-preview:large, max-video-preview:-1\" \/>\n<link rel=\"canonical\" href=\"https:\/\/inclusivenews.com.br\/?p=18883\" \/>\n<meta property=\"og:locale\" content=\"pt_PT\" \/>\n<meta property=\"og:type\" content=\"article\" \/>\n<meta property=\"og:title\" content=\"Em Minas, 1653 professores ter\u00e3o forma\u00e7\u00e3o sobre educa\u00e7\u00e3o inclusiva -\" \/>\n<meta property=\"og:description\" content=\"Na \u00faltima segunda-feira (21), teve in\u00edcio a quinta turma do curso, da qual participam 1653 profissionais.\" \/>\n<meta property=\"og:url\" content=\"https:\/\/inclusivenews.com.br\/?p=18883\" \/>\n<meta property=\"article:publisher\" content=\"https:\/\/www.facebook.com\/agenciainclusive\/\" \/>\n<meta property=\"article:published_time\" content=\"2011-03-31T07:25:15+00:00\" \/>\n<meta property=\"og:image\" content=\"http:\/\/www.duplipensar.net\/images\/geografia\/mapa-minas-gerais.jpg\" \/>\n<meta name=\"author\" content=\"inclusivenews2024\" \/>\n<meta name=\"twitter:card\" content=\"summary_large_image\" \/>\n<meta name=\"twitter:label1\" content=\"Escrito por\" \/>\n\t<meta name=\"twitter:data1\" content=\"inclusivenews2024\" \/>\n\t<meta name=\"twitter:label2\" content=\"Tempo estimado de leitura\" \/>\n\t<meta name=\"twitter:data2\" content=\"3 minutos\" \/>\n<script type=\"application\/ld+json\" class=\"yoast-schema-graph\">{\"@context\":\"https:\\\/\\\/schema.org\",\"@graph\":[{\"@type\":\"Article\",\"@id\":\"https:\\\/\\\/inclusivenews.com.br\\\/?p=18883#article\",\"isPartOf\":{\"@id\":\"https:\\\/\\\/inclusivenews.com.br\\\/?p=18883\"},\"author\":{\"name\":\"inclusivenews2024\",\"@id\":\"https:\\\/\\\/inclusivenews.com.br\\\/#\\\/schema\\\/person\\\/ae4ec7087559b8692fb33b6fffd2273b\"},\"headline\":\"Em Minas, 1653 professores ter\u00e3o forma\u00e7\u00e3o sobre educa\u00e7\u00e3o inclusiva\",\"datePublished\":\"2011-03-31T07:25:15+00:00\",\"mainEntityOfPage\":{\"@id\":\"https:\\\/\\\/inclusivenews.com.br\\\/?p=18883\"},\"wordCount\":632,\"commentCount\":1,\"publisher\":{\"@id\":\"https:\\\/\\\/inclusivenews.com.br\\\/#organization\"},\"image\":{\"@id\":\"https:\\\/\\\/inclusivenews.com.br\\\/?p=18883#primaryimage\"},\"thumbnailUrl\":\"http:\\\/\\\/www.duplipensar.net\\\/images\\\/geografia\\\/mapa-minas-gerais.jpg\",\"articleSection\":[\"EDUCA\u00c7\u00c3O\",\"INCLUS\u00c3O SOCIAL\",\"NOT\u00cdCIAS\"],\"inLanguage\":\"pt-PT\",\"potentialAction\":[{\"@type\":\"CommentAction\",\"name\":\"Comment\",\"target\":[\"https:\\\/\\\/inclusivenews.com.br\\\/?p=18883#respond\"]}]},{\"@type\":\"WebPage\",\"@id\":\"https:\\\/\\\/inclusivenews.com.br\\\/?p=18883\",\"url\":\"https:\\\/\\\/inclusivenews.com.br\\\/?p=18883\",\"name\":\"Em Minas, 1653 professores ter\u00e3o forma\u00e7\u00e3o sobre educa\u00e7\u00e3o inclusiva -\",\"isPartOf\":{\"@id\":\"https:\\\/\\\/inclusivenews.com.br\\\/#website\"},\"primaryImageOfPage\":{\"@id\":\"https:\\\/\\\/inclusivenews.com.br\\\/?p=18883#primaryimage\"},\"image\":{\"@id\":\"https:\\\/\\\/inclusivenews.com.br\\\/?p=18883#primaryimage\"},\"thumbnailUrl\":\"http:\\\/\\\/www.duplipensar.net\\\/images\\\/geografia\\\/mapa-minas-gerais.jpg\",\"datePublished\":\"2011-03-31T07:25:15+00:00\",\"breadcrumb\":{\"@id\":\"https:\\\/\\\/inclusivenews.com.br\\\/?p=18883#breadcrumb\"},\"inLanguage\":\"pt-PT\",\"potentialAction\":[{\"@type\":\"ReadAction\",\"target\":[\"https:\\\/\\\/inclusivenews.com.br\\\/?p=18883\"]}]},{\"@type\":\"ImageObject\",\"inLanguage\":\"pt-PT\",\"@id\":\"https:\\\/\\\/inclusivenews.com.br\\\/?p=18883#primaryimage\",\"url\":\"http:\\\/\\\/www.duplipensar.net\\\/images\\\/geografia\\\/mapa-minas-gerais.jpg\",\"contentUrl\":\"http:\\\/\\\/www.duplipensar.net\\\/images\\\/geografia\\\/mapa-minas-gerais.jpg\"},{\"@type\":\"BreadcrumbList\",\"@id\":\"https:\\\/\\\/inclusivenews.com.br\\\/?p=18883#breadcrumb\",\"itemListElement\":[{\"@type\":\"ListItem\",\"position\":1,\"name\":\"In\u00edcio\",\"item\":\"https:\\\/\\\/inclusivenews.com.br\\\/\"},{\"@type\":\"ListItem\",\"position\":2,\"name\":\"Em Minas, 1653 professores ter\u00e3o forma\u00e7\u00e3o sobre educa\u00e7\u00e3o inclusiva\"}]},{\"@type\":\"WebSite\",\"@id\":\"https:\\\/\\\/inclusivenews.com.br\\\/#website\",\"url\":\"https:\\\/\\\/inclusivenews.com.br\\\/\",\"name\":\"Inclusive News\",\"description\":\"Inclusive News\",\"publisher\":{\"@id\":\"https:\\\/\\\/inclusivenews.com.br\\\/#organization\"},\"potentialAction\":[{\"@type\":\"SearchAction\",\"target\":{\"@type\":\"EntryPoint\",\"urlTemplate\":\"https:\\\/\\\/inclusivenews.com.br\\\/?s={search_term_string}\"},\"query-input\":{\"@type\":\"PropertyValueSpecification\",\"valueRequired\":true,\"valueName\":\"search_term_string\"}}],\"inLanguage\":\"pt-PT\"},{\"@type\":\"Organization\",\"@id\":\"https:\\\/\\\/inclusivenews.com.br\\\/#organization\",\"name\":\"Inclusive - inclus\u00e3o e cidadania\",\"url\":\"https:\\\/\\\/inclusivenews.com.br\\\/\",\"logo\":{\"@type\":\"ImageObject\",\"inLanguage\":\"pt-PT\",\"@id\":\"https:\\\/\\\/inclusivenews.com.br\\\/#\\\/schema\\\/logo\\\/image\\\/\",\"url\":\"https:\\\/\\\/inclusivenews.com.br\\\/wp-content\\\/uploads\\\/2024\\\/03\\\/@grandesite.png\",\"contentUrl\":\"https:\\\/\\\/inclusivenews.com.br\\\/wp-content\\\/uploads\\\/2024\\\/03\\\/@grandesite.png\",\"width\":1080,\"height\":1080,\"caption\":\"Inclusive - inclus\u00e3o e cidadania\"},\"image\":{\"@id\":\"https:\\\/\\\/inclusivenews.com.br\\\/#\\\/schema\\\/logo\\\/image\\\/\"},\"sameAs\":[\"https:\\\/\\\/www.facebook.com\\\/agenciainclusive\\\/\",\"https:\\\/\\\/www.instagram.com\\\/newsinclusive\\\/\"]},{\"@type\":\"Person\",\"@id\":\"https:\\\/\\\/inclusivenews.com.br\\\/#\\\/schema\\\/person\\\/ae4ec7087559b8692fb33b6fffd2273b\",\"name\":\"inclusivenews2024\",\"image\":{\"@type\":\"ImageObject\",\"inLanguage\":\"pt-PT\",\"@id\":\"https:\\\/\\\/secure.gravatar.com\\\/avatar\\\/c5a7ef84c66fa914f55bc4f7ce26cfa275a3b9a1c5568b907bd184fb4dde7b40?s=96&d=mm&r=g\",\"url\":\"https:\\\/\\\/secure.gravatar.com\\\/avatar\\\/c5a7ef84c66fa914f55bc4f7ce26cfa275a3b9a1c5568b907bd184fb4dde7b40?s=96&d=mm&r=g\",\"contentUrl\":\"https:\\\/\\\/secure.gravatar.com\\\/avatar\\\/c5a7ef84c66fa914f55bc4f7ce26cfa275a3b9a1c5568b907bd184fb4dde7b40?s=96&d=mm&r=g\",\"caption\":\"inclusivenews2024\"},\"sameAs\":[\"https:\\\/\\\/inclusivenews.com.br\"],\"url\":\"https:\\\/\\\/inclusivenews.com.br\\\/?author=1\"}]}<\/script>\n<!-- \/ Yoast SEO plugin. -->","yoast_head_json":{"title":"Em Minas, 1653 professores ter\u00e3o forma\u00e7\u00e3o sobre educa\u00e7\u00e3o inclusiva -","robots":{"index":"index","follow":"follow","max-snippet":"max-snippet:-1","max-image-preview":"max-image-preview:large","max-video-preview":"max-video-preview:-1"},"canonical":"https:\/\/inclusivenews.com.br\/?p=18883","og_locale":"pt_PT","og_type":"article","og_title":"Em Minas, 1653 professores ter\u00e3o forma\u00e7\u00e3o sobre educa\u00e7\u00e3o inclusiva -","og_description":"Na \u00faltima segunda-feira (21), teve in\u00edcio a quinta turma do curso, da qual participam 1653 profissionais.","og_url":"https:\/\/inclusivenews.com.br\/?p=18883","article_publisher":"https:\/\/www.facebook.com\/agenciainclusive\/","article_published_time":"2011-03-31T07:25:15+00:00","og_image":[{"url":"http:\/\/www.duplipensar.net\/images\/geografia\/mapa-minas-gerais.jpg","type":"","width":"","height":""}],"author":"inclusivenews2024","twitter_card":"summary_large_image","twitter_misc":{"Escrito por":"inclusivenews2024","Tempo estimado de leitura":"3 minutos"},"schema":{"@context":"https:\/\/schema.org","@graph":[{"@type":"Article","@id":"https:\/\/inclusivenews.com.br\/?p=18883#article","isPartOf":{"@id":"https:\/\/inclusivenews.com.br\/?p=18883"},"author":{"name":"inclusivenews2024","@id":"https:\/\/inclusivenews.com.br\/#\/schema\/person\/ae4ec7087559b8692fb33b6fffd2273b"},"headline":"Em Minas, 1653 professores ter\u00e3o forma\u00e7\u00e3o sobre educa\u00e7\u00e3o inclusiva","datePublished":"2011-03-31T07:25:15+00:00","mainEntityOfPage":{"@id":"https:\/\/inclusivenews.com.br\/?p=18883"},"wordCount":632,"commentCount":1,"publisher":{"@id":"https:\/\/inclusivenews.com.br\/#organization"},"image":{"@id":"https:\/\/inclusivenews.com.br\/?p=18883#primaryimage"},"thumbnailUrl":"http:\/\/www.duplipensar.net\/images\/geografia\/mapa-minas-gerais.jpg","articleSection":["EDUCA\u00c7\u00c3O","INCLUS\u00c3O SOCIAL","NOT\u00cdCIAS"],"inLanguage":"pt-PT","potentialAction":[{"@type":"CommentAction","name":"Comment","target":["https:\/\/inclusivenews.com.br\/?p=18883#respond"]}]},{"@type":"WebPage","@id":"https:\/\/inclusivenews.com.br\/?p=18883","url":"https:\/\/inclusivenews.com.br\/?p=18883","name":"Em Minas, 1653 professores ter\u00e3o forma\u00e7\u00e3o sobre educa\u00e7\u00e3o inclusiva -","isPartOf":{"@id":"https:\/\/inclusivenews.com.br\/#website"},"primaryImageOfPage":{"@id":"https:\/\/inclusivenews.com.br\/?p=18883#primaryimage"},"image":{"@id":"https:\/\/inclusivenews.com.br\/?p=18883#primaryimage"},"thumbnailUrl":"http:\/\/www.duplipensar.net\/images\/geografia\/mapa-minas-gerais.jpg","datePublished":"2011-03-31T07:25:15+00:00","breadcrumb":{"@id":"https:\/\/inclusivenews.com.br\/?p=18883#breadcrumb"},"inLanguage":"pt-PT","potentialAction":[{"@type":"ReadAction","target":["https:\/\/inclusivenews.com.br\/?p=18883"]}]},{"@type":"ImageObject","inLanguage":"pt-PT","@id":"https:\/\/inclusivenews.com.br\/?p=18883#primaryimage","url":"http:\/\/www.duplipensar.net\/images\/geografia\/mapa-minas-gerais.jpg","contentUrl":"http:\/\/www.duplipensar.net\/images\/geografia\/mapa-minas-gerais.jpg"},{"@type":"BreadcrumbList","@id":"https:\/\/inclusivenews.com.br\/?p=18883#breadcrumb","itemListElement":[{"@type":"ListItem","position":1,"name":"In\u00edcio","item":"https:\/\/inclusivenews.com.br\/"},{"@type":"ListItem","position":2,"name":"Em Minas, 1653 professores ter\u00e3o forma\u00e7\u00e3o sobre educa\u00e7\u00e3o inclusiva"}]},{"@type":"WebSite","@id":"https:\/\/inclusivenews.com.br\/#website","url":"https:\/\/inclusivenews.com.br\/","name":"Inclusive News","description":"Inclusive News","publisher":{"@id":"https:\/\/inclusivenews.com.br\/#organization"},"potentialAction":[{"@type":"SearchAction","target":{"@type":"EntryPoint","urlTemplate":"https:\/\/inclusivenews.com.br\/?s={search_term_string}"},"query-input":{"@type":"PropertyValueSpecification","valueRequired":true,"valueName":"search_term_string"}}],"inLanguage":"pt-PT"},{"@type":"Organization","@id":"https:\/\/inclusivenews.com.br\/#organization","name":"Inclusive - inclus\u00e3o e cidadania","url":"https:\/\/inclusivenews.com.br\/","logo":{"@type":"ImageObject","inLanguage":"pt-PT","@id":"https:\/\/inclusivenews.com.br\/#\/schema\/logo\/image\/","url":"https:\/\/inclusivenews.com.br\/wp-content\/uploads\/2024\/03\/@grandesite.png","contentUrl":"https:\/\/inclusivenews.com.br\/wp-content\/uploads\/2024\/03\/@grandesite.png","width":1080,"height":1080,"caption":"Inclusive - inclus\u00e3o e cidadania"},"image":{"@id":"https:\/\/inclusivenews.com.br\/#\/schema\/logo\/image\/"},"sameAs":["https:\/\/www.facebook.com\/agenciainclusive\/","https:\/\/www.instagram.com\/newsinclusive\/"]},{"@type":"Person","@id":"https:\/\/inclusivenews.com.br\/#\/schema\/person\/ae4ec7087559b8692fb33b6fffd2273b","name":"inclusivenews2024","image":{"@type":"ImageObject","inLanguage":"pt-PT","@id":"https:\/\/secure.gravatar.com\/avatar\/c5a7ef84c66fa914f55bc4f7ce26cfa275a3b9a1c5568b907bd184fb4dde7b40?s=96&d=mm&r=g","url":"https:\/\/secure.gravatar.com\/avatar\/c5a7ef84c66fa914f55bc4f7ce26cfa275a3b9a1c5568b907bd184fb4dde7b40?s=96&d=mm&r=g","contentUrl":"https:\/\/secure.gravatar.com\/avatar\/c5a7ef84c66fa914f55bc4f7ce26cfa275a3b9a1c5568b907bd184fb4dde7b40?s=96&d=mm&r=g","caption":"inclusivenews2024"},"sameAs":["https:\/\/inclusivenews.com.br"],"url":"https:\/\/inclusivenews.com.br\/?author=1"}]}},"_links":{"self":[{"href":"https:\/\/inclusivenews.com.br\/index.php?rest_route=\/wp\/v2\/posts\/18883","targetHints":{"allow":["GET"]}}],"collection":[{"href":"https:\/\/inclusivenews.com.br\/index.php?rest_route=\/wp\/v2\/posts"}],"about":[{"href":"https:\/\/inclusivenews.com.br\/index.php?rest_route=\/wp\/v2\/types\/post"}],"author":[{"embeddable":true,"href":"https:\/\/inclusivenews.com.br\/index.php?rest_route=\/wp\/v2\/users\/1"}],"replies":[{"embeddable":true,"href":"https:\/\/inclusivenews.com.br\/index.php?rest_route=%2Fwp%2Fv2%2Fcomments&post=18883"}],"version-history":[{"count":0,"href":"https:\/\/inclusivenews.com.br\/index.php?rest_route=\/wp\/v2\/posts\/18883\/revisions"}],"wp:attachment":[{"href":"https:\/\/inclusivenews.com.br\/index.php?rest_route=%2Fwp%2Fv2%2Fmedia&parent=18883"}],"wp:term":[{"taxonomy":"category","embeddable":true,"href":"https:\/\/inclusivenews.com.br\/index.php?rest_route=%2Fwp%2Fv2%2Fcategories&post=18883"},{"taxonomy":"post_tag","embeddable":true,"href":"https:\/\/inclusivenews.com.br\/index.php?rest_route=%2Fwp%2Fv2%2Ftags&post=18883"}],"curies":[{"name":"wp","href":"https:\/\/api.w.org\/{rel}","templated":true}]}}