{"id":18893,"date":"2011-03-31T04:26:38","date_gmt":"2011-03-31T07:26:38","guid":{"rendered":"http:\/\/www.inclusive.org.br\/?p=18893"},"modified":"2011-03-31T04:26:38","modified_gmt":"2011-03-31T07:26:38","slug":"contagem-regressiva-para-audiodescricao-na-tv","status":"publish","type":"post","link":"https:\/\/inclusivenews.com.br\/?p=18893","title":{"rendered":"Contagem regressiva para audiodescri\u00e7\u00e3o na TV"},"content":{"rendered":"<p><a href=\"http:\/\/www.inclusivenews.com.br\/wp-content\/uploads\/2011\/03\/charge-audiodescri\u00e7\u00e3o.jpg\"><img loading=\"lazy\" decoding=\"async\" class=\"alignleft size-full wp-image-18894\" title=\"\u201cAgora \u00e9 Lei. TV brasileira ter\u00e1 programa\u00e7\u00e3o audiodescrita para cegos!\u201d Na charge um homem cego, \u00f3culos escuros e bengala nas m\u00e3os, est\u00e1 sentado em uma cadeira em frente \u00e0 TV ligada. H\u00e1 v\u00e1rias teias de aranha no recinto, sendo uma entre a parede \u00e0 esquerda e a TV, uma entre o rack da TV e a bengala do cego, outra entre a perna do cego e a cadeira e a \u00faltima, entre suas costas e a parede \u00e0 direita.\" src=\"http:\/\/inclusivenews.com.br\/wp-content\/uploads\/2011\/03\/charge-audiodescri\u00e7\u00e3o.jpg\" alt=\"\u201cAgora \u00e9 Lei. TV brasileira ter\u00e1 programa\u00e7\u00e3o audiodescrita para cegos!\u201d Na charge um homem cego, \u00f3culos escuros e bengala nas m\u00e3os, est\u00e1 sentado em uma cadeira em frente \u00e0 TV ligada. H\u00e1 v\u00e1rias teias de aranha no recinto, sendo uma entre a parede \u00e0 esquerda e a TV, uma entre o rack da TV e a bengala do cego, outra entre a perna do cego e a cadeira e a \u00faltima, entre suas costas e a parede \u00e0 direita.\" width=\"280\" height=\"220\" \/><\/a>A comiss\u00e3o Federal de Comunica\u00e7\u00e3o (FCC) emitiu um comunicado, no dia 03 de mar\u00e7o de 2011, onde restabelece a quota de horas de audiodescri\u00e7\u00e3o nas tev\u00eas americanas. Os canais com mais de 50 mil assinantes, ter\u00e3o de disponibilizar 50 horas de audiodescri\u00e7\u00e3o por trimestre a partir de 1\u00ba de janeiro de 2012. Mesmo se tratando de um n\u00famero pequeno de horas, a quota ainda supera a do Brasil, cuja quota semanal ser\u00e1 de apenas duas horas.<\/p>\n<p>A implementa\u00e7\u00e3o do recurso nas tev\u00eas brasileiras, prevista para o in\u00edcio de julho deste ano, \u00e9 aguardada com muita expectativa pelo p\u00fablico deficiente visual. Questionada sobre se o recurso realmente ter\u00e1 in\u00edcio em julho, a ABERT, procurada pela MIDIACE, disse preferir n\u00e3o se pronunciar sobre o assunto.<\/p>\n<p>Caso n\u00e3o tivesse havido tantas portarias prorrogativas e n\u00e3o houvesse sido alterado a quota de horas estabelecida pela portaria 310 de 27 de junho de 2006, em 1\u00ba de julho de 2011, j\u00e1 acumular\u00edamos aproximadamente 40 mil horas de programa\u00e7\u00e3o audiodescrita.<\/p>\n<p>Enquanto isso, quem fica no preju\u00edzo, s\u00e3o as mais de 15 milh\u00f5es de pessoas cegas no Brasil, cujo direito de acesso \u00e0 informa\u00e7\u00e3o, assegurado pela constitui\u00e7\u00e3o federal, vem sendo ignorado pelas autoridades e pelas emissoras de TV do pa\u00eds<\/p>\n<p>______________<\/p>\n<p><strong>Fonte:<\/strong> <a href=\"http:\/\/www.midiace.com.br\/index.php?conteudo=noticias\">MIDIACE<\/a><\/p>\n","protected":false},"excerpt":{"rendered":"<p>Faltam menos de 100 dias para a implementa\u00e7\u00e3o do recurso da audiodescri\u00e7\u00e3o nas tev\u00eas brasileiras. Ser\u00e1?<\/p>\n","protected":false},"author":1,"featured_media":0,"comment_status":"open","ping_status":"open","sticky":false,"template":"","format":"standard","meta":{"site-container-style":"default","site-container-layout":"default","site-sidebar-layout":"default","disable-article-header":"default","disable-site-header":"default","disable-site-footer":"default","disable-content-area-spacing":"default","footnotes":""},"categories":[44,38,48,4],"tags":[64],"class_list":["post-18893","post","type-post","status-publish","format-standard","hentry","category-acessibilidade","category-deficiencia","category-inclusao","category-noticias","tag-audiodescricao"],"yoast_head":"<!-- This site is optimized with the Yoast SEO plugin v27.4 - https:\/\/yoast.com\/product\/yoast-seo-wordpress\/ -->\n<title>Contagem regressiva para audiodescri\u00e7\u00e3o na TV -<\/title>\n<meta name=\"robots\" content=\"index, follow, max-snippet:-1, max-image-preview:large, max-video-preview:-1\" \/>\n<link rel=\"canonical\" href=\"https:\/\/inclusivenews.com.br\/?p=18893\" \/>\n<meta property=\"og:locale\" content=\"pt_PT\" \/>\n<meta property=\"og:type\" content=\"article\" \/>\n<meta property=\"og:title\" content=\"Contagem regressiva para audiodescri\u00e7\u00e3o na TV -\" \/>\n<meta property=\"og:description\" content=\"Faltam menos de 100 dias para a implementa\u00e7\u00e3o do recurso da audiodescri\u00e7\u00e3o nas tev\u00eas brasileiras. Ser\u00e1?\" \/>\n<meta property=\"og:url\" content=\"https:\/\/inclusivenews.com.br\/?p=18893\" \/>\n<meta property=\"article:publisher\" content=\"https:\/\/www.facebook.com\/agenciainclusive\/\" \/>\n<meta property=\"article:published_time\" content=\"2011-03-31T07:26:38+00:00\" \/>\n<meta name=\"author\" content=\"inclusivenews2024\" \/>\n<meta name=\"twitter:card\" content=\"summary_large_image\" \/>\n<meta name=\"twitter:label1\" content=\"Escrito por\" \/>\n\t<meta name=\"twitter:data1\" content=\"inclusivenews2024\" \/>\n\t<meta name=\"twitter:label2\" content=\"Tempo estimado de leitura\" \/>\n\t<meta name=\"twitter:data2\" content=\"1 minuto\" \/>\n<script type=\"application\/ld+json\" class=\"yoast-schema-graph\">{\"@context\":\"https:\\\/\\\/schema.org\",\"@graph\":[{\"@type\":\"Article\",\"@id\":\"https:\\\/\\\/inclusivenews.com.br\\\/?p=18893#article\",\"isPartOf\":{\"@id\":\"https:\\\/\\\/inclusivenews.com.br\\\/?p=18893\"},\"author\":{\"name\":\"inclusivenews2024\",\"@id\":\"https:\\\/\\\/inclusivenews.com.br\\\/#\\\/schema\\\/person\\\/ae4ec7087559b8692fb33b6fffd2273b\"},\"headline\":\"Contagem regressiva para audiodescri\u00e7\u00e3o na TV\",\"datePublished\":\"2011-03-31T07:26:38+00:00\",\"mainEntityOfPage\":{\"@id\":\"https:\\\/\\\/inclusivenews.com.br\\\/?p=18893\"},\"wordCount\":221,\"commentCount\":0,\"publisher\":{\"@id\":\"https:\\\/\\\/inclusivenews.com.br\\\/#organization\"},\"keywords\":[\"Audiodescri\u00e7\u00e3o\"],\"articleSection\":[\"ACESSIBILIDADE\",\"Defici\u00eancia\",\"INCLUS\u00c3O SOCIAL\",\"NOT\u00cdCIAS\"],\"inLanguage\":\"pt-PT\",\"potentialAction\":[{\"@type\":\"CommentAction\",\"name\":\"Comment\",\"target\":[\"https:\\\/\\\/inclusivenews.com.br\\\/?p=18893#respond\"]}]},{\"@type\":\"WebPage\",\"@id\":\"https:\\\/\\\/inclusivenews.com.br\\\/?p=18893\",\"url\":\"https:\\\/\\\/inclusivenews.com.br\\\/?p=18893\",\"name\":\"Contagem regressiva para audiodescri\u00e7\u00e3o na TV -\",\"isPartOf\":{\"@id\":\"https:\\\/\\\/inclusivenews.com.br\\\/#website\"},\"datePublished\":\"2011-03-31T07:26:38+00:00\",\"breadcrumb\":{\"@id\":\"https:\\\/\\\/inclusivenews.com.br\\\/?p=18893#breadcrumb\"},\"inLanguage\":\"pt-PT\",\"potentialAction\":[{\"@type\":\"ReadAction\",\"target\":[\"https:\\\/\\\/inclusivenews.com.br\\\/?p=18893\"]}]},{\"@type\":\"BreadcrumbList\",\"@id\":\"https:\\\/\\\/inclusivenews.com.br\\\/?p=18893#breadcrumb\",\"itemListElement\":[{\"@type\":\"ListItem\",\"position\":1,\"name\":\"In\u00edcio\",\"item\":\"https:\\\/\\\/inclusivenews.com.br\\\/\"},{\"@type\":\"ListItem\",\"position\":2,\"name\":\"Contagem regressiva para audiodescri\u00e7\u00e3o na TV\"}]},{\"@type\":\"WebSite\",\"@id\":\"https:\\\/\\\/inclusivenews.com.br\\\/#website\",\"url\":\"https:\\\/\\\/inclusivenews.com.br\\\/\",\"name\":\"Inclusive News\",\"description\":\"Inclusive News\",\"publisher\":{\"@id\":\"https:\\\/\\\/inclusivenews.com.br\\\/#organization\"},\"potentialAction\":[{\"@type\":\"SearchAction\",\"target\":{\"@type\":\"EntryPoint\",\"urlTemplate\":\"https:\\\/\\\/inclusivenews.com.br\\\/?s={search_term_string}\"},\"query-input\":{\"@type\":\"PropertyValueSpecification\",\"valueRequired\":true,\"valueName\":\"search_term_string\"}}],\"inLanguage\":\"pt-PT\"},{\"@type\":\"Organization\",\"@id\":\"https:\\\/\\\/inclusivenews.com.br\\\/#organization\",\"name\":\"Inclusive - inclus\u00e3o e cidadania\",\"url\":\"https:\\\/\\\/inclusivenews.com.br\\\/\",\"logo\":{\"@type\":\"ImageObject\",\"inLanguage\":\"pt-PT\",\"@id\":\"https:\\\/\\\/inclusivenews.com.br\\\/#\\\/schema\\\/logo\\\/image\\\/\",\"url\":\"https:\\\/\\\/inclusivenews.com.br\\\/wp-content\\\/uploads\\\/2024\\\/03\\\/@grandesite.png\",\"contentUrl\":\"https:\\\/\\\/inclusivenews.com.br\\\/wp-content\\\/uploads\\\/2024\\\/03\\\/@grandesite.png\",\"width\":1080,\"height\":1080,\"caption\":\"Inclusive - inclus\u00e3o e cidadania\"},\"image\":{\"@id\":\"https:\\\/\\\/inclusivenews.com.br\\\/#\\\/schema\\\/logo\\\/image\\\/\"},\"sameAs\":[\"https:\\\/\\\/www.facebook.com\\\/agenciainclusive\\\/\",\"https:\\\/\\\/www.instagram.com\\\/newsinclusive\\\/\"]},{\"@type\":\"Person\",\"@id\":\"https:\\\/\\\/inclusivenews.com.br\\\/#\\\/schema\\\/person\\\/ae4ec7087559b8692fb33b6fffd2273b\",\"name\":\"inclusivenews2024\",\"image\":{\"@type\":\"ImageObject\",\"inLanguage\":\"pt-PT\",\"@id\":\"https:\\\/\\\/secure.gravatar.com\\\/avatar\\\/c5a7ef84c66fa914f55bc4f7ce26cfa275a3b9a1c5568b907bd184fb4dde7b40?s=96&d=mm&r=g\",\"url\":\"https:\\\/\\\/secure.gravatar.com\\\/avatar\\\/c5a7ef84c66fa914f55bc4f7ce26cfa275a3b9a1c5568b907bd184fb4dde7b40?s=96&d=mm&r=g\",\"contentUrl\":\"https:\\\/\\\/secure.gravatar.com\\\/avatar\\\/c5a7ef84c66fa914f55bc4f7ce26cfa275a3b9a1c5568b907bd184fb4dde7b40?s=96&d=mm&r=g\",\"caption\":\"inclusivenews2024\"},\"sameAs\":[\"https:\\\/\\\/inclusivenews.com.br\"],\"url\":\"https:\\\/\\\/inclusivenews.com.br\\\/?author=1\"}]}<\/script>\n<!-- \/ Yoast SEO plugin. -->","yoast_head_json":{"title":"Contagem regressiva para audiodescri\u00e7\u00e3o na TV -","robots":{"index":"index","follow":"follow","max-snippet":"max-snippet:-1","max-image-preview":"max-image-preview:large","max-video-preview":"max-video-preview:-1"},"canonical":"https:\/\/inclusivenews.com.br\/?p=18893","og_locale":"pt_PT","og_type":"article","og_title":"Contagem regressiva para audiodescri\u00e7\u00e3o na TV -","og_description":"Faltam menos de 100 dias para a implementa\u00e7\u00e3o do recurso da audiodescri\u00e7\u00e3o nas tev\u00eas brasileiras. Ser\u00e1?","og_url":"https:\/\/inclusivenews.com.br\/?p=18893","article_publisher":"https:\/\/www.facebook.com\/agenciainclusive\/","article_published_time":"2011-03-31T07:26:38+00:00","author":"inclusivenews2024","twitter_card":"summary_large_image","twitter_misc":{"Escrito por":"inclusivenews2024","Tempo estimado de leitura":"1 minuto"},"schema":{"@context":"https:\/\/schema.org","@graph":[{"@type":"Article","@id":"https:\/\/inclusivenews.com.br\/?p=18893#article","isPartOf":{"@id":"https:\/\/inclusivenews.com.br\/?p=18893"},"author":{"name":"inclusivenews2024","@id":"https:\/\/inclusivenews.com.br\/#\/schema\/person\/ae4ec7087559b8692fb33b6fffd2273b"},"headline":"Contagem regressiva para audiodescri\u00e7\u00e3o na TV","datePublished":"2011-03-31T07:26:38+00:00","mainEntityOfPage":{"@id":"https:\/\/inclusivenews.com.br\/?p=18893"},"wordCount":221,"commentCount":0,"publisher":{"@id":"https:\/\/inclusivenews.com.br\/#organization"},"keywords":["Audiodescri\u00e7\u00e3o"],"articleSection":["ACESSIBILIDADE","Defici\u00eancia","INCLUS\u00c3O SOCIAL","NOT\u00cdCIAS"],"inLanguage":"pt-PT","potentialAction":[{"@type":"CommentAction","name":"Comment","target":["https:\/\/inclusivenews.com.br\/?p=18893#respond"]}]},{"@type":"WebPage","@id":"https:\/\/inclusivenews.com.br\/?p=18893","url":"https:\/\/inclusivenews.com.br\/?p=18893","name":"Contagem regressiva para audiodescri\u00e7\u00e3o na TV -","isPartOf":{"@id":"https:\/\/inclusivenews.com.br\/#website"},"datePublished":"2011-03-31T07:26:38+00:00","breadcrumb":{"@id":"https:\/\/inclusivenews.com.br\/?p=18893#breadcrumb"},"inLanguage":"pt-PT","potentialAction":[{"@type":"ReadAction","target":["https:\/\/inclusivenews.com.br\/?p=18893"]}]},{"@type":"BreadcrumbList","@id":"https:\/\/inclusivenews.com.br\/?p=18893#breadcrumb","itemListElement":[{"@type":"ListItem","position":1,"name":"In\u00edcio","item":"https:\/\/inclusivenews.com.br\/"},{"@type":"ListItem","position":2,"name":"Contagem regressiva para audiodescri\u00e7\u00e3o na TV"}]},{"@type":"WebSite","@id":"https:\/\/inclusivenews.com.br\/#website","url":"https:\/\/inclusivenews.com.br\/","name":"Inclusive News","description":"Inclusive News","publisher":{"@id":"https:\/\/inclusivenews.com.br\/#organization"},"potentialAction":[{"@type":"SearchAction","target":{"@type":"EntryPoint","urlTemplate":"https:\/\/inclusivenews.com.br\/?s={search_term_string}"},"query-input":{"@type":"PropertyValueSpecification","valueRequired":true,"valueName":"search_term_string"}}],"inLanguage":"pt-PT"},{"@type":"Organization","@id":"https:\/\/inclusivenews.com.br\/#organization","name":"Inclusive - inclus\u00e3o e cidadania","url":"https:\/\/inclusivenews.com.br\/","logo":{"@type":"ImageObject","inLanguage":"pt-PT","@id":"https:\/\/inclusivenews.com.br\/#\/schema\/logo\/image\/","url":"https:\/\/inclusivenews.com.br\/wp-content\/uploads\/2024\/03\/@grandesite.png","contentUrl":"https:\/\/inclusivenews.com.br\/wp-content\/uploads\/2024\/03\/@grandesite.png","width":1080,"height":1080,"caption":"Inclusive - inclus\u00e3o e cidadania"},"image":{"@id":"https:\/\/inclusivenews.com.br\/#\/schema\/logo\/image\/"},"sameAs":["https:\/\/www.facebook.com\/agenciainclusive\/","https:\/\/www.instagram.com\/newsinclusive\/"]},{"@type":"Person","@id":"https:\/\/inclusivenews.com.br\/#\/schema\/person\/ae4ec7087559b8692fb33b6fffd2273b","name":"inclusivenews2024","image":{"@type":"ImageObject","inLanguage":"pt-PT","@id":"https:\/\/secure.gravatar.com\/avatar\/c5a7ef84c66fa914f55bc4f7ce26cfa275a3b9a1c5568b907bd184fb4dde7b40?s=96&d=mm&r=g","url":"https:\/\/secure.gravatar.com\/avatar\/c5a7ef84c66fa914f55bc4f7ce26cfa275a3b9a1c5568b907bd184fb4dde7b40?s=96&d=mm&r=g","contentUrl":"https:\/\/secure.gravatar.com\/avatar\/c5a7ef84c66fa914f55bc4f7ce26cfa275a3b9a1c5568b907bd184fb4dde7b40?s=96&d=mm&r=g","caption":"inclusivenews2024"},"sameAs":["https:\/\/inclusivenews.com.br"],"url":"https:\/\/inclusivenews.com.br\/?author=1"}]}},"_links":{"self":[{"href":"https:\/\/inclusivenews.com.br\/index.php?rest_route=\/wp\/v2\/posts\/18893","targetHints":{"allow":["GET"]}}],"collection":[{"href":"https:\/\/inclusivenews.com.br\/index.php?rest_route=\/wp\/v2\/posts"}],"about":[{"href":"https:\/\/inclusivenews.com.br\/index.php?rest_route=\/wp\/v2\/types\/post"}],"author":[{"embeddable":true,"href":"https:\/\/inclusivenews.com.br\/index.php?rest_route=\/wp\/v2\/users\/1"}],"replies":[{"embeddable":true,"href":"https:\/\/inclusivenews.com.br\/index.php?rest_route=%2Fwp%2Fv2%2Fcomments&post=18893"}],"version-history":[{"count":0,"href":"https:\/\/inclusivenews.com.br\/index.php?rest_route=\/wp\/v2\/posts\/18893\/revisions"}],"wp:attachment":[{"href":"https:\/\/inclusivenews.com.br\/index.php?rest_route=%2Fwp%2Fv2%2Fmedia&parent=18893"}],"wp:term":[{"taxonomy":"category","embeddable":true,"href":"https:\/\/inclusivenews.com.br\/index.php?rest_route=%2Fwp%2Fv2%2Fcategories&post=18893"},{"taxonomy":"post_tag","embeddable":true,"href":"https:\/\/inclusivenews.com.br\/index.php?rest_route=%2Fwp%2Fv2%2Ftags&post=18893"}],"curies":[{"name":"wp","href":"https:\/\/api.w.org\/{rel}","templated":true}]}}