{"id":18903,"date":"2011-03-31T04:24:31","date_gmt":"2011-03-31T07:24:31","guid":{"rendered":"http:\/\/www.inclusive.org.br\/?p=18903"},"modified":"2011-03-31T04:24:31","modified_gmt":"2011-03-31T07:24:31","slug":"pais-nao-tem-lei-federal-especifica-para-o-combate-ao-bullying","status":"publish","type":"post","link":"https:\/\/inclusivenews.com.br\/?p=18903","title":{"rendered":"Pa\u00eds n\u00e3o tem lei federal espec\u00edfica para o combate ao bullying"},"content":{"rendered":"<p><a class=\"contentpagetitle\" href=\"http:\/\/www.geledes.org.br\/noticias-de-educacao\/brasil-nao-tem-lei-federal-para-o-combate-ao-bullying-27-03-2011.html\"><\/a><\/p>\n<figure id=\"attachment_14976\" aria-describedby=\"caption-attachment-14976\" style=\"width: 280px\" class=\"wp-caption alignleft\"><a href=\"http:\/\/www.inclusivenews.com.br\/wp-content\/uploads\/2010\/04\/bullies.jpg\"><img loading=\"lazy\" decoding=\"async\" class=\"size-full wp-image-14976\" title=\"Inclusive - bullying - imagem de um menino sentado tapando o rosto com as m\u00e3os.\" src=\"http:\/\/inclusivenews.com.br\/wp-content\/uploads\/2010\/04\/bullies.jpg\" alt=\"\" width=\"280\" height=\"186\" \/><\/a><figcaption id=\"caption-attachment-14976\" class=\"wp-caption-text\"> <\/figcaption><\/figure>\n<p>O Brasil n\u00e3o tem uma lei federal sobre o combate ao bullying. Um projeto de lei prop\u00f5e que as a\u00e7\u00f5es de combate ao bullying sejam detalhadas na Lei de Direitrizes e Bases da Educa\u00e7\u00e3o. O projeto aguarda vota\u00e7\u00e3o na Comiss\u00e3o de Educa\u00e7\u00e3o, Cultura e Esporte do Senado. A proposta, de autoria do senador Gim Argello (PTB-DF) quer incluir entre as incumb\u00eancias dos estabelecimentos de ensino a promo\u00e7\u00e3o de ambiente escolar seguro e a ado\u00e7\u00e3o de estrat\u00e9gias de preven\u00e7\u00e3o e combate a intimida\u00e7\u00f5es e agress\u00f5es.<\/p>\n<p>Alguns estados e munic\u00edpios, no entanto, adotaram leis de combate ao bullying. O Rio Grande do Sul teve a lei que prev\u00ea pol\u00edticas p\u00fablicas contra o bullying nas escolas estaduais e privadas de ensino b\u00e1sico e de educa\u00e7\u00e3o infantil sancionada no ano passado. A lei n\u00e3o prev\u00ea puni\u00e7\u00f5es aos estudantes, apenas a\u00e7\u00f5es educacionais.<\/p>\n<p>A cidade de S\u00e3o Paulo tem uma lei de 2009 sancionada pelo prefeito Gilberto Kassab que determina que as escolas p\u00fablicas da educa\u00e7\u00e3o b\u00e1sica do munic\u00edpio dever\u00e3o incluir em seu projeto pedag\u00f3gico medidas de conscientiza\u00e7\u00e3o, preven\u00e7\u00e3o e combate ao bullying escolar. A lei prev\u00ea a promo\u00e7\u00e3o de a\u00e7\u00f5es de preven\u00e7\u00e3o e combate ao bullying, capacita\u00e7\u00e3o dos professores e orienta\u00e7\u00e3o das v\u00edtimas \u201cvisando \u00e0 recupera\u00e7\u00e3o da auto-estima\u201d.<\/p>\n<p>Outros projetos est\u00e3o em tramita\u00e7\u00e3o para se tornarem leis municipais e estaduais. No Rio, uma lei aprovada ano passado prev\u00ea puni\u00e7\u00e3o das escolas que n\u00e3o denunciarem funcion\u00e1rios e alunos que praticarem o bullying. Aa Assembl\u00e9ia Legislativa aprovou esta semana uma outra lei de car\u00e1ter mais educativo para a promo\u00e7\u00e3o do combate a esta pr\u00e1tica nas escolas.<\/p>\n<p><span style=\"color: #800000;\"><strong>Indeniza\u00e7\u00e3o \u00e0 v\u00edtima de bullying<\/strong><\/span><strong><br \/>\n<\/strong><\/p>\n<p><strong> <\/strong>Em Belo Horizonte, a C\u00e2mara Municipal aprovou em segundo turno dois projetos de lei que t\u00eam como objetivo impedir trotes violentos e bullying. Segundo a C\u00e2mara, o Programa BH Trote Solid\u00e1rio e Cidad\u00e3o tamb\u00e9m prev\u00ea a conscientiza\u00e7\u00e3o das fam\u00edlias e das escolas quanto ao problema.<\/p>\n<p>No ano passado, um aluno de um col\u00e9gio particular de Belo Horizonte foi condenado a pagar uma indeniza\u00e7\u00e3o de R$ 8 mil a uma colega de sala, que foi v\u00edtima de bullying. De acordo com o juiz da 27\u00aa Vara C\u00edvel de, Luiz Artur Rocha Hil\u00e1rio, \u201co pagamento estipulado pela Justi\u00e7a \u00e9 uma forma de reparar a ofensa que a pessoa sofreu\u201d. De acordo com o magistrado, esta foi a primeira condena\u00e7\u00e3o judicial em Minas Gerais por bullying.<\/p>\n<p>A subsecret\u00e1ria de Desenvolvimento da Educa\u00e7\u00e3o B\u00e1sica da Secretaria de Educa\u00e7\u00e3o de Minas Gerais, Raquel Elizabete de Souza Santos, disse que n\u00e3o existe nenhum programa espec\u00edfico voltado para o combate \u00e0 pr\u00e1tica de bullying no estado, mas que est\u00e1 em fase de implementa\u00e7\u00e3o um grupo de trabalho entre as secretarias de Educa\u00e7\u00e3o, de Defesa Social, de Sa\u00fade e de Esporte e Juventude para discutir alternativas.<\/p>\n<p>\u201cAntes, teremos que realizar um levantamento-diagn\u00f3stico para saber onde h\u00e1 mais casos porque n\u00e3o s\u00e3o todas as escolas do estado que enfrentam o problema. N\u00e3o podemos generalizar\u201d, disse. A previs\u00e3o para que a equipe esteja trabalhando, segundo Raquel, \u00e9 a partir do dia 15 de abril.<\/p>\n<p>J\u00e1 a diretora da Superintend\u00eancia T\u00e9cnica do Conselho Estadual de Educa\u00e7\u00e3o de Minas Gerais (CEE-MG), Maria Guilhermina Nogueira, informou que o \u00f3rg\u00e3o n\u00e3o tem normatiza\u00e7\u00f5es com rela\u00e7\u00e3o ao problema do bullying.<\/p>\n<p>O vereador Adriano Ventura (PT) tem um projeto de lei que est\u00e1 tramitando na C\u00e2mara Municipal de Belo Horizonte contra o bullying. O objetivo \u00e9 proibir trotes violentos e bullying presencial ou virtual nas escolas da capital, nos ensinos fundamental, m\u00e9dio e superior. O projeto foi aprovado em primeiro turno e aguarda vota\u00e7\u00e3o no segundo. \u201cEsperamos que a vota\u00e7\u00e3o aconte\u00e7a em abril\u201d, falou Ventura.<\/p>\n<p>No Esp\u00edrito Santo e em Santa Catarina tamb\u00e9m tramitam projetos de lei para a cria\u00e7\u00e3o de a\u00e7\u00f5es de discuss\u00e3o, preven\u00e7\u00e3o, orienta\u00e7\u00e3o e solu\u00e7\u00e3o do problema; inclus\u00e3o de regras normativas contra o bullying no regimento escolar; e integra\u00e7\u00e3o da comunidade, das organiza\u00e7\u00f5es da sociedade e dos meios de comunica\u00e7\u00e3o nas a\u00e7\u00f5es multidisciplinares de combate ao bullying, entre outros.<br \/>\n________<\/p>\n<div style=\"border: medium none; overflow: hidden; color: #000000; background-color: transparent; text-align: left; text-decoration: none;\"><strong>Fonte:<\/strong> <a href=\"http:\/\/www.google.com.br\/url?sa=t&amp;source=web&amp;cd=4&amp;ved=0CDIQFjAD&amp;url=http%3A%2F%2Fg1.globo.com%2Fvestibular-e-educacao%2Fnoticia%2F2011%2F03%2Fpais-nao-tem-lei-federal-especifica-para-o-combate-ao-bullying.html&amp;ei=hvyRTaaELMyE0QHO7_nMBw&amp;usg=AFQjCNFMJh45GaYPlzyufL8sGWVbOQHDOg\">G1<\/a><\/div>\n","protected":false},"excerpt":{"rendered":"<p>Projeto de lei prop\u00f5e que as a\u00e7\u00f5es de combate ao bullying sejam detalhadas na Lei de Direitrizes e Bases da Educa\u00e7\u00e3o. Do Portal G1.<\/p>\n","protected":false},"author":1,"featured_media":0,"comment_status":"open","ping_status":"open","sticky":false,"template":"","format":"standard","meta":{"site-container-style":"default","site-container-layout":"default","site-sidebar-layout":"default","disable-article-header":"default","disable-site-header":"default","disable-site-footer":"default","disable-content-area-spacing":"default","footnotes":""},"categories":[6,4],"tags":[106],"class_list":["post-18903","post","type-post","status-publish","format-standard","hentry","category-educacao","category-noticias","tag-bullying"],"yoast_head":"<!-- This site is optimized with the Yoast SEO plugin v27.4 - https:\/\/yoast.com\/product\/yoast-seo-wordpress\/ -->\n<title>Pa\u00eds n\u00e3o tem lei federal espec\u00edfica para o combate ao bullying -<\/title>\n<meta name=\"robots\" content=\"index, follow, max-snippet:-1, max-image-preview:large, max-video-preview:-1\" \/>\n<link rel=\"canonical\" href=\"https:\/\/inclusivenews.com.br\/?p=18903\" \/>\n<meta property=\"og:locale\" content=\"pt_PT\" \/>\n<meta property=\"og:type\" content=\"article\" \/>\n<meta property=\"og:title\" content=\"Pa\u00eds n\u00e3o tem lei federal espec\u00edfica para o combate ao bullying -\" \/>\n<meta property=\"og:description\" content=\"Projeto de lei prop\u00f5e que as a\u00e7\u00f5es de combate ao bullying sejam detalhadas na Lei de Direitrizes e Bases da Educa\u00e7\u00e3o. Do Portal G1.\" \/>\n<meta property=\"og:url\" content=\"https:\/\/inclusivenews.com.br\/?p=18903\" \/>\n<meta property=\"article:publisher\" content=\"https:\/\/www.facebook.com\/agenciainclusive\/\" \/>\n<meta property=\"article:published_time\" content=\"2011-03-31T07:24:31+00:00\" \/>\n<meta property=\"og:image\" content=\"http:\/\/inclusivenews.com.br\/wp-content\/uploads\/2010\/04\/bullies.jpg\" \/>\n<meta name=\"author\" content=\"inclusivenews2024\" \/>\n<meta name=\"twitter:card\" content=\"summary_large_image\" \/>\n<meta name=\"twitter:label1\" content=\"Escrito por\" \/>\n\t<meta name=\"twitter:data1\" content=\"inclusivenews2024\" \/>\n\t<meta name=\"twitter:label2\" content=\"Tempo estimado de leitura\" \/>\n\t<meta name=\"twitter:data2\" content=\"4 minutos\" \/>\n<script type=\"application\/ld+json\" class=\"yoast-schema-graph\">{\"@context\":\"https:\\\/\\\/schema.org\",\"@graph\":[{\"@type\":\"Article\",\"@id\":\"https:\\\/\\\/inclusivenews.com.br\\\/?p=18903#article\",\"isPartOf\":{\"@id\":\"https:\\\/\\\/inclusivenews.com.br\\\/?p=18903\"},\"author\":{\"name\":\"inclusivenews2024\",\"@id\":\"https:\\\/\\\/inclusivenews.com.br\\\/#\\\/schema\\\/person\\\/ae4ec7087559b8692fb33b6fffd2273b\"},\"headline\":\"Pa\u00eds n\u00e3o tem lei federal espec\u00edfica para o combate ao bullying\",\"datePublished\":\"2011-03-31T07:24:31+00:00\",\"mainEntityOfPage\":{\"@id\":\"https:\\\/\\\/inclusivenews.com.br\\\/?p=18903\"},\"wordCount\":768,\"commentCount\":0,\"publisher\":{\"@id\":\"https:\\\/\\\/inclusivenews.com.br\\\/#organization\"},\"image\":{\"@id\":\"https:\\\/\\\/inclusivenews.com.br\\\/?p=18903#primaryimage\"},\"thumbnailUrl\":\"http:\\\/\\\/inclusivenews.com.br\\\/wp-content\\\/uploads\\\/2010\\\/04\\\/bullies.jpg\",\"keywords\":[\"Bullying\"],\"articleSection\":[\"EDUCA\u00c7\u00c3O\",\"NOT\u00cdCIAS\"],\"inLanguage\":\"pt-PT\",\"potentialAction\":[{\"@type\":\"CommentAction\",\"name\":\"Comment\",\"target\":[\"https:\\\/\\\/inclusivenews.com.br\\\/?p=18903#respond\"]}]},{\"@type\":\"WebPage\",\"@id\":\"https:\\\/\\\/inclusivenews.com.br\\\/?p=18903\",\"url\":\"https:\\\/\\\/inclusivenews.com.br\\\/?p=18903\",\"name\":\"Pa\u00eds n\u00e3o tem lei federal espec\u00edfica para o combate ao bullying -\",\"isPartOf\":{\"@id\":\"https:\\\/\\\/inclusivenews.com.br\\\/#website\"},\"primaryImageOfPage\":{\"@id\":\"https:\\\/\\\/inclusivenews.com.br\\\/?p=18903#primaryimage\"},\"image\":{\"@id\":\"https:\\\/\\\/inclusivenews.com.br\\\/?p=18903#primaryimage\"},\"thumbnailUrl\":\"http:\\\/\\\/inclusivenews.com.br\\\/wp-content\\\/uploads\\\/2010\\\/04\\\/bullies.jpg\",\"datePublished\":\"2011-03-31T07:24:31+00:00\",\"breadcrumb\":{\"@id\":\"https:\\\/\\\/inclusivenews.com.br\\\/?p=18903#breadcrumb\"},\"inLanguage\":\"pt-PT\",\"potentialAction\":[{\"@type\":\"ReadAction\",\"target\":[\"https:\\\/\\\/inclusivenews.com.br\\\/?p=18903\"]}]},{\"@type\":\"ImageObject\",\"inLanguage\":\"pt-PT\",\"@id\":\"https:\\\/\\\/inclusivenews.com.br\\\/?p=18903#primaryimage\",\"url\":\"\",\"contentUrl\":\"\"},{\"@type\":\"BreadcrumbList\",\"@id\":\"https:\\\/\\\/inclusivenews.com.br\\\/?p=18903#breadcrumb\",\"itemListElement\":[{\"@type\":\"ListItem\",\"position\":1,\"name\":\"In\u00edcio\",\"item\":\"https:\\\/\\\/inclusivenews.com.br\\\/\"},{\"@type\":\"ListItem\",\"position\":2,\"name\":\"Pa\u00eds n\u00e3o tem lei federal espec\u00edfica para o combate ao bullying\"}]},{\"@type\":\"WebSite\",\"@id\":\"https:\\\/\\\/inclusivenews.com.br\\\/#website\",\"url\":\"https:\\\/\\\/inclusivenews.com.br\\\/\",\"name\":\"Inclusive News\",\"description\":\"Inclusive News\",\"publisher\":{\"@id\":\"https:\\\/\\\/inclusivenews.com.br\\\/#organization\"},\"potentialAction\":[{\"@type\":\"SearchAction\",\"target\":{\"@type\":\"EntryPoint\",\"urlTemplate\":\"https:\\\/\\\/inclusivenews.com.br\\\/?s={search_term_string}\"},\"query-input\":{\"@type\":\"PropertyValueSpecification\",\"valueRequired\":true,\"valueName\":\"search_term_string\"}}],\"inLanguage\":\"pt-PT\"},{\"@type\":\"Organization\",\"@id\":\"https:\\\/\\\/inclusivenews.com.br\\\/#organization\",\"name\":\"Inclusive - inclus\u00e3o e cidadania\",\"url\":\"https:\\\/\\\/inclusivenews.com.br\\\/\",\"logo\":{\"@type\":\"ImageObject\",\"inLanguage\":\"pt-PT\",\"@id\":\"https:\\\/\\\/inclusivenews.com.br\\\/#\\\/schema\\\/logo\\\/image\\\/\",\"url\":\"https:\\\/\\\/inclusivenews.com.br\\\/wp-content\\\/uploads\\\/2024\\\/03\\\/@grandesite.png\",\"contentUrl\":\"https:\\\/\\\/inclusivenews.com.br\\\/wp-content\\\/uploads\\\/2024\\\/03\\\/@grandesite.png\",\"width\":1080,\"height\":1080,\"caption\":\"Inclusive - inclus\u00e3o e cidadania\"},\"image\":{\"@id\":\"https:\\\/\\\/inclusivenews.com.br\\\/#\\\/schema\\\/logo\\\/image\\\/\"},\"sameAs\":[\"https:\\\/\\\/www.facebook.com\\\/agenciainclusive\\\/\",\"https:\\\/\\\/www.instagram.com\\\/newsinclusive\\\/\"]},{\"@type\":\"Person\",\"@id\":\"https:\\\/\\\/inclusivenews.com.br\\\/#\\\/schema\\\/person\\\/ae4ec7087559b8692fb33b6fffd2273b\",\"name\":\"inclusivenews2024\",\"image\":{\"@type\":\"ImageObject\",\"inLanguage\":\"pt-PT\",\"@id\":\"https:\\\/\\\/secure.gravatar.com\\\/avatar\\\/c5a7ef84c66fa914f55bc4f7ce26cfa275a3b9a1c5568b907bd184fb4dde7b40?s=96&d=mm&r=g\",\"url\":\"https:\\\/\\\/secure.gravatar.com\\\/avatar\\\/c5a7ef84c66fa914f55bc4f7ce26cfa275a3b9a1c5568b907bd184fb4dde7b40?s=96&d=mm&r=g\",\"contentUrl\":\"https:\\\/\\\/secure.gravatar.com\\\/avatar\\\/c5a7ef84c66fa914f55bc4f7ce26cfa275a3b9a1c5568b907bd184fb4dde7b40?s=96&d=mm&r=g\",\"caption\":\"inclusivenews2024\"},\"sameAs\":[\"https:\\\/\\\/inclusivenews.com.br\"],\"url\":\"https:\\\/\\\/inclusivenews.com.br\\\/?author=1\"}]}<\/script>\n<!-- \/ Yoast SEO plugin. -->","yoast_head_json":{"title":"Pa\u00eds n\u00e3o tem lei federal espec\u00edfica para o combate ao bullying -","robots":{"index":"index","follow":"follow","max-snippet":"max-snippet:-1","max-image-preview":"max-image-preview:large","max-video-preview":"max-video-preview:-1"},"canonical":"https:\/\/inclusivenews.com.br\/?p=18903","og_locale":"pt_PT","og_type":"article","og_title":"Pa\u00eds n\u00e3o tem lei federal espec\u00edfica para o combate ao bullying -","og_description":"Projeto de lei prop\u00f5e que as a\u00e7\u00f5es de combate ao bullying sejam detalhadas na Lei de Direitrizes e Bases da Educa\u00e7\u00e3o. Do Portal G1.","og_url":"https:\/\/inclusivenews.com.br\/?p=18903","article_publisher":"https:\/\/www.facebook.com\/agenciainclusive\/","article_published_time":"2011-03-31T07:24:31+00:00","og_image":[{"url":"http:\/\/inclusivenews.com.br\/wp-content\/uploads\/2010\/04\/bullies.jpg","type":"","width":"","height":""}],"author":"inclusivenews2024","twitter_card":"summary_large_image","twitter_misc":{"Escrito por":"inclusivenews2024","Tempo estimado de leitura":"4 minutos"},"schema":{"@context":"https:\/\/schema.org","@graph":[{"@type":"Article","@id":"https:\/\/inclusivenews.com.br\/?p=18903#article","isPartOf":{"@id":"https:\/\/inclusivenews.com.br\/?p=18903"},"author":{"name":"inclusivenews2024","@id":"https:\/\/inclusivenews.com.br\/#\/schema\/person\/ae4ec7087559b8692fb33b6fffd2273b"},"headline":"Pa\u00eds n\u00e3o tem lei federal espec\u00edfica para o combate ao bullying","datePublished":"2011-03-31T07:24:31+00:00","mainEntityOfPage":{"@id":"https:\/\/inclusivenews.com.br\/?p=18903"},"wordCount":768,"commentCount":0,"publisher":{"@id":"https:\/\/inclusivenews.com.br\/#organization"},"image":{"@id":"https:\/\/inclusivenews.com.br\/?p=18903#primaryimage"},"thumbnailUrl":"http:\/\/inclusivenews.com.br\/wp-content\/uploads\/2010\/04\/bullies.jpg","keywords":["Bullying"],"articleSection":["EDUCA\u00c7\u00c3O","NOT\u00cdCIAS"],"inLanguage":"pt-PT","potentialAction":[{"@type":"CommentAction","name":"Comment","target":["https:\/\/inclusivenews.com.br\/?p=18903#respond"]}]},{"@type":"WebPage","@id":"https:\/\/inclusivenews.com.br\/?p=18903","url":"https:\/\/inclusivenews.com.br\/?p=18903","name":"Pa\u00eds n\u00e3o tem lei federal espec\u00edfica para o combate ao bullying -","isPartOf":{"@id":"https:\/\/inclusivenews.com.br\/#website"},"primaryImageOfPage":{"@id":"https:\/\/inclusivenews.com.br\/?p=18903#primaryimage"},"image":{"@id":"https:\/\/inclusivenews.com.br\/?p=18903#primaryimage"},"thumbnailUrl":"http:\/\/inclusivenews.com.br\/wp-content\/uploads\/2010\/04\/bullies.jpg","datePublished":"2011-03-31T07:24:31+00:00","breadcrumb":{"@id":"https:\/\/inclusivenews.com.br\/?p=18903#breadcrumb"},"inLanguage":"pt-PT","potentialAction":[{"@type":"ReadAction","target":["https:\/\/inclusivenews.com.br\/?p=18903"]}]},{"@type":"ImageObject","inLanguage":"pt-PT","@id":"https:\/\/inclusivenews.com.br\/?p=18903#primaryimage","url":"","contentUrl":""},{"@type":"BreadcrumbList","@id":"https:\/\/inclusivenews.com.br\/?p=18903#breadcrumb","itemListElement":[{"@type":"ListItem","position":1,"name":"In\u00edcio","item":"https:\/\/inclusivenews.com.br\/"},{"@type":"ListItem","position":2,"name":"Pa\u00eds n\u00e3o tem lei federal espec\u00edfica para o combate ao bullying"}]},{"@type":"WebSite","@id":"https:\/\/inclusivenews.com.br\/#website","url":"https:\/\/inclusivenews.com.br\/","name":"Inclusive News","description":"Inclusive News","publisher":{"@id":"https:\/\/inclusivenews.com.br\/#organization"},"potentialAction":[{"@type":"SearchAction","target":{"@type":"EntryPoint","urlTemplate":"https:\/\/inclusivenews.com.br\/?s={search_term_string}"},"query-input":{"@type":"PropertyValueSpecification","valueRequired":true,"valueName":"search_term_string"}}],"inLanguage":"pt-PT"},{"@type":"Organization","@id":"https:\/\/inclusivenews.com.br\/#organization","name":"Inclusive - inclus\u00e3o e cidadania","url":"https:\/\/inclusivenews.com.br\/","logo":{"@type":"ImageObject","inLanguage":"pt-PT","@id":"https:\/\/inclusivenews.com.br\/#\/schema\/logo\/image\/","url":"https:\/\/inclusivenews.com.br\/wp-content\/uploads\/2024\/03\/@grandesite.png","contentUrl":"https:\/\/inclusivenews.com.br\/wp-content\/uploads\/2024\/03\/@grandesite.png","width":1080,"height":1080,"caption":"Inclusive - inclus\u00e3o e cidadania"},"image":{"@id":"https:\/\/inclusivenews.com.br\/#\/schema\/logo\/image\/"},"sameAs":["https:\/\/www.facebook.com\/agenciainclusive\/","https:\/\/www.instagram.com\/newsinclusive\/"]},{"@type":"Person","@id":"https:\/\/inclusivenews.com.br\/#\/schema\/person\/ae4ec7087559b8692fb33b6fffd2273b","name":"inclusivenews2024","image":{"@type":"ImageObject","inLanguage":"pt-PT","@id":"https:\/\/secure.gravatar.com\/avatar\/c5a7ef84c66fa914f55bc4f7ce26cfa275a3b9a1c5568b907bd184fb4dde7b40?s=96&d=mm&r=g","url":"https:\/\/secure.gravatar.com\/avatar\/c5a7ef84c66fa914f55bc4f7ce26cfa275a3b9a1c5568b907bd184fb4dde7b40?s=96&d=mm&r=g","contentUrl":"https:\/\/secure.gravatar.com\/avatar\/c5a7ef84c66fa914f55bc4f7ce26cfa275a3b9a1c5568b907bd184fb4dde7b40?s=96&d=mm&r=g","caption":"inclusivenews2024"},"sameAs":["https:\/\/inclusivenews.com.br"],"url":"https:\/\/inclusivenews.com.br\/?author=1"}]}},"_links":{"self":[{"href":"https:\/\/inclusivenews.com.br\/index.php?rest_route=\/wp\/v2\/posts\/18903","targetHints":{"allow":["GET"]}}],"collection":[{"href":"https:\/\/inclusivenews.com.br\/index.php?rest_route=\/wp\/v2\/posts"}],"about":[{"href":"https:\/\/inclusivenews.com.br\/index.php?rest_route=\/wp\/v2\/types\/post"}],"author":[{"embeddable":true,"href":"https:\/\/inclusivenews.com.br\/index.php?rest_route=\/wp\/v2\/users\/1"}],"replies":[{"embeddable":true,"href":"https:\/\/inclusivenews.com.br\/index.php?rest_route=%2Fwp%2Fv2%2Fcomments&post=18903"}],"version-history":[{"count":0,"href":"https:\/\/inclusivenews.com.br\/index.php?rest_route=\/wp\/v2\/posts\/18903\/revisions"}],"wp:attachment":[{"href":"https:\/\/inclusivenews.com.br\/index.php?rest_route=%2Fwp%2Fv2%2Fmedia&parent=18903"}],"wp:term":[{"taxonomy":"category","embeddable":true,"href":"https:\/\/inclusivenews.com.br\/index.php?rest_route=%2Fwp%2Fv2%2Fcategories&post=18903"},{"taxonomy":"post_tag","embeddable":true,"href":"https:\/\/inclusivenews.com.br\/index.php?rest_route=%2Fwp%2Fv2%2Ftags&post=18903"}],"curies":[{"name":"wp","href":"https:\/\/api.w.org\/{rel}","templated":true}]}}