{"id":18907,"date":"2011-03-31T04:27:40","date_gmt":"2011-03-31T07:27:40","guid":{"rendered":"http:\/\/www.inclusive.org.br\/?p=18907"},"modified":"2011-03-31T04:27:40","modified_gmt":"2011-03-31T07:27:40","slug":"livro-infantil-de-audiodescricao-trata-de-diferencas-e-inclusao","status":"publish","type":"post","link":"https:\/\/inclusivenews.com.br\/?p=18907","title":{"rendered":"Livro infantil de audiodescri\u00e7\u00e3o trata de diferen\u00e7as e inclus\u00e3o"},"content":{"rendered":"<div class=\"content\">\n<p><strong><img loading=\"lazy\" decoding=\"async\" class=\" alignleft\" title=\"Capa do livro, onde uma menina aparece entre estrelas\" src=\"https:\/\/store-colecaoportfoliobrasil.locasite.com.br\/loja\/images\/capa%20final%20Simplesm.jpg\" alt=\"Capa do livro, onde uma menina aparece entre estrelas\" width=\"261\" height=\"268\" \/>Por Ana L\u00facia Caldas<br \/>\n<em>Rep\u00f3rter da EBC<\/em><\/p>\n<p><\/strong><\/p>\n<p><a href=\"http:\/\/store-colecaoportfoliobrasil.locasite.com.br\/loja\/produtos_info.php\/products_id\/105?OSCSESSID=6b6e29aa01f2553cad576059ea3debd9\" target=\"_blank\" rel=\"noopener\">(Clique para comprar o livro.)<\/a><\/p>\n<p>Bras\u00edlia &#8211; Compreender as diferen\u00e7as e viver com elas. Essa vis\u00e3o especial levou a escritora Monica Picav\u00eaa a escrever o livro <em>Simplesmente Diferente<\/em>, considerado o primeiro de audiodescri\u00e7\u00e3o destinado ao p\u00fablico infantil com defici\u00eancia visual. A ideia surgiu da conviv\u00eancia com as pessoas com defici\u00eancia e tamb\u00e9m para que as filhas g\u00eameas, hoje com 2 anos, encarassem essa rela\u00e7\u00e3o como algo natural.<\/p>\n<p>De acordo com a autora, \u201c\u00e9 o livro de uma pessoa que n\u00e3o tem ningu\u00e9m na fam\u00edlia com defici\u00eancia, para crian\u00e7as que n\u00e3o t\u00eam defici\u00eancia, mas tamb\u00e9m para as que t\u00eam, enfim, para criar um mundo onde a inclus\u00e3o seja uma coisa natural\u201d.<\/p>\n<p>M\u00f4nica disse que a publica\u00e7\u00e3o, que vem acompanhada de um CD, n\u00e3o deve ser confundida com o audiolivro, em que uma pessoa l\u00ea a hist\u00f3ria para outros. Na audiodescri\u00e7\u00e3o, todas as imagens s\u00e3o descritas de forma a serem compreendidas pelas crian\u00e7as com defici\u00eancia visual. \u00c9 descrito aquilo que compreendemos visualmente e que n\u00e3o est\u00e1 contido nos di\u00e1logos, como express\u00f5es faciais e corporais.<\/p>\n<p>&#8220;As ilustra\u00e7\u00f5es do livro, de Hugo Serra, estavam ficando t\u00e3o bonitas que era necess\u00e1rio ir um pouco al\u00e9m&#8221;. A ideia de audiodescri\u00e7\u00e3o \u00e9 da especialista L\u00edvia Maria Villela de Mello Motta. \u201cA gente estava fazendo um livro sobre inclus\u00e3o, onde a crian\u00e7a com defici\u00eancia visual poderia saber a hist\u00f3ria, mas n\u00e3o poderia ver, foi quando a professora L\u00edvia sugeriu a audiodescri\u00e7\u00e3o. Ela disse que n\u00e3o tinha conhecimento de nenhum livro infantil com audiodescri\u00e7\u00e3o. Esse \u00e9 o primeiro\u201d.<\/p>\n<p>Simplesmente diferente \u00e9 uma colet\u00e2nea de sete historinhas rimadas, inspiradas em pessoas reais e ensinam a enxergar a diversidade com mais naturalidade. O livro \u00e9 editado pela J.J Carol e pela Funda\u00e7\u00e3o Stickel.<\/p>\n<p>No Brasil, segundo dados do Instituto Brasileiro de Geografia e Estat\u00edstica (IBGE), existem aproximadamente 16,5 milh\u00f5es de pessoas com defici\u00eancia visual total e parcial.<\/p>\n<p>A atriz Roseli Behaker Garcia inspirou uma das hist\u00f3rias de <em>Simplesmente Diferente<\/em>: <em>Que nem Pipoca!<\/em>, onde tia R\u00f4 n\u00e3o pode enxergar e mesmo assim vive no palco a atuar. \u201cA M\u00f4nica quis dizer para as crian\u00e7as que \u00e9 poss\u00edvel trabalhar em grupo e que cada um, com sua diferen\u00e7a, pode ter uma fun\u00e7\u00e3o no grupo que est\u00e1. Ela faz uma analogia da pipoca, que \u00e9 milho e tem que conviver com a transforma\u00e7\u00e3o.\u201d<\/p>\n<p>Roseli diz que a ideia da escritora de fazer hist\u00f3rias com pessoas do cotidiano, que t\u00eam uma defici\u00eancia, \u00e9 uma grande iniciativa. \u201cO fato dela ter lembrado de mim em uma das hist\u00f3rias me deixou muito feliz. \u201c<\/p>\n<p>M\u00f4nica explicou que o motivo do livro, a inclus\u00e3o, tem funcionado com suas filhas. \u201cPara elas \u00e9 natural, tanto a cadeira de roda, quanto as pessoas com defici\u00eancia visual ou qualquer outro tipo\u201d.<\/p>\n<p><em>Edi\u00e7\u00e3o: Rivadavia Severo<br \/>\n_________________<br \/>\n<\/em><\/p>\n<p><strong> Fonte:<\/strong> <a href=\"http:\/\/agenciabrasil.ebc.com.br\/noticia\/2011-03-26\/livro-infantil-de-audiodescricao-trata-de-diferencas-e-inclusao\">Ag\u00eancia Brasil<\/a><\/p>\n<\/div>\n","protected":false},"excerpt":{"rendered":"<p>Compreender as diferen\u00e7as e viver com elas. Essa vis\u00e3o especial levou a escritora Monica Picav\u00eaa a escrever o livro Simplesmente Diferente, considerado o primeiro de audiodescri\u00e7\u00e3o destinado ao p\u00fablico infantil com defici\u00eancia visual. Da Ag\u00eancia Brasil.<\/p>\n","protected":false},"author":1,"featured_media":0,"comment_status":"open","ping_status":"open","sticky":false,"template":"","format":"standard","meta":{"site-container-style":"default","site-container-layout":"default","site-sidebar-layout":"default","disable-article-header":"default","disable-site-header":"default","disable-site-footer":"default","disable-content-area-spacing":"default","footnotes":""},"categories":[44,48,4],"tags":[],"class_list":["post-18907","post","type-post","status-publish","format-standard","hentry","category-acessibilidade","category-inclusao","category-noticias"],"yoast_head":"<!-- This site is optimized with the Yoast SEO plugin v27.4 - https:\/\/yoast.com\/product\/yoast-seo-wordpress\/ -->\n<title>Livro infantil de audiodescri\u00e7\u00e3o trata de diferen\u00e7as e inclus\u00e3o -<\/title>\n<meta name=\"robots\" content=\"index, follow, max-snippet:-1, max-image-preview:large, max-video-preview:-1\" \/>\n<link rel=\"canonical\" href=\"https:\/\/inclusivenews.com.br\/?p=18907\" \/>\n<meta property=\"og:locale\" content=\"pt_PT\" \/>\n<meta property=\"og:type\" content=\"article\" \/>\n<meta property=\"og:title\" content=\"Livro infantil de audiodescri\u00e7\u00e3o trata de diferen\u00e7as e inclus\u00e3o -\" \/>\n<meta property=\"og:description\" content=\"Compreender as diferen\u00e7as e viver com elas. Essa vis\u00e3o especial levou a escritora Monica Picav\u00eaa a escrever o livro Simplesmente Diferente, considerado o primeiro de audiodescri\u00e7\u00e3o destinado ao p\u00fablico infantil com defici\u00eancia visual. Da Ag\u00eancia Brasil.\" \/>\n<meta property=\"og:url\" content=\"https:\/\/inclusivenews.com.br\/?p=18907\" \/>\n<meta property=\"article:publisher\" content=\"https:\/\/www.facebook.com\/agenciainclusive\/\" \/>\n<meta property=\"article:published_time\" content=\"2011-03-31T07:27:40+00:00\" \/>\n<meta property=\"og:image\" content=\"https:\/\/store-colecaoportfoliobrasil.locasite.com.br\/loja\/images\/capa%20final%20Simplesm.jpg\" \/>\n<meta name=\"author\" content=\"inclusivenews2024\" \/>\n<meta name=\"twitter:card\" content=\"summary_large_image\" \/>\n<meta name=\"twitter:label1\" content=\"Escrito por\" \/>\n\t<meta name=\"twitter:data1\" content=\"inclusivenews2024\" \/>\n\t<meta name=\"twitter:label2\" content=\"Tempo estimado de leitura\" \/>\n\t<meta name=\"twitter:data2\" content=\"3 minutos\" \/>\n<script type=\"application\/ld+json\" class=\"yoast-schema-graph\">{\"@context\":\"https:\\\/\\\/schema.org\",\"@graph\":[{\"@type\":\"Article\",\"@id\":\"https:\\\/\\\/inclusivenews.com.br\\\/?p=18907#article\",\"isPartOf\":{\"@id\":\"https:\\\/\\\/inclusivenews.com.br\\\/?p=18907\"},\"author\":{\"name\":\"inclusivenews2024\",\"@id\":\"https:\\\/\\\/inclusivenews.com.br\\\/#\\\/schema\\\/person\\\/ae4ec7087559b8692fb33b6fffd2273b\"},\"headline\":\"Livro infantil de audiodescri\u00e7\u00e3o trata de diferen\u00e7as e inclus\u00e3o\",\"datePublished\":\"2011-03-31T07:27:40+00:00\",\"mainEntityOfPage\":{\"@id\":\"https:\\\/\\\/inclusivenews.com.br\\\/?p=18907\"},\"wordCount\":536,\"commentCount\":0,\"publisher\":{\"@id\":\"https:\\\/\\\/inclusivenews.com.br\\\/#organization\"},\"image\":{\"@id\":\"https:\\\/\\\/inclusivenews.com.br\\\/?p=18907#primaryimage\"},\"thumbnailUrl\":\"https:\\\/\\\/store-colecaoportfoliobrasil.locasite.com.br\\\/loja\\\/images\\\/capa%20final%20Simplesm.jpg\",\"articleSection\":[\"ACESSIBILIDADE\",\"INCLUS\u00c3O SOCIAL\",\"NOT\u00cdCIAS\"],\"inLanguage\":\"pt-PT\",\"potentialAction\":[{\"@type\":\"CommentAction\",\"name\":\"Comment\",\"target\":[\"https:\\\/\\\/inclusivenews.com.br\\\/?p=18907#respond\"]}]},{\"@type\":\"WebPage\",\"@id\":\"https:\\\/\\\/inclusivenews.com.br\\\/?p=18907\",\"url\":\"https:\\\/\\\/inclusivenews.com.br\\\/?p=18907\",\"name\":\"Livro infantil de audiodescri\u00e7\u00e3o trata de diferen\u00e7as e inclus\u00e3o -\",\"isPartOf\":{\"@id\":\"https:\\\/\\\/inclusivenews.com.br\\\/#website\"},\"primaryImageOfPage\":{\"@id\":\"https:\\\/\\\/inclusivenews.com.br\\\/?p=18907#primaryimage\"},\"image\":{\"@id\":\"https:\\\/\\\/inclusivenews.com.br\\\/?p=18907#primaryimage\"},\"thumbnailUrl\":\"https:\\\/\\\/store-colecaoportfoliobrasil.locasite.com.br\\\/loja\\\/images\\\/capa%20final%20Simplesm.jpg\",\"datePublished\":\"2011-03-31T07:27:40+00:00\",\"breadcrumb\":{\"@id\":\"https:\\\/\\\/inclusivenews.com.br\\\/?p=18907#breadcrumb\"},\"inLanguage\":\"pt-PT\",\"potentialAction\":[{\"@type\":\"ReadAction\",\"target\":[\"https:\\\/\\\/inclusivenews.com.br\\\/?p=18907\"]}]},{\"@type\":\"ImageObject\",\"inLanguage\":\"pt-PT\",\"@id\":\"https:\\\/\\\/inclusivenews.com.br\\\/?p=18907#primaryimage\",\"url\":\"https:\\\/\\\/store-colecaoportfoliobrasil.locasite.com.br\\\/loja\\\/images\\\/capa%20final%20Simplesm.jpg\",\"contentUrl\":\"https:\\\/\\\/store-colecaoportfoliobrasil.locasite.com.br\\\/loja\\\/images\\\/capa%20final%20Simplesm.jpg\"},{\"@type\":\"BreadcrumbList\",\"@id\":\"https:\\\/\\\/inclusivenews.com.br\\\/?p=18907#breadcrumb\",\"itemListElement\":[{\"@type\":\"ListItem\",\"position\":1,\"name\":\"In\u00edcio\",\"item\":\"https:\\\/\\\/inclusivenews.com.br\\\/\"},{\"@type\":\"ListItem\",\"position\":2,\"name\":\"Livro infantil de audiodescri\u00e7\u00e3o trata de diferen\u00e7as e inclus\u00e3o\"}]},{\"@type\":\"WebSite\",\"@id\":\"https:\\\/\\\/inclusivenews.com.br\\\/#website\",\"url\":\"https:\\\/\\\/inclusivenews.com.br\\\/\",\"name\":\"Inclusive News\",\"description\":\"Inclusive News\",\"publisher\":{\"@id\":\"https:\\\/\\\/inclusivenews.com.br\\\/#organization\"},\"potentialAction\":[{\"@type\":\"SearchAction\",\"target\":{\"@type\":\"EntryPoint\",\"urlTemplate\":\"https:\\\/\\\/inclusivenews.com.br\\\/?s={search_term_string}\"},\"query-input\":{\"@type\":\"PropertyValueSpecification\",\"valueRequired\":true,\"valueName\":\"search_term_string\"}}],\"inLanguage\":\"pt-PT\"},{\"@type\":\"Organization\",\"@id\":\"https:\\\/\\\/inclusivenews.com.br\\\/#organization\",\"name\":\"Inclusive - inclus\u00e3o e cidadania\",\"url\":\"https:\\\/\\\/inclusivenews.com.br\\\/\",\"logo\":{\"@type\":\"ImageObject\",\"inLanguage\":\"pt-PT\",\"@id\":\"https:\\\/\\\/inclusivenews.com.br\\\/#\\\/schema\\\/logo\\\/image\\\/\",\"url\":\"https:\\\/\\\/inclusivenews.com.br\\\/wp-content\\\/uploads\\\/2024\\\/03\\\/@grandesite.png\",\"contentUrl\":\"https:\\\/\\\/inclusivenews.com.br\\\/wp-content\\\/uploads\\\/2024\\\/03\\\/@grandesite.png\",\"width\":1080,\"height\":1080,\"caption\":\"Inclusive - inclus\u00e3o e cidadania\"},\"image\":{\"@id\":\"https:\\\/\\\/inclusivenews.com.br\\\/#\\\/schema\\\/logo\\\/image\\\/\"},\"sameAs\":[\"https:\\\/\\\/www.facebook.com\\\/agenciainclusive\\\/\",\"https:\\\/\\\/www.instagram.com\\\/newsinclusive\\\/\"]},{\"@type\":\"Person\",\"@id\":\"https:\\\/\\\/inclusivenews.com.br\\\/#\\\/schema\\\/person\\\/ae4ec7087559b8692fb33b6fffd2273b\",\"name\":\"inclusivenews2024\",\"image\":{\"@type\":\"ImageObject\",\"inLanguage\":\"pt-PT\",\"@id\":\"https:\\\/\\\/secure.gravatar.com\\\/avatar\\\/c5a7ef84c66fa914f55bc4f7ce26cfa275a3b9a1c5568b907bd184fb4dde7b40?s=96&d=mm&r=g\",\"url\":\"https:\\\/\\\/secure.gravatar.com\\\/avatar\\\/c5a7ef84c66fa914f55bc4f7ce26cfa275a3b9a1c5568b907bd184fb4dde7b40?s=96&d=mm&r=g\",\"contentUrl\":\"https:\\\/\\\/secure.gravatar.com\\\/avatar\\\/c5a7ef84c66fa914f55bc4f7ce26cfa275a3b9a1c5568b907bd184fb4dde7b40?s=96&d=mm&r=g\",\"caption\":\"inclusivenews2024\"},\"sameAs\":[\"https:\\\/\\\/inclusivenews.com.br\"],\"url\":\"https:\\\/\\\/inclusivenews.com.br\\\/?author=1\"}]}<\/script>\n<!-- \/ Yoast SEO plugin. -->","yoast_head_json":{"title":"Livro infantil de audiodescri\u00e7\u00e3o trata de diferen\u00e7as e inclus\u00e3o -","robots":{"index":"index","follow":"follow","max-snippet":"max-snippet:-1","max-image-preview":"max-image-preview:large","max-video-preview":"max-video-preview:-1"},"canonical":"https:\/\/inclusivenews.com.br\/?p=18907","og_locale":"pt_PT","og_type":"article","og_title":"Livro infantil de audiodescri\u00e7\u00e3o trata de diferen\u00e7as e inclus\u00e3o -","og_description":"Compreender as diferen\u00e7as e viver com elas. Essa vis\u00e3o especial levou a escritora Monica Picav\u00eaa a escrever o livro Simplesmente Diferente, considerado o primeiro de audiodescri\u00e7\u00e3o destinado ao p\u00fablico infantil com defici\u00eancia visual. Da Ag\u00eancia Brasil.","og_url":"https:\/\/inclusivenews.com.br\/?p=18907","article_publisher":"https:\/\/www.facebook.com\/agenciainclusive\/","article_published_time":"2011-03-31T07:27:40+00:00","og_image":[{"url":"https:\/\/store-colecaoportfoliobrasil.locasite.com.br\/loja\/images\/capa%20final%20Simplesm.jpg","type":"","width":"","height":""}],"author":"inclusivenews2024","twitter_card":"summary_large_image","twitter_misc":{"Escrito por":"inclusivenews2024","Tempo estimado de leitura":"3 minutos"},"schema":{"@context":"https:\/\/schema.org","@graph":[{"@type":"Article","@id":"https:\/\/inclusivenews.com.br\/?p=18907#article","isPartOf":{"@id":"https:\/\/inclusivenews.com.br\/?p=18907"},"author":{"name":"inclusivenews2024","@id":"https:\/\/inclusivenews.com.br\/#\/schema\/person\/ae4ec7087559b8692fb33b6fffd2273b"},"headline":"Livro infantil de audiodescri\u00e7\u00e3o trata de diferen\u00e7as e inclus\u00e3o","datePublished":"2011-03-31T07:27:40+00:00","mainEntityOfPage":{"@id":"https:\/\/inclusivenews.com.br\/?p=18907"},"wordCount":536,"commentCount":0,"publisher":{"@id":"https:\/\/inclusivenews.com.br\/#organization"},"image":{"@id":"https:\/\/inclusivenews.com.br\/?p=18907#primaryimage"},"thumbnailUrl":"https:\/\/store-colecaoportfoliobrasil.locasite.com.br\/loja\/images\/capa%20final%20Simplesm.jpg","articleSection":["ACESSIBILIDADE","INCLUS\u00c3O SOCIAL","NOT\u00cdCIAS"],"inLanguage":"pt-PT","potentialAction":[{"@type":"CommentAction","name":"Comment","target":["https:\/\/inclusivenews.com.br\/?p=18907#respond"]}]},{"@type":"WebPage","@id":"https:\/\/inclusivenews.com.br\/?p=18907","url":"https:\/\/inclusivenews.com.br\/?p=18907","name":"Livro infantil de audiodescri\u00e7\u00e3o trata de diferen\u00e7as e inclus\u00e3o -","isPartOf":{"@id":"https:\/\/inclusivenews.com.br\/#website"},"primaryImageOfPage":{"@id":"https:\/\/inclusivenews.com.br\/?p=18907#primaryimage"},"image":{"@id":"https:\/\/inclusivenews.com.br\/?p=18907#primaryimage"},"thumbnailUrl":"https:\/\/store-colecaoportfoliobrasil.locasite.com.br\/loja\/images\/capa%20final%20Simplesm.jpg","datePublished":"2011-03-31T07:27:40+00:00","breadcrumb":{"@id":"https:\/\/inclusivenews.com.br\/?p=18907#breadcrumb"},"inLanguage":"pt-PT","potentialAction":[{"@type":"ReadAction","target":["https:\/\/inclusivenews.com.br\/?p=18907"]}]},{"@type":"ImageObject","inLanguage":"pt-PT","@id":"https:\/\/inclusivenews.com.br\/?p=18907#primaryimage","url":"https:\/\/store-colecaoportfoliobrasil.locasite.com.br\/loja\/images\/capa%20final%20Simplesm.jpg","contentUrl":"https:\/\/store-colecaoportfoliobrasil.locasite.com.br\/loja\/images\/capa%20final%20Simplesm.jpg"},{"@type":"BreadcrumbList","@id":"https:\/\/inclusivenews.com.br\/?p=18907#breadcrumb","itemListElement":[{"@type":"ListItem","position":1,"name":"In\u00edcio","item":"https:\/\/inclusivenews.com.br\/"},{"@type":"ListItem","position":2,"name":"Livro infantil de audiodescri\u00e7\u00e3o trata de diferen\u00e7as e inclus\u00e3o"}]},{"@type":"WebSite","@id":"https:\/\/inclusivenews.com.br\/#website","url":"https:\/\/inclusivenews.com.br\/","name":"Inclusive News","description":"Inclusive News","publisher":{"@id":"https:\/\/inclusivenews.com.br\/#organization"},"potentialAction":[{"@type":"SearchAction","target":{"@type":"EntryPoint","urlTemplate":"https:\/\/inclusivenews.com.br\/?s={search_term_string}"},"query-input":{"@type":"PropertyValueSpecification","valueRequired":true,"valueName":"search_term_string"}}],"inLanguage":"pt-PT"},{"@type":"Organization","@id":"https:\/\/inclusivenews.com.br\/#organization","name":"Inclusive - inclus\u00e3o e cidadania","url":"https:\/\/inclusivenews.com.br\/","logo":{"@type":"ImageObject","inLanguage":"pt-PT","@id":"https:\/\/inclusivenews.com.br\/#\/schema\/logo\/image\/","url":"https:\/\/inclusivenews.com.br\/wp-content\/uploads\/2024\/03\/@grandesite.png","contentUrl":"https:\/\/inclusivenews.com.br\/wp-content\/uploads\/2024\/03\/@grandesite.png","width":1080,"height":1080,"caption":"Inclusive - inclus\u00e3o e cidadania"},"image":{"@id":"https:\/\/inclusivenews.com.br\/#\/schema\/logo\/image\/"},"sameAs":["https:\/\/www.facebook.com\/agenciainclusive\/","https:\/\/www.instagram.com\/newsinclusive\/"]},{"@type":"Person","@id":"https:\/\/inclusivenews.com.br\/#\/schema\/person\/ae4ec7087559b8692fb33b6fffd2273b","name":"inclusivenews2024","image":{"@type":"ImageObject","inLanguage":"pt-PT","@id":"https:\/\/secure.gravatar.com\/avatar\/c5a7ef84c66fa914f55bc4f7ce26cfa275a3b9a1c5568b907bd184fb4dde7b40?s=96&d=mm&r=g","url":"https:\/\/secure.gravatar.com\/avatar\/c5a7ef84c66fa914f55bc4f7ce26cfa275a3b9a1c5568b907bd184fb4dde7b40?s=96&d=mm&r=g","contentUrl":"https:\/\/secure.gravatar.com\/avatar\/c5a7ef84c66fa914f55bc4f7ce26cfa275a3b9a1c5568b907bd184fb4dde7b40?s=96&d=mm&r=g","caption":"inclusivenews2024"},"sameAs":["https:\/\/inclusivenews.com.br"],"url":"https:\/\/inclusivenews.com.br\/?author=1"}]}},"_links":{"self":[{"href":"https:\/\/inclusivenews.com.br\/index.php?rest_route=\/wp\/v2\/posts\/18907","targetHints":{"allow":["GET"]}}],"collection":[{"href":"https:\/\/inclusivenews.com.br\/index.php?rest_route=\/wp\/v2\/posts"}],"about":[{"href":"https:\/\/inclusivenews.com.br\/index.php?rest_route=\/wp\/v2\/types\/post"}],"author":[{"embeddable":true,"href":"https:\/\/inclusivenews.com.br\/index.php?rest_route=\/wp\/v2\/users\/1"}],"replies":[{"embeddable":true,"href":"https:\/\/inclusivenews.com.br\/index.php?rest_route=%2Fwp%2Fv2%2Fcomments&post=18907"}],"version-history":[{"count":0,"href":"https:\/\/inclusivenews.com.br\/index.php?rest_route=\/wp\/v2\/posts\/18907\/revisions"}],"wp:attachment":[{"href":"https:\/\/inclusivenews.com.br\/index.php?rest_route=%2Fwp%2Fv2%2Fmedia&parent=18907"}],"wp:term":[{"taxonomy":"category","embeddable":true,"href":"https:\/\/inclusivenews.com.br\/index.php?rest_route=%2Fwp%2Fv2%2Fcategories&post=18907"},{"taxonomy":"post_tag","embeddable":true,"href":"https:\/\/inclusivenews.com.br\/index.php?rest_route=%2Fwp%2Fv2%2Ftags&post=18907"}],"curies":[{"name":"wp","href":"https:\/\/api.w.org\/{rel}","templated":true}]}}