{"id":18915,"date":"2011-03-31T04:18:25","date_gmt":"2011-03-31T07:18:25","guid":{"rendered":"http:\/\/www.inclusive.org.br\/?p=18915"},"modified":"2011-03-31T04:18:25","modified_gmt":"2011-03-31T07:18:25","slug":"religioes-e-homossexualidades","status":"publish","type":"post","link":"https:\/\/inclusivenews.com.br\/?p=18915","title":{"rendered":"Religi\u00f5es e Homossexualidades"},"content":{"rendered":"<figure style=\"width: 120px\" class=\"wp-caption alignleft\"><a class=\"moz-txt-link-freetext\" href=\"http:\/\/www.editora.fgv.br\/iss.php?iss=foto.produto&amp;cod=420&amp;xsize=120&amp;ysize=194\"><img loading=\"lazy\" decoding=\"async\" title=\"Capa do livro, o t\u00edtulo sobre a bandeira multicolorida s\u00edmbolo LGBT\" src=\"http:\/\/www.editora.fgv.br\/iss.php?iss=foto.produto&amp;cod=420&amp;xsize=120&amp;ysize=194\" alt=\"Capa do livro, o t\u00edtulo sobre a bandeira multicolorida s\u00edmbolo LGBT\" width=\"120\" height=\"174\" \/><\/a><figcaption class=\"wp-caption-text\"> <\/figcaption><\/figure>\n<p><a class=\"moz-txt-link-freetext\" href=\"http:\/\/www.editora.fgv.br\/iss.php?iss=foto.produto&amp;cod=420&amp;xsize=120&amp;ysize=194\"><\/a>O livro Religi\u00f5es e Homossexualidades discute vis\u00f5es de lideran\u00e7as cat\u00f3licas, evang\u00e9licas, judias e das religi\u00f5es medi\u00fanicas (tanto kardecistas quanto afro-brasileiras) sobre quest\u00f5es relacionadas \u00e0 homossexualidade, como a homofobia e a pol\u00eamica do casamento gay.Lan\u00e7ado no dia 23 de mar\u00e7o, o livro Religi\u00f5es e Homossexualidades discute vis\u00f5es de lideran\u00e7as cat\u00f3licas, evang\u00e9licas, judias e das religi\u00f5es medi\u00fanicas (tanto kardecistas quanto afro-brasileiras) sobre quest\u00f5es relacionadas \u00e0 homossexualidade \u2013 especialmente sobre novas propostas jur\u00eddicas \u2013, como a homofobia, a pol\u00eamica do casamento gay, direitos previdenci\u00e1rios e ado\u00e7\u00e3o.<\/p>\n<p>Em uma \u00e9poca em que movimentos religiosos fundamentalistas procuram impor seus valores a um Estado laico, e, ao mesmo tempo, movimentos sociais defendem direitos civis de homossexuais e a criminaliza\u00e7\u00e3o da homofobia, o livro apresenta reflex\u00f5es importantes para a compreens\u00e3o dos embates e negocia\u00e7\u00f5es entre as agremia\u00e7\u00f5es religiosas e as comunidades LGBT. O livro \u00e9 resultado de um ano de pesquisa apoiada pelo Minist\u00e9rio da Sa\u00fade brasileiro.<\/p>\n<p><a href=\"http:\/\/www.editora.fgv.br\/?sub=produto&amp;id=420\">Compre aqui.<\/a><br \/>\n____________<\/p>\n<p><strong>Fonte:<\/strong> <a href=\"http:\/\/www.clam.org.br\/publique\/cgi\/cgilua.exe\/sys\/start.htm?UserActiveTemplate=_BR&amp;infoid=7918&amp;sid=7\">CLAM<\/a><\/p>\n","protected":false},"excerpt":{"rendered":"<p>O livro discute vis\u00f5es de lideran\u00e7as religiosas sobre quest\u00f5es relacionadas \u00e0 homossexualidade, como a homofobia e a pol\u00eamica do casamento gay. Informa\u00e7\u00e3o vem do CLAM.<\/p>\n","protected":false},"author":1,"featured_media":0,"comment_status":"open","ping_status":"open","sticky":false,"template":"","format":"standard","meta":{"site-container-style":"default","site-container-layout":"default","site-sidebar-layout":"default","disable-article-header":"default","disable-site-header":"default","disable-site-footer":"default","disable-content-area-spacing":"default","footnotes":""},"categories":[50,51,4,10],"tags":[95],"class_list":["post-18915","post","type-post","status-publish","format-standard","hentry","category-lancamentos","category-livros","category-noticias","category-publicacoes","tag-homofobia"],"yoast_head":"<!-- This site is optimized with the Yoast SEO plugin v27.5 - https:\/\/yoast.com\/product\/yoast-seo-wordpress\/ -->\n<title>Religi\u00f5es e Homossexualidades -<\/title>\n<meta name=\"robots\" content=\"index, follow, max-snippet:-1, max-image-preview:large, max-video-preview:-1\" \/>\n<link rel=\"canonical\" href=\"https:\/\/inclusivenews.com.br\/?p=18915\" \/>\n<meta property=\"og:locale\" content=\"pt_PT\" \/>\n<meta property=\"og:type\" content=\"article\" \/>\n<meta property=\"og:title\" content=\"Religi\u00f5es e Homossexualidades -\" \/>\n<meta property=\"og:description\" content=\"O livro discute vis\u00f5es de lideran\u00e7as religiosas sobre quest\u00f5es relacionadas \u00e0 homossexualidade, como a homofobia e a pol\u00eamica do casamento gay. Informa\u00e7\u00e3o vem do CLAM.\" \/>\n<meta property=\"og:url\" content=\"https:\/\/inclusivenews.com.br\/?p=18915\" \/>\n<meta property=\"article:publisher\" content=\"https:\/\/www.facebook.com\/agenciainclusive\/\" \/>\n<meta property=\"article:published_time\" content=\"2011-03-31T07:18:25+00:00\" \/>\n<meta property=\"og:image\" content=\"http:\/\/www.editora.fgv.br\/iss.php?iss=foto.produto&amp;cod=420&amp;xsize=120&amp;ysize=194\" \/>\n<meta name=\"author\" content=\"inclusivenews2024\" \/>\n<meta name=\"twitter:card\" content=\"summary_large_image\" \/>\n<meta name=\"twitter:label1\" content=\"Escrito por\" \/>\n\t<meta name=\"twitter:data1\" content=\"inclusivenews2024\" \/>\n\t<meta name=\"twitter:label2\" content=\"Tempo estimado de leitura\" \/>\n\t<meta name=\"twitter:data2\" content=\"1 minuto\" \/>\n<script type=\"application\/ld+json\" class=\"yoast-schema-graph\">{\"@context\":\"https:\\\/\\\/schema.org\",\"@graph\":[{\"@type\":\"Article\",\"@id\":\"https:\\\/\\\/inclusivenews.com.br\\\/?p=18915#article\",\"isPartOf\":{\"@id\":\"https:\\\/\\\/inclusivenews.com.br\\\/?p=18915\"},\"author\":{\"name\":\"inclusivenews2024\",\"@id\":\"https:\\\/\\\/inclusivenews.com.br\\\/#\\\/schema\\\/person\\\/ae4ec7087559b8692fb33b6fffd2273b\"},\"headline\":\"Religi\u00f5es e Homossexualidades\",\"datePublished\":\"2011-03-31T07:18:25+00:00\",\"mainEntityOfPage\":{\"@id\":\"https:\\\/\\\/inclusivenews.com.br\\\/?p=18915\"},\"wordCount\":190,\"commentCount\":0,\"publisher\":{\"@id\":\"https:\\\/\\\/inclusivenews.com.br\\\/#organization\"},\"image\":{\"@id\":\"https:\\\/\\\/inclusivenews.com.br\\\/?p=18915#primaryimage\"},\"thumbnailUrl\":\"http:\\\/\\\/www.editora.fgv.br\\\/iss.php?iss=foto.produto&amp;cod=420&amp;xsize=120&amp;ysize=194\",\"keywords\":[\"homofobia\"],\"articleSection\":[\"Lan\u00e7amentos\",\"Livros\",\"NOT\u00cdCIAS\",\"PUBLICA\u00c7\u00d5ES\"],\"inLanguage\":\"pt-PT\",\"potentialAction\":[{\"@type\":\"CommentAction\",\"name\":\"Comment\",\"target\":[\"https:\\\/\\\/inclusivenews.com.br\\\/?p=18915#respond\"]}]},{\"@type\":\"WebPage\",\"@id\":\"https:\\\/\\\/inclusivenews.com.br\\\/?p=18915\",\"url\":\"https:\\\/\\\/inclusivenews.com.br\\\/?p=18915\",\"name\":\"Religi\u00f5es e Homossexualidades -\",\"isPartOf\":{\"@id\":\"https:\\\/\\\/inclusivenews.com.br\\\/#website\"},\"primaryImageOfPage\":{\"@id\":\"https:\\\/\\\/inclusivenews.com.br\\\/?p=18915#primaryimage\"},\"image\":{\"@id\":\"https:\\\/\\\/inclusivenews.com.br\\\/?p=18915#primaryimage\"},\"thumbnailUrl\":\"http:\\\/\\\/www.editora.fgv.br\\\/iss.php?iss=foto.produto&amp;cod=420&amp;xsize=120&amp;ysize=194\",\"datePublished\":\"2011-03-31T07:18:25+00:00\",\"breadcrumb\":{\"@id\":\"https:\\\/\\\/inclusivenews.com.br\\\/?p=18915#breadcrumb\"},\"inLanguage\":\"pt-PT\",\"potentialAction\":[{\"@type\":\"ReadAction\",\"target\":[\"https:\\\/\\\/inclusivenews.com.br\\\/?p=18915\"]}]},{\"@type\":\"ImageObject\",\"inLanguage\":\"pt-PT\",\"@id\":\"https:\\\/\\\/inclusivenews.com.br\\\/?p=18915#primaryimage\",\"url\":\"http:\\\/\\\/www.editora.fgv.br\\\/iss.php?iss=foto.produto&amp;cod=420&amp;xsize=120&amp;ysize=194\",\"contentUrl\":\"http:\\\/\\\/www.editora.fgv.br\\\/iss.php?iss=foto.produto&amp;cod=420&amp;xsize=120&amp;ysize=194\"},{\"@type\":\"BreadcrumbList\",\"@id\":\"https:\\\/\\\/inclusivenews.com.br\\\/?p=18915#breadcrumb\",\"itemListElement\":[{\"@type\":\"ListItem\",\"position\":1,\"name\":\"In\u00edcio\",\"item\":\"https:\\\/\\\/inclusivenews.com.br\\\/\"},{\"@type\":\"ListItem\",\"position\":2,\"name\":\"Religi\u00f5es e Homossexualidades\"}]},{\"@type\":\"WebSite\",\"@id\":\"https:\\\/\\\/inclusivenews.com.br\\\/#website\",\"url\":\"https:\\\/\\\/inclusivenews.com.br\\\/\",\"name\":\"Inclusive News\",\"description\":\"Inclusive News\",\"publisher\":{\"@id\":\"https:\\\/\\\/inclusivenews.com.br\\\/#organization\"},\"potentialAction\":[{\"@type\":\"SearchAction\",\"target\":{\"@type\":\"EntryPoint\",\"urlTemplate\":\"https:\\\/\\\/inclusivenews.com.br\\\/?s={search_term_string}\"},\"query-input\":{\"@type\":\"PropertyValueSpecification\",\"valueRequired\":true,\"valueName\":\"search_term_string\"}}],\"inLanguage\":\"pt-PT\"},{\"@type\":\"Organization\",\"@id\":\"https:\\\/\\\/inclusivenews.com.br\\\/#organization\",\"name\":\"Inclusive - inclus\u00e3o e cidadania\",\"url\":\"https:\\\/\\\/inclusivenews.com.br\\\/\",\"logo\":{\"@type\":\"ImageObject\",\"inLanguage\":\"pt-PT\",\"@id\":\"https:\\\/\\\/inclusivenews.com.br\\\/#\\\/schema\\\/logo\\\/image\\\/\",\"url\":\"https:\\\/\\\/inclusivenews.com.br\\\/wp-content\\\/uploads\\\/2024\\\/03\\\/@grandesite.png\",\"contentUrl\":\"https:\\\/\\\/inclusivenews.com.br\\\/wp-content\\\/uploads\\\/2024\\\/03\\\/@grandesite.png\",\"width\":1080,\"height\":1080,\"caption\":\"Inclusive - inclus\u00e3o e cidadania\"},\"image\":{\"@id\":\"https:\\\/\\\/inclusivenews.com.br\\\/#\\\/schema\\\/logo\\\/image\\\/\"},\"sameAs\":[\"https:\\\/\\\/www.facebook.com\\\/agenciainclusive\\\/\",\"https:\\\/\\\/www.instagram.com\\\/newsinclusive\\\/\"]},{\"@type\":\"Person\",\"@id\":\"https:\\\/\\\/inclusivenews.com.br\\\/#\\\/schema\\\/person\\\/ae4ec7087559b8692fb33b6fffd2273b\",\"name\":\"inclusivenews2024\",\"image\":{\"@type\":\"ImageObject\",\"inLanguage\":\"pt-PT\",\"@id\":\"https:\\\/\\\/secure.gravatar.com\\\/avatar\\\/c5a7ef84c66fa914f55bc4f7ce26cfa275a3b9a1c5568b907bd184fb4dde7b40?s=96&d=mm&r=g\",\"url\":\"https:\\\/\\\/secure.gravatar.com\\\/avatar\\\/c5a7ef84c66fa914f55bc4f7ce26cfa275a3b9a1c5568b907bd184fb4dde7b40?s=96&d=mm&r=g\",\"contentUrl\":\"https:\\\/\\\/secure.gravatar.com\\\/avatar\\\/c5a7ef84c66fa914f55bc4f7ce26cfa275a3b9a1c5568b907bd184fb4dde7b40?s=96&d=mm&r=g\",\"caption\":\"inclusivenews2024\"},\"sameAs\":[\"https:\\\/\\\/inclusivenews.com.br\"],\"url\":\"https:\\\/\\\/inclusivenews.com.br\\\/?author=1\"}]}<\/script>\n<!-- \/ Yoast SEO plugin. -->","yoast_head_json":{"title":"Religi\u00f5es e Homossexualidades -","robots":{"index":"index","follow":"follow","max-snippet":"max-snippet:-1","max-image-preview":"max-image-preview:large","max-video-preview":"max-video-preview:-1"},"canonical":"https:\/\/inclusivenews.com.br\/?p=18915","og_locale":"pt_PT","og_type":"article","og_title":"Religi\u00f5es e Homossexualidades -","og_description":"O livro discute vis\u00f5es de lideran\u00e7as religiosas sobre quest\u00f5es relacionadas \u00e0 homossexualidade, como a homofobia e a pol\u00eamica do casamento gay. Informa\u00e7\u00e3o vem do CLAM.","og_url":"https:\/\/inclusivenews.com.br\/?p=18915","article_publisher":"https:\/\/www.facebook.com\/agenciainclusive\/","article_published_time":"2011-03-31T07:18:25+00:00","og_image":[{"url":"http:\/\/www.editora.fgv.br\/iss.php?iss=foto.produto&amp;cod=420&amp;xsize=120&amp;ysize=194","type":"","width":"","height":""}],"author":"inclusivenews2024","twitter_card":"summary_large_image","twitter_misc":{"Escrito por":"inclusivenews2024","Tempo estimado de leitura":"1 minuto"},"schema":{"@context":"https:\/\/schema.org","@graph":[{"@type":"Article","@id":"https:\/\/inclusivenews.com.br\/?p=18915#article","isPartOf":{"@id":"https:\/\/inclusivenews.com.br\/?p=18915"},"author":{"name":"inclusivenews2024","@id":"https:\/\/inclusivenews.com.br\/#\/schema\/person\/ae4ec7087559b8692fb33b6fffd2273b"},"headline":"Religi\u00f5es e Homossexualidades","datePublished":"2011-03-31T07:18:25+00:00","mainEntityOfPage":{"@id":"https:\/\/inclusivenews.com.br\/?p=18915"},"wordCount":190,"commentCount":0,"publisher":{"@id":"https:\/\/inclusivenews.com.br\/#organization"},"image":{"@id":"https:\/\/inclusivenews.com.br\/?p=18915#primaryimage"},"thumbnailUrl":"http:\/\/www.editora.fgv.br\/iss.php?iss=foto.produto&amp;cod=420&amp;xsize=120&amp;ysize=194","keywords":["homofobia"],"articleSection":["Lan\u00e7amentos","Livros","NOT\u00cdCIAS","PUBLICA\u00c7\u00d5ES"],"inLanguage":"pt-PT","potentialAction":[{"@type":"CommentAction","name":"Comment","target":["https:\/\/inclusivenews.com.br\/?p=18915#respond"]}]},{"@type":"WebPage","@id":"https:\/\/inclusivenews.com.br\/?p=18915","url":"https:\/\/inclusivenews.com.br\/?p=18915","name":"Religi\u00f5es e Homossexualidades -","isPartOf":{"@id":"https:\/\/inclusivenews.com.br\/#website"},"primaryImageOfPage":{"@id":"https:\/\/inclusivenews.com.br\/?p=18915#primaryimage"},"image":{"@id":"https:\/\/inclusivenews.com.br\/?p=18915#primaryimage"},"thumbnailUrl":"http:\/\/www.editora.fgv.br\/iss.php?iss=foto.produto&amp;cod=420&amp;xsize=120&amp;ysize=194","datePublished":"2011-03-31T07:18:25+00:00","breadcrumb":{"@id":"https:\/\/inclusivenews.com.br\/?p=18915#breadcrumb"},"inLanguage":"pt-PT","potentialAction":[{"@type":"ReadAction","target":["https:\/\/inclusivenews.com.br\/?p=18915"]}]},{"@type":"ImageObject","inLanguage":"pt-PT","@id":"https:\/\/inclusivenews.com.br\/?p=18915#primaryimage","url":"http:\/\/www.editora.fgv.br\/iss.php?iss=foto.produto&amp;cod=420&amp;xsize=120&amp;ysize=194","contentUrl":"http:\/\/www.editora.fgv.br\/iss.php?iss=foto.produto&amp;cod=420&amp;xsize=120&amp;ysize=194"},{"@type":"BreadcrumbList","@id":"https:\/\/inclusivenews.com.br\/?p=18915#breadcrumb","itemListElement":[{"@type":"ListItem","position":1,"name":"In\u00edcio","item":"https:\/\/inclusivenews.com.br\/"},{"@type":"ListItem","position":2,"name":"Religi\u00f5es e Homossexualidades"}]},{"@type":"WebSite","@id":"https:\/\/inclusivenews.com.br\/#website","url":"https:\/\/inclusivenews.com.br\/","name":"Inclusive News","description":"Inclusive News","publisher":{"@id":"https:\/\/inclusivenews.com.br\/#organization"},"potentialAction":[{"@type":"SearchAction","target":{"@type":"EntryPoint","urlTemplate":"https:\/\/inclusivenews.com.br\/?s={search_term_string}"},"query-input":{"@type":"PropertyValueSpecification","valueRequired":true,"valueName":"search_term_string"}}],"inLanguage":"pt-PT"},{"@type":"Organization","@id":"https:\/\/inclusivenews.com.br\/#organization","name":"Inclusive - inclus\u00e3o e cidadania","url":"https:\/\/inclusivenews.com.br\/","logo":{"@type":"ImageObject","inLanguage":"pt-PT","@id":"https:\/\/inclusivenews.com.br\/#\/schema\/logo\/image\/","url":"https:\/\/inclusivenews.com.br\/wp-content\/uploads\/2024\/03\/@grandesite.png","contentUrl":"https:\/\/inclusivenews.com.br\/wp-content\/uploads\/2024\/03\/@grandesite.png","width":1080,"height":1080,"caption":"Inclusive - inclus\u00e3o e cidadania"},"image":{"@id":"https:\/\/inclusivenews.com.br\/#\/schema\/logo\/image\/"},"sameAs":["https:\/\/www.facebook.com\/agenciainclusive\/","https:\/\/www.instagram.com\/newsinclusive\/"]},{"@type":"Person","@id":"https:\/\/inclusivenews.com.br\/#\/schema\/person\/ae4ec7087559b8692fb33b6fffd2273b","name":"inclusivenews2024","image":{"@type":"ImageObject","inLanguage":"pt-PT","@id":"https:\/\/secure.gravatar.com\/avatar\/c5a7ef84c66fa914f55bc4f7ce26cfa275a3b9a1c5568b907bd184fb4dde7b40?s=96&d=mm&r=g","url":"https:\/\/secure.gravatar.com\/avatar\/c5a7ef84c66fa914f55bc4f7ce26cfa275a3b9a1c5568b907bd184fb4dde7b40?s=96&d=mm&r=g","contentUrl":"https:\/\/secure.gravatar.com\/avatar\/c5a7ef84c66fa914f55bc4f7ce26cfa275a3b9a1c5568b907bd184fb4dde7b40?s=96&d=mm&r=g","caption":"inclusivenews2024"},"sameAs":["https:\/\/inclusivenews.com.br"],"url":"https:\/\/inclusivenews.com.br\/?author=1"}]}},"_links":{"self":[{"href":"https:\/\/inclusivenews.com.br\/index.php?rest_route=\/wp\/v2\/posts\/18915","targetHints":{"allow":["GET"]}}],"collection":[{"href":"https:\/\/inclusivenews.com.br\/index.php?rest_route=\/wp\/v2\/posts"}],"about":[{"href":"https:\/\/inclusivenews.com.br\/index.php?rest_route=\/wp\/v2\/types\/post"}],"author":[{"embeddable":true,"href":"https:\/\/inclusivenews.com.br\/index.php?rest_route=\/wp\/v2\/users\/1"}],"replies":[{"embeddable":true,"href":"https:\/\/inclusivenews.com.br\/index.php?rest_route=%2Fwp%2Fv2%2Fcomments&post=18915"}],"version-history":[{"count":0,"href":"https:\/\/inclusivenews.com.br\/index.php?rest_route=\/wp\/v2\/posts\/18915\/revisions"}],"wp:attachment":[{"href":"https:\/\/inclusivenews.com.br\/index.php?rest_route=%2Fwp%2Fv2%2Fmedia&parent=18915"}],"wp:term":[{"taxonomy":"category","embeddable":true,"href":"https:\/\/inclusivenews.com.br\/index.php?rest_route=%2Fwp%2Fv2%2Fcategories&post=18915"},{"taxonomy":"post_tag","embeddable":true,"href":"https:\/\/inclusivenews.com.br\/index.php?rest_route=%2Fwp%2Fv2%2Ftags&post=18915"}],"curies":[{"name":"wp","href":"https:\/\/api.w.org\/{rel}","templated":true}]}}