{"id":18921,"date":"2011-03-31T04:26:12","date_gmt":"2011-03-31T07:26:12","guid":{"rendered":"http:\/\/www.inclusive.org.br\/?p=18921"},"modified":"2011-03-31T04:26:12","modified_gmt":"2011-03-31T07:26:12","slug":"239-mil-criancas-vivem-nas-ruas-em-todo-pais","status":"publish","type":"post","link":"https:\/\/inclusivenews.com.br\/?p=18921","title":{"rendered":"23,9 mil crian\u00e7as vivem nas ruas em todo pa\u00eds"},"content":{"rendered":"<p><strong><\/p>\n<figure style=\"width: 308px\" class=\"wp-caption alignleft\"><img loading=\"lazy\" decoding=\"async\" class=\"  \" title=\"Um menino visto de costas olha para uma rua movimentada\" src=\"http:\/\/images.travelpod.com\/users\/g_in_brazil\/people.1116289680.menino_na_rua.jpg\" alt=\"Um menino visto de costas olha para uma rua movimentada\" width=\"308\" height=\"231\" \/><figcaption class=\"wp-caption-text\"> <\/figcaption><\/figure>\n<p>Por Raquel Ferreira<\/p>\n<p><\/strong><\/p>\n<p>Cerca de 70% das crian\u00e7as e adolescentes, que abandonaram a casa dos pais, vivem e dormem nas ruas h\u00e1 mais de 6 meses em todo o pa\u00eds. Destas, somente 23,3% preferem buscar abrigo em institui\u00e7\u00f5es de amparo para dormir, 64% passam as noites em companhia de amigos, 14,6% perambulam sozinhas e 13,8% n\u00e3o se alimentam diariamente. Estes s\u00e3o alguns dados da primeira Pesquisa Censit\u00e1ria Nacional sobre Crian\u00e7as e Adolescentes em Situa\u00e7\u00e3o de Rua, encomendada pela Secretaria de Direitos Humanos (SeDH).<\/p>\n<p>O relat\u00f3rio tra\u00e7a um perfil deste p\u00fablico infanto-juvenil e mostra que a viol\u00eancia dentro de casa, as drogas e o alcoolismo s\u00e3o as principais causas do abandono do lar. As brigas entre pais e\/ou irm\u00e3os, a viol\u00eancia dom\u00e9stica e o abuso sexual s\u00e3o respons\u00e1veis por 71,6% das raz\u00f5es que levam essas pessoas a deixarem a fam\u00edlia. O alcoolismo e as drogas representam 30,6% dos fatores. (Ver quadro completo)<\/p>\n<p>O levantamento foi realizado entre 10 de maio e 30 de junho de 2010 pelo Instituto de Pesquisa Meta para auxiliar na elabora\u00e7\u00e3o de estrat\u00e9gias para desenvolvimento de pol\u00edticas p\u00fablicas dirigidas \u00e0s crian\u00e7as e adolescentes. O estudo foi realizado em 75 cidades brasileiras, abrangendo todas as capitais e alguns munic\u00edpios com mais de 300 mil habitantes.<\/p>\n<p>Os pesquisadores identificaram 23.973 crian\u00e7as e adolescentes em situa\u00e7\u00e3o de rua no pa\u00eds, 1.470 recusaram-se a participar da an\u00e1lise. Em Cuiab\u00e1, foram encontradas 81 jovens nas ruas. Os estados do Rio de Janeiro e S\u00e3o Paulo foram os que mais registraram casos, com 5.091 e 4.751, respectivamente.<\/p>\n<p>Do total pesquisado no Brasil, 52,2% voltam \u00e0 casa da fam\u00edlia para dormir, outros 6,9% repousam em resid\u00eancias de parentes e amigos e 1,3% oscilam entre os 2 destinos para passar a noite. Os dados apontam que 23,2% abandonaram completamente os lares e vivem de forma cont\u00ednua pelas ruas.<\/p>\n<p>Para a representante Federal da Ordem dos Advogados do Brasil (OAB) no Conselho Nacional dos Direitos da Crian\u00e7a e do Adolescente (Conanda), Gl\u00edcia Salmeron, a pesquisa mostra v\u00ednculo entre a maioria dos entrevistados com suas fam\u00edlias. Um ponto positivo que deve ser fortalecido para que este p\u00fablico deixe de perambular e fique protegido. Entre os entrevistados, 71,3% garantem manter contato com a fam\u00edlia.<\/p>\n<p><strong>Perfil <\/strong>&#8211; Conforme o estudo, a maioria dos entrevistados \u00e9 homem (71,8%) com idade entre 12 e 15 anos (45,13%). A pesquisa identificou tamb\u00e9m 6.461 jovens na faixa-et\u00e1ria dos 16 e 17 anos, 5.178 t\u00eam de 6 a 11 anos. Tamb\u00e9m foi constatada a exist\u00eancia de crian\u00e7as com at\u00e9 3 anos (352) e de 4 a 5 anos (340).<\/p>\n<p>O levantamento mostra que 49,2% das crian\u00e7as e adolescentes em situa\u00e7\u00e3o de rua se declararam pardos ou morenos, 23,8% brancos e 23,6% negros. Al\u00e9m disso, os n\u00edveis de renda s\u00e3o baixos, sendo que 40,3% das crian\u00e7as e adolescentes em situa\u00e7\u00e3o de rua vivem com renda m\u00e9dia de at\u00e9 R$ 80 semanais. Apenas 18,8% afirmaram ter renda semanal superior a esse valor.<\/p>\n<p>O n\u00edvel de escolaridade tamb\u00e9m deixa a desejar. Embora 40,2% afirmem que estudam atualmente, 8,3% n\u00e3o sabem ler e 12% disseram apenas saber escrever o nome. Somente 0,6% chegaram a concluir o Ensino M\u00e9dio, 39% frequentaram as escolas at\u00e9 a 4\u00aa s\u00e9rie do Ensino Fundamental e 31,3% conclu\u00edram at\u00e9 a 7\u00aa s\u00e9rie.<\/p>\n<p><strong>Nas ruas<\/strong> &#8211; Entre as crian\u00e7as e adolescentes que nunca voltam para casa dos pais ou fam\u00edlia e dormem nas ruas, somente 23,3% buscam abrigo em casa de amparo. Outros 62,1% preferem dormir nas ruas. A falta de liberdade dentro das institui\u00e7\u00f5es (59,4%), a proibi\u00e7\u00e3o do uso de drogas e \u00e1lcool (38,6%) e a obrigatoriedade em respeitar os hor\u00e1rios (26,9%) s\u00e3o apontados como os motivos principais para n\u00e3o frequentar os abrigos.<\/p>\n<p>Entre os que costumam dormir nas ruas, 77,1% relataram sofrer algum tipo de preconceito e discrimina\u00e7\u00e3o, principalmente ao tentarem entrar em shoppings e com\u00e9rcios (36,6%), no transporte coletivo (31,1%) e em bancos (27,4%).<\/p>\n<p><strong>Abandono p\u00fablico <\/strong>&#8211; A conselheira do Conanda destaca que os dados da pesquisa mostram que mesmo depois de duas d\u00e9cadas de implanta\u00e7\u00e3o do Estatuto da Crian\u00e7a e Adolescente (ECA) h\u00e1 muito o que se fazer em favor das crian\u00e7as e adolescentes que t\u00eam seus direitos violados ou ignorados. Gl\u00edcia afirma que os munic\u00edpios brasileiros n\u00e3o colocam \u00e0 frente os direitos das crian\u00e7as que deveriam ser prioridade absoluta do poder p\u00fablico. &#8220;Percebemos que n\u00e3o existe um cuidado com a implanta\u00e7\u00e3o de pol\u00edticas p\u00fablicas para proteger o p\u00fablico infanto-juvenil&#8221;.<\/p>\n<p>A advogada aponta que investir em educa\u00e7\u00e3o de qualidade, cursos profissionalizantes e fortalecimento da fam\u00edlia s\u00e3o pontos indispens\u00e1veis para que esses jovens saiam da situa\u00e7\u00e3o de risco que vivem. Ela entende que existe uma m\u00e1 administra\u00e7\u00e3o p\u00fablica em todo Brasil, com investimento inadequado de verbas e t\u00e9cnicos sem preparo adequado para atender \u00e0s fam\u00edlias. &#8220;\u00c9 preciso que exista um servi\u00e7o de rede integrado, com participa\u00e7\u00e3o da sociedade e do poder p\u00fablico&#8221;.<\/p>\n<p>Para Gl\u00edcia, todos os cidad\u00e3os precisam ainda ter uma maior compreens\u00e3o sobre a situa\u00e7\u00e3o da crian\u00e7a que est\u00e1 na rua, entender que elas t\u00eam direito e dar esmola n\u00e3o \u00e9 a melhor sa\u00edda. &#8220;Elas n\u00e3o precisam da d\u00f3 de ningu\u00e9m, precisam ter seus direitos respeitados. Muitos n\u00e3o entendem que ser fiscal da situa\u00e7\u00e3o \u00e9 muito mais importante que dar um trocadinho. Quando vemos uma crian\u00e7a nas ruas temos que acionar o Conselho Tutelar, fazer um registro da situa\u00e7\u00e3o para que as provid\u00eancias sejam tomadas&#8221;.<\/p>\n<p><strong>Cuiab\u00e1 <\/strong>&#8211; Na Capital mato-grossense, onde foram identificadas 81 crian\u00e7as e adolescentes em situa\u00e7\u00e3o de rua, a Secretaria Municipal de Bem-Estar Social afirmou, por meio da assessoria de imprensa, que disp\u00f5e de 2 Centros de Refer\u00eancia Especializado da Assist\u00eancia Social (Creas) que funcionam 24 horas, 6 Conselhos Tutelares, 13 Centros de Refer\u00eancia de Assist\u00eancia Social, uma Casa de Retaguarda, al\u00e9m de conv\u00eanios com institui\u00e7\u00f5es para atender a demanda.<\/p>\n<p>A secretaria destaca que todo trabalho feito com a popula\u00e7\u00e3o visa manter o jovem no seio familiar, acionando os pais e acompanhando a situa\u00e7\u00e3o com equipe multidisciplinar. Em casos de extrema pobreza, essas fam\u00edlias s\u00e3o inseridas em programas sociais remunerados, como o Bolsa Fam\u00edlia, Programa de Erradica\u00e7\u00e3o ao Trabalho Infantil (Peti) e o Projovem.<br \/>\n_____________<\/p>\n<p><strong>Fonte:<\/strong> <a href=\"http:\/\/www.noticiaexata.com.br\/index.php\/geral\/item\/14020-239-mil-crian%C3%A7as-vivem-nas-ruas-em-todo-pa%C3%ADs.html?tmpl=component&amp;print=1\">A Gazeta<\/a><\/p>\n","protected":false},"excerpt":{"rendered":"<p>Cerca de 70% das crian\u00e7as e adolescentes, que abandonaram a casa dos pais, vivem e dormem nas ruas h\u00e1 mais de 6 meses em todo o pa\u00eds. Reportagem em A Gazeta.<\/p>\n","protected":false},"author":1,"featured_media":0,"comment_status":"open","ping_status":"open","sticky":false,"template":"","format":"standard","meta":{"site-container-style":"default","site-container-layout":"default","site-sidebar-layout":"default","disable-article-header":"default","disable-site-header":"default","disable-site-footer":"default","disable-content-area-spacing":"default","footnotes":""},"categories":[4],"tags":[60],"class_list":["post-18921","post","type-post","status-publish","format-standard","hentry","category-noticias","tag-infancia"],"yoast_head":"<!-- This site is optimized with the Yoast SEO plugin v27.4 - https:\/\/yoast.com\/product\/yoast-seo-wordpress\/ -->\n<title>23,9 mil crian\u00e7as vivem nas ruas em todo pa\u00eds -<\/title>\n<meta name=\"robots\" content=\"index, follow, max-snippet:-1, max-image-preview:large, max-video-preview:-1\" \/>\n<link rel=\"canonical\" href=\"https:\/\/inclusivenews.com.br\/?p=18921\" \/>\n<meta property=\"og:locale\" content=\"pt_PT\" \/>\n<meta property=\"og:type\" content=\"article\" \/>\n<meta property=\"og:title\" content=\"23,9 mil crian\u00e7as vivem nas ruas em todo pa\u00eds -\" \/>\n<meta property=\"og:description\" content=\"Cerca de 70% das crian\u00e7as e adolescentes, que abandonaram a casa dos pais, vivem e dormem nas ruas h\u00e1 mais de 6 meses em todo o pa\u00eds. Reportagem em A Gazeta.\" \/>\n<meta property=\"og:url\" content=\"https:\/\/inclusivenews.com.br\/?p=18921\" \/>\n<meta property=\"article:publisher\" content=\"https:\/\/www.facebook.com\/agenciainclusive\/\" \/>\n<meta property=\"article:published_time\" content=\"2011-03-31T07:26:12+00:00\" \/>\n<meta property=\"og:image\" content=\"http:\/\/images.travelpod.com\/users\/g_in_brazil\/people.1116289680.menino_na_rua.jpg\" \/>\n<meta name=\"author\" content=\"inclusivenews2024\" \/>\n<meta name=\"twitter:card\" content=\"summary_large_image\" \/>\n<meta name=\"twitter:label1\" content=\"Escrito por\" \/>\n\t<meta name=\"twitter:data1\" content=\"inclusivenews2024\" \/>\n\t<meta name=\"twitter:label2\" content=\"Tempo estimado de leitura\" \/>\n\t<meta name=\"twitter:data2\" content=\"5 minutos\" \/>\n<script type=\"application\/ld+json\" class=\"yoast-schema-graph\">{\"@context\":\"https:\\\/\\\/schema.org\",\"@graph\":[{\"@type\":\"Article\",\"@id\":\"https:\\\/\\\/inclusivenews.com.br\\\/?p=18921#article\",\"isPartOf\":{\"@id\":\"https:\\\/\\\/inclusivenews.com.br\\\/?p=18921\"},\"author\":{\"name\":\"inclusivenews2024\",\"@id\":\"https:\\\/\\\/inclusivenews.com.br\\\/#\\\/schema\\\/person\\\/ae4ec7087559b8692fb33b6fffd2273b\"},\"headline\":\"23,9 mil crian\u00e7as vivem nas ruas em todo pa\u00eds\",\"datePublished\":\"2011-03-31T07:26:12+00:00\",\"mainEntityOfPage\":{\"@id\":\"https:\\\/\\\/inclusivenews.com.br\\\/?p=18921\"},\"wordCount\":1083,\"commentCount\":0,\"publisher\":{\"@id\":\"https:\\\/\\\/inclusivenews.com.br\\\/#organization\"},\"image\":{\"@id\":\"https:\\\/\\\/inclusivenews.com.br\\\/?p=18921#primaryimage\"},\"thumbnailUrl\":\"http:\\\/\\\/images.travelpod.com\\\/users\\\/g_in_brazil\\\/people.1116289680.menino_na_rua.jpg\",\"keywords\":[\"Inf\u00e2ncia\"],\"articleSection\":[\"NOT\u00cdCIAS\"],\"inLanguage\":\"pt-PT\",\"potentialAction\":[{\"@type\":\"CommentAction\",\"name\":\"Comment\",\"target\":[\"https:\\\/\\\/inclusivenews.com.br\\\/?p=18921#respond\"]}]},{\"@type\":\"WebPage\",\"@id\":\"https:\\\/\\\/inclusivenews.com.br\\\/?p=18921\",\"url\":\"https:\\\/\\\/inclusivenews.com.br\\\/?p=18921\",\"name\":\"23,9 mil crian\u00e7as vivem nas ruas em todo pa\u00eds -\",\"isPartOf\":{\"@id\":\"https:\\\/\\\/inclusivenews.com.br\\\/#website\"},\"primaryImageOfPage\":{\"@id\":\"https:\\\/\\\/inclusivenews.com.br\\\/?p=18921#primaryimage\"},\"image\":{\"@id\":\"https:\\\/\\\/inclusivenews.com.br\\\/?p=18921#primaryimage\"},\"thumbnailUrl\":\"http:\\\/\\\/images.travelpod.com\\\/users\\\/g_in_brazil\\\/people.1116289680.menino_na_rua.jpg\",\"datePublished\":\"2011-03-31T07:26:12+00:00\",\"breadcrumb\":{\"@id\":\"https:\\\/\\\/inclusivenews.com.br\\\/?p=18921#breadcrumb\"},\"inLanguage\":\"pt-PT\",\"potentialAction\":[{\"@type\":\"ReadAction\",\"target\":[\"https:\\\/\\\/inclusivenews.com.br\\\/?p=18921\"]}]},{\"@type\":\"ImageObject\",\"inLanguage\":\"pt-PT\",\"@id\":\"https:\\\/\\\/inclusivenews.com.br\\\/?p=18921#primaryimage\",\"url\":\"http:\\\/\\\/images.travelpod.com\\\/users\\\/g_in_brazil\\\/people.1116289680.menino_na_rua.jpg\",\"contentUrl\":\"http:\\\/\\\/images.travelpod.com\\\/users\\\/g_in_brazil\\\/people.1116289680.menino_na_rua.jpg\"},{\"@type\":\"BreadcrumbList\",\"@id\":\"https:\\\/\\\/inclusivenews.com.br\\\/?p=18921#breadcrumb\",\"itemListElement\":[{\"@type\":\"ListItem\",\"position\":1,\"name\":\"In\u00edcio\",\"item\":\"https:\\\/\\\/inclusivenews.com.br\\\/\"},{\"@type\":\"ListItem\",\"position\":2,\"name\":\"23,9 mil crian\u00e7as vivem nas ruas em todo pa\u00eds\"}]},{\"@type\":\"WebSite\",\"@id\":\"https:\\\/\\\/inclusivenews.com.br\\\/#website\",\"url\":\"https:\\\/\\\/inclusivenews.com.br\\\/\",\"name\":\"Inclusive News\",\"description\":\"Inclusive News\",\"publisher\":{\"@id\":\"https:\\\/\\\/inclusivenews.com.br\\\/#organization\"},\"potentialAction\":[{\"@type\":\"SearchAction\",\"target\":{\"@type\":\"EntryPoint\",\"urlTemplate\":\"https:\\\/\\\/inclusivenews.com.br\\\/?s={search_term_string}\"},\"query-input\":{\"@type\":\"PropertyValueSpecification\",\"valueRequired\":true,\"valueName\":\"search_term_string\"}}],\"inLanguage\":\"pt-PT\"},{\"@type\":\"Organization\",\"@id\":\"https:\\\/\\\/inclusivenews.com.br\\\/#organization\",\"name\":\"Inclusive - inclus\u00e3o e cidadania\",\"url\":\"https:\\\/\\\/inclusivenews.com.br\\\/\",\"logo\":{\"@type\":\"ImageObject\",\"inLanguage\":\"pt-PT\",\"@id\":\"https:\\\/\\\/inclusivenews.com.br\\\/#\\\/schema\\\/logo\\\/image\\\/\",\"url\":\"https:\\\/\\\/inclusivenews.com.br\\\/wp-content\\\/uploads\\\/2024\\\/03\\\/@grandesite.png\",\"contentUrl\":\"https:\\\/\\\/inclusivenews.com.br\\\/wp-content\\\/uploads\\\/2024\\\/03\\\/@grandesite.png\",\"width\":1080,\"height\":1080,\"caption\":\"Inclusive - inclus\u00e3o e cidadania\"},\"image\":{\"@id\":\"https:\\\/\\\/inclusivenews.com.br\\\/#\\\/schema\\\/logo\\\/image\\\/\"},\"sameAs\":[\"https:\\\/\\\/www.facebook.com\\\/agenciainclusive\\\/\",\"https:\\\/\\\/www.instagram.com\\\/newsinclusive\\\/\"]},{\"@type\":\"Person\",\"@id\":\"https:\\\/\\\/inclusivenews.com.br\\\/#\\\/schema\\\/person\\\/ae4ec7087559b8692fb33b6fffd2273b\",\"name\":\"inclusivenews2024\",\"image\":{\"@type\":\"ImageObject\",\"inLanguage\":\"pt-PT\",\"@id\":\"https:\\\/\\\/secure.gravatar.com\\\/avatar\\\/c5a7ef84c66fa914f55bc4f7ce26cfa275a3b9a1c5568b907bd184fb4dde7b40?s=96&d=mm&r=g\",\"url\":\"https:\\\/\\\/secure.gravatar.com\\\/avatar\\\/c5a7ef84c66fa914f55bc4f7ce26cfa275a3b9a1c5568b907bd184fb4dde7b40?s=96&d=mm&r=g\",\"contentUrl\":\"https:\\\/\\\/secure.gravatar.com\\\/avatar\\\/c5a7ef84c66fa914f55bc4f7ce26cfa275a3b9a1c5568b907bd184fb4dde7b40?s=96&d=mm&r=g\",\"caption\":\"inclusivenews2024\"},\"sameAs\":[\"https:\\\/\\\/inclusivenews.com.br\"],\"url\":\"https:\\\/\\\/inclusivenews.com.br\\\/?author=1\"}]}<\/script>\n<!-- \/ Yoast SEO plugin. -->","yoast_head_json":{"title":"23,9 mil crian\u00e7as vivem nas ruas em todo pa\u00eds -","robots":{"index":"index","follow":"follow","max-snippet":"max-snippet:-1","max-image-preview":"max-image-preview:large","max-video-preview":"max-video-preview:-1"},"canonical":"https:\/\/inclusivenews.com.br\/?p=18921","og_locale":"pt_PT","og_type":"article","og_title":"23,9 mil crian\u00e7as vivem nas ruas em todo pa\u00eds -","og_description":"Cerca de 70% das crian\u00e7as e adolescentes, que abandonaram a casa dos pais, vivem e dormem nas ruas h\u00e1 mais de 6 meses em todo o pa\u00eds. Reportagem em A Gazeta.","og_url":"https:\/\/inclusivenews.com.br\/?p=18921","article_publisher":"https:\/\/www.facebook.com\/agenciainclusive\/","article_published_time":"2011-03-31T07:26:12+00:00","og_image":[{"url":"http:\/\/images.travelpod.com\/users\/g_in_brazil\/people.1116289680.menino_na_rua.jpg","type":"","width":"","height":""}],"author":"inclusivenews2024","twitter_card":"summary_large_image","twitter_misc":{"Escrito por":"inclusivenews2024","Tempo estimado de leitura":"5 minutos"},"schema":{"@context":"https:\/\/schema.org","@graph":[{"@type":"Article","@id":"https:\/\/inclusivenews.com.br\/?p=18921#article","isPartOf":{"@id":"https:\/\/inclusivenews.com.br\/?p=18921"},"author":{"name":"inclusivenews2024","@id":"https:\/\/inclusivenews.com.br\/#\/schema\/person\/ae4ec7087559b8692fb33b6fffd2273b"},"headline":"23,9 mil crian\u00e7as vivem nas ruas em todo pa\u00eds","datePublished":"2011-03-31T07:26:12+00:00","mainEntityOfPage":{"@id":"https:\/\/inclusivenews.com.br\/?p=18921"},"wordCount":1083,"commentCount":0,"publisher":{"@id":"https:\/\/inclusivenews.com.br\/#organization"},"image":{"@id":"https:\/\/inclusivenews.com.br\/?p=18921#primaryimage"},"thumbnailUrl":"http:\/\/images.travelpod.com\/users\/g_in_brazil\/people.1116289680.menino_na_rua.jpg","keywords":["Inf\u00e2ncia"],"articleSection":["NOT\u00cdCIAS"],"inLanguage":"pt-PT","potentialAction":[{"@type":"CommentAction","name":"Comment","target":["https:\/\/inclusivenews.com.br\/?p=18921#respond"]}]},{"@type":"WebPage","@id":"https:\/\/inclusivenews.com.br\/?p=18921","url":"https:\/\/inclusivenews.com.br\/?p=18921","name":"23,9 mil crian\u00e7as vivem nas ruas em todo pa\u00eds -","isPartOf":{"@id":"https:\/\/inclusivenews.com.br\/#website"},"primaryImageOfPage":{"@id":"https:\/\/inclusivenews.com.br\/?p=18921#primaryimage"},"image":{"@id":"https:\/\/inclusivenews.com.br\/?p=18921#primaryimage"},"thumbnailUrl":"http:\/\/images.travelpod.com\/users\/g_in_brazil\/people.1116289680.menino_na_rua.jpg","datePublished":"2011-03-31T07:26:12+00:00","breadcrumb":{"@id":"https:\/\/inclusivenews.com.br\/?p=18921#breadcrumb"},"inLanguage":"pt-PT","potentialAction":[{"@type":"ReadAction","target":["https:\/\/inclusivenews.com.br\/?p=18921"]}]},{"@type":"ImageObject","inLanguage":"pt-PT","@id":"https:\/\/inclusivenews.com.br\/?p=18921#primaryimage","url":"http:\/\/images.travelpod.com\/users\/g_in_brazil\/people.1116289680.menino_na_rua.jpg","contentUrl":"http:\/\/images.travelpod.com\/users\/g_in_brazil\/people.1116289680.menino_na_rua.jpg"},{"@type":"BreadcrumbList","@id":"https:\/\/inclusivenews.com.br\/?p=18921#breadcrumb","itemListElement":[{"@type":"ListItem","position":1,"name":"In\u00edcio","item":"https:\/\/inclusivenews.com.br\/"},{"@type":"ListItem","position":2,"name":"23,9 mil crian\u00e7as vivem nas ruas em todo pa\u00eds"}]},{"@type":"WebSite","@id":"https:\/\/inclusivenews.com.br\/#website","url":"https:\/\/inclusivenews.com.br\/","name":"Inclusive News","description":"Inclusive News","publisher":{"@id":"https:\/\/inclusivenews.com.br\/#organization"},"potentialAction":[{"@type":"SearchAction","target":{"@type":"EntryPoint","urlTemplate":"https:\/\/inclusivenews.com.br\/?s={search_term_string}"},"query-input":{"@type":"PropertyValueSpecification","valueRequired":true,"valueName":"search_term_string"}}],"inLanguage":"pt-PT"},{"@type":"Organization","@id":"https:\/\/inclusivenews.com.br\/#organization","name":"Inclusive - inclus\u00e3o e cidadania","url":"https:\/\/inclusivenews.com.br\/","logo":{"@type":"ImageObject","inLanguage":"pt-PT","@id":"https:\/\/inclusivenews.com.br\/#\/schema\/logo\/image\/","url":"https:\/\/inclusivenews.com.br\/wp-content\/uploads\/2024\/03\/@grandesite.png","contentUrl":"https:\/\/inclusivenews.com.br\/wp-content\/uploads\/2024\/03\/@grandesite.png","width":1080,"height":1080,"caption":"Inclusive - inclus\u00e3o e cidadania"},"image":{"@id":"https:\/\/inclusivenews.com.br\/#\/schema\/logo\/image\/"},"sameAs":["https:\/\/www.facebook.com\/agenciainclusive\/","https:\/\/www.instagram.com\/newsinclusive\/"]},{"@type":"Person","@id":"https:\/\/inclusivenews.com.br\/#\/schema\/person\/ae4ec7087559b8692fb33b6fffd2273b","name":"inclusivenews2024","image":{"@type":"ImageObject","inLanguage":"pt-PT","@id":"https:\/\/secure.gravatar.com\/avatar\/c5a7ef84c66fa914f55bc4f7ce26cfa275a3b9a1c5568b907bd184fb4dde7b40?s=96&d=mm&r=g","url":"https:\/\/secure.gravatar.com\/avatar\/c5a7ef84c66fa914f55bc4f7ce26cfa275a3b9a1c5568b907bd184fb4dde7b40?s=96&d=mm&r=g","contentUrl":"https:\/\/secure.gravatar.com\/avatar\/c5a7ef84c66fa914f55bc4f7ce26cfa275a3b9a1c5568b907bd184fb4dde7b40?s=96&d=mm&r=g","caption":"inclusivenews2024"},"sameAs":["https:\/\/inclusivenews.com.br"],"url":"https:\/\/inclusivenews.com.br\/?author=1"}]}},"_links":{"self":[{"href":"https:\/\/inclusivenews.com.br\/index.php?rest_route=\/wp\/v2\/posts\/18921","targetHints":{"allow":["GET"]}}],"collection":[{"href":"https:\/\/inclusivenews.com.br\/index.php?rest_route=\/wp\/v2\/posts"}],"about":[{"href":"https:\/\/inclusivenews.com.br\/index.php?rest_route=\/wp\/v2\/types\/post"}],"author":[{"embeddable":true,"href":"https:\/\/inclusivenews.com.br\/index.php?rest_route=\/wp\/v2\/users\/1"}],"replies":[{"embeddable":true,"href":"https:\/\/inclusivenews.com.br\/index.php?rest_route=%2Fwp%2Fv2%2Fcomments&post=18921"}],"version-history":[{"count":0,"href":"https:\/\/inclusivenews.com.br\/index.php?rest_route=\/wp\/v2\/posts\/18921\/revisions"}],"wp:attachment":[{"href":"https:\/\/inclusivenews.com.br\/index.php?rest_route=%2Fwp%2Fv2%2Fmedia&parent=18921"}],"wp:term":[{"taxonomy":"category","embeddable":true,"href":"https:\/\/inclusivenews.com.br\/index.php?rest_route=%2Fwp%2Fv2%2Fcategories&post=18921"},{"taxonomy":"post_tag","embeddable":true,"href":"https:\/\/inclusivenews.com.br\/index.php?rest_route=%2Fwp%2Fv2%2Ftags&post=18921"}],"curies":[{"name":"wp","href":"https:\/\/api.w.org\/{rel}","templated":true}]}}