{"id":18973,"date":"2011-04-07T07:33:08","date_gmt":"2011-04-07T10:33:08","guid":{"rendered":"http:\/\/www.inclusive.org.br\/?p=18973"},"modified":"2011-04-07T07:33:08","modified_gmt":"2011-04-07T10:33:08","slug":"sociedade-civil-luta-contra-a-repressao-a-ativistas-sociais-e-defensores-dos-direitos-humanos","status":"publish","type":"post","link":"https:\/\/inclusivenews.com.br\/?p=18973","title":{"rendered":"Sociedade civil luta contra a repress\u00e3o a ativistas sociais e defensores dos direitos humanos"},"content":{"rendered":"<p><a href=\"http:\/\/www.inclusivenews.com.br\/wp-content\/uploads\/2010\/03\/Inclusive_direitos_humanos_2.jpg\"><img loading=\"lazy\" decoding=\"async\" class=\"size-full wp-image-14562 alignleft\" title=\"Inclusive - direitos humanos - um planeta cercado por figuras humanas.\" src=\"http:\/\/inclusivenews.com.br\/wp-content\/uploads\/2010\/03\/Inclusive_direitos_humanos_2.jpg\" alt=\"Inclusive - direitos humanos - um planeta cercado por figuras humanas.\" width=\"269\" height=\"269\" \/><\/a>Organiza\u00e7\u00f5es da sociedade civil estar\u00e3o, entre os dias 04 e 08 de abril, participando de uma s\u00e9rie de atividades, no Brasil e na Europa, que se referem \u00e0 luta contra a repress\u00e3o a ativistas sociais e defensores dos direitos humanos. O Processo de Articula\u00e7\u00e3o e Di\u00e1logo (PAD)*, formado por seis ag\u00eancias ecum\u00eanicas europ\u00e9ias de distintos pa\u00edses e por 165 entidades parceiras no Brasil, \u00e9 o respons\u00e1vel pela a\u00e7\u00e3o, que reunir\u00e1 em Bras\u00edlia, lideran\u00e7as camponesas, ind\u00edgenas e representantes dos atingidos por barragens. Esse grupo denunciar\u00e1 no Parlamento e nas embaixadas estrangeiras abusos em geral e os causados pelas empresas transnacionais.<\/p>\n<p>O \u201cDossi\u00ea: a repress\u00e3o aos defensores de direitos humanos e movimentos sociais no Brasil\u201d a ser lan\u00e7ado no dia 06\/04, na Comiss\u00e3o de Direitos Humanos da C\u00e2mara Federal, ser\u00e1 um dos grandes destaques da mobiliza\u00e7\u00e3o. A publica\u00e7\u00e3o apresenta um relato de casos graves de viola\u00e7\u00e3o de direitos e a luta de organiza\u00e7\u00f5es e movimentos sociais, bem como indica os v\u00e1rios mecanismos que o Estado Brasileiro cria para criminalizar essas organiza\u00e7\u00f5es em favorecimento de interesses quase sempre privados.<\/p>\n<p>A publica\u00e7\u00e3o comprova os abusos praticados por grandes construtoras, multinacionais interessadas em nossas riquezas e por latifundi\u00e1rios, todos em estreita rela\u00e7\u00e3o com as institui\u00e7\u00f5es que comp\u00f5em o Poder Judici\u00e1rio, o Legislativo e o Executivo. Os casos mostram a absurda contradi\u00e7\u00e3o vivida pelo Brasil que salta \u00e0 categoria de lideran\u00e7a econ\u00f4mica e pol\u00edtica mundial sem superar as contradi\u00e7\u00f5es hist\u00f3ricas internas, geradoras de exclus\u00e3o social.<\/p>\n<p>Cen\u00e1rio Nacional: h\u00e1 24 anos a economia brasileira n\u00e3o crescia tanto: 7,5% do PIB. A m\u00eddia brasileira n\u00e3o se cansa de mostrar que o pa\u00eds est\u00e1 crescendo, produzindo, consumindo, e a imprensa mundial destaca a toda hora o despertar do gigante econ\u00f4mico Latino-Americano. No entanto, os indicadores econ\u00f4micos positivos n\u00e3o representam mudan\u00e7as necess\u00e1rias na estrutura desigual do pa\u00eds, nem redu\u00e7\u00e3o das injusti\u00e7as sociais. Para piorar o quadro, houve aumento na viol\u00eancia aos que se insurgem ao quadro concentrador de riquezas, gerador de abusos. Os movimentos sociais e os defensores dos direitos humanos sofrem cada vez mais com a repress\u00e3o organizada, estruturada e institucionalizada.<\/p>\n<p>*\u00a0O Processo de Articula\u00e7\u00e3o e Di\u00e1logo (PAD) \u00e9 formado por seis ag\u00eancias ecum\u00eanicas europeias de distintos pa\u00edses e por 165 entidades parceiras no Brasil. Congrega representantes de movimentos como o MST, o MAB e o MCC, e entidades ecum\u00eanicas e organiza\u00e7\u00f5es n\u00e3o-governamentais (ONGs), atuantes na Amaz\u00f4nia, nas regi\u00f5es Nordeste, Centro-Oeste, Sul e Sudeste. Criado em 1995, o PAD orienta sua atua\u00e7\u00e3o na busca da promo\u00e7\u00e3o de uma nova cultura de di\u00e1logo multilateral e na constru\u00e7\u00e3o de um espa\u00e7o de compreens\u00e3o das pol\u00edticas de coopera\u00e7\u00e3o internacional. \u00a0Contato: Railda Herrero &#8211; 55 61  8488 6396 | comunicacaopad@terra.com.br<\/p>\n<p>__________<\/p>\n<p><strong>Fonte:<\/strong> <a href=\"mailto:comunicacaopad@terra.com.br\">PAD<\/a><\/p>\n","protected":false},"excerpt":{"rendered":"<p>Organiza\u00e7\u00f5es da sociedade civil estar\u00e3o, entre os dias 04 e 08 de abril, participando de uma s\u00e9rie de atividades, no Brasil e na Europa, que se referem \u00e0 luta contra a repress\u00e3o a ativistas sociais e defensores dos direitos humanos. <\/p>\n","protected":false},"author":1,"featured_media":0,"comment_status":"open","ping_status":"open","sticky":false,"template":"","format":"standard","meta":{"site-container-style":"default","site-container-layout":"default","site-sidebar-layout":"default","disable-article-header":"default","disable-site-header":"default","disable-site-footer":"default","disable-content-area-spacing":"default","footnotes":""},"categories":[11,4],"tags":[],"class_list":["post-18973","post","type-post","status-publish","format-standard","hentry","category-direitos-humanos","category-noticias"],"yoast_head":"<!-- This site is optimized with the Yoast SEO plugin v27.4 - https:\/\/yoast.com\/product\/yoast-seo-wordpress\/ -->\n<title>Sociedade civil luta contra a repress\u00e3o a ativistas sociais e defensores dos direitos humanos -<\/title>\n<meta name=\"robots\" content=\"index, follow, max-snippet:-1, max-image-preview:large, max-video-preview:-1\" \/>\n<link rel=\"canonical\" href=\"https:\/\/inclusivenews.com.br\/?p=18973\" \/>\n<meta property=\"og:locale\" content=\"pt_PT\" \/>\n<meta property=\"og:type\" content=\"article\" \/>\n<meta property=\"og:title\" content=\"Sociedade civil luta contra a repress\u00e3o a ativistas sociais e defensores dos direitos humanos -\" \/>\n<meta property=\"og:description\" content=\"Organiza\u00e7\u00f5es da sociedade civil estar\u00e3o, entre os dias 04 e 08 de abril, participando de uma s\u00e9rie de atividades, no Brasil e na Europa, que se referem \u00e0 luta contra a repress\u00e3o a ativistas sociais e defensores dos direitos humanos.\" \/>\n<meta property=\"og:url\" content=\"https:\/\/inclusivenews.com.br\/?p=18973\" \/>\n<meta property=\"article:publisher\" content=\"https:\/\/www.facebook.com\/agenciainclusive\/\" \/>\n<meta property=\"article:published_time\" content=\"2011-04-07T10:33:08+00:00\" \/>\n<meta property=\"og:image\" content=\"http:\/\/inclusivenews.com.br\/wp-content\/uploads\/2010\/03\/Inclusive_direitos_humanos_2.jpg\" \/>\n<meta name=\"author\" content=\"inclusivenews2024\" \/>\n<meta name=\"twitter:card\" content=\"summary_large_image\" \/>\n<meta name=\"twitter:label1\" content=\"Escrito por\" \/>\n\t<meta name=\"twitter:data1\" content=\"inclusivenews2024\" \/>\n\t<meta name=\"twitter:label2\" content=\"Tempo estimado de leitura\" \/>\n\t<meta name=\"twitter:data2\" content=\"2 minutos\" \/>\n<script type=\"application\/ld+json\" class=\"yoast-schema-graph\">{\"@context\":\"https:\\\/\\\/schema.org\",\"@graph\":[{\"@type\":\"Article\",\"@id\":\"https:\\\/\\\/inclusivenews.com.br\\\/?p=18973#article\",\"isPartOf\":{\"@id\":\"https:\\\/\\\/inclusivenews.com.br\\\/?p=18973\"},\"author\":{\"name\":\"inclusivenews2024\",\"@id\":\"https:\\\/\\\/inclusivenews.com.br\\\/#\\\/schema\\\/person\\\/ae4ec7087559b8692fb33b6fffd2273b\"},\"headline\":\"Sociedade civil luta contra a repress\u00e3o a ativistas sociais e defensores dos direitos humanos\",\"datePublished\":\"2011-04-07T10:33:08+00:00\",\"mainEntityOfPage\":{\"@id\":\"https:\\\/\\\/inclusivenews.com.br\\\/?p=18973\"},\"wordCount\":511,\"commentCount\":0,\"publisher\":{\"@id\":\"https:\\\/\\\/inclusivenews.com.br\\\/#organization\"},\"image\":{\"@id\":\"https:\\\/\\\/inclusivenews.com.br\\\/?p=18973#primaryimage\"},\"thumbnailUrl\":\"http:\\\/\\\/inclusivenews.com.br\\\/wp-content\\\/uploads\\\/2010\\\/03\\\/Inclusive_direitos_humanos_2.jpg\",\"articleSection\":[\"DIREITOS HUMANOS\",\"NOT\u00cdCIAS\"],\"inLanguage\":\"pt-PT\",\"potentialAction\":[{\"@type\":\"CommentAction\",\"name\":\"Comment\",\"target\":[\"https:\\\/\\\/inclusivenews.com.br\\\/?p=18973#respond\"]}]},{\"@type\":\"WebPage\",\"@id\":\"https:\\\/\\\/inclusivenews.com.br\\\/?p=18973\",\"url\":\"https:\\\/\\\/inclusivenews.com.br\\\/?p=18973\",\"name\":\"Sociedade civil luta contra a repress\u00e3o a ativistas sociais e defensores dos direitos humanos -\",\"isPartOf\":{\"@id\":\"https:\\\/\\\/inclusivenews.com.br\\\/#website\"},\"primaryImageOfPage\":{\"@id\":\"https:\\\/\\\/inclusivenews.com.br\\\/?p=18973#primaryimage\"},\"image\":{\"@id\":\"https:\\\/\\\/inclusivenews.com.br\\\/?p=18973#primaryimage\"},\"thumbnailUrl\":\"http:\\\/\\\/inclusivenews.com.br\\\/wp-content\\\/uploads\\\/2010\\\/03\\\/Inclusive_direitos_humanos_2.jpg\",\"datePublished\":\"2011-04-07T10:33:08+00:00\",\"breadcrumb\":{\"@id\":\"https:\\\/\\\/inclusivenews.com.br\\\/?p=18973#breadcrumb\"},\"inLanguage\":\"pt-PT\",\"potentialAction\":[{\"@type\":\"ReadAction\",\"target\":[\"https:\\\/\\\/inclusivenews.com.br\\\/?p=18973\"]}]},{\"@type\":\"ImageObject\",\"inLanguage\":\"pt-PT\",\"@id\":\"https:\\\/\\\/inclusivenews.com.br\\\/?p=18973#primaryimage\",\"url\":\"\",\"contentUrl\":\"\"},{\"@type\":\"BreadcrumbList\",\"@id\":\"https:\\\/\\\/inclusivenews.com.br\\\/?p=18973#breadcrumb\",\"itemListElement\":[{\"@type\":\"ListItem\",\"position\":1,\"name\":\"In\u00edcio\",\"item\":\"https:\\\/\\\/inclusivenews.com.br\\\/\"},{\"@type\":\"ListItem\",\"position\":2,\"name\":\"Sociedade civil luta contra a repress\u00e3o a ativistas sociais e defensores dos direitos humanos\"}]},{\"@type\":\"WebSite\",\"@id\":\"https:\\\/\\\/inclusivenews.com.br\\\/#website\",\"url\":\"https:\\\/\\\/inclusivenews.com.br\\\/\",\"name\":\"Inclusive News\",\"description\":\"Inclusive News\",\"publisher\":{\"@id\":\"https:\\\/\\\/inclusivenews.com.br\\\/#organization\"},\"potentialAction\":[{\"@type\":\"SearchAction\",\"target\":{\"@type\":\"EntryPoint\",\"urlTemplate\":\"https:\\\/\\\/inclusivenews.com.br\\\/?s={search_term_string}\"},\"query-input\":{\"@type\":\"PropertyValueSpecification\",\"valueRequired\":true,\"valueName\":\"search_term_string\"}}],\"inLanguage\":\"pt-PT\"},{\"@type\":\"Organization\",\"@id\":\"https:\\\/\\\/inclusivenews.com.br\\\/#organization\",\"name\":\"Inclusive - inclus\u00e3o e cidadania\",\"url\":\"https:\\\/\\\/inclusivenews.com.br\\\/\",\"logo\":{\"@type\":\"ImageObject\",\"inLanguage\":\"pt-PT\",\"@id\":\"https:\\\/\\\/inclusivenews.com.br\\\/#\\\/schema\\\/logo\\\/image\\\/\",\"url\":\"https:\\\/\\\/inclusivenews.com.br\\\/wp-content\\\/uploads\\\/2024\\\/03\\\/@grandesite.png\",\"contentUrl\":\"https:\\\/\\\/inclusivenews.com.br\\\/wp-content\\\/uploads\\\/2024\\\/03\\\/@grandesite.png\",\"width\":1080,\"height\":1080,\"caption\":\"Inclusive - inclus\u00e3o e cidadania\"},\"image\":{\"@id\":\"https:\\\/\\\/inclusivenews.com.br\\\/#\\\/schema\\\/logo\\\/image\\\/\"},\"sameAs\":[\"https:\\\/\\\/www.facebook.com\\\/agenciainclusive\\\/\",\"https:\\\/\\\/www.instagram.com\\\/newsinclusive\\\/\"]},{\"@type\":\"Person\",\"@id\":\"https:\\\/\\\/inclusivenews.com.br\\\/#\\\/schema\\\/person\\\/ae4ec7087559b8692fb33b6fffd2273b\",\"name\":\"inclusivenews2024\",\"image\":{\"@type\":\"ImageObject\",\"inLanguage\":\"pt-PT\",\"@id\":\"https:\\\/\\\/secure.gravatar.com\\\/avatar\\\/c5a7ef84c66fa914f55bc4f7ce26cfa275a3b9a1c5568b907bd184fb4dde7b40?s=96&d=mm&r=g\",\"url\":\"https:\\\/\\\/secure.gravatar.com\\\/avatar\\\/c5a7ef84c66fa914f55bc4f7ce26cfa275a3b9a1c5568b907bd184fb4dde7b40?s=96&d=mm&r=g\",\"contentUrl\":\"https:\\\/\\\/secure.gravatar.com\\\/avatar\\\/c5a7ef84c66fa914f55bc4f7ce26cfa275a3b9a1c5568b907bd184fb4dde7b40?s=96&d=mm&r=g\",\"caption\":\"inclusivenews2024\"},\"sameAs\":[\"https:\\\/\\\/inclusivenews.com.br\"],\"url\":\"https:\\\/\\\/inclusivenews.com.br\\\/?author=1\"}]}<\/script>\n<!-- \/ Yoast SEO plugin. -->","yoast_head_json":{"title":"Sociedade civil luta contra a repress\u00e3o a ativistas sociais e defensores dos direitos humanos -","robots":{"index":"index","follow":"follow","max-snippet":"max-snippet:-1","max-image-preview":"max-image-preview:large","max-video-preview":"max-video-preview:-1"},"canonical":"https:\/\/inclusivenews.com.br\/?p=18973","og_locale":"pt_PT","og_type":"article","og_title":"Sociedade civil luta contra a repress\u00e3o a ativistas sociais e defensores dos direitos humanos -","og_description":"Organiza\u00e7\u00f5es da sociedade civil estar\u00e3o, entre os dias 04 e 08 de abril, participando de uma s\u00e9rie de atividades, no Brasil e na Europa, que se referem \u00e0 luta contra a repress\u00e3o a ativistas sociais e defensores dos direitos humanos.","og_url":"https:\/\/inclusivenews.com.br\/?p=18973","article_publisher":"https:\/\/www.facebook.com\/agenciainclusive\/","article_published_time":"2011-04-07T10:33:08+00:00","og_image":[{"url":"http:\/\/inclusivenews.com.br\/wp-content\/uploads\/2010\/03\/Inclusive_direitos_humanos_2.jpg","type":"","width":"","height":""}],"author":"inclusivenews2024","twitter_card":"summary_large_image","twitter_misc":{"Escrito por":"inclusivenews2024","Tempo estimado de leitura":"2 minutos"},"schema":{"@context":"https:\/\/schema.org","@graph":[{"@type":"Article","@id":"https:\/\/inclusivenews.com.br\/?p=18973#article","isPartOf":{"@id":"https:\/\/inclusivenews.com.br\/?p=18973"},"author":{"name":"inclusivenews2024","@id":"https:\/\/inclusivenews.com.br\/#\/schema\/person\/ae4ec7087559b8692fb33b6fffd2273b"},"headline":"Sociedade civil luta contra a repress\u00e3o a ativistas sociais e defensores dos direitos humanos","datePublished":"2011-04-07T10:33:08+00:00","mainEntityOfPage":{"@id":"https:\/\/inclusivenews.com.br\/?p=18973"},"wordCount":511,"commentCount":0,"publisher":{"@id":"https:\/\/inclusivenews.com.br\/#organization"},"image":{"@id":"https:\/\/inclusivenews.com.br\/?p=18973#primaryimage"},"thumbnailUrl":"http:\/\/inclusivenews.com.br\/wp-content\/uploads\/2010\/03\/Inclusive_direitos_humanos_2.jpg","articleSection":["DIREITOS HUMANOS","NOT\u00cdCIAS"],"inLanguage":"pt-PT","potentialAction":[{"@type":"CommentAction","name":"Comment","target":["https:\/\/inclusivenews.com.br\/?p=18973#respond"]}]},{"@type":"WebPage","@id":"https:\/\/inclusivenews.com.br\/?p=18973","url":"https:\/\/inclusivenews.com.br\/?p=18973","name":"Sociedade civil luta contra a repress\u00e3o a ativistas sociais e defensores dos direitos humanos -","isPartOf":{"@id":"https:\/\/inclusivenews.com.br\/#website"},"primaryImageOfPage":{"@id":"https:\/\/inclusivenews.com.br\/?p=18973#primaryimage"},"image":{"@id":"https:\/\/inclusivenews.com.br\/?p=18973#primaryimage"},"thumbnailUrl":"http:\/\/inclusivenews.com.br\/wp-content\/uploads\/2010\/03\/Inclusive_direitos_humanos_2.jpg","datePublished":"2011-04-07T10:33:08+00:00","breadcrumb":{"@id":"https:\/\/inclusivenews.com.br\/?p=18973#breadcrumb"},"inLanguage":"pt-PT","potentialAction":[{"@type":"ReadAction","target":["https:\/\/inclusivenews.com.br\/?p=18973"]}]},{"@type":"ImageObject","inLanguage":"pt-PT","@id":"https:\/\/inclusivenews.com.br\/?p=18973#primaryimage","url":"","contentUrl":""},{"@type":"BreadcrumbList","@id":"https:\/\/inclusivenews.com.br\/?p=18973#breadcrumb","itemListElement":[{"@type":"ListItem","position":1,"name":"In\u00edcio","item":"https:\/\/inclusivenews.com.br\/"},{"@type":"ListItem","position":2,"name":"Sociedade civil luta contra a repress\u00e3o a ativistas sociais e defensores dos direitos humanos"}]},{"@type":"WebSite","@id":"https:\/\/inclusivenews.com.br\/#website","url":"https:\/\/inclusivenews.com.br\/","name":"Inclusive News","description":"Inclusive News","publisher":{"@id":"https:\/\/inclusivenews.com.br\/#organization"},"potentialAction":[{"@type":"SearchAction","target":{"@type":"EntryPoint","urlTemplate":"https:\/\/inclusivenews.com.br\/?s={search_term_string}"},"query-input":{"@type":"PropertyValueSpecification","valueRequired":true,"valueName":"search_term_string"}}],"inLanguage":"pt-PT"},{"@type":"Organization","@id":"https:\/\/inclusivenews.com.br\/#organization","name":"Inclusive - inclus\u00e3o e cidadania","url":"https:\/\/inclusivenews.com.br\/","logo":{"@type":"ImageObject","inLanguage":"pt-PT","@id":"https:\/\/inclusivenews.com.br\/#\/schema\/logo\/image\/","url":"https:\/\/inclusivenews.com.br\/wp-content\/uploads\/2024\/03\/@grandesite.png","contentUrl":"https:\/\/inclusivenews.com.br\/wp-content\/uploads\/2024\/03\/@grandesite.png","width":1080,"height":1080,"caption":"Inclusive - inclus\u00e3o e cidadania"},"image":{"@id":"https:\/\/inclusivenews.com.br\/#\/schema\/logo\/image\/"},"sameAs":["https:\/\/www.facebook.com\/agenciainclusive\/","https:\/\/www.instagram.com\/newsinclusive\/"]},{"@type":"Person","@id":"https:\/\/inclusivenews.com.br\/#\/schema\/person\/ae4ec7087559b8692fb33b6fffd2273b","name":"inclusivenews2024","image":{"@type":"ImageObject","inLanguage":"pt-PT","@id":"https:\/\/secure.gravatar.com\/avatar\/c5a7ef84c66fa914f55bc4f7ce26cfa275a3b9a1c5568b907bd184fb4dde7b40?s=96&d=mm&r=g","url":"https:\/\/secure.gravatar.com\/avatar\/c5a7ef84c66fa914f55bc4f7ce26cfa275a3b9a1c5568b907bd184fb4dde7b40?s=96&d=mm&r=g","contentUrl":"https:\/\/secure.gravatar.com\/avatar\/c5a7ef84c66fa914f55bc4f7ce26cfa275a3b9a1c5568b907bd184fb4dde7b40?s=96&d=mm&r=g","caption":"inclusivenews2024"},"sameAs":["https:\/\/inclusivenews.com.br"],"url":"https:\/\/inclusivenews.com.br\/?author=1"}]}},"_links":{"self":[{"href":"https:\/\/inclusivenews.com.br\/index.php?rest_route=\/wp\/v2\/posts\/18973","targetHints":{"allow":["GET"]}}],"collection":[{"href":"https:\/\/inclusivenews.com.br\/index.php?rest_route=\/wp\/v2\/posts"}],"about":[{"href":"https:\/\/inclusivenews.com.br\/index.php?rest_route=\/wp\/v2\/types\/post"}],"author":[{"embeddable":true,"href":"https:\/\/inclusivenews.com.br\/index.php?rest_route=\/wp\/v2\/users\/1"}],"replies":[{"embeddable":true,"href":"https:\/\/inclusivenews.com.br\/index.php?rest_route=%2Fwp%2Fv2%2Fcomments&post=18973"}],"version-history":[{"count":0,"href":"https:\/\/inclusivenews.com.br\/index.php?rest_route=\/wp\/v2\/posts\/18973\/revisions"}],"wp:attachment":[{"href":"https:\/\/inclusivenews.com.br\/index.php?rest_route=%2Fwp%2Fv2%2Fmedia&parent=18973"}],"wp:term":[{"taxonomy":"category","embeddable":true,"href":"https:\/\/inclusivenews.com.br\/index.php?rest_route=%2Fwp%2Fv2%2Fcategories&post=18973"},{"taxonomy":"post_tag","embeddable":true,"href":"https:\/\/inclusivenews.com.br\/index.php?rest_route=%2Fwp%2Fv2%2Ftags&post=18973"}],"curies":[{"name":"wp","href":"https:\/\/api.w.org\/{rel}","templated":true}]}}