{"id":18988,"date":"2011-04-05T21:59:33","date_gmt":"2011-04-06T00:59:33","guid":{"rendered":"http:\/\/www.inclusive.org.br\/?p=18988"},"modified":"2011-04-05T21:59:33","modified_gmt":"2011-04-06T00:59:33","slug":"benjamin-constant-e-ines-sao-prioridades-para-a-frente","status":"publish","type":"post","link":"https:\/\/inclusivenews.com.br\/?p=18988","title":{"rendered":"Benjamin Constant e INES s\u00e3o prioridades para a Frente"},"content":{"rendered":"<figure id=\"attachment_18989\" aria-describedby=\"caption-attachment-18989\" style=\"width: 437px\" class=\"wp-caption alignnone\"><a href=\"http:\/\/www.inclusivenews.com.br\/wp-content\/uploads\/2011\/04\/seminario2.jpg\"><img loading=\"lazy\" decoding=\"async\" class=\"size-full wp-image-18989     \" title=\"Semin\u00e1rio sobre Conven\u00e7\u00e3o dos Direitos das Pessoas com Defici\u00eancia\" src=\"http:\/\/inclusivenews.com.br\/wp-content\/uploads\/2011\/04\/seminario2.jpg\" alt=\"Auditorio aonde acontece o seminario\" width=\"437\" height=\"291\" \/><\/a><figcaption id=\"caption-attachment-18989\" class=\"wp-caption-text\">Auditorio aonde acontece o seminario<\/figcaption><\/figure>\n<p>QUE O INSTITUTO BENJAMIN CONSTANT E A ESCOLA NACIONAL DE  SURDOS N\u00c3O SEJAM FECHADOS \u00c9 A PRIORIDADE DO MOMENTO PARA A FRENTE EM  DEFESA DAS PESSOAS COM DEFICI\u00caNCIA.<\/p>\n<p>Foi recriada, nesta  ter\u00e7a-feira no Congresso a Frente Parlamentar em Defesa das Pessoas com  Defici\u00eancia. E no momento, o que mobiliza mais os senadores e deputados \u00e9  a possibilidade do fechamento dos institutos Benjamin Constant e o de  Educa\u00e7\u00e3o para Surdos no final do ano. Institui\u00e7\u00f5es com mais de 150 anos  de hist\u00f3ria, foram fundadas pelo imperador Dom Pedro II no s\u00e9culo XIX. O  instituto para surdos foi onde nasceu a &#8220;Libras&#8221;, a L\u00edngua Brasileira  de Sinais, \u00e9 o ber\u00e7o da cultura surda e foi o foco de resist\u00eancia da  l\u00edngua de sinais quando ela foi proibida at\u00e9 a metade da d\u00e9cada de 70.  J\u00e1 o instituto Benjamin Constant foi a primeira institui\u00e7\u00e3o de ensino do  Braille de toda a Am\u00e9rica Latina. No entanto, no \u00faltimo dia 17 o  Minist\u00e9rio da Educa\u00e7\u00e3o comunicou que ambas as escolas seriam fechadas e  seus alunos matriculados na rede regular de ensino, o que provocou  desespero nos alunos e suas fam\u00edlias. O senador Lindbergh Farias do PT  do Rio de Janeiro se reuniu com esses estudantes e diz que a Frente ir\u00e1  trabalhar junto com eles contra o fechamento destas escolas. (LINDBERG  FARIAS): N\u00f3s somos completamente contra isso. Eu acho que aqui h\u00e1 um  equ\u00edvoco e n\u00f3s queremos corrigir esta posi\u00e7\u00e3o, conversar com o  Minist\u00e9rio da Educa\u00e7\u00e3o. Eu n\u00e3o considero que a melhor forma de garantir a  inclus\u00e3o na rede regular \u00e9 fechar o que j\u00e1 existe. Quem tem que decidir  pra onde seu filho vai \u00e9 a m\u00e3e e o pai, n\u00e3o d\u00e1 pra abrir m\u00e3o disso. N\u00e3o  existe inclus\u00e3o autorit\u00e1ria, a inclus\u00e3o por natureza tem que ser  democr\u00e1tica. (REP): Devido \u00e0 grande pol\u00eamica que o an\u00fancio provocou, o  Minist\u00e9rio recuou, mas os alunos e fam\u00edlias cobram a posi\u00e7\u00e3o formal do  ministro Fernando Haddad. Outra medida anunciada pela Frente como  prioridade ser\u00e1 a regulamenta\u00e7\u00e3o em nosso pa\u00eds da Conven\u00e7\u00e3o da ONU pelos  direitos das pessoas com defici\u00eancia. Segundo o \u00faltimo Censo  Demogr\u00e1fico, os deficientes s\u00e3o hoje 14% da popula\u00e7\u00e3o de nosso pa\u00eds.<\/p>\n<p>Fonte: Radio Senado<\/p>\n","protected":false},"excerpt":{"rendered":"<p>O senador Lindbergh Farias se reuniu com esses e ir\u00e1 trabalhar junto com eles contra o fechamento destas escolas<\/p>\n","protected":false},"author":1,"featured_media":0,"comment_status":"open","ping_status":"open","sticky":false,"template":"","format":"standard","meta":{"site-container-style":"default","site-container-layout":"default","site-sidebar-layout":"default","disable-article-header":"default","disable-site-header":"default","disable-site-footer":"default","disable-content-area-spacing":"default","footnotes":""},"categories":[44,5,38,48,26,49],"tags":[],"class_list":["post-18988","post","type-post","status-publish","format-standard","hentry","category-acessibilidade","category-convencao","category-deficiencia","category-inclusao","category-legislacao","category-politicas-publicas"],"yoast_head":"<!-- This site is optimized with the Yoast SEO plugin v27.4 - https:\/\/yoast.com\/product\/yoast-seo-wordpress\/ -->\n<title>Benjamin Constant e INES s\u00e3o prioridades para a Frente -<\/title>\n<meta name=\"robots\" content=\"index, follow, max-snippet:-1, max-image-preview:large, max-video-preview:-1\" \/>\n<link rel=\"canonical\" href=\"https:\/\/inclusivenews.com.br\/?p=18988\" \/>\n<meta property=\"og:locale\" content=\"pt_PT\" \/>\n<meta property=\"og:type\" content=\"article\" \/>\n<meta property=\"og:title\" content=\"Benjamin Constant e INES s\u00e3o prioridades para a Frente -\" \/>\n<meta property=\"og:description\" content=\"O senador Lindbergh Farias se reuniu com esses e ir\u00e1 trabalhar junto com eles contra o fechamento destas escolas\" \/>\n<meta property=\"og:url\" content=\"https:\/\/inclusivenews.com.br\/?p=18988\" \/>\n<meta property=\"article:publisher\" content=\"https:\/\/www.facebook.com\/agenciainclusive\/\" \/>\n<meta property=\"article:published_time\" content=\"2011-04-06T00:59:33+00:00\" \/>\n<meta property=\"og:image\" content=\"http:\/\/inclusivenews.com.br\/wp-content\/uploads\/2011\/04\/seminario2.jpg\" \/>\n<meta name=\"author\" content=\"inclusivenews2024\" \/>\n<meta name=\"twitter:card\" content=\"summary_large_image\" \/>\n<meta name=\"twitter:label1\" content=\"Escrito por\" \/>\n\t<meta name=\"twitter:data1\" content=\"inclusivenews2024\" \/>\n\t<meta name=\"twitter:label2\" content=\"Tempo estimado de leitura\" \/>\n\t<meta name=\"twitter:data2\" content=\"2 minutos\" \/>\n<script type=\"application\/ld+json\" class=\"yoast-schema-graph\">{\"@context\":\"https:\\\/\\\/schema.org\",\"@graph\":[{\"@type\":\"Article\",\"@id\":\"https:\\\/\\\/inclusivenews.com.br\\\/?p=18988#article\",\"isPartOf\":{\"@id\":\"https:\\\/\\\/inclusivenews.com.br\\\/?p=18988\"},\"author\":{\"name\":\"inclusivenews2024\",\"@id\":\"https:\\\/\\\/inclusivenews.com.br\\\/#\\\/schema\\\/person\\\/ae4ec7087559b8692fb33b6fffd2273b\"},\"headline\":\"Benjamin Constant e INES s\u00e3o prioridades para a Frente\",\"datePublished\":\"2011-04-06T00:59:33+00:00\",\"mainEntityOfPage\":{\"@id\":\"https:\\\/\\\/inclusivenews.com.br\\\/?p=18988\"},\"wordCount\":420,\"commentCount\":1,\"publisher\":{\"@id\":\"https:\\\/\\\/inclusivenews.com.br\\\/#organization\"},\"image\":{\"@id\":\"https:\\\/\\\/inclusivenews.com.br\\\/?p=18988#primaryimage\"},\"thumbnailUrl\":\"http:\\\/\\\/inclusivenews.com.br\\\/wp-content\\\/uploads\\\/2011\\\/04\\\/seminario2.jpg\",\"articleSection\":[\"ACESSIBILIDADE\",\"Conven\u00e7\u00e3o\",\"Defici\u00eancia\",\"INCLUS\u00c3O SOCIAL\",\"Legisla\u00e7\u00e3o ...\",\"Pol\u00edticas p\u00fablicas\"],\"inLanguage\":\"pt-PT\",\"potentialAction\":[{\"@type\":\"CommentAction\",\"name\":\"Comment\",\"target\":[\"https:\\\/\\\/inclusivenews.com.br\\\/?p=18988#respond\"]}]},{\"@type\":\"WebPage\",\"@id\":\"https:\\\/\\\/inclusivenews.com.br\\\/?p=18988\",\"url\":\"https:\\\/\\\/inclusivenews.com.br\\\/?p=18988\",\"name\":\"Benjamin Constant e INES s\u00e3o prioridades para a Frente -\",\"isPartOf\":{\"@id\":\"https:\\\/\\\/inclusivenews.com.br\\\/#website\"},\"primaryImageOfPage\":{\"@id\":\"https:\\\/\\\/inclusivenews.com.br\\\/?p=18988#primaryimage\"},\"image\":{\"@id\":\"https:\\\/\\\/inclusivenews.com.br\\\/?p=18988#primaryimage\"},\"thumbnailUrl\":\"http:\\\/\\\/inclusivenews.com.br\\\/wp-content\\\/uploads\\\/2011\\\/04\\\/seminario2.jpg\",\"datePublished\":\"2011-04-06T00:59:33+00:00\",\"breadcrumb\":{\"@id\":\"https:\\\/\\\/inclusivenews.com.br\\\/?p=18988#breadcrumb\"},\"inLanguage\":\"pt-PT\",\"potentialAction\":[{\"@type\":\"ReadAction\",\"target\":[\"https:\\\/\\\/inclusivenews.com.br\\\/?p=18988\"]}]},{\"@type\":\"ImageObject\",\"inLanguage\":\"pt-PT\",\"@id\":\"https:\\\/\\\/inclusivenews.com.br\\\/?p=18988#primaryimage\",\"url\":\"\",\"contentUrl\":\"\"},{\"@type\":\"BreadcrumbList\",\"@id\":\"https:\\\/\\\/inclusivenews.com.br\\\/?p=18988#breadcrumb\",\"itemListElement\":[{\"@type\":\"ListItem\",\"position\":1,\"name\":\"In\u00edcio\",\"item\":\"https:\\\/\\\/inclusivenews.com.br\\\/\"},{\"@type\":\"ListItem\",\"position\":2,\"name\":\"Benjamin Constant e INES s\u00e3o prioridades para a Frente\"}]},{\"@type\":\"WebSite\",\"@id\":\"https:\\\/\\\/inclusivenews.com.br\\\/#website\",\"url\":\"https:\\\/\\\/inclusivenews.com.br\\\/\",\"name\":\"Inclusive News\",\"description\":\"Inclusive News\",\"publisher\":{\"@id\":\"https:\\\/\\\/inclusivenews.com.br\\\/#organization\"},\"potentialAction\":[{\"@type\":\"SearchAction\",\"target\":{\"@type\":\"EntryPoint\",\"urlTemplate\":\"https:\\\/\\\/inclusivenews.com.br\\\/?s={search_term_string}\"},\"query-input\":{\"@type\":\"PropertyValueSpecification\",\"valueRequired\":true,\"valueName\":\"search_term_string\"}}],\"inLanguage\":\"pt-PT\"},{\"@type\":\"Organization\",\"@id\":\"https:\\\/\\\/inclusivenews.com.br\\\/#organization\",\"name\":\"Inclusive - inclus\u00e3o e cidadania\",\"url\":\"https:\\\/\\\/inclusivenews.com.br\\\/\",\"logo\":{\"@type\":\"ImageObject\",\"inLanguage\":\"pt-PT\",\"@id\":\"https:\\\/\\\/inclusivenews.com.br\\\/#\\\/schema\\\/logo\\\/image\\\/\",\"url\":\"https:\\\/\\\/inclusivenews.com.br\\\/wp-content\\\/uploads\\\/2024\\\/03\\\/@grandesite.png\",\"contentUrl\":\"https:\\\/\\\/inclusivenews.com.br\\\/wp-content\\\/uploads\\\/2024\\\/03\\\/@grandesite.png\",\"width\":1080,\"height\":1080,\"caption\":\"Inclusive - inclus\u00e3o e cidadania\"},\"image\":{\"@id\":\"https:\\\/\\\/inclusivenews.com.br\\\/#\\\/schema\\\/logo\\\/image\\\/\"},\"sameAs\":[\"https:\\\/\\\/www.facebook.com\\\/agenciainclusive\\\/\",\"https:\\\/\\\/www.instagram.com\\\/newsinclusive\\\/\"]},{\"@type\":\"Person\",\"@id\":\"https:\\\/\\\/inclusivenews.com.br\\\/#\\\/schema\\\/person\\\/ae4ec7087559b8692fb33b6fffd2273b\",\"name\":\"inclusivenews2024\",\"image\":{\"@type\":\"ImageObject\",\"inLanguage\":\"pt-PT\",\"@id\":\"https:\\\/\\\/secure.gravatar.com\\\/avatar\\\/c5a7ef84c66fa914f55bc4f7ce26cfa275a3b9a1c5568b907bd184fb4dde7b40?s=96&d=mm&r=g\",\"url\":\"https:\\\/\\\/secure.gravatar.com\\\/avatar\\\/c5a7ef84c66fa914f55bc4f7ce26cfa275a3b9a1c5568b907bd184fb4dde7b40?s=96&d=mm&r=g\",\"contentUrl\":\"https:\\\/\\\/secure.gravatar.com\\\/avatar\\\/c5a7ef84c66fa914f55bc4f7ce26cfa275a3b9a1c5568b907bd184fb4dde7b40?s=96&d=mm&r=g\",\"caption\":\"inclusivenews2024\"},\"sameAs\":[\"https:\\\/\\\/inclusivenews.com.br\"],\"url\":\"https:\\\/\\\/inclusivenews.com.br\\\/?author=1\"}]}<\/script>\n<!-- \/ Yoast SEO plugin. -->","yoast_head_json":{"title":"Benjamin Constant e INES s\u00e3o prioridades para a Frente -","robots":{"index":"index","follow":"follow","max-snippet":"max-snippet:-1","max-image-preview":"max-image-preview:large","max-video-preview":"max-video-preview:-1"},"canonical":"https:\/\/inclusivenews.com.br\/?p=18988","og_locale":"pt_PT","og_type":"article","og_title":"Benjamin Constant e INES s\u00e3o prioridades para a Frente -","og_description":"O senador Lindbergh Farias se reuniu com esses e ir\u00e1 trabalhar junto com eles contra o fechamento destas escolas","og_url":"https:\/\/inclusivenews.com.br\/?p=18988","article_publisher":"https:\/\/www.facebook.com\/agenciainclusive\/","article_published_time":"2011-04-06T00:59:33+00:00","og_image":[{"url":"http:\/\/inclusivenews.com.br\/wp-content\/uploads\/2011\/04\/seminario2.jpg","type":"","width":"","height":""}],"author":"inclusivenews2024","twitter_card":"summary_large_image","twitter_misc":{"Escrito por":"inclusivenews2024","Tempo estimado de leitura":"2 minutos"},"schema":{"@context":"https:\/\/schema.org","@graph":[{"@type":"Article","@id":"https:\/\/inclusivenews.com.br\/?p=18988#article","isPartOf":{"@id":"https:\/\/inclusivenews.com.br\/?p=18988"},"author":{"name":"inclusivenews2024","@id":"https:\/\/inclusivenews.com.br\/#\/schema\/person\/ae4ec7087559b8692fb33b6fffd2273b"},"headline":"Benjamin Constant e INES s\u00e3o prioridades para a Frente","datePublished":"2011-04-06T00:59:33+00:00","mainEntityOfPage":{"@id":"https:\/\/inclusivenews.com.br\/?p=18988"},"wordCount":420,"commentCount":1,"publisher":{"@id":"https:\/\/inclusivenews.com.br\/#organization"},"image":{"@id":"https:\/\/inclusivenews.com.br\/?p=18988#primaryimage"},"thumbnailUrl":"http:\/\/inclusivenews.com.br\/wp-content\/uploads\/2011\/04\/seminario2.jpg","articleSection":["ACESSIBILIDADE","Conven\u00e7\u00e3o","Defici\u00eancia","INCLUS\u00c3O SOCIAL","Legisla\u00e7\u00e3o ...","Pol\u00edticas p\u00fablicas"],"inLanguage":"pt-PT","potentialAction":[{"@type":"CommentAction","name":"Comment","target":["https:\/\/inclusivenews.com.br\/?p=18988#respond"]}]},{"@type":"WebPage","@id":"https:\/\/inclusivenews.com.br\/?p=18988","url":"https:\/\/inclusivenews.com.br\/?p=18988","name":"Benjamin Constant e INES s\u00e3o prioridades para a Frente -","isPartOf":{"@id":"https:\/\/inclusivenews.com.br\/#website"},"primaryImageOfPage":{"@id":"https:\/\/inclusivenews.com.br\/?p=18988#primaryimage"},"image":{"@id":"https:\/\/inclusivenews.com.br\/?p=18988#primaryimage"},"thumbnailUrl":"http:\/\/inclusivenews.com.br\/wp-content\/uploads\/2011\/04\/seminario2.jpg","datePublished":"2011-04-06T00:59:33+00:00","breadcrumb":{"@id":"https:\/\/inclusivenews.com.br\/?p=18988#breadcrumb"},"inLanguage":"pt-PT","potentialAction":[{"@type":"ReadAction","target":["https:\/\/inclusivenews.com.br\/?p=18988"]}]},{"@type":"ImageObject","inLanguage":"pt-PT","@id":"https:\/\/inclusivenews.com.br\/?p=18988#primaryimage","url":"","contentUrl":""},{"@type":"BreadcrumbList","@id":"https:\/\/inclusivenews.com.br\/?p=18988#breadcrumb","itemListElement":[{"@type":"ListItem","position":1,"name":"In\u00edcio","item":"https:\/\/inclusivenews.com.br\/"},{"@type":"ListItem","position":2,"name":"Benjamin Constant e INES s\u00e3o prioridades para a Frente"}]},{"@type":"WebSite","@id":"https:\/\/inclusivenews.com.br\/#website","url":"https:\/\/inclusivenews.com.br\/","name":"Inclusive News","description":"Inclusive News","publisher":{"@id":"https:\/\/inclusivenews.com.br\/#organization"},"potentialAction":[{"@type":"SearchAction","target":{"@type":"EntryPoint","urlTemplate":"https:\/\/inclusivenews.com.br\/?s={search_term_string}"},"query-input":{"@type":"PropertyValueSpecification","valueRequired":true,"valueName":"search_term_string"}}],"inLanguage":"pt-PT"},{"@type":"Organization","@id":"https:\/\/inclusivenews.com.br\/#organization","name":"Inclusive - inclus\u00e3o e cidadania","url":"https:\/\/inclusivenews.com.br\/","logo":{"@type":"ImageObject","inLanguage":"pt-PT","@id":"https:\/\/inclusivenews.com.br\/#\/schema\/logo\/image\/","url":"https:\/\/inclusivenews.com.br\/wp-content\/uploads\/2024\/03\/@grandesite.png","contentUrl":"https:\/\/inclusivenews.com.br\/wp-content\/uploads\/2024\/03\/@grandesite.png","width":1080,"height":1080,"caption":"Inclusive - inclus\u00e3o e cidadania"},"image":{"@id":"https:\/\/inclusivenews.com.br\/#\/schema\/logo\/image\/"},"sameAs":["https:\/\/www.facebook.com\/agenciainclusive\/","https:\/\/www.instagram.com\/newsinclusive\/"]},{"@type":"Person","@id":"https:\/\/inclusivenews.com.br\/#\/schema\/person\/ae4ec7087559b8692fb33b6fffd2273b","name":"inclusivenews2024","image":{"@type":"ImageObject","inLanguage":"pt-PT","@id":"https:\/\/secure.gravatar.com\/avatar\/c5a7ef84c66fa914f55bc4f7ce26cfa275a3b9a1c5568b907bd184fb4dde7b40?s=96&d=mm&r=g","url":"https:\/\/secure.gravatar.com\/avatar\/c5a7ef84c66fa914f55bc4f7ce26cfa275a3b9a1c5568b907bd184fb4dde7b40?s=96&d=mm&r=g","contentUrl":"https:\/\/secure.gravatar.com\/avatar\/c5a7ef84c66fa914f55bc4f7ce26cfa275a3b9a1c5568b907bd184fb4dde7b40?s=96&d=mm&r=g","caption":"inclusivenews2024"},"sameAs":["https:\/\/inclusivenews.com.br"],"url":"https:\/\/inclusivenews.com.br\/?author=1"}]}},"_links":{"self":[{"href":"https:\/\/inclusivenews.com.br\/index.php?rest_route=\/wp\/v2\/posts\/18988","targetHints":{"allow":["GET"]}}],"collection":[{"href":"https:\/\/inclusivenews.com.br\/index.php?rest_route=\/wp\/v2\/posts"}],"about":[{"href":"https:\/\/inclusivenews.com.br\/index.php?rest_route=\/wp\/v2\/types\/post"}],"author":[{"embeddable":true,"href":"https:\/\/inclusivenews.com.br\/index.php?rest_route=\/wp\/v2\/users\/1"}],"replies":[{"embeddable":true,"href":"https:\/\/inclusivenews.com.br\/index.php?rest_route=%2Fwp%2Fv2%2Fcomments&post=18988"}],"version-history":[{"count":0,"href":"https:\/\/inclusivenews.com.br\/index.php?rest_route=\/wp\/v2\/posts\/18988\/revisions"}],"wp:attachment":[{"href":"https:\/\/inclusivenews.com.br\/index.php?rest_route=%2Fwp%2Fv2%2Fmedia&parent=18988"}],"wp:term":[{"taxonomy":"category","embeddable":true,"href":"https:\/\/inclusivenews.com.br\/index.php?rest_route=%2Fwp%2Fv2%2Fcategories&post=18988"},{"taxonomy":"post_tag","embeddable":true,"href":"https:\/\/inclusivenews.com.br\/index.php?rest_route=%2Fwp%2Fv2%2Ftags&post=18988"}],"curies":[{"name":"wp","href":"https:\/\/api.w.org\/{rel}","templated":true}]}}