{"id":18990,"date":"2011-04-05T22:24:11","date_gmt":"2011-04-06T01:24:11","guid":{"rendered":"http:\/\/www.inclusive.org.br\/?p=18990"},"modified":"2011-04-05T22:24:11","modified_gmt":"2011-04-06T01:24:11","slug":"frente-vai-acompanhar-andamento-de-projetos-sobre-deficiencia","status":"publish","type":"post","link":"https:\/\/inclusivenews.com.br\/?p=18990","title":{"rendered":"Frente vai acompanhar andamento de projetos sobre defici\u00eancia"},"content":{"rendered":"<div id=\"separadorNoticia\">\n<p><span style=\"font-size: 13.3333px;\"><img decoding=\"async\" title=\"Deputada Rosinha da Adefal\" src=\"webkit-fake-url:\/\/3BA7A402-06DE-472F-9EF3-1442EF2492F3\/image.tiff\" alt=\"Deputada Rosinha da Adefal\" \/> DEPUTADOS INSTALAM NESTA TER\u00c7A-FEIRA UMA NOVA FRENTE  PARLAMENTAR PARA APOIAR AS PESSOAS COM DEFICI\u00caNCIA. \u00a0ENTRE OUTRAS  TAREFAS, O GRUPO VAI ACOMPANHAR O ANDAMENTO DOS PROJETOS SOBRE O TEMA. <\/span><\/p>\n<\/div>\n<div id=\"separadoNoticia\">Rosinha  da Adefal, do PT do B, teve poliomielite com dois anos de idade, \u00e9  cadeirante e se destacou na presid\u00eancia da Associa\u00e7\u00e3o dos Deficientes  F\u00edsicos de Alagoas. A deputada federal, de 35 anos, vai ser a presidente  de uma nova frente parlamentar para defender os direitos das pessoas  com defici\u00eancia. O senador Wellington Dias, do PT do Piau\u00ed, anunciou no  plen\u00e1rio que a instala\u00e7\u00e3o vai ocorrer na mesma semana de uma sess\u00e3o do  Senado em homenagem a essa parcela da popula\u00e7\u00e3o. \u00a0No dia 5  de abril, a implanta\u00e7\u00e3o da Frente Parlamentar de Pol\u00edticas para a  Inclus\u00e3o da Pessoa com Defici\u00eancia, com a presen\u00e7a da deputada Rosinha  tamb\u00e9m, que faz esse belo trabalho. No dia 8 de abril, por iniciativa do  senador Cristovam Buarque, haver\u00e1 uma sess\u00e3o especial no plen\u00e1rio do  Senado voltada para a pessoa com defici\u00eancia, e desde j\u00e1 fa\u00e7o este  convite. \u00a0A Frente Parlamentar em Defesa das Pessoas com  Defici\u00eancia funcionou at\u00e9 o final do ano passado e renasce com quatro  senadores e 12 deputados. O grupo vai acompanhar o andamento dos  projetos que est\u00e3o na C\u00e2mara e no Senado e que s\u00e3o relacionados \u00e0s  pessoas com defici\u00eancia. Tamb\u00e9m vai promover debates e interc\u00e2mbio com  parlamentos de outros pa\u00edses. Por falar em debate, a instala\u00e7\u00e3o da  frente, nesta ter\u00e7a-feira, vai acontecer em dois simp\u00f3sios patrocinados  pelo grupo: \u00e0s nove e meia da manh\u00e3, na C\u00e2mara, e \u00e0s duas da tarde, no  Senado. Um dos assuntos em discuss\u00e3o vai ser a Conven\u00e7\u00e3o sobre os  Direitos das Pessoas com Defici\u00eancia, aprovada pela ONU no final de 2006  e referendada pelo governo brasileiro em agosto de 2009.<span style=\"font-size: 13.3333px;\">AL\u00c9M DE WELLINGTON DIAS, J\u00c1 CONFIRMARAM PARTICIPA\u00c7\u00c3O NA FRENTE  PARLAMENTAR EM DEFESA DAS PESSOAS COM DEFICI\u00caNCIA OS SENADORES PAULO  PAIM, DO PT DO RIO GRANDE DO SUL, LINDBERGH FARIAS, DO PT DO RIO DE  JANEIRO, E ANA RITA, DO PT DO ESP\u00cdRITO SANTO.<\/span><\/p>\n<p><span style=\"font-size: 13.3333px;\">Fonte: Radio Senado<\/span><\/p>\n<\/div>\n","protected":false},"excerpt":{"rendered":"<p>A Frente Parlamentar funcionou at\u00e9 o final do ano passado e renasce com quatro senadores e 12 deputados. <\/p>\n","protected":false},"author":1,"featured_media":0,"comment_status":"open","ping_status":"open","sticky":false,"template":"","format":"standard","meta":{"site-container-style":"default","site-container-layout":"default","site-sidebar-layout":"default","disable-article-header":"default","disable-site-header":"default","disable-site-footer":"default","disable-content-area-spacing":"default","footnotes":""},"categories":[44,5,38,48,26,4],"tags":[],"class_list":["post-18990","post","type-post","status-publish","format-standard","hentry","category-acessibilidade","category-convencao","category-deficiencia","category-inclusao","category-legislacao","category-noticias"],"yoast_head":"<!-- This site is optimized with the Yoast SEO plugin v27.4 - https:\/\/yoast.com\/product\/yoast-seo-wordpress\/ -->\n<title>Frente vai acompanhar andamento de projetos sobre defici\u00eancia -<\/title>\n<meta name=\"robots\" content=\"index, follow, max-snippet:-1, max-image-preview:large, max-video-preview:-1\" \/>\n<link rel=\"canonical\" href=\"https:\/\/inclusivenews.com.br\/?p=18990\" \/>\n<meta property=\"og:locale\" content=\"pt_PT\" \/>\n<meta property=\"og:type\" content=\"article\" \/>\n<meta property=\"og:title\" content=\"Frente vai acompanhar andamento de projetos sobre defici\u00eancia -\" \/>\n<meta property=\"og:description\" content=\"A Frente Parlamentar funcionou at\u00e9 o final do ano passado e renasce com quatro senadores e 12 deputados.\" \/>\n<meta property=\"og:url\" content=\"https:\/\/inclusivenews.com.br\/?p=18990\" \/>\n<meta property=\"article:publisher\" content=\"https:\/\/www.facebook.com\/agenciainclusive\/\" \/>\n<meta property=\"article:published_time\" content=\"2011-04-06T01:24:11+00:00\" \/>\n<meta property=\"og:image\" content=\"\" \/>\n<meta name=\"author\" content=\"inclusivenews2024\" \/>\n<meta name=\"twitter:card\" content=\"summary_large_image\" \/>\n<meta name=\"twitter:label1\" content=\"Escrito por\" \/>\n\t<meta name=\"twitter:data1\" content=\"inclusivenews2024\" \/>\n\t<meta name=\"twitter:label2\" content=\"Tempo estimado de leitura\" \/>\n\t<meta name=\"twitter:data2\" content=\"2 minutos\" \/>\n<script type=\"application\/ld+json\" class=\"yoast-schema-graph\">{\"@context\":\"https:\\\/\\\/schema.org\",\"@graph\":[{\"@type\":\"Article\",\"@id\":\"https:\\\/\\\/inclusivenews.com.br\\\/?p=18990#article\",\"isPartOf\":{\"@id\":\"https:\\\/\\\/inclusivenews.com.br\\\/?p=18990\"},\"author\":{\"name\":\"inclusivenews2024\",\"@id\":\"https:\\\/\\\/inclusivenews.com.br\\\/#\\\/schema\\\/person\\\/ae4ec7087559b8692fb33b6fffd2273b\"},\"headline\":\"Frente vai acompanhar andamento de projetos sobre defici\u00eancia\",\"datePublished\":\"2011-04-06T01:24:11+00:00\",\"mainEntityOfPage\":{\"@id\":\"https:\\\/\\\/inclusivenews.com.br\\\/?p=18990\"},\"wordCount\":382,\"commentCount\":0,\"publisher\":{\"@id\":\"https:\\\/\\\/inclusivenews.com.br\\\/#organization\"},\"image\":{\"@id\":\"https:\\\/\\\/inclusivenews.com.br\\\/?p=18990#primaryimage\"},\"thumbnailUrl\":\"webkit-fake-url:\\\/\\\/3BA7A402-06DE-472F-9EF3-1442EF2492F3\\\/image.tiff\",\"articleSection\":[\"ACESSIBILIDADE\",\"Conven\u00e7\u00e3o\",\"Defici\u00eancia\",\"INCLUS\u00c3O SOCIAL\",\"Legisla\u00e7\u00e3o ...\",\"NOT\u00cdCIAS\"],\"inLanguage\":\"pt-PT\",\"potentialAction\":[{\"@type\":\"CommentAction\",\"name\":\"Comment\",\"target\":[\"https:\\\/\\\/inclusivenews.com.br\\\/?p=18990#respond\"]}]},{\"@type\":\"WebPage\",\"@id\":\"https:\\\/\\\/inclusivenews.com.br\\\/?p=18990\",\"url\":\"https:\\\/\\\/inclusivenews.com.br\\\/?p=18990\",\"name\":\"Frente vai acompanhar andamento de projetos sobre defici\u00eancia -\",\"isPartOf\":{\"@id\":\"https:\\\/\\\/inclusivenews.com.br\\\/#website\"},\"primaryImageOfPage\":{\"@id\":\"https:\\\/\\\/inclusivenews.com.br\\\/?p=18990#primaryimage\"},\"image\":{\"@id\":\"https:\\\/\\\/inclusivenews.com.br\\\/?p=18990#primaryimage\"},\"thumbnailUrl\":\"webkit-fake-url:\\\/\\\/3BA7A402-06DE-472F-9EF3-1442EF2492F3\\\/image.tiff\",\"datePublished\":\"2011-04-06T01:24:11+00:00\",\"breadcrumb\":{\"@id\":\"https:\\\/\\\/inclusivenews.com.br\\\/?p=18990#breadcrumb\"},\"inLanguage\":\"pt-PT\",\"potentialAction\":[{\"@type\":\"ReadAction\",\"target\":[\"https:\\\/\\\/inclusivenews.com.br\\\/?p=18990\"]}]},{\"@type\":\"ImageObject\",\"inLanguage\":\"pt-PT\",\"@id\":\"https:\\\/\\\/inclusivenews.com.br\\\/?p=18990#primaryimage\",\"url\":\"webkit-fake-url:\\\/\\\/3BA7A402-06DE-472F-9EF3-1442EF2492F3\\\/image.tiff\",\"contentUrl\":\"webkit-fake-url:\\\/\\\/3BA7A402-06DE-472F-9EF3-1442EF2492F3\\\/image.tiff\"},{\"@type\":\"BreadcrumbList\",\"@id\":\"https:\\\/\\\/inclusivenews.com.br\\\/?p=18990#breadcrumb\",\"itemListElement\":[{\"@type\":\"ListItem\",\"position\":1,\"name\":\"In\u00edcio\",\"item\":\"https:\\\/\\\/inclusivenews.com.br\\\/\"},{\"@type\":\"ListItem\",\"position\":2,\"name\":\"Frente vai acompanhar andamento de projetos sobre defici\u00eancia\"}]},{\"@type\":\"WebSite\",\"@id\":\"https:\\\/\\\/inclusivenews.com.br\\\/#website\",\"url\":\"https:\\\/\\\/inclusivenews.com.br\\\/\",\"name\":\"Inclusive News\",\"description\":\"Inclusive News\",\"publisher\":{\"@id\":\"https:\\\/\\\/inclusivenews.com.br\\\/#organization\"},\"potentialAction\":[{\"@type\":\"SearchAction\",\"target\":{\"@type\":\"EntryPoint\",\"urlTemplate\":\"https:\\\/\\\/inclusivenews.com.br\\\/?s={search_term_string}\"},\"query-input\":{\"@type\":\"PropertyValueSpecification\",\"valueRequired\":true,\"valueName\":\"search_term_string\"}}],\"inLanguage\":\"pt-PT\"},{\"@type\":\"Organization\",\"@id\":\"https:\\\/\\\/inclusivenews.com.br\\\/#organization\",\"name\":\"Inclusive - inclus\u00e3o e cidadania\",\"url\":\"https:\\\/\\\/inclusivenews.com.br\\\/\",\"logo\":{\"@type\":\"ImageObject\",\"inLanguage\":\"pt-PT\",\"@id\":\"https:\\\/\\\/inclusivenews.com.br\\\/#\\\/schema\\\/logo\\\/image\\\/\",\"url\":\"https:\\\/\\\/inclusivenews.com.br\\\/wp-content\\\/uploads\\\/2024\\\/03\\\/@grandesite.png\",\"contentUrl\":\"https:\\\/\\\/inclusivenews.com.br\\\/wp-content\\\/uploads\\\/2024\\\/03\\\/@grandesite.png\",\"width\":1080,\"height\":1080,\"caption\":\"Inclusive - inclus\u00e3o e cidadania\"},\"image\":{\"@id\":\"https:\\\/\\\/inclusivenews.com.br\\\/#\\\/schema\\\/logo\\\/image\\\/\"},\"sameAs\":[\"https:\\\/\\\/www.facebook.com\\\/agenciainclusive\\\/\",\"https:\\\/\\\/www.instagram.com\\\/newsinclusive\\\/\"]},{\"@type\":\"Person\",\"@id\":\"https:\\\/\\\/inclusivenews.com.br\\\/#\\\/schema\\\/person\\\/ae4ec7087559b8692fb33b6fffd2273b\",\"name\":\"inclusivenews2024\",\"image\":{\"@type\":\"ImageObject\",\"inLanguage\":\"pt-PT\",\"@id\":\"https:\\\/\\\/secure.gravatar.com\\\/avatar\\\/c5a7ef84c66fa914f55bc4f7ce26cfa275a3b9a1c5568b907bd184fb4dde7b40?s=96&d=mm&r=g\",\"url\":\"https:\\\/\\\/secure.gravatar.com\\\/avatar\\\/c5a7ef84c66fa914f55bc4f7ce26cfa275a3b9a1c5568b907bd184fb4dde7b40?s=96&d=mm&r=g\",\"contentUrl\":\"https:\\\/\\\/secure.gravatar.com\\\/avatar\\\/c5a7ef84c66fa914f55bc4f7ce26cfa275a3b9a1c5568b907bd184fb4dde7b40?s=96&d=mm&r=g\",\"caption\":\"inclusivenews2024\"},\"sameAs\":[\"https:\\\/\\\/inclusivenews.com.br\"],\"url\":\"https:\\\/\\\/inclusivenews.com.br\\\/?author=1\"}]}<\/script>\n<!-- \/ Yoast SEO plugin. -->","yoast_head_json":{"title":"Frente vai acompanhar andamento de projetos sobre defici\u00eancia -","robots":{"index":"index","follow":"follow","max-snippet":"max-snippet:-1","max-image-preview":"max-image-preview:large","max-video-preview":"max-video-preview:-1"},"canonical":"https:\/\/inclusivenews.com.br\/?p=18990","og_locale":"pt_PT","og_type":"article","og_title":"Frente vai acompanhar andamento de projetos sobre defici\u00eancia -","og_description":"A Frente Parlamentar funcionou at\u00e9 o final do ano passado e renasce com quatro senadores e 12 deputados.","og_url":"https:\/\/inclusivenews.com.br\/?p=18990","article_publisher":"https:\/\/www.facebook.com\/agenciainclusive\/","article_published_time":"2011-04-06T01:24:11+00:00","og_image":[{"url":"webkit-fake-url:\/\/3BA7A402-06DE-472F-9EF3-1442EF2492F3\/image.tiff","type":"","width":"","height":""}],"author":"inclusivenews2024","twitter_card":"summary_large_image","twitter_misc":{"Escrito por":"inclusivenews2024","Tempo estimado de leitura":"2 minutos"},"schema":{"@context":"https:\/\/schema.org","@graph":[{"@type":"Article","@id":"https:\/\/inclusivenews.com.br\/?p=18990#article","isPartOf":{"@id":"https:\/\/inclusivenews.com.br\/?p=18990"},"author":{"name":"inclusivenews2024","@id":"https:\/\/inclusivenews.com.br\/#\/schema\/person\/ae4ec7087559b8692fb33b6fffd2273b"},"headline":"Frente vai acompanhar andamento de projetos sobre defici\u00eancia","datePublished":"2011-04-06T01:24:11+00:00","mainEntityOfPage":{"@id":"https:\/\/inclusivenews.com.br\/?p=18990"},"wordCount":382,"commentCount":0,"publisher":{"@id":"https:\/\/inclusivenews.com.br\/#organization"},"image":{"@id":"https:\/\/inclusivenews.com.br\/?p=18990#primaryimage"},"thumbnailUrl":"webkit-fake-url:\/\/3BA7A402-06DE-472F-9EF3-1442EF2492F3\/image.tiff","articleSection":["ACESSIBILIDADE","Conven\u00e7\u00e3o","Defici\u00eancia","INCLUS\u00c3O SOCIAL","Legisla\u00e7\u00e3o ...","NOT\u00cdCIAS"],"inLanguage":"pt-PT","potentialAction":[{"@type":"CommentAction","name":"Comment","target":["https:\/\/inclusivenews.com.br\/?p=18990#respond"]}]},{"@type":"WebPage","@id":"https:\/\/inclusivenews.com.br\/?p=18990","url":"https:\/\/inclusivenews.com.br\/?p=18990","name":"Frente vai acompanhar andamento de projetos sobre defici\u00eancia -","isPartOf":{"@id":"https:\/\/inclusivenews.com.br\/#website"},"primaryImageOfPage":{"@id":"https:\/\/inclusivenews.com.br\/?p=18990#primaryimage"},"image":{"@id":"https:\/\/inclusivenews.com.br\/?p=18990#primaryimage"},"thumbnailUrl":"webkit-fake-url:\/\/3BA7A402-06DE-472F-9EF3-1442EF2492F3\/image.tiff","datePublished":"2011-04-06T01:24:11+00:00","breadcrumb":{"@id":"https:\/\/inclusivenews.com.br\/?p=18990#breadcrumb"},"inLanguage":"pt-PT","potentialAction":[{"@type":"ReadAction","target":["https:\/\/inclusivenews.com.br\/?p=18990"]}]},{"@type":"ImageObject","inLanguage":"pt-PT","@id":"https:\/\/inclusivenews.com.br\/?p=18990#primaryimage","url":"webkit-fake-url:\/\/3BA7A402-06DE-472F-9EF3-1442EF2492F3\/image.tiff","contentUrl":"webkit-fake-url:\/\/3BA7A402-06DE-472F-9EF3-1442EF2492F3\/image.tiff"},{"@type":"BreadcrumbList","@id":"https:\/\/inclusivenews.com.br\/?p=18990#breadcrumb","itemListElement":[{"@type":"ListItem","position":1,"name":"In\u00edcio","item":"https:\/\/inclusivenews.com.br\/"},{"@type":"ListItem","position":2,"name":"Frente vai acompanhar andamento de projetos sobre defici\u00eancia"}]},{"@type":"WebSite","@id":"https:\/\/inclusivenews.com.br\/#website","url":"https:\/\/inclusivenews.com.br\/","name":"Inclusive News","description":"Inclusive News","publisher":{"@id":"https:\/\/inclusivenews.com.br\/#organization"},"potentialAction":[{"@type":"SearchAction","target":{"@type":"EntryPoint","urlTemplate":"https:\/\/inclusivenews.com.br\/?s={search_term_string}"},"query-input":{"@type":"PropertyValueSpecification","valueRequired":true,"valueName":"search_term_string"}}],"inLanguage":"pt-PT"},{"@type":"Organization","@id":"https:\/\/inclusivenews.com.br\/#organization","name":"Inclusive - inclus\u00e3o e cidadania","url":"https:\/\/inclusivenews.com.br\/","logo":{"@type":"ImageObject","inLanguage":"pt-PT","@id":"https:\/\/inclusivenews.com.br\/#\/schema\/logo\/image\/","url":"https:\/\/inclusivenews.com.br\/wp-content\/uploads\/2024\/03\/@grandesite.png","contentUrl":"https:\/\/inclusivenews.com.br\/wp-content\/uploads\/2024\/03\/@grandesite.png","width":1080,"height":1080,"caption":"Inclusive - inclus\u00e3o e cidadania"},"image":{"@id":"https:\/\/inclusivenews.com.br\/#\/schema\/logo\/image\/"},"sameAs":["https:\/\/www.facebook.com\/agenciainclusive\/","https:\/\/www.instagram.com\/newsinclusive\/"]},{"@type":"Person","@id":"https:\/\/inclusivenews.com.br\/#\/schema\/person\/ae4ec7087559b8692fb33b6fffd2273b","name":"inclusivenews2024","image":{"@type":"ImageObject","inLanguage":"pt-PT","@id":"https:\/\/secure.gravatar.com\/avatar\/c5a7ef84c66fa914f55bc4f7ce26cfa275a3b9a1c5568b907bd184fb4dde7b40?s=96&d=mm&r=g","url":"https:\/\/secure.gravatar.com\/avatar\/c5a7ef84c66fa914f55bc4f7ce26cfa275a3b9a1c5568b907bd184fb4dde7b40?s=96&d=mm&r=g","contentUrl":"https:\/\/secure.gravatar.com\/avatar\/c5a7ef84c66fa914f55bc4f7ce26cfa275a3b9a1c5568b907bd184fb4dde7b40?s=96&d=mm&r=g","caption":"inclusivenews2024"},"sameAs":["https:\/\/inclusivenews.com.br"],"url":"https:\/\/inclusivenews.com.br\/?author=1"}]}},"_links":{"self":[{"href":"https:\/\/inclusivenews.com.br\/index.php?rest_route=\/wp\/v2\/posts\/18990","targetHints":{"allow":["GET"]}}],"collection":[{"href":"https:\/\/inclusivenews.com.br\/index.php?rest_route=\/wp\/v2\/posts"}],"about":[{"href":"https:\/\/inclusivenews.com.br\/index.php?rest_route=\/wp\/v2\/types\/post"}],"author":[{"embeddable":true,"href":"https:\/\/inclusivenews.com.br\/index.php?rest_route=\/wp\/v2\/users\/1"}],"replies":[{"embeddable":true,"href":"https:\/\/inclusivenews.com.br\/index.php?rest_route=%2Fwp%2Fv2%2Fcomments&post=18990"}],"version-history":[{"count":0,"href":"https:\/\/inclusivenews.com.br\/index.php?rest_route=\/wp\/v2\/posts\/18990\/revisions"}],"wp:attachment":[{"href":"https:\/\/inclusivenews.com.br\/index.php?rest_route=%2Fwp%2Fv2%2Fmedia&parent=18990"}],"wp:term":[{"taxonomy":"category","embeddable":true,"href":"https:\/\/inclusivenews.com.br\/index.php?rest_route=%2Fwp%2Fv2%2Fcategories&post=18990"},{"taxonomy":"post_tag","embeddable":true,"href":"https:\/\/inclusivenews.com.br\/index.php?rest_route=%2Fwp%2Fv2%2Ftags&post=18990"}],"curies":[{"name":"wp","href":"https:\/\/api.w.org\/{rel}","templated":true}]}}