{"id":18993,"date":"2011-04-07T07:32:42","date_gmt":"2011-04-07T10:32:42","guid":{"rendered":"http:\/\/www.inclusive.org.br\/?p=18993"},"modified":"2011-04-07T07:32:42","modified_gmt":"2011-04-07T10:32:42","slug":"dos-presidios-a-justica","status":"publish","type":"post","link":"https:\/\/inclusivenews.com.br\/?p=18993","title":{"rendered":"Dos pres\u00eddios \u00e0 Justi\u00e7a"},"content":{"rendered":"<figure id=\"attachment_15004\" aria-describedby=\"caption-attachment-15004\" style=\"width: 200px\" class=\"wp-caption alignleft\"><a href=\"http:\/\/www.inclusivenews.com.br\/wp-content\/uploads\/2010\/04\/helio.jpg\"><img loading=\"lazy\" decoding=\"async\" class=\"size-full wp-image-15004\" title=\"Inclusive - fotografia de H\u00e9lio Bicudo\" src=\"http:\/\/inclusivenews.com.br\/wp-content\/uploads\/2010\/04\/helio.jpg\" alt=\"\" width=\"200\" height=\"202\" \/><\/a><figcaption id=\"caption-attachment-15004\" class=\"wp-caption-text\"> <\/figcaption><\/figure>\n<p><strong>Por H\u00e9lio Bicudo<\/strong><\/p>\n<p><em><a href=\"http:\/\/twitter.com\/Heliobicudo\">http:\/\/twitter.com\/Heliobicudo<\/a><br \/>\n<a href=\"http:\/\/pt-br.facebook.com\/people\/Helio-Bicudo\/100000805737553\">http:\/\/pt-br.facebook.com\/people\/Helio-Bicudo\/100000805737553<\/a><\/em><strong> <\/strong><\/p>\n<p>Volta e meia algu\u00e9m se lembra do problema dos pres\u00eddios brasileiros. \u00c9, sem d\u00favida, um dos centros de viola\u00e7\u00e3o dos Direitos Humanos mais expressivos, mas que nenhum de n\u00f3s quer ver ou saber.<\/p>\n<p>Lugar de bandido \u00e9 na cadeia. E pronto. Essa quest\u00e3o de que a pena de pris\u00e3o tem por finalidade o reingresso dos condenados \u00e0 sociedade \u00e9 uma utopia. As cadeias e as penitenci\u00e1rias est\u00e3o superlotadas e quanto mais superlotadas mais promiscuidade, mais viol\u00eancia, mais corrup\u00e7\u00e3o. E as pessoas que est\u00e3o fora dos muros da pris\u00e3o sentem-se protegidas.<\/p>\n<p>E os governos? Ou n\u00e3o fazem nada para minimizar a situa\u00e7\u00e3o e olhar o presidi\u00e1rio com um m\u00ednimo de respeito devido a qualquer pessoa, ou apelam para a \u201cnecessidade\u201d de constru\u00e7\u00e3o de novos pres\u00eddios. Quanto maiores, melhor; n\u00f3s temos penitenci\u00e1rias que \u201cabrigam\u201d mais de mil condenados.<\/p>\n<p>O diretor de um pres\u00eddio \u2013 ontem um personagem importante na recupera\u00e7\u00e3o do preso \u2013 hoje est\u00e1 atolado na processual\u00edstica imposta pela burocracia e exerce suas fun\u00e7\u00f5es apreciando os processos que se acumulam em sua mesa. N\u00e3o conhecer sequer um detento, mas apenas o n\u00famero deles.<\/p>\n<p>O trabalho, por exemplo, que \u00e9 uma atividade voltada para a recupera\u00e7\u00e3o do detento. Pode ser que exista em um ou outro pres\u00eddio para efeito externo. As visitas importantes s\u00e3o encaminhadas para aqueles que t\u00eam menos presos e alguma atividade na \u00e1rea da recupera\u00e7\u00e3o. Mas a grande maioria permanece ociosa e sujeita \u00e0 viol\u00eancia e \u00e0 corrup\u00e7\u00e3o.<\/p>\n<p>Os pres\u00eddios brasileiros n\u00e3o t\u00eam refeit\u00f3rio. A comida \u00e9 servida nas celas, sem talheres. Trata-se de uma comida de m\u00e1 qualidade, terceirizada, com vantagens para os contratantes e puro descaso para com aqueles a quem \u00e9 destinada.<\/p>\n<p>Em celas superlotadas \u2013 muitas delas criadas para abrigar apenas uma ou duas pessoas \u2013 s\u00e3o entulhados mais de dez presos, sem qualquer programa educativo. N\u00e3o se pode dizer que vivem, mas vegetam, e depois voltam \u00e0s ruas sem terem passado por um processo de recupera\u00e7\u00e3o.<\/p>\n<p>Os r\u00e9us s\u00e3o condenados por uma Justi\u00e7a burocratizada, em que as senten\u00e7as ignoram as pessoas para se ater apenas \u00e0s informa\u00e7\u00f5es dos \u00f3rg\u00e3os policiais e de testemunhas ouvidas \u00e0s pressas, para minimizar o natural ac\u00famulo de casos, decorrente de um sistema centralizado e ineficiente de distribui\u00e7\u00e3o de Justi\u00e7a.<\/p>\n<p>Enfim, de nada serve construir novos pres\u00eddios porque logo em seguida estar\u00e3o superlotados. A provid\u00eancia eficaz \u00e9 fazer com que os ju\u00edzes vejam as pessoas e n\u00e3o apenas os processos. Para que isso aconte\u00e7a, \u00e9 preciso que se instalem distritos judici\u00e1rios com n\u00e3o mais de 30 mil pessoas, permitindo que haja, realmente, uma intera\u00e7\u00e3o entre juiz, promotor, defensor e partes, sem o que a Justi\u00e7a n\u00e3o se far\u00e1.<\/p>\n<p>Como se v\u00ea, da superlota\u00e7\u00e3o das pris\u00f5es vamos para a necess\u00e1ria reforma da estrutura dos ju\u00edzos de primeira inst\u00e2ncia, uma vez que Justi\u00e7a burocratizada n\u00e3o \u00e9 Justi\u00e7a.<\/p>\n<p>Seria fundamental que se tomasse a peito uma reforma profunda de todo o sistema, desde a pol\u00edcia, passando pelo Minist\u00e9rio P\u00fablico e, por fim, pelo Judici\u00e1rio, a fim de que o acesso \u00e0 Justi\u00e7a n\u00e3o seja, como \u00e9 hoje, uma utopia.<\/p>\n<p>Justi\u00e7a \u00e9 direito de todos. \u00c9 Direito Humano.<\/p>\n<p>____________<\/p>\n<p><strong>Fonte:<\/strong> <a href=\"http:\/\/helio-bicudo.blogspot.com\/2011\/03\/dos-presidios-justica.html\">O autor<\/a><\/p>\n","protected":false},"excerpt":{"rendered":"<p>Por H\u00e9lio Bicudo. &#8220;Os pres\u00eddios brasileiros n\u00e3o t\u00eam refeit\u00f3rio. A comida \u00e9 servida nas celas, sem talheres. Trata-se de uma comida de m\u00e1 qualidade, terceirizada, com vantagens para os contratantes e puro descaso para com aqueles a quem \u00e9 destinada.&#8221;<\/p>\n","protected":false},"author":1,"featured_media":0,"comment_status":"open","ping_status":"open","sticky":false,"template":"","format":"standard","meta":{"site-container-style":"default","site-container-layout":"default","site-sidebar-layout":"default","disable-article-header":"default","disable-site-header":"default","disable-site-footer":"default","disable-content-area-spacing":"default","footnotes":""},"categories":[36,11,8],"tags":[],"class_list":["post-18993","post","type-post","status-publish","format-standard","hentry","category-colunas-especiais","category-direitos-humanos","category-textos-e-artigos"],"yoast_head":"<!-- This site is optimized with the Yoast SEO plugin v27.4 - https:\/\/yoast.com\/product\/yoast-seo-wordpress\/ -->\n<title>Dos pres\u00eddios \u00e0 Justi\u00e7a -<\/title>\n<meta name=\"robots\" content=\"index, follow, max-snippet:-1, max-image-preview:large, max-video-preview:-1\" \/>\n<link rel=\"canonical\" href=\"https:\/\/inclusivenews.com.br\/?p=18993\" \/>\n<meta property=\"og:locale\" content=\"pt_PT\" \/>\n<meta property=\"og:type\" content=\"article\" \/>\n<meta property=\"og:title\" content=\"Dos pres\u00eddios \u00e0 Justi\u00e7a -\" \/>\n<meta property=\"og:description\" content=\"Por H\u00e9lio Bicudo. &quot;Os pres\u00eddios brasileiros n\u00e3o t\u00eam refeit\u00f3rio. A comida \u00e9 servida nas celas, sem talheres. Trata-se de uma comida de m\u00e1 qualidade, terceirizada, com vantagens para os contratantes e puro descaso para com aqueles a quem \u00e9 destinada.&quot;\" \/>\n<meta property=\"og:url\" content=\"https:\/\/inclusivenews.com.br\/?p=18993\" \/>\n<meta property=\"article:publisher\" content=\"https:\/\/www.facebook.com\/agenciainclusive\/\" \/>\n<meta property=\"article:published_time\" content=\"2011-04-07T10:32:42+00:00\" \/>\n<meta property=\"og:image\" content=\"http:\/\/inclusivenews.com.br\/wp-content\/uploads\/2010\/04\/helio.jpg\" \/>\n<meta name=\"author\" content=\"inclusivenews2024\" \/>\n<meta name=\"twitter:card\" content=\"summary_large_image\" \/>\n<meta name=\"twitter:label1\" content=\"Escrito por\" \/>\n\t<meta name=\"twitter:data1\" content=\"inclusivenews2024\" \/>\n\t<meta name=\"twitter:label2\" content=\"Tempo estimado de leitura\" \/>\n\t<meta name=\"twitter:data2\" content=\"3 minutos\" \/>\n<script type=\"application\/ld+json\" class=\"yoast-schema-graph\">{\"@context\":\"https:\\\/\\\/schema.org\",\"@graph\":[{\"@type\":\"Article\",\"@id\":\"https:\\\/\\\/inclusivenews.com.br\\\/?p=18993#article\",\"isPartOf\":{\"@id\":\"https:\\\/\\\/inclusivenews.com.br\\\/?p=18993\"},\"author\":{\"name\":\"inclusivenews2024\",\"@id\":\"https:\\\/\\\/inclusivenews.com.br\\\/#\\\/schema\\\/person\\\/ae4ec7087559b8692fb33b6fffd2273b\"},\"headline\":\"Dos pres\u00eddios \u00e0 Justi\u00e7a\",\"datePublished\":\"2011-04-07T10:32:42+00:00\",\"mainEntityOfPage\":{\"@id\":\"https:\\\/\\\/inclusivenews.com.br\\\/?p=18993\"},\"wordCount\":599,\"commentCount\":0,\"publisher\":{\"@id\":\"https:\\\/\\\/inclusivenews.com.br\\\/#organization\"},\"image\":{\"@id\":\"https:\\\/\\\/inclusivenews.com.br\\\/?p=18993#primaryimage\"},\"thumbnailUrl\":\"http:\\\/\\\/inclusivenews.com.br\\\/wp-content\\\/uploads\\\/2010\\\/04\\\/helio.jpg\",\"articleSection\":[\"Colunas especiais\",\"DIREITOS HUMANOS\",\"OPINI\u00c3O\"],\"inLanguage\":\"pt-PT\",\"potentialAction\":[{\"@type\":\"CommentAction\",\"name\":\"Comment\",\"target\":[\"https:\\\/\\\/inclusivenews.com.br\\\/?p=18993#respond\"]}]},{\"@type\":\"WebPage\",\"@id\":\"https:\\\/\\\/inclusivenews.com.br\\\/?p=18993\",\"url\":\"https:\\\/\\\/inclusivenews.com.br\\\/?p=18993\",\"name\":\"Dos pres\u00eddios \u00e0 Justi\u00e7a -\",\"isPartOf\":{\"@id\":\"https:\\\/\\\/inclusivenews.com.br\\\/#website\"},\"primaryImageOfPage\":{\"@id\":\"https:\\\/\\\/inclusivenews.com.br\\\/?p=18993#primaryimage\"},\"image\":{\"@id\":\"https:\\\/\\\/inclusivenews.com.br\\\/?p=18993#primaryimage\"},\"thumbnailUrl\":\"http:\\\/\\\/inclusivenews.com.br\\\/wp-content\\\/uploads\\\/2010\\\/04\\\/helio.jpg\",\"datePublished\":\"2011-04-07T10:32:42+00:00\",\"breadcrumb\":{\"@id\":\"https:\\\/\\\/inclusivenews.com.br\\\/?p=18993#breadcrumb\"},\"inLanguage\":\"pt-PT\",\"potentialAction\":[{\"@type\":\"ReadAction\",\"target\":[\"https:\\\/\\\/inclusivenews.com.br\\\/?p=18993\"]}]},{\"@type\":\"ImageObject\",\"inLanguage\":\"pt-PT\",\"@id\":\"https:\\\/\\\/inclusivenews.com.br\\\/?p=18993#primaryimage\",\"url\":\"\",\"contentUrl\":\"\"},{\"@type\":\"BreadcrumbList\",\"@id\":\"https:\\\/\\\/inclusivenews.com.br\\\/?p=18993#breadcrumb\",\"itemListElement\":[{\"@type\":\"ListItem\",\"position\":1,\"name\":\"In\u00edcio\",\"item\":\"https:\\\/\\\/inclusivenews.com.br\\\/\"},{\"@type\":\"ListItem\",\"position\":2,\"name\":\"Dos pres\u00eddios \u00e0 Justi\u00e7a\"}]},{\"@type\":\"WebSite\",\"@id\":\"https:\\\/\\\/inclusivenews.com.br\\\/#website\",\"url\":\"https:\\\/\\\/inclusivenews.com.br\\\/\",\"name\":\"Inclusive News\",\"description\":\"Inclusive News\",\"publisher\":{\"@id\":\"https:\\\/\\\/inclusivenews.com.br\\\/#organization\"},\"potentialAction\":[{\"@type\":\"SearchAction\",\"target\":{\"@type\":\"EntryPoint\",\"urlTemplate\":\"https:\\\/\\\/inclusivenews.com.br\\\/?s={search_term_string}\"},\"query-input\":{\"@type\":\"PropertyValueSpecification\",\"valueRequired\":true,\"valueName\":\"search_term_string\"}}],\"inLanguage\":\"pt-PT\"},{\"@type\":\"Organization\",\"@id\":\"https:\\\/\\\/inclusivenews.com.br\\\/#organization\",\"name\":\"Inclusive - inclus\u00e3o e cidadania\",\"url\":\"https:\\\/\\\/inclusivenews.com.br\\\/\",\"logo\":{\"@type\":\"ImageObject\",\"inLanguage\":\"pt-PT\",\"@id\":\"https:\\\/\\\/inclusivenews.com.br\\\/#\\\/schema\\\/logo\\\/image\\\/\",\"url\":\"https:\\\/\\\/inclusivenews.com.br\\\/wp-content\\\/uploads\\\/2024\\\/03\\\/@grandesite.png\",\"contentUrl\":\"https:\\\/\\\/inclusivenews.com.br\\\/wp-content\\\/uploads\\\/2024\\\/03\\\/@grandesite.png\",\"width\":1080,\"height\":1080,\"caption\":\"Inclusive - inclus\u00e3o e cidadania\"},\"image\":{\"@id\":\"https:\\\/\\\/inclusivenews.com.br\\\/#\\\/schema\\\/logo\\\/image\\\/\"},\"sameAs\":[\"https:\\\/\\\/www.facebook.com\\\/agenciainclusive\\\/\",\"https:\\\/\\\/www.instagram.com\\\/newsinclusive\\\/\"]},{\"@type\":\"Person\",\"@id\":\"https:\\\/\\\/inclusivenews.com.br\\\/#\\\/schema\\\/person\\\/ae4ec7087559b8692fb33b6fffd2273b\",\"name\":\"inclusivenews2024\",\"image\":{\"@type\":\"ImageObject\",\"inLanguage\":\"pt-PT\",\"@id\":\"https:\\\/\\\/secure.gravatar.com\\\/avatar\\\/c5a7ef84c66fa914f55bc4f7ce26cfa275a3b9a1c5568b907bd184fb4dde7b40?s=96&d=mm&r=g\",\"url\":\"https:\\\/\\\/secure.gravatar.com\\\/avatar\\\/c5a7ef84c66fa914f55bc4f7ce26cfa275a3b9a1c5568b907bd184fb4dde7b40?s=96&d=mm&r=g\",\"contentUrl\":\"https:\\\/\\\/secure.gravatar.com\\\/avatar\\\/c5a7ef84c66fa914f55bc4f7ce26cfa275a3b9a1c5568b907bd184fb4dde7b40?s=96&d=mm&r=g\",\"caption\":\"inclusivenews2024\"},\"sameAs\":[\"https:\\\/\\\/inclusivenews.com.br\"],\"url\":\"https:\\\/\\\/inclusivenews.com.br\\\/?author=1\"}]}<\/script>\n<!-- \/ Yoast SEO plugin. -->","yoast_head_json":{"title":"Dos pres\u00eddios \u00e0 Justi\u00e7a -","robots":{"index":"index","follow":"follow","max-snippet":"max-snippet:-1","max-image-preview":"max-image-preview:large","max-video-preview":"max-video-preview:-1"},"canonical":"https:\/\/inclusivenews.com.br\/?p=18993","og_locale":"pt_PT","og_type":"article","og_title":"Dos pres\u00eddios \u00e0 Justi\u00e7a -","og_description":"Por H\u00e9lio Bicudo. \"Os pres\u00eddios brasileiros n\u00e3o t\u00eam refeit\u00f3rio. A comida \u00e9 servida nas celas, sem talheres. Trata-se de uma comida de m\u00e1 qualidade, terceirizada, com vantagens para os contratantes e puro descaso para com aqueles a quem \u00e9 destinada.\"","og_url":"https:\/\/inclusivenews.com.br\/?p=18993","article_publisher":"https:\/\/www.facebook.com\/agenciainclusive\/","article_published_time":"2011-04-07T10:32:42+00:00","og_image":[{"url":"http:\/\/inclusivenews.com.br\/wp-content\/uploads\/2010\/04\/helio.jpg","type":"","width":"","height":""}],"author":"inclusivenews2024","twitter_card":"summary_large_image","twitter_misc":{"Escrito por":"inclusivenews2024","Tempo estimado de leitura":"3 minutos"},"schema":{"@context":"https:\/\/schema.org","@graph":[{"@type":"Article","@id":"https:\/\/inclusivenews.com.br\/?p=18993#article","isPartOf":{"@id":"https:\/\/inclusivenews.com.br\/?p=18993"},"author":{"name":"inclusivenews2024","@id":"https:\/\/inclusivenews.com.br\/#\/schema\/person\/ae4ec7087559b8692fb33b6fffd2273b"},"headline":"Dos pres\u00eddios \u00e0 Justi\u00e7a","datePublished":"2011-04-07T10:32:42+00:00","mainEntityOfPage":{"@id":"https:\/\/inclusivenews.com.br\/?p=18993"},"wordCount":599,"commentCount":0,"publisher":{"@id":"https:\/\/inclusivenews.com.br\/#organization"},"image":{"@id":"https:\/\/inclusivenews.com.br\/?p=18993#primaryimage"},"thumbnailUrl":"http:\/\/inclusivenews.com.br\/wp-content\/uploads\/2010\/04\/helio.jpg","articleSection":["Colunas especiais","DIREITOS HUMANOS","OPINI\u00c3O"],"inLanguage":"pt-PT","potentialAction":[{"@type":"CommentAction","name":"Comment","target":["https:\/\/inclusivenews.com.br\/?p=18993#respond"]}]},{"@type":"WebPage","@id":"https:\/\/inclusivenews.com.br\/?p=18993","url":"https:\/\/inclusivenews.com.br\/?p=18993","name":"Dos pres\u00eddios \u00e0 Justi\u00e7a -","isPartOf":{"@id":"https:\/\/inclusivenews.com.br\/#website"},"primaryImageOfPage":{"@id":"https:\/\/inclusivenews.com.br\/?p=18993#primaryimage"},"image":{"@id":"https:\/\/inclusivenews.com.br\/?p=18993#primaryimage"},"thumbnailUrl":"http:\/\/inclusivenews.com.br\/wp-content\/uploads\/2010\/04\/helio.jpg","datePublished":"2011-04-07T10:32:42+00:00","breadcrumb":{"@id":"https:\/\/inclusivenews.com.br\/?p=18993#breadcrumb"},"inLanguage":"pt-PT","potentialAction":[{"@type":"ReadAction","target":["https:\/\/inclusivenews.com.br\/?p=18993"]}]},{"@type":"ImageObject","inLanguage":"pt-PT","@id":"https:\/\/inclusivenews.com.br\/?p=18993#primaryimage","url":"","contentUrl":""},{"@type":"BreadcrumbList","@id":"https:\/\/inclusivenews.com.br\/?p=18993#breadcrumb","itemListElement":[{"@type":"ListItem","position":1,"name":"In\u00edcio","item":"https:\/\/inclusivenews.com.br\/"},{"@type":"ListItem","position":2,"name":"Dos pres\u00eddios \u00e0 Justi\u00e7a"}]},{"@type":"WebSite","@id":"https:\/\/inclusivenews.com.br\/#website","url":"https:\/\/inclusivenews.com.br\/","name":"Inclusive News","description":"Inclusive News","publisher":{"@id":"https:\/\/inclusivenews.com.br\/#organization"},"potentialAction":[{"@type":"SearchAction","target":{"@type":"EntryPoint","urlTemplate":"https:\/\/inclusivenews.com.br\/?s={search_term_string}"},"query-input":{"@type":"PropertyValueSpecification","valueRequired":true,"valueName":"search_term_string"}}],"inLanguage":"pt-PT"},{"@type":"Organization","@id":"https:\/\/inclusivenews.com.br\/#organization","name":"Inclusive - inclus\u00e3o e cidadania","url":"https:\/\/inclusivenews.com.br\/","logo":{"@type":"ImageObject","inLanguage":"pt-PT","@id":"https:\/\/inclusivenews.com.br\/#\/schema\/logo\/image\/","url":"https:\/\/inclusivenews.com.br\/wp-content\/uploads\/2024\/03\/@grandesite.png","contentUrl":"https:\/\/inclusivenews.com.br\/wp-content\/uploads\/2024\/03\/@grandesite.png","width":1080,"height":1080,"caption":"Inclusive - inclus\u00e3o e cidadania"},"image":{"@id":"https:\/\/inclusivenews.com.br\/#\/schema\/logo\/image\/"},"sameAs":["https:\/\/www.facebook.com\/agenciainclusive\/","https:\/\/www.instagram.com\/newsinclusive\/"]},{"@type":"Person","@id":"https:\/\/inclusivenews.com.br\/#\/schema\/person\/ae4ec7087559b8692fb33b6fffd2273b","name":"inclusivenews2024","image":{"@type":"ImageObject","inLanguage":"pt-PT","@id":"https:\/\/secure.gravatar.com\/avatar\/c5a7ef84c66fa914f55bc4f7ce26cfa275a3b9a1c5568b907bd184fb4dde7b40?s=96&d=mm&r=g","url":"https:\/\/secure.gravatar.com\/avatar\/c5a7ef84c66fa914f55bc4f7ce26cfa275a3b9a1c5568b907bd184fb4dde7b40?s=96&d=mm&r=g","contentUrl":"https:\/\/secure.gravatar.com\/avatar\/c5a7ef84c66fa914f55bc4f7ce26cfa275a3b9a1c5568b907bd184fb4dde7b40?s=96&d=mm&r=g","caption":"inclusivenews2024"},"sameAs":["https:\/\/inclusivenews.com.br"],"url":"https:\/\/inclusivenews.com.br\/?author=1"}]}},"_links":{"self":[{"href":"https:\/\/inclusivenews.com.br\/index.php?rest_route=\/wp\/v2\/posts\/18993","targetHints":{"allow":["GET"]}}],"collection":[{"href":"https:\/\/inclusivenews.com.br\/index.php?rest_route=\/wp\/v2\/posts"}],"about":[{"href":"https:\/\/inclusivenews.com.br\/index.php?rest_route=\/wp\/v2\/types\/post"}],"author":[{"embeddable":true,"href":"https:\/\/inclusivenews.com.br\/index.php?rest_route=\/wp\/v2\/users\/1"}],"replies":[{"embeddable":true,"href":"https:\/\/inclusivenews.com.br\/index.php?rest_route=%2Fwp%2Fv2%2Fcomments&post=18993"}],"version-history":[{"count":0,"href":"https:\/\/inclusivenews.com.br\/index.php?rest_route=\/wp\/v2\/posts\/18993\/revisions"}],"wp:attachment":[{"href":"https:\/\/inclusivenews.com.br\/index.php?rest_route=%2Fwp%2Fv2%2Fmedia&parent=18993"}],"wp:term":[{"taxonomy":"category","embeddable":true,"href":"https:\/\/inclusivenews.com.br\/index.php?rest_route=%2Fwp%2Fv2%2Fcategories&post=18993"},{"taxonomy":"post_tag","embeddable":true,"href":"https:\/\/inclusivenews.com.br\/index.php?rest_route=%2Fwp%2Fv2%2Ftags&post=18993"}],"curies":[{"name":"wp","href":"https:\/\/api.w.org\/{rel}","templated":true}]}}