{"id":18994,"date":"2011-04-07T07:34:16","date_gmt":"2011-04-07T10:34:16","guid":{"rendered":"http:\/\/www.inclusive.org.br\/?p=18994"},"modified":"2011-04-07T07:34:16","modified_gmt":"2011-04-07T10:34:16","slug":"incluidos-pela-educacao","status":"publish","type":"post","link":"https:\/\/inclusivenews.com.br\/?p=18994","title":{"rendered":"Incluidos pela educa\u00e7\u00e3o"},"content":{"rendered":"<p><strong><a href=\"http:\/\/www.inclusivenews.com.br\/wp-content\/uploads\/2011\/04\/inclusive_inclusao.jpg\"><img loading=\"lazy\" decoding=\"async\" class=\"size-full wp-image-18995 alignleft\" title=\"Inclusive - inclus\u00e3o - v\u00e1rias figuras multicoloridas de m\u00e3os dadas: um cadeirante, um muito alto, um muito baixo e outros olhando para dire\u00e7\u00f5es diversas\" src=\"http:\/\/inclusivenews.com.br\/wp-content\/uploads\/2011\/04\/inclusive_inclusao.jpg\" alt=\"Inclusive - inclus\u00e3o - v\u00e1rias figuras multicoloridas de m\u00e3os dadas: um cadeirante, um muito alto, um muito baixo e outros olhando para dire\u00e7\u00f5es diversas\" width=\"232\" height=\"126\" \/><\/a>Por Gil Pena *<\/strong><\/p>\n<p>Li com interesse o <a href=\"http:\/\/www2.uol.com.br\/vivermente\/artigos\/excluidos_pela_inclusao.html\" target=\"_blank\" rel=\"noopener\">artigo recente de Ana Elizabeth Cavalcanti na edi\u00e7\u00e3o virtual da Revista Mente C\u00e9rebro <img loading=\"lazy\" decoding=\"async\" title=\"Link abrir\u00e1 em uma nova janela ou aba.\" src=\"http:\/\/www.inclusive.org.br\/images\/new_window.gif\" alt=\"Link abrir\u00e1 em uma nova janela ou aba.\" width=\"16\" height=\"14\" \/><\/a> (Edi\u00e7\u00e3o 218, mar\u00e7o 2011). Causou-me espanto sua avalia\u00e7\u00e3o de que o discurso da inclus\u00e3o tornou-se hegem\u00f4nico. \u00c9 dif\u00edcil crer que minorias t\u00e3o diversas como as pessoas com defici\u00eancia tenham conseguido tornar hegem\u00f4nico seu discurso, quando a educa\u00e7\u00e3o que se pratica quase sempre \u00e9 de exclus\u00e3o do diferente, n\u00e3o apenas aquele com defici\u00eancia intelectual, mas tamb\u00e9m aquele com defici\u00eancias sensoriais e f\u00edsicas, para n\u00e3o mencionar pessoas com outros r\u00f3tulos (dislexia, transtornos de aten\u00e7\u00e3o, hiperatividade), n\u00e3o necessariamente ligados a qualquer defici\u00eancia. Embora question\u00e1vel, a afirma\u00e7\u00e3o de que os surdos \u201cpensam exatamente o contr\u00e1rio\u201d indica que n\u00e3o h\u00e1 hegemonia do pensamento inclusivo. O depoimento da professora, contra a inclus\u00e3o, bem ilustra que a atitude do professorado ainda n\u00e3o \u00e9 inclusiva. Seu desconforto, por outro lado, indica que pode estar ocorrendo uma mudan\u00e7a de postura, pelo menos contra a exclus\u00e3o. \u00c9 mesmo poss\u00edvel, que tratar as coisas pelo bin\u00f4mio inclus\u00e3o-exclus\u00e3o possa n\u00e3o ser a melhor forma.<\/p>\n<p>Dialeticamente, representam tese e ant\u00edtese, mas n\u00e3o s\u00e3o os \u00fanicos pontos poss\u00edveis. Existe um caminho, um processo: \u00e9 a dire\u00e7\u00e3o, o sentido, que interessa mais. H\u00e1 um princ\u00edpio indiscut\u00edvel, salientado pela pr\u00f3pria autora, de que \u201c<em>todas <\/em>as crian\u00e7as, independentemente de suas condi\u00e7\u00f5es, t\u00eam direito e devem ter acesso a escolariza\u00e7\u00e3o de qualidade.\u201d Esse \u00e9 o sentido da inclus\u00e3o. N\u00e3o \u00e9 um ponto abstrato de chegada, mas um processo orientado na dire\u00e7\u00e3o de que as pessoas possam ter uma educa\u00e7\u00e3o, inclusive escolar, de qualidade.<\/p>\n<p>H\u00e1 exclus\u00f5es hist\u00f3ricas \u2013 a escravid\u00e3o, a educa\u00e7\u00e3o segregada por sexo, o <em>Apartheid<\/em> \u2013 que podem nos ajudar a entender como a diferen\u00e7a pode originar a discrimina\u00e7\u00e3o. Em determinados momentos da hist\u00f3ria, houve quem justificasse esse discurso segregador, apenas por supor que poss\u00edveis mudan\u00e7as implicariam em um \u2018processo\u2019 novo, desconhecido, apesar de acreditar que, em princ\u00edpio, essa segrega\u00e7\u00e3o devesse n\u00e3o existir.<\/p>\n<p>Os problemas observados no processo da inclus\u00e3o surgem, em parte, da dificuldade de entender que espa\u00e7o \u00e9 esse, do qual determinadas pessoas est\u00e3o exclu\u00eddas. N\u00e3o se trata apenas de um espa\u00e7o f\u00edsico, uma carteira ou uma sala especial. Trata-se de um espa\u00e7o de conviv\u00eancia: \u00e9 nesse viver junto onde ocorre a forma\u00e7\u00e3o do ser humano: n\u00e3o \u00e9 na sala de aula, n\u00e3o \u00e9 no esfor\u00e7o do professor, nem no c\u00e9rebro do aprendiz: o aprendizado ocorre na rela\u00e7\u00e3o. Se n\u00e3o houver uma intera\u00e7\u00e3o congruente entre aquele que ensina e aquele que aprende, n\u00e3o se produz aprendizado, nem mesmo com todos os esfor\u00e7os do professor.<\/p>\n<p>O aprendizado humano \u00e9 particular\u00edssimo nesse aspecto, ele ocorre na rela\u00e7\u00e3o humana. \u00c9 estranho constatar que profissionais da educa\u00e7\u00e3o ainda desconhecem esse particular\u00edssimo modo de aprendizagem. Os educadores t\u00eam procurado estabelecer m\u00e9todos particulares, para esse ou aquele aluno, mas o aprendizado segue sempre uma mesma linha, consistindo na aquisi\u00e7\u00e3o de ferramentas da cultura, sempre na intera\u00e7\u00e3o com o outro e na supera\u00e7\u00e3o das dificuldades. A for\u00e7a motriz dessa supera\u00e7\u00e3o \u00e9 a pr\u00f3pria voca\u00e7\u00e3o ontol\u00f3gica humana de construir-se como ser humano. Nessa constru\u00e7\u00e3o, operam-se desvios culturais, estendem-se pontes cognitivas, na supera\u00e7\u00e3o de obst\u00e1culos. Ler pelo tato, \u201couvir\u201d pela leitura labial, s\u00e3o exemplos de supera\u00e7\u00e3o, propiciados por ferramentas culturais.<\/p>\n<p>Deixar de oferecer a qualquer um a possibilidade de supera\u00e7\u00e3o, da sua constru\u00e7\u00e3o como humano, que \u00e9 o que constitui o processo educativo, \u00e9 furtar-lhe a humanidade. O fato de a educa\u00e7\u00e3o, j\u00e1 h\u00e1 muito tempo, estar usurpando a algumas pessoas essa possibilidade, n\u00e3o deve servir de argumento para que adiemos esse processo de inclus\u00e3o. Trata-se de entender a escola como espa\u00e7o humano de conviv\u00eancia, e que as pessoas \u2013 toda pessoa \u2013 t\u00eam direito a compartilhar desse ambiente. O fato de que, historicamente, n\u00e3o o tenham ocupado, n\u00e3o implica que tenhamos que continuar negando-lhes tal direito. O desconforto do professor, em sua fala n\u00e3o inclusiva, decorre n\u00e3o da imposi\u00e7\u00e3o de um discurso ideol\u00f3gico, hegem\u00f4nico, dos defensores da inclus\u00e3o, mas do desconforto que \u00e9 deixar de oferecer um tratamento humano, a quem lhe \u00e9 de direito. Esse desconforto \u00e9 um convite a reflex\u00e3o, passo inicial para reconfigurarmos o mundo.<\/p>\n<p>* Gil Pena \u00e9 m\u00e9dico patologista e dedica-se a estudos na \u00e1rea da educa\u00e7\u00e3o.<\/p>\n<p>____________<\/p>\n<p><strong>Fonte:<\/strong> O Autor<\/p>\n","protected":false},"excerpt":{"rendered":"<p>Por Gil Pena. &#8220;O fato de a educa\u00e7\u00e3o, j\u00e1 h\u00e1 muito tempo, estar usurpando a algumas pessoas essa possibilidade, n\u00e3o deve servir de argumento para que adiemos esse processo de inclus\u00e3o.&#8221;<\/p>\n","protected":false},"author":1,"featured_media":0,"comment_status":"open","ping_status":"open","sticky":false,"template":"","format":"standard","meta":{"site-container-style":"default","site-container-layout":"default","site-sidebar-layout":"default","disable-article-header":"default","disable-site-header":"default","disable-site-footer":"default","disable-content-area-spacing":"default","footnotes":""},"categories":[36,6,48,8],"tags":[],"class_list":["post-18994","post","type-post","status-publish","format-standard","hentry","category-colunas-especiais","category-educacao","category-inclusao","category-textos-e-artigos"],"yoast_head":"<!-- This site is optimized with the Yoast SEO plugin v27.4 - https:\/\/yoast.com\/product\/yoast-seo-wordpress\/ -->\n<title>Incluidos pela educa\u00e7\u00e3o -<\/title>\n<meta name=\"robots\" content=\"index, follow, max-snippet:-1, max-image-preview:large, max-video-preview:-1\" \/>\n<link rel=\"canonical\" href=\"https:\/\/inclusivenews.com.br\/?p=18994\" \/>\n<meta property=\"og:locale\" content=\"pt_PT\" \/>\n<meta property=\"og:type\" content=\"article\" \/>\n<meta property=\"og:title\" content=\"Incluidos pela educa\u00e7\u00e3o -\" \/>\n<meta property=\"og:description\" content=\"Por Gil Pena. &quot;O fato de a educa\u00e7\u00e3o, j\u00e1 h\u00e1 muito tempo, estar usurpando a algumas pessoas essa possibilidade, n\u00e3o deve servir de argumento para que adiemos esse processo de inclus\u00e3o.&quot;\" \/>\n<meta property=\"og:url\" content=\"https:\/\/inclusivenews.com.br\/?p=18994\" \/>\n<meta property=\"article:publisher\" content=\"https:\/\/www.facebook.com\/agenciainclusive\/\" \/>\n<meta property=\"article:published_time\" content=\"2011-04-07T10:34:16+00:00\" \/>\n<meta property=\"og:image\" content=\"http:\/\/inclusivenews.com.br\/wp-content\/uploads\/2011\/04\/inclusive_inclusao.jpg\" \/>\n<meta name=\"author\" content=\"inclusivenews2024\" \/>\n<meta name=\"twitter:card\" content=\"summary_large_image\" \/>\n<meta name=\"twitter:label1\" content=\"Escrito por\" \/>\n\t<meta name=\"twitter:data1\" content=\"inclusivenews2024\" \/>\n\t<meta name=\"twitter:label2\" content=\"Tempo estimado de leitura\" \/>\n\t<meta name=\"twitter:data2\" content=\"4 minutos\" \/>\n<script type=\"application\/ld+json\" class=\"yoast-schema-graph\">{\"@context\":\"https:\\\/\\\/schema.org\",\"@graph\":[{\"@type\":\"Article\",\"@id\":\"https:\\\/\\\/inclusivenews.com.br\\\/?p=18994#article\",\"isPartOf\":{\"@id\":\"https:\\\/\\\/inclusivenews.com.br\\\/?p=18994\"},\"author\":{\"name\":\"inclusivenews2024\",\"@id\":\"https:\\\/\\\/inclusivenews.com.br\\\/#\\\/schema\\\/person\\\/ae4ec7087559b8692fb33b6fffd2273b\"},\"headline\":\"Incluidos pela educa\u00e7\u00e3o\",\"datePublished\":\"2011-04-07T10:34:16+00:00\",\"mainEntityOfPage\":{\"@id\":\"https:\\\/\\\/inclusivenews.com.br\\\/?p=18994\"},\"wordCount\":790,\"commentCount\":1,\"publisher\":{\"@id\":\"https:\\\/\\\/inclusivenews.com.br\\\/#organization\"},\"image\":{\"@id\":\"https:\\\/\\\/inclusivenews.com.br\\\/?p=18994#primaryimage\"},\"thumbnailUrl\":\"http:\\\/\\\/inclusivenews.com.br\\\/wp-content\\\/uploads\\\/2011\\\/04\\\/inclusive_inclusao.jpg\",\"articleSection\":[\"Colunas especiais\",\"EDUCA\u00c7\u00c3O\",\"INCLUS\u00c3O SOCIAL\",\"OPINI\u00c3O\"],\"inLanguage\":\"pt-PT\",\"potentialAction\":[{\"@type\":\"CommentAction\",\"name\":\"Comment\",\"target\":[\"https:\\\/\\\/inclusivenews.com.br\\\/?p=18994#respond\"]}]},{\"@type\":\"WebPage\",\"@id\":\"https:\\\/\\\/inclusivenews.com.br\\\/?p=18994\",\"url\":\"https:\\\/\\\/inclusivenews.com.br\\\/?p=18994\",\"name\":\"Incluidos pela educa\u00e7\u00e3o -\",\"isPartOf\":{\"@id\":\"https:\\\/\\\/inclusivenews.com.br\\\/#website\"},\"primaryImageOfPage\":{\"@id\":\"https:\\\/\\\/inclusivenews.com.br\\\/?p=18994#primaryimage\"},\"image\":{\"@id\":\"https:\\\/\\\/inclusivenews.com.br\\\/?p=18994#primaryimage\"},\"thumbnailUrl\":\"http:\\\/\\\/inclusivenews.com.br\\\/wp-content\\\/uploads\\\/2011\\\/04\\\/inclusive_inclusao.jpg\",\"datePublished\":\"2011-04-07T10:34:16+00:00\",\"breadcrumb\":{\"@id\":\"https:\\\/\\\/inclusivenews.com.br\\\/?p=18994#breadcrumb\"},\"inLanguage\":\"pt-PT\",\"potentialAction\":[{\"@type\":\"ReadAction\",\"target\":[\"https:\\\/\\\/inclusivenews.com.br\\\/?p=18994\"]}]},{\"@type\":\"ImageObject\",\"inLanguage\":\"pt-PT\",\"@id\":\"https:\\\/\\\/inclusivenews.com.br\\\/?p=18994#primaryimage\",\"url\":\"\",\"contentUrl\":\"\"},{\"@type\":\"BreadcrumbList\",\"@id\":\"https:\\\/\\\/inclusivenews.com.br\\\/?p=18994#breadcrumb\",\"itemListElement\":[{\"@type\":\"ListItem\",\"position\":1,\"name\":\"In\u00edcio\",\"item\":\"https:\\\/\\\/inclusivenews.com.br\\\/\"},{\"@type\":\"ListItem\",\"position\":2,\"name\":\"Incluidos pela educa\u00e7\u00e3o\"}]},{\"@type\":\"WebSite\",\"@id\":\"https:\\\/\\\/inclusivenews.com.br\\\/#website\",\"url\":\"https:\\\/\\\/inclusivenews.com.br\\\/\",\"name\":\"Inclusive News\",\"description\":\"Inclusive News\",\"publisher\":{\"@id\":\"https:\\\/\\\/inclusivenews.com.br\\\/#organization\"},\"potentialAction\":[{\"@type\":\"SearchAction\",\"target\":{\"@type\":\"EntryPoint\",\"urlTemplate\":\"https:\\\/\\\/inclusivenews.com.br\\\/?s={search_term_string}\"},\"query-input\":{\"@type\":\"PropertyValueSpecification\",\"valueRequired\":true,\"valueName\":\"search_term_string\"}}],\"inLanguage\":\"pt-PT\"},{\"@type\":\"Organization\",\"@id\":\"https:\\\/\\\/inclusivenews.com.br\\\/#organization\",\"name\":\"Inclusive - inclus\u00e3o e cidadania\",\"url\":\"https:\\\/\\\/inclusivenews.com.br\\\/\",\"logo\":{\"@type\":\"ImageObject\",\"inLanguage\":\"pt-PT\",\"@id\":\"https:\\\/\\\/inclusivenews.com.br\\\/#\\\/schema\\\/logo\\\/image\\\/\",\"url\":\"https:\\\/\\\/inclusivenews.com.br\\\/wp-content\\\/uploads\\\/2024\\\/03\\\/@grandesite.png\",\"contentUrl\":\"https:\\\/\\\/inclusivenews.com.br\\\/wp-content\\\/uploads\\\/2024\\\/03\\\/@grandesite.png\",\"width\":1080,\"height\":1080,\"caption\":\"Inclusive - inclus\u00e3o e cidadania\"},\"image\":{\"@id\":\"https:\\\/\\\/inclusivenews.com.br\\\/#\\\/schema\\\/logo\\\/image\\\/\"},\"sameAs\":[\"https:\\\/\\\/www.facebook.com\\\/agenciainclusive\\\/\",\"https:\\\/\\\/www.instagram.com\\\/newsinclusive\\\/\"]},{\"@type\":\"Person\",\"@id\":\"https:\\\/\\\/inclusivenews.com.br\\\/#\\\/schema\\\/person\\\/ae4ec7087559b8692fb33b6fffd2273b\",\"name\":\"inclusivenews2024\",\"image\":{\"@type\":\"ImageObject\",\"inLanguage\":\"pt-PT\",\"@id\":\"https:\\\/\\\/secure.gravatar.com\\\/avatar\\\/c5a7ef84c66fa914f55bc4f7ce26cfa275a3b9a1c5568b907bd184fb4dde7b40?s=96&d=mm&r=g\",\"url\":\"https:\\\/\\\/secure.gravatar.com\\\/avatar\\\/c5a7ef84c66fa914f55bc4f7ce26cfa275a3b9a1c5568b907bd184fb4dde7b40?s=96&d=mm&r=g\",\"contentUrl\":\"https:\\\/\\\/secure.gravatar.com\\\/avatar\\\/c5a7ef84c66fa914f55bc4f7ce26cfa275a3b9a1c5568b907bd184fb4dde7b40?s=96&d=mm&r=g\",\"caption\":\"inclusivenews2024\"},\"sameAs\":[\"https:\\\/\\\/inclusivenews.com.br\"],\"url\":\"https:\\\/\\\/inclusivenews.com.br\\\/?author=1\"}]}<\/script>\n<!-- \/ Yoast SEO plugin. -->","yoast_head_json":{"title":"Incluidos pela educa\u00e7\u00e3o -","robots":{"index":"index","follow":"follow","max-snippet":"max-snippet:-1","max-image-preview":"max-image-preview:large","max-video-preview":"max-video-preview:-1"},"canonical":"https:\/\/inclusivenews.com.br\/?p=18994","og_locale":"pt_PT","og_type":"article","og_title":"Incluidos pela educa\u00e7\u00e3o -","og_description":"Por Gil Pena. \"O fato de a educa\u00e7\u00e3o, j\u00e1 h\u00e1 muito tempo, estar usurpando a algumas pessoas essa possibilidade, n\u00e3o deve servir de argumento para que adiemos esse processo de inclus\u00e3o.\"","og_url":"https:\/\/inclusivenews.com.br\/?p=18994","article_publisher":"https:\/\/www.facebook.com\/agenciainclusive\/","article_published_time":"2011-04-07T10:34:16+00:00","og_image":[{"url":"http:\/\/inclusivenews.com.br\/wp-content\/uploads\/2011\/04\/inclusive_inclusao.jpg","type":"","width":"","height":""}],"author":"inclusivenews2024","twitter_card":"summary_large_image","twitter_misc":{"Escrito por":"inclusivenews2024","Tempo estimado de leitura":"4 minutos"},"schema":{"@context":"https:\/\/schema.org","@graph":[{"@type":"Article","@id":"https:\/\/inclusivenews.com.br\/?p=18994#article","isPartOf":{"@id":"https:\/\/inclusivenews.com.br\/?p=18994"},"author":{"name":"inclusivenews2024","@id":"https:\/\/inclusivenews.com.br\/#\/schema\/person\/ae4ec7087559b8692fb33b6fffd2273b"},"headline":"Incluidos pela educa\u00e7\u00e3o","datePublished":"2011-04-07T10:34:16+00:00","mainEntityOfPage":{"@id":"https:\/\/inclusivenews.com.br\/?p=18994"},"wordCount":790,"commentCount":1,"publisher":{"@id":"https:\/\/inclusivenews.com.br\/#organization"},"image":{"@id":"https:\/\/inclusivenews.com.br\/?p=18994#primaryimage"},"thumbnailUrl":"http:\/\/inclusivenews.com.br\/wp-content\/uploads\/2011\/04\/inclusive_inclusao.jpg","articleSection":["Colunas especiais","EDUCA\u00c7\u00c3O","INCLUS\u00c3O SOCIAL","OPINI\u00c3O"],"inLanguage":"pt-PT","potentialAction":[{"@type":"CommentAction","name":"Comment","target":["https:\/\/inclusivenews.com.br\/?p=18994#respond"]}]},{"@type":"WebPage","@id":"https:\/\/inclusivenews.com.br\/?p=18994","url":"https:\/\/inclusivenews.com.br\/?p=18994","name":"Incluidos pela educa\u00e7\u00e3o -","isPartOf":{"@id":"https:\/\/inclusivenews.com.br\/#website"},"primaryImageOfPage":{"@id":"https:\/\/inclusivenews.com.br\/?p=18994#primaryimage"},"image":{"@id":"https:\/\/inclusivenews.com.br\/?p=18994#primaryimage"},"thumbnailUrl":"http:\/\/inclusivenews.com.br\/wp-content\/uploads\/2011\/04\/inclusive_inclusao.jpg","datePublished":"2011-04-07T10:34:16+00:00","breadcrumb":{"@id":"https:\/\/inclusivenews.com.br\/?p=18994#breadcrumb"},"inLanguage":"pt-PT","potentialAction":[{"@type":"ReadAction","target":["https:\/\/inclusivenews.com.br\/?p=18994"]}]},{"@type":"ImageObject","inLanguage":"pt-PT","@id":"https:\/\/inclusivenews.com.br\/?p=18994#primaryimage","url":"","contentUrl":""},{"@type":"BreadcrumbList","@id":"https:\/\/inclusivenews.com.br\/?p=18994#breadcrumb","itemListElement":[{"@type":"ListItem","position":1,"name":"In\u00edcio","item":"https:\/\/inclusivenews.com.br\/"},{"@type":"ListItem","position":2,"name":"Incluidos pela educa\u00e7\u00e3o"}]},{"@type":"WebSite","@id":"https:\/\/inclusivenews.com.br\/#website","url":"https:\/\/inclusivenews.com.br\/","name":"Inclusive News","description":"Inclusive News","publisher":{"@id":"https:\/\/inclusivenews.com.br\/#organization"},"potentialAction":[{"@type":"SearchAction","target":{"@type":"EntryPoint","urlTemplate":"https:\/\/inclusivenews.com.br\/?s={search_term_string}"},"query-input":{"@type":"PropertyValueSpecification","valueRequired":true,"valueName":"search_term_string"}}],"inLanguage":"pt-PT"},{"@type":"Organization","@id":"https:\/\/inclusivenews.com.br\/#organization","name":"Inclusive - inclus\u00e3o e cidadania","url":"https:\/\/inclusivenews.com.br\/","logo":{"@type":"ImageObject","inLanguage":"pt-PT","@id":"https:\/\/inclusivenews.com.br\/#\/schema\/logo\/image\/","url":"https:\/\/inclusivenews.com.br\/wp-content\/uploads\/2024\/03\/@grandesite.png","contentUrl":"https:\/\/inclusivenews.com.br\/wp-content\/uploads\/2024\/03\/@grandesite.png","width":1080,"height":1080,"caption":"Inclusive - inclus\u00e3o e cidadania"},"image":{"@id":"https:\/\/inclusivenews.com.br\/#\/schema\/logo\/image\/"},"sameAs":["https:\/\/www.facebook.com\/agenciainclusive\/","https:\/\/www.instagram.com\/newsinclusive\/"]},{"@type":"Person","@id":"https:\/\/inclusivenews.com.br\/#\/schema\/person\/ae4ec7087559b8692fb33b6fffd2273b","name":"inclusivenews2024","image":{"@type":"ImageObject","inLanguage":"pt-PT","@id":"https:\/\/secure.gravatar.com\/avatar\/c5a7ef84c66fa914f55bc4f7ce26cfa275a3b9a1c5568b907bd184fb4dde7b40?s=96&d=mm&r=g","url":"https:\/\/secure.gravatar.com\/avatar\/c5a7ef84c66fa914f55bc4f7ce26cfa275a3b9a1c5568b907bd184fb4dde7b40?s=96&d=mm&r=g","contentUrl":"https:\/\/secure.gravatar.com\/avatar\/c5a7ef84c66fa914f55bc4f7ce26cfa275a3b9a1c5568b907bd184fb4dde7b40?s=96&d=mm&r=g","caption":"inclusivenews2024"},"sameAs":["https:\/\/inclusivenews.com.br"],"url":"https:\/\/inclusivenews.com.br\/?author=1"}]}},"_links":{"self":[{"href":"https:\/\/inclusivenews.com.br\/index.php?rest_route=\/wp\/v2\/posts\/18994","targetHints":{"allow":["GET"]}}],"collection":[{"href":"https:\/\/inclusivenews.com.br\/index.php?rest_route=\/wp\/v2\/posts"}],"about":[{"href":"https:\/\/inclusivenews.com.br\/index.php?rest_route=\/wp\/v2\/types\/post"}],"author":[{"embeddable":true,"href":"https:\/\/inclusivenews.com.br\/index.php?rest_route=\/wp\/v2\/users\/1"}],"replies":[{"embeddable":true,"href":"https:\/\/inclusivenews.com.br\/index.php?rest_route=%2Fwp%2Fv2%2Fcomments&post=18994"}],"version-history":[{"count":0,"href":"https:\/\/inclusivenews.com.br\/index.php?rest_route=\/wp\/v2\/posts\/18994\/revisions"}],"wp:attachment":[{"href":"https:\/\/inclusivenews.com.br\/index.php?rest_route=%2Fwp%2Fv2%2Fmedia&parent=18994"}],"wp:term":[{"taxonomy":"category","embeddable":true,"href":"https:\/\/inclusivenews.com.br\/index.php?rest_route=%2Fwp%2Fv2%2Fcategories&post=18994"},{"taxonomy":"post_tag","embeddable":true,"href":"https:\/\/inclusivenews.com.br\/index.php?rest_route=%2Fwp%2Fv2%2Ftags&post=18994"}],"curies":[{"name":"wp","href":"https:\/\/api.w.org\/{rel}","templated":true}]}}