{"id":18996,"date":"2011-04-07T07:27:50","date_gmt":"2011-04-07T10:27:50","guid":{"rendered":"http:\/\/www.inclusive.org.br\/?p=18996"},"modified":"2011-04-07T07:27:50","modified_gmt":"2011-04-07T10:27:50","slug":"unesco-lanca-a-colecao-historia-geral-da-africa","status":"publish","type":"post","link":"https:\/\/inclusivenews.com.br\/?p=18996","title":{"rendered":"Unesco lan\u00e7a a Cole\u00e7\u00e3o Hist\u00f3ria Geral da \u00c1frica"},"content":{"rendered":"<figure style=\"width: 175px\" class=\"wp-caption alignleft\"><img loading=\"lazy\" decoding=\"async\" title=\"Capa da cole\u00e7\u00e3o - uma escultura em \u00e9bano\" src=\"http:\/\/downloads.unmultimedia.org\/cms\/radio\/content\/uploads\/2011\/04\/full\/unesco_africa.jpg\" alt=\"Capa da cole\u00e7\u00e3o - uma escultura em \u00e9bano\" width=\"175\" height=\"150\" \/><figcaption class=\"wp-caption-text\"> <\/figcaption><\/figure>\n<p><em>Colet\u00e2nea levou 30 anos para ser conclu\u00edda; especialistas brasileiros e africanos participam do evento, nesta quarta-feira, na PUC de S\u00e3o Paulo.<\/em><\/p>\n<p><strong>M\u00f4nica Villela Grayley, da R\u00e1dio ONU em Nova York.<\/strong><\/p>\n<p>O Escrit\u00f3rio da Unesco no Brasil est\u00e1 lan\u00e7ando, nesta quarta-feira, a &#8220;Cole\u00e7\u00e3o Hist\u00f3ria Geral da \u00c1frica&#8221;. A colet\u00e2nea, de oito volumes, dever\u00e1 ser apresentada ao p\u00fablico num evento na PUC de S\u00e3o Paulo.<\/p>\n<p>Participam do lan\u00e7amento, o representante da Unesco no Brasil, Vincent Defourny, autoridades locais e especialistas africanos e brasileiros.<\/p>\n<p><strong>Conhecimento<\/strong><\/p>\n<p>Em entrevista \u00e0 R\u00e1dio ONU, de Bras\u00edlia, o chefe da Unesco, Vincent Defourny, disse que a Cole\u00e7\u00e3o ajuda a promover a diversidade cultural a partir da Hist\u00f3ria.<\/p>\n<p>&#8220;O Brasil est\u00e1 devolvendo para \u00c1frica a sua pr\u00f3pria Hist\u00f3ria. Acho isso muito importante, poder &#8220;reconstruir a ponte&#8221; a partir do conhecimento. A Unesco acredita que o conhecimento \u00e9 a melhor base para trabalhar a compreens\u00e3o m\u00fatua entre os povos e criar uma cultura de paz&#8221;, afirmou.<\/p>\n<p>O pesquisador malin\u00eas Jean Michel Tali, membro do Comit\u00ea Cient\u00edfico da Unesco, falou \u00e0 R\u00e1dio ONU, de Salvador, sobre o valor da colet\u00e2nea para gera\u00e7\u00f5es futuras.<\/p>\n<p><strong>Escravos<\/strong><\/p>\n<p>&#8220;Esta obra, desde j\u00e1, fala de \u00c1frica e d\u00e1 os elementos discursivos para os afrodescendentes defenderem o seu patrim\u00f4nio hist\u00f3rico. Para o futuro \u00e9 trazer para os africanos a hist\u00f3ria dos afrodescendentes e mostrar que essa hist\u00f3ria n\u00e3o se limitou \u00e0 condi\u00e7\u00e3o de escravos. Que eles ajudaram a transformar o chamado novo mundo,&#8221; explicou.<\/p>\n<p>A Cole\u00e7\u00e3o Hist\u00f3ria Geral da \u00c1frica foi editada pela Unesco, levou 30 anos para ser conclu\u00edda e contou com 350 pesquisadores. A vers\u00e3o brasileira foi financiada pelo Minist\u00e9rio da Educa\u00e7\u00e3o com a coordena\u00e7\u00e3o t\u00e9cnica da Universidade Federal de S\u00e3o Carlos.<br \/>\n_________________<\/p>\n<p><strong>Fonte: <\/strong><a href=\"http:\/\/www.unmultimedia.org\/radio\/portuguese\/detail\/194343.html\">Un Multimedia<\/a><\/p>\n","protected":false},"excerpt":{"rendered":"<p>Colet\u00e2nea levou 30 anos para ser conclu\u00edda; especialistas brasileiros e africanos participaram do evento, nesta quarta-feira, na PUC de S\u00e3o Paulo.<\/p>\n","protected":false},"author":1,"featured_media":0,"comment_status":"open","ping_status":"open","sticky":false,"template":"","format":"standard","meta":{"site-container-style":"default","site-container-layout":"default","site-sidebar-layout":"default","disable-article-header":"default","disable-site-header":"default","disable-site-footer":"default","disable-content-area-spacing":"default","footnotes":""},"categories":[11,6,4],"tags":[],"class_list":["post-18996","post","type-post","status-publish","format-standard","hentry","category-direitos-humanos","category-educacao","category-noticias"],"yoast_head":"<!-- This site is optimized with the Yoast SEO plugin v27.4 - https:\/\/yoast.com\/product\/yoast-seo-wordpress\/ -->\n<title>Unesco lan\u00e7a a Cole\u00e7\u00e3o Hist\u00f3ria Geral da \u00c1frica -<\/title>\n<meta name=\"robots\" content=\"index, follow, max-snippet:-1, max-image-preview:large, max-video-preview:-1\" \/>\n<link rel=\"canonical\" href=\"https:\/\/inclusivenews.com.br\/?p=18996\" \/>\n<meta property=\"og:locale\" content=\"pt_PT\" \/>\n<meta property=\"og:type\" content=\"article\" \/>\n<meta property=\"og:title\" content=\"Unesco lan\u00e7a a Cole\u00e7\u00e3o Hist\u00f3ria Geral da \u00c1frica -\" \/>\n<meta property=\"og:description\" content=\"Colet\u00e2nea levou 30 anos para ser conclu\u00edda; especialistas brasileiros e africanos participaram do evento, nesta quarta-feira, na PUC de S\u00e3o Paulo.\" \/>\n<meta property=\"og:url\" content=\"https:\/\/inclusivenews.com.br\/?p=18996\" \/>\n<meta property=\"article:publisher\" content=\"https:\/\/www.facebook.com\/agenciainclusive\/\" \/>\n<meta property=\"article:published_time\" content=\"2011-04-07T10:27:50+00:00\" \/>\n<meta property=\"og:image\" content=\"http:\/\/downloads.unmultimedia.org\/cms\/radio\/content\/uploads\/2011\/04\/full\/unesco_africa.jpg\" \/>\n<meta name=\"author\" content=\"inclusivenews2024\" \/>\n<meta name=\"twitter:card\" content=\"summary_large_image\" \/>\n<meta name=\"twitter:label1\" content=\"Escrito por\" \/>\n\t<meta name=\"twitter:data1\" content=\"inclusivenews2024\" \/>\n\t<meta name=\"twitter:label2\" content=\"Tempo estimado de leitura\" \/>\n\t<meta name=\"twitter:data2\" content=\"2 minutos\" \/>\n<script type=\"application\/ld+json\" class=\"yoast-schema-graph\">{\"@context\":\"https:\\\/\\\/schema.org\",\"@graph\":[{\"@type\":\"Article\",\"@id\":\"https:\\\/\\\/inclusivenews.com.br\\\/?p=18996#article\",\"isPartOf\":{\"@id\":\"https:\\\/\\\/inclusivenews.com.br\\\/?p=18996\"},\"author\":{\"name\":\"inclusivenews2024\",\"@id\":\"https:\\\/\\\/inclusivenews.com.br\\\/#\\\/schema\\\/person\\\/ae4ec7087559b8692fb33b6fffd2273b\"},\"headline\":\"Unesco lan\u00e7a a Cole\u00e7\u00e3o Hist\u00f3ria Geral da \u00c1frica\",\"datePublished\":\"2011-04-07T10:27:50+00:00\",\"mainEntityOfPage\":{\"@id\":\"https:\\\/\\\/inclusivenews.com.br\\\/?p=18996\"},\"wordCount\":331,\"commentCount\":0,\"publisher\":{\"@id\":\"https:\\\/\\\/inclusivenews.com.br\\\/#organization\"},\"image\":{\"@id\":\"https:\\\/\\\/inclusivenews.com.br\\\/?p=18996#primaryimage\"},\"thumbnailUrl\":\"http:\\\/\\\/downloads.unmultimedia.org\\\/cms\\\/radio\\\/content\\\/uploads\\\/2011\\\/04\\\/full\\\/unesco_africa.jpg\",\"articleSection\":[\"DIREITOS HUMANOS\",\"EDUCA\u00c7\u00c3O\",\"NOT\u00cdCIAS\"],\"inLanguage\":\"pt-PT\",\"potentialAction\":[{\"@type\":\"CommentAction\",\"name\":\"Comment\",\"target\":[\"https:\\\/\\\/inclusivenews.com.br\\\/?p=18996#respond\"]}]},{\"@type\":\"WebPage\",\"@id\":\"https:\\\/\\\/inclusivenews.com.br\\\/?p=18996\",\"url\":\"https:\\\/\\\/inclusivenews.com.br\\\/?p=18996\",\"name\":\"Unesco lan\u00e7a a Cole\u00e7\u00e3o Hist\u00f3ria Geral da \u00c1frica -\",\"isPartOf\":{\"@id\":\"https:\\\/\\\/inclusivenews.com.br\\\/#website\"},\"primaryImageOfPage\":{\"@id\":\"https:\\\/\\\/inclusivenews.com.br\\\/?p=18996#primaryimage\"},\"image\":{\"@id\":\"https:\\\/\\\/inclusivenews.com.br\\\/?p=18996#primaryimage\"},\"thumbnailUrl\":\"http:\\\/\\\/downloads.unmultimedia.org\\\/cms\\\/radio\\\/content\\\/uploads\\\/2011\\\/04\\\/full\\\/unesco_africa.jpg\",\"datePublished\":\"2011-04-07T10:27:50+00:00\",\"breadcrumb\":{\"@id\":\"https:\\\/\\\/inclusivenews.com.br\\\/?p=18996#breadcrumb\"},\"inLanguage\":\"pt-PT\",\"potentialAction\":[{\"@type\":\"ReadAction\",\"target\":[\"https:\\\/\\\/inclusivenews.com.br\\\/?p=18996\"]}]},{\"@type\":\"ImageObject\",\"inLanguage\":\"pt-PT\",\"@id\":\"https:\\\/\\\/inclusivenews.com.br\\\/?p=18996#primaryimage\",\"url\":\"http:\\\/\\\/downloads.unmultimedia.org\\\/cms\\\/radio\\\/content\\\/uploads\\\/2011\\\/04\\\/full\\\/unesco_africa.jpg\",\"contentUrl\":\"http:\\\/\\\/downloads.unmultimedia.org\\\/cms\\\/radio\\\/content\\\/uploads\\\/2011\\\/04\\\/full\\\/unesco_africa.jpg\"},{\"@type\":\"BreadcrumbList\",\"@id\":\"https:\\\/\\\/inclusivenews.com.br\\\/?p=18996#breadcrumb\",\"itemListElement\":[{\"@type\":\"ListItem\",\"position\":1,\"name\":\"In\u00edcio\",\"item\":\"https:\\\/\\\/inclusivenews.com.br\\\/\"},{\"@type\":\"ListItem\",\"position\":2,\"name\":\"Unesco lan\u00e7a a Cole\u00e7\u00e3o Hist\u00f3ria Geral da \u00c1frica\"}]},{\"@type\":\"WebSite\",\"@id\":\"https:\\\/\\\/inclusivenews.com.br\\\/#website\",\"url\":\"https:\\\/\\\/inclusivenews.com.br\\\/\",\"name\":\"Inclusive News\",\"description\":\"Inclusive News\",\"publisher\":{\"@id\":\"https:\\\/\\\/inclusivenews.com.br\\\/#organization\"},\"potentialAction\":[{\"@type\":\"SearchAction\",\"target\":{\"@type\":\"EntryPoint\",\"urlTemplate\":\"https:\\\/\\\/inclusivenews.com.br\\\/?s={search_term_string}\"},\"query-input\":{\"@type\":\"PropertyValueSpecification\",\"valueRequired\":true,\"valueName\":\"search_term_string\"}}],\"inLanguage\":\"pt-PT\"},{\"@type\":\"Organization\",\"@id\":\"https:\\\/\\\/inclusivenews.com.br\\\/#organization\",\"name\":\"Inclusive - inclus\u00e3o e cidadania\",\"url\":\"https:\\\/\\\/inclusivenews.com.br\\\/\",\"logo\":{\"@type\":\"ImageObject\",\"inLanguage\":\"pt-PT\",\"@id\":\"https:\\\/\\\/inclusivenews.com.br\\\/#\\\/schema\\\/logo\\\/image\\\/\",\"url\":\"https:\\\/\\\/inclusivenews.com.br\\\/wp-content\\\/uploads\\\/2024\\\/03\\\/@grandesite.png\",\"contentUrl\":\"https:\\\/\\\/inclusivenews.com.br\\\/wp-content\\\/uploads\\\/2024\\\/03\\\/@grandesite.png\",\"width\":1080,\"height\":1080,\"caption\":\"Inclusive - inclus\u00e3o e cidadania\"},\"image\":{\"@id\":\"https:\\\/\\\/inclusivenews.com.br\\\/#\\\/schema\\\/logo\\\/image\\\/\"},\"sameAs\":[\"https:\\\/\\\/www.facebook.com\\\/agenciainclusive\\\/\",\"https:\\\/\\\/www.instagram.com\\\/newsinclusive\\\/\"]},{\"@type\":\"Person\",\"@id\":\"https:\\\/\\\/inclusivenews.com.br\\\/#\\\/schema\\\/person\\\/ae4ec7087559b8692fb33b6fffd2273b\",\"name\":\"inclusivenews2024\",\"image\":{\"@type\":\"ImageObject\",\"inLanguage\":\"pt-PT\",\"@id\":\"https:\\\/\\\/secure.gravatar.com\\\/avatar\\\/c5a7ef84c66fa914f55bc4f7ce26cfa275a3b9a1c5568b907bd184fb4dde7b40?s=96&d=mm&r=g\",\"url\":\"https:\\\/\\\/secure.gravatar.com\\\/avatar\\\/c5a7ef84c66fa914f55bc4f7ce26cfa275a3b9a1c5568b907bd184fb4dde7b40?s=96&d=mm&r=g\",\"contentUrl\":\"https:\\\/\\\/secure.gravatar.com\\\/avatar\\\/c5a7ef84c66fa914f55bc4f7ce26cfa275a3b9a1c5568b907bd184fb4dde7b40?s=96&d=mm&r=g\",\"caption\":\"inclusivenews2024\"},\"sameAs\":[\"https:\\\/\\\/inclusivenews.com.br\"],\"url\":\"https:\\\/\\\/inclusivenews.com.br\\\/?author=1\"}]}<\/script>\n<!-- \/ Yoast SEO plugin. -->","yoast_head_json":{"title":"Unesco lan\u00e7a a Cole\u00e7\u00e3o Hist\u00f3ria Geral da \u00c1frica -","robots":{"index":"index","follow":"follow","max-snippet":"max-snippet:-1","max-image-preview":"max-image-preview:large","max-video-preview":"max-video-preview:-1"},"canonical":"https:\/\/inclusivenews.com.br\/?p=18996","og_locale":"pt_PT","og_type":"article","og_title":"Unesco lan\u00e7a a Cole\u00e7\u00e3o Hist\u00f3ria Geral da \u00c1frica -","og_description":"Colet\u00e2nea levou 30 anos para ser conclu\u00edda; especialistas brasileiros e africanos participaram do evento, nesta quarta-feira, na PUC de S\u00e3o Paulo.","og_url":"https:\/\/inclusivenews.com.br\/?p=18996","article_publisher":"https:\/\/www.facebook.com\/agenciainclusive\/","article_published_time":"2011-04-07T10:27:50+00:00","og_image":[{"url":"http:\/\/downloads.unmultimedia.org\/cms\/radio\/content\/uploads\/2011\/04\/full\/unesco_africa.jpg","type":"","width":"","height":""}],"author":"inclusivenews2024","twitter_card":"summary_large_image","twitter_misc":{"Escrito por":"inclusivenews2024","Tempo estimado de leitura":"2 minutos"},"schema":{"@context":"https:\/\/schema.org","@graph":[{"@type":"Article","@id":"https:\/\/inclusivenews.com.br\/?p=18996#article","isPartOf":{"@id":"https:\/\/inclusivenews.com.br\/?p=18996"},"author":{"name":"inclusivenews2024","@id":"https:\/\/inclusivenews.com.br\/#\/schema\/person\/ae4ec7087559b8692fb33b6fffd2273b"},"headline":"Unesco lan\u00e7a a Cole\u00e7\u00e3o Hist\u00f3ria Geral da \u00c1frica","datePublished":"2011-04-07T10:27:50+00:00","mainEntityOfPage":{"@id":"https:\/\/inclusivenews.com.br\/?p=18996"},"wordCount":331,"commentCount":0,"publisher":{"@id":"https:\/\/inclusivenews.com.br\/#organization"},"image":{"@id":"https:\/\/inclusivenews.com.br\/?p=18996#primaryimage"},"thumbnailUrl":"http:\/\/downloads.unmultimedia.org\/cms\/radio\/content\/uploads\/2011\/04\/full\/unesco_africa.jpg","articleSection":["DIREITOS HUMANOS","EDUCA\u00c7\u00c3O","NOT\u00cdCIAS"],"inLanguage":"pt-PT","potentialAction":[{"@type":"CommentAction","name":"Comment","target":["https:\/\/inclusivenews.com.br\/?p=18996#respond"]}]},{"@type":"WebPage","@id":"https:\/\/inclusivenews.com.br\/?p=18996","url":"https:\/\/inclusivenews.com.br\/?p=18996","name":"Unesco lan\u00e7a a Cole\u00e7\u00e3o Hist\u00f3ria Geral da \u00c1frica -","isPartOf":{"@id":"https:\/\/inclusivenews.com.br\/#website"},"primaryImageOfPage":{"@id":"https:\/\/inclusivenews.com.br\/?p=18996#primaryimage"},"image":{"@id":"https:\/\/inclusivenews.com.br\/?p=18996#primaryimage"},"thumbnailUrl":"http:\/\/downloads.unmultimedia.org\/cms\/radio\/content\/uploads\/2011\/04\/full\/unesco_africa.jpg","datePublished":"2011-04-07T10:27:50+00:00","breadcrumb":{"@id":"https:\/\/inclusivenews.com.br\/?p=18996#breadcrumb"},"inLanguage":"pt-PT","potentialAction":[{"@type":"ReadAction","target":["https:\/\/inclusivenews.com.br\/?p=18996"]}]},{"@type":"ImageObject","inLanguage":"pt-PT","@id":"https:\/\/inclusivenews.com.br\/?p=18996#primaryimage","url":"http:\/\/downloads.unmultimedia.org\/cms\/radio\/content\/uploads\/2011\/04\/full\/unesco_africa.jpg","contentUrl":"http:\/\/downloads.unmultimedia.org\/cms\/radio\/content\/uploads\/2011\/04\/full\/unesco_africa.jpg"},{"@type":"BreadcrumbList","@id":"https:\/\/inclusivenews.com.br\/?p=18996#breadcrumb","itemListElement":[{"@type":"ListItem","position":1,"name":"In\u00edcio","item":"https:\/\/inclusivenews.com.br\/"},{"@type":"ListItem","position":2,"name":"Unesco lan\u00e7a a Cole\u00e7\u00e3o Hist\u00f3ria Geral da \u00c1frica"}]},{"@type":"WebSite","@id":"https:\/\/inclusivenews.com.br\/#website","url":"https:\/\/inclusivenews.com.br\/","name":"Inclusive News","description":"Inclusive News","publisher":{"@id":"https:\/\/inclusivenews.com.br\/#organization"},"potentialAction":[{"@type":"SearchAction","target":{"@type":"EntryPoint","urlTemplate":"https:\/\/inclusivenews.com.br\/?s={search_term_string}"},"query-input":{"@type":"PropertyValueSpecification","valueRequired":true,"valueName":"search_term_string"}}],"inLanguage":"pt-PT"},{"@type":"Organization","@id":"https:\/\/inclusivenews.com.br\/#organization","name":"Inclusive - inclus\u00e3o e cidadania","url":"https:\/\/inclusivenews.com.br\/","logo":{"@type":"ImageObject","inLanguage":"pt-PT","@id":"https:\/\/inclusivenews.com.br\/#\/schema\/logo\/image\/","url":"https:\/\/inclusivenews.com.br\/wp-content\/uploads\/2024\/03\/@grandesite.png","contentUrl":"https:\/\/inclusivenews.com.br\/wp-content\/uploads\/2024\/03\/@grandesite.png","width":1080,"height":1080,"caption":"Inclusive - inclus\u00e3o e cidadania"},"image":{"@id":"https:\/\/inclusivenews.com.br\/#\/schema\/logo\/image\/"},"sameAs":["https:\/\/www.facebook.com\/agenciainclusive\/","https:\/\/www.instagram.com\/newsinclusive\/"]},{"@type":"Person","@id":"https:\/\/inclusivenews.com.br\/#\/schema\/person\/ae4ec7087559b8692fb33b6fffd2273b","name":"inclusivenews2024","image":{"@type":"ImageObject","inLanguage":"pt-PT","@id":"https:\/\/secure.gravatar.com\/avatar\/c5a7ef84c66fa914f55bc4f7ce26cfa275a3b9a1c5568b907bd184fb4dde7b40?s=96&d=mm&r=g","url":"https:\/\/secure.gravatar.com\/avatar\/c5a7ef84c66fa914f55bc4f7ce26cfa275a3b9a1c5568b907bd184fb4dde7b40?s=96&d=mm&r=g","contentUrl":"https:\/\/secure.gravatar.com\/avatar\/c5a7ef84c66fa914f55bc4f7ce26cfa275a3b9a1c5568b907bd184fb4dde7b40?s=96&d=mm&r=g","caption":"inclusivenews2024"},"sameAs":["https:\/\/inclusivenews.com.br"],"url":"https:\/\/inclusivenews.com.br\/?author=1"}]}},"_links":{"self":[{"href":"https:\/\/inclusivenews.com.br\/index.php?rest_route=\/wp\/v2\/posts\/18996","targetHints":{"allow":["GET"]}}],"collection":[{"href":"https:\/\/inclusivenews.com.br\/index.php?rest_route=\/wp\/v2\/posts"}],"about":[{"href":"https:\/\/inclusivenews.com.br\/index.php?rest_route=\/wp\/v2\/types\/post"}],"author":[{"embeddable":true,"href":"https:\/\/inclusivenews.com.br\/index.php?rest_route=\/wp\/v2\/users\/1"}],"replies":[{"embeddable":true,"href":"https:\/\/inclusivenews.com.br\/index.php?rest_route=%2Fwp%2Fv2%2Fcomments&post=18996"}],"version-history":[{"count":0,"href":"https:\/\/inclusivenews.com.br\/index.php?rest_route=\/wp\/v2\/posts\/18996\/revisions"}],"wp:attachment":[{"href":"https:\/\/inclusivenews.com.br\/index.php?rest_route=%2Fwp%2Fv2%2Fmedia&parent=18996"}],"wp:term":[{"taxonomy":"category","embeddable":true,"href":"https:\/\/inclusivenews.com.br\/index.php?rest_route=%2Fwp%2Fv2%2Fcategories&post=18996"},{"taxonomy":"post_tag","embeddable":true,"href":"https:\/\/inclusivenews.com.br\/index.php?rest_route=%2Fwp%2Fv2%2Ftags&post=18996"}],"curies":[{"name":"wp","href":"https:\/\/api.w.org\/{rel}","templated":true}]}}