{"id":19000,"date":"2011-04-07T07:23:49","date_gmt":"2011-04-07T10:23:49","guid":{"rendered":"http:\/\/www.inclusive.org.br\/?p=19000"},"modified":"2011-04-07T07:23:49","modified_gmt":"2011-04-07T10:23:49","slug":"causos-do-eca-abre-inscricoes","status":"publish","type":"post","link":"https:\/\/inclusivenews.com.br\/?p=19000","title":{"rendered":"Causos do ECA abre inscri\u00e7\u00f5es"},"content":{"rendered":"<figure style=\"width: 150px\" class=\"wp-caption alignleft\"><img loading=\"lazy\" decoding=\"async\" title=\"7\u00ba Causos do ECA - crian\u00e7as brincando de roda\" src=\"http:\/\/www.promenino.org.br\/Portals\/0\/causos7_banner_p.jpg\" alt=\"7\u00ba Causos do ECA - crian\u00e7as brincando de roda\" width=\"150\" height=\"150\" \/><figcaption class=\"wp-caption-text\"> <\/figcaption><\/figure>\n<p>Come\u00e7aram as inscri\u00e7\u00f5es para o 7o concurso Causos do ECA, promovido pela Funda\u00e7\u00e3o Telef\u00f4nica, por interm\u00e9dio do portal Pr\u00f3-menino. O concurso quer demonstrar, por meio de relatos, de que forma as aplica\u00e7\u00f5es do ECA resultaram em a\u00e7\u00f5es positivas para a forma\u00e7\u00e3o de jovens e crian\u00e7as.<\/p>\n<p>Duas categorias em formato texto ser\u00e3o avaliadas: \u201cECA como instrumento de Transforma\u00e7\u00e3o\u201d, voltada para a divulga\u00e7\u00e3o de experi\u00eancias gerais, em que o emprego do estatuto tenha transformado a vida de crian\u00e7as e adolescentes,\u00a0 e \u201cECA na Escola\u201d, que prioriza a a\u00e7\u00e3o da institui\u00e7\u00e3o de ensino, e \u00e9 destinada a promover hist\u00f3rias em que o estatuto tenha sido determinante para mudar uma situa\u00e7\u00e3o na comunidade escolar. Os textos devem ter entre 2.800 e 6.000 caracteres e podem ter mais de um autor.<\/p>\n<p>Nesta edi\u00e7\u00e3o, estrear\u00e1 uma nova categoria, o &#8220;ECA atr\u00e1s das c\u00e2meras&#8221;, dedicada a organiza\u00e7\u00f5es que desenvolvem projetos de produ\u00e7\u00e3o audiovisual com adolescentes e jovens. Os v\u00eddeos devem conter hist\u00f3rias de transforma\u00e7\u00e3o social relacionadas \u00e0 aplica\u00e7\u00e3o do ECA e ter, necessariamente, de um a cinco minutos de dura\u00e7\u00e3o. Poder\u00e3o ter a forma de document\u00e1rio, anima\u00e7\u00e3o e v\u00eddeo-art. Os v\u00eddeos dever\u00e3o ter a produ\u00e7\u00e3o ou ser protagonizados pelos jovens. A inscri\u00e7\u00e3o poder\u00e1 ficar a cargo da organiza\u00e7\u00e3o ou produtora. O objetivo \u00e9 divulgar o trabalho destes produtores sociais engajados na defesa dos direitos das crian\u00e7as e adolescentes, e fortalecer o protagonismo juvenil.<\/p>\n<p>Os pr\u00eamios ser\u00e3o entregues para os tr\u00eas primeiros colocados de cada categoria. Os vencedores das categorias receber\u00e3o a quantia de R$ 15 mil; os segundos e terceiros colocados, R$ 10 mil e R$ 5 mil, respectivamente.<\/p>\n<p>As categorias em formato de textos ser\u00e3o submetidas a um comit\u00ea de avalia\u00e7\u00e3o formado por ativistas da \u00e1rea da inf\u00e2ncia e da juventude, da Ag\u00eancia de Not\u00edcias dos Direitos da Inf\u00e2ncia (Andi) e da \u00e1rea de literatura. Os crit\u00e9rios adotados para a sele\u00e7\u00e3o s\u00e3o: relev\u00e2ncia e aplica\u00e7\u00e3o do ECA na hist\u00f3ria, exemplo de cidadania,\u00a0 transforma\u00e7\u00e3o da realidade da crian\u00e7a ou do adolescente, e\u00a0 criatividade de apresenta\u00e7\u00e3o da hist\u00f3ria. Os 20 \u201ccausos\u201d finalistas ser\u00e3o veiculados em uma publica\u00e7\u00e3o impressa e em outra, digital.<\/p>\n<p>O Comit\u00ea de Avalia\u00e7\u00e3o da categoria \u201cECA atr\u00e1s das c\u00e2meras\u201d ser\u00e1 formado por um integrante do Canal Futura, um especialista da \u00e1rea da inf\u00e2ncia e juventude, e um cineasta. Os cinco finalistas ter\u00e3o seus v\u00eddeos veiculados em uma publica\u00e7\u00e3o multim\u00eddia e na programa\u00e7\u00e3o do Canal Futura.<\/p>\n<p>O concurso soma mais de 3.500 hist\u00f3rias em seu acervo, conquistado ao longo das seis primeiras edi\u00e7\u00f5es. A do ano passado registrou 1.196 hist\u00f3rias e teve a participa\u00e7\u00e3o de todos os estados brasileiros. V\u00e1rios temas foram abordados, como abandono e neglig\u00eancia, atos infracionais, medidas socioeducativas, precariedade da situa\u00e7\u00e3o familiar, inclus\u00e3o escolar, viol\u00eancia dom\u00e9stica e protagonismo juvenil.<\/p>\n<p>Inscri\u00e7\u00f5es: at\u00e9 6 de junho, no site <a href=\"www.promenino.org.br\" target=\"_blank\" rel=\"noopener\">www.promenino.org.br<\/a><\/p>\n","protected":false},"excerpt":{"rendered":"<p>O concurso quer demonstrar, por meio de relatos, de que forma as aplica\u00e7\u00f5es do ECA resultaram em a\u00e7\u00f5es positivas para a forma\u00e7\u00e3o de jovens e crian\u00e7as.<\/p>\n","protected":false},"author":1,"featured_media":0,"comment_status":"open","ping_status":"open","sticky":false,"template":"","format":"standard","meta":{"site-container-style":"default","site-container-layout":"default","site-sidebar-layout":"default","disable-article-header":"default","disable-site-header":"default","disable-site-footer":"default","disable-content-area-spacing":"default","footnotes":""},"categories":[12,4],"tags":[60],"class_list":["post-19000","post","type-post","status-publish","format-standard","hentry","category-cursos-e-eventos","category-noticias","tag-infancia"],"yoast_head":"<!-- This site is optimized with the Yoast SEO plugin v27.4 - https:\/\/yoast.com\/product\/yoast-seo-wordpress\/ -->\n<title>Causos do ECA abre inscri\u00e7\u00f5es -<\/title>\n<meta name=\"robots\" content=\"index, follow, max-snippet:-1, max-image-preview:large, max-video-preview:-1\" \/>\n<link rel=\"canonical\" href=\"https:\/\/inclusivenews.com.br\/?p=19000\" \/>\n<meta property=\"og:locale\" content=\"pt_PT\" \/>\n<meta property=\"og:type\" content=\"article\" \/>\n<meta property=\"og:title\" content=\"Causos do ECA abre inscri\u00e7\u00f5es -\" \/>\n<meta property=\"og:description\" content=\"O concurso quer demonstrar, por meio de relatos, de que forma as aplica\u00e7\u00f5es do ECA resultaram em a\u00e7\u00f5es positivas para a forma\u00e7\u00e3o de jovens e crian\u00e7as.\" \/>\n<meta property=\"og:url\" content=\"https:\/\/inclusivenews.com.br\/?p=19000\" \/>\n<meta property=\"article:publisher\" content=\"https:\/\/www.facebook.com\/agenciainclusive\/\" \/>\n<meta property=\"article:published_time\" content=\"2011-04-07T10:23:49+00:00\" \/>\n<meta property=\"og:image\" content=\"http:\/\/www.promenino.org.br\/Portals\/0\/causos7_banner_p.jpg\" \/>\n<meta name=\"author\" content=\"inclusivenews2024\" \/>\n<meta name=\"twitter:card\" content=\"summary_large_image\" \/>\n<meta name=\"twitter:label1\" content=\"Escrito por\" \/>\n\t<meta name=\"twitter:data1\" content=\"inclusivenews2024\" \/>\n\t<meta name=\"twitter:label2\" content=\"Tempo estimado de leitura\" \/>\n\t<meta name=\"twitter:data2\" content=\"3 minutos\" \/>\n<script type=\"application\/ld+json\" class=\"yoast-schema-graph\">{\"@context\":\"https:\\\/\\\/schema.org\",\"@graph\":[{\"@type\":\"Article\",\"@id\":\"https:\\\/\\\/inclusivenews.com.br\\\/?p=19000#article\",\"isPartOf\":{\"@id\":\"https:\\\/\\\/inclusivenews.com.br\\\/?p=19000\"},\"author\":{\"name\":\"inclusivenews2024\",\"@id\":\"https:\\\/\\\/inclusivenews.com.br\\\/#\\\/schema\\\/person\\\/ae4ec7087559b8692fb33b6fffd2273b\"},\"headline\":\"Causos do ECA abre inscri\u00e7\u00f5es\",\"datePublished\":\"2011-04-07T10:23:49+00:00\",\"mainEntityOfPage\":{\"@id\":\"https:\\\/\\\/inclusivenews.com.br\\\/?p=19000\"},\"wordCount\":539,\"commentCount\":0,\"publisher\":{\"@id\":\"https:\\\/\\\/inclusivenews.com.br\\\/#organization\"},\"image\":{\"@id\":\"https:\\\/\\\/inclusivenews.com.br\\\/?p=19000#primaryimage\"},\"thumbnailUrl\":\"http:\\\/\\\/www.promenino.org.br\\\/Portals\\\/0\\\/causos7_banner_p.jpg\",\"keywords\":[\"Inf\u00e2ncia\"],\"articleSection\":[\"Cursos e eventos\",\"NOT\u00cdCIAS\"],\"inLanguage\":\"pt-PT\",\"potentialAction\":[{\"@type\":\"CommentAction\",\"name\":\"Comment\",\"target\":[\"https:\\\/\\\/inclusivenews.com.br\\\/?p=19000#respond\"]}]},{\"@type\":\"WebPage\",\"@id\":\"https:\\\/\\\/inclusivenews.com.br\\\/?p=19000\",\"url\":\"https:\\\/\\\/inclusivenews.com.br\\\/?p=19000\",\"name\":\"Causos do ECA abre inscri\u00e7\u00f5es -\",\"isPartOf\":{\"@id\":\"https:\\\/\\\/inclusivenews.com.br\\\/#website\"},\"primaryImageOfPage\":{\"@id\":\"https:\\\/\\\/inclusivenews.com.br\\\/?p=19000#primaryimage\"},\"image\":{\"@id\":\"https:\\\/\\\/inclusivenews.com.br\\\/?p=19000#primaryimage\"},\"thumbnailUrl\":\"http:\\\/\\\/www.promenino.org.br\\\/Portals\\\/0\\\/causos7_banner_p.jpg\",\"datePublished\":\"2011-04-07T10:23:49+00:00\",\"breadcrumb\":{\"@id\":\"https:\\\/\\\/inclusivenews.com.br\\\/?p=19000#breadcrumb\"},\"inLanguage\":\"pt-PT\",\"potentialAction\":[{\"@type\":\"ReadAction\",\"target\":[\"https:\\\/\\\/inclusivenews.com.br\\\/?p=19000\"]}]},{\"@type\":\"ImageObject\",\"inLanguage\":\"pt-PT\",\"@id\":\"https:\\\/\\\/inclusivenews.com.br\\\/?p=19000#primaryimage\",\"url\":\"http:\\\/\\\/www.promenino.org.br\\\/Portals\\\/0\\\/causos7_banner_p.jpg\",\"contentUrl\":\"http:\\\/\\\/www.promenino.org.br\\\/Portals\\\/0\\\/causos7_banner_p.jpg\"},{\"@type\":\"BreadcrumbList\",\"@id\":\"https:\\\/\\\/inclusivenews.com.br\\\/?p=19000#breadcrumb\",\"itemListElement\":[{\"@type\":\"ListItem\",\"position\":1,\"name\":\"In\u00edcio\",\"item\":\"https:\\\/\\\/inclusivenews.com.br\\\/\"},{\"@type\":\"ListItem\",\"position\":2,\"name\":\"Causos do ECA abre inscri\u00e7\u00f5es\"}]},{\"@type\":\"WebSite\",\"@id\":\"https:\\\/\\\/inclusivenews.com.br\\\/#website\",\"url\":\"https:\\\/\\\/inclusivenews.com.br\\\/\",\"name\":\"Inclusive News\",\"description\":\"Inclusive News\",\"publisher\":{\"@id\":\"https:\\\/\\\/inclusivenews.com.br\\\/#organization\"},\"potentialAction\":[{\"@type\":\"SearchAction\",\"target\":{\"@type\":\"EntryPoint\",\"urlTemplate\":\"https:\\\/\\\/inclusivenews.com.br\\\/?s={search_term_string}\"},\"query-input\":{\"@type\":\"PropertyValueSpecification\",\"valueRequired\":true,\"valueName\":\"search_term_string\"}}],\"inLanguage\":\"pt-PT\"},{\"@type\":\"Organization\",\"@id\":\"https:\\\/\\\/inclusivenews.com.br\\\/#organization\",\"name\":\"Inclusive - inclus\u00e3o e cidadania\",\"url\":\"https:\\\/\\\/inclusivenews.com.br\\\/\",\"logo\":{\"@type\":\"ImageObject\",\"inLanguage\":\"pt-PT\",\"@id\":\"https:\\\/\\\/inclusivenews.com.br\\\/#\\\/schema\\\/logo\\\/image\\\/\",\"url\":\"https:\\\/\\\/inclusivenews.com.br\\\/wp-content\\\/uploads\\\/2024\\\/03\\\/@grandesite.png\",\"contentUrl\":\"https:\\\/\\\/inclusivenews.com.br\\\/wp-content\\\/uploads\\\/2024\\\/03\\\/@grandesite.png\",\"width\":1080,\"height\":1080,\"caption\":\"Inclusive - inclus\u00e3o e cidadania\"},\"image\":{\"@id\":\"https:\\\/\\\/inclusivenews.com.br\\\/#\\\/schema\\\/logo\\\/image\\\/\"},\"sameAs\":[\"https:\\\/\\\/www.facebook.com\\\/agenciainclusive\\\/\",\"https:\\\/\\\/www.instagram.com\\\/newsinclusive\\\/\"]},{\"@type\":\"Person\",\"@id\":\"https:\\\/\\\/inclusivenews.com.br\\\/#\\\/schema\\\/person\\\/ae4ec7087559b8692fb33b6fffd2273b\",\"name\":\"inclusivenews2024\",\"image\":{\"@type\":\"ImageObject\",\"inLanguage\":\"pt-PT\",\"@id\":\"https:\\\/\\\/secure.gravatar.com\\\/avatar\\\/c5a7ef84c66fa914f55bc4f7ce26cfa275a3b9a1c5568b907bd184fb4dde7b40?s=96&d=mm&r=g\",\"url\":\"https:\\\/\\\/secure.gravatar.com\\\/avatar\\\/c5a7ef84c66fa914f55bc4f7ce26cfa275a3b9a1c5568b907bd184fb4dde7b40?s=96&d=mm&r=g\",\"contentUrl\":\"https:\\\/\\\/secure.gravatar.com\\\/avatar\\\/c5a7ef84c66fa914f55bc4f7ce26cfa275a3b9a1c5568b907bd184fb4dde7b40?s=96&d=mm&r=g\",\"caption\":\"inclusivenews2024\"},\"sameAs\":[\"https:\\\/\\\/inclusivenews.com.br\"],\"url\":\"https:\\\/\\\/inclusivenews.com.br\\\/?author=1\"}]}<\/script>\n<!-- \/ Yoast SEO plugin. -->","yoast_head_json":{"title":"Causos do ECA abre inscri\u00e7\u00f5es -","robots":{"index":"index","follow":"follow","max-snippet":"max-snippet:-1","max-image-preview":"max-image-preview:large","max-video-preview":"max-video-preview:-1"},"canonical":"https:\/\/inclusivenews.com.br\/?p=19000","og_locale":"pt_PT","og_type":"article","og_title":"Causos do ECA abre inscri\u00e7\u00f5es -","og_description":"O concurso quer demonstrar, por meio de relatos, de que forma as aplica\u00e7\u00f5es do ECA resultaram em a\u00e7\u00f5es positivas para a forma\u00e7\u00e3o de jovens e crian\u00e7as.","og_url":"https:\/\/inclusivenews.com.br\/?p=19000","article_publisher":"https:\/\/www.facebook.com\/agenciainclusive\/","article_published_time":"2011-04-07T10:23:49+00:00","og_image":[{"url":"http:\/\/www.promenino.org.br\/Portals\/0\/causos7_banner_p.jpg","type":"","width":"","height":""}],"author":"inclusivenews2024","twitter_card":"summary_large_image","twitter_misc":{"Escrito por":"inclusivenews2024","Tempo estimado de leitura":"3 minutos"},"schema":{"@context":"https:\/\/schema.org","@graph":[{"@type":"Article","@id":"https:\/\/inclusivenews.com.br\/?p=19000#article","isPartOf":{"@id":"https:\/\/inclusivenews.com.br\/?p=19000"},"author":{"name":"inclusivenews2024","@id":"https:\/\/inclusivenews.com.br\/#\/schema\/person\/ae4ec7087559b8692fb33b6fffd2273b"},"headline":"Causos do ECA abre inscri\u00e7\u00f5es","datePublished":"2011-04-07T10:23:49+00:00","mainEntityOfPage":{"@id":"https:\/\/inclusivenews.com.br\/?p=19000"},"wordCount":539,"commentCount":0,"publisher":{"@id":"https:\/\/inclusivenews.com.br\/#organization"},"image":{"@id":"https:\/\/inclusivenews.com.br\/?p=19000#primaryimage"},"thumbnailUrl":"http:\/\/www.promenino.org.br\/Portals\/0\/causos7_banner_p.jpg","keywords":["Inf\u00e2ncia"],"articleSection":["Cursos e eventos","NOT\u00cdCIAS"],"inLanguage":"pt-PT","potentialAction":[{"@type":"CommentAction","name":"Comment","target":["https:\/\/inclusivenews.com.br\/?p=19000#respond"]}]},{"@type":"WebPage","@id":"https:\/\/inclusivenews.com.br\/?p=19000","url":"https:\/\/inclusivenews.com.br\/?p=19000","name":"Causos do ECA abre inscri\u00e7\u00f5es -","isPartOf":{"@id":"https:\/\/inclusivenews.com.br\/#website"},"primaryImageOfPage":{"@id":"https:\/\/inclusivenews.com.br\/?p=19000#primaryimage"},"image":{"@id":"https:\/\/inclusivenews.com.br\/?p=19000#primaryimage"},"thumbnailUrl":"http:\/\/www.promenino.org.br\/Portals\/0\/causos7_banner_p.jpg","datePublished":"2011-04-07T10:23:49+00:00","breadcrumb":{"@id":"https:\/\/inclusivenews.com.br\/?p=19000#breadcrumb"},"inLanguage":"pt-PT","potentialAction":[{"@type":"ReadAction","target":["https:\/\/inclusivenews.com.br\/?p=19000"]}]},{"@type":"ImageObject","inLanguage":"pt-PT","@id":"https:\/\/inclusivenews.com.br\/?p=19000#primaryimage","url":"http:\/\/www.promenino.org.br\/Portals\/0\/causos7_banner_p.jpg","contentUrl":"http:\/\/www.promenino.org.br\/Portals\/0\/causos7_banner_p.jpg"},{"@type":"BreadcrumbList","@id":"https:\/\/inclusivenews.com.br\/?p=19000#breadcrumb","itemListElement":[{"@type":"ListItem","position":1,"name":"In\u00edcio","item":"https:\/\/inclusivenews.com.br\/"},{"@type":"ListItem","position":2,"name":"Causos do ECA abre inscri\u00e7\u00f5es"}]},{"@type":"WebSite","@id":"https:\/\/inclusivenews.com.br\/#website","url":"https:\/\/inclusivenews.com.br\/","name":"Inclusive News","description":"Inclusive News","publisher":{"@id":"https:\/\/inclusivenews.com.br\/#organization"},"potentialAction":[{"@type":"SearchAction","target":{"@type":"EntryPoint","urlTemplate":"https:\/\/inclusivenews.com.br\/?s={search_term_string}"},"query-input":{"@type":"PropertyValueSpecification","valueRequired":true,"valueName":"search_term_string"}}],"inLanguage":"pt-PT"},{"@type":"Organization","@id":"https:\/\/inclusivenews.com.br\/#organization","name":"Inclusive - inclus\u00e3o e cidadania","url":"https:\/\/inclusivenews.com.br\/","logo":{"@type":"ImageObject","inLanguage":"pt-PT","@id":"https:\/\/inclusivenews.com.br\/#\/schema\/logo\/image\/","url":"https:\/\/inclusivenews.com.br\/wp-content\/uploads\/2024\/03\/@grandesite.png","contentUrl":"https:\/\/inclusivenews.com.br\/wp-content\/uploads\/2024\/03\/@grandesite.png","width":1080,"height":1080,"caption":"Inclusive - inclus\u00e3o e cidadania"},"image":{"@id":"https:\/\/inclusivenews.com.br\/#\/schema\/logo\/image\/"},"sameAs":["https:\/\/www.facebook.com\/agenciainclusive\/","https:\/\/www.instagram.com\/newsinclusive\/"]},{"@type":"Person","@id":"https:\/\/inclusivenews.com.br\/#\/schema\/person\/ae4ec7087559b8692fb33b6fffd2273b","name":"inclusivenews2024","image":{"@type":"ImageObject","inLanguage":"pt-PT","@id":"https:\/\/secure.gravatar.com\/avatar\/c5a7ef84c66fa914f55bc4f7ce26cfa275a3b9a1c5568b907bd184fb4dde7b40?s=96&d=mm&r=g","url":"https:\/\/secure.gravatar.com\/avatar\/c5a7ef84c66fa914f55bc4f7ce26cfa275a3b9a1c5568b907bd184fb4dde7b40?s=96&d=mm&r=g","contentUrl":"https:\/\/secure.gravatar.com\/avatar\/c5a7ef84c66fa914f55bc4f7ce26cfa275a3b9a1c5568b907bd184fb4dde7b40?s=96&d=mm&r=g","caption":"inclusivenews2024"},"sameAs":["https:\/\/inclusivenews.com.br"],"url":"https:\/\/inclusivenews.com.br\/?author=1"}]}},"_links":{"self":[{"href":"https:\/\/inclusivenews.com.br\/index.php?rest_route=\/wp\/v2\/posts\/19000","targetHints":{"allow":["GET"]}}],"collection":[{"href":"https:\/\/inclusivenews.com.br\/index.php?rest_route=\/wp\/v2\/posts"}],"about":[{"href":"https:\/\/inclusivenews.com.br\/index.php?rest_route=\/wp\/v2\/types\/post"}],"author":[{"embeddable":true,"href":"https:\/\/inclusivenews.com.br\/index.php?rest_route=\/wp\/v2\/users\/1"}],"replies":[{"embeddable":true,"href":"https:\/\/inclusivenews.com.br\/index.php?rest_route=%2Fwp%2Fv2%2Fcomments&post=19000"}],"version-history":[{"count":0,"href":"https:\/\/inclusivenews.com.br\/index.php?rest_route=\/wp\/v2\/posts\/19000\/revisions"}],"wp:attachment":[{"href":"https:\/\/inclusivenews.com.br\/index.php?rest_route=%2Fwp%2Fv2%2Fmedia&parent=19000"}],"wp:term":[{"taxonomy":"category","embeddable":true,"href":"https:\/\/inclusivenews.com.br\/index.php?rest_route=%2Fwp%2Fv2%2Fcategories&post=19000"},{"taxonomy":"post_tag","embeddable":true,"href":"https:\/\/inclusivenews.com.br\/index.php?rest_route=%2Fwp%2Fv2%2Ftags&post=19000"}],"curies":[{"name":"wp","href":"https:\/\/api.w.org\/{rel}","templated":true}]}}