{"id":19002,"date":"2011-04-07T07:28:30","date_gmt":"2011-04-07T10:28:30","guid":{"rendered":"http:\/\/www.inclusive.org.br\/?p=19002"},"modified":"2011-04-07T07:28:30","modified_gmt":"2011-04-07T10:28:30","slug":"ufmg-faz-estudo-sobre-homofobia","status":"publish","type":"post","link":"https:\/\/inclusivenews.com.br\/?p=19002","title":{"rendered":"UFMG faz estudo sobre homofobia"},"content":{"rendered":"<figure id=\"attachment_12758\" aria-describedby=\"caption-attachment-12758\" style=\"width: 161px\" class=\"wp-caption alignleft\"><a href=\"http:\/\/www.inclusivenews.com.br\/wp-content\/uploads\/2009\/11\/bandeira.jpg\"><img loading=\"lazy\" decoding=\"async\" class=\"size-full wp-image-12758\" title=\"Bandeira s\u00edmbolo do movimento GLBT contra a homofobia. A cor vermelha imita um sangramento.\" src=\"http:\/\/inclusivenews.com.br\/wp-content\/uploads\/2009\/11\/bandeira.jpg\" alt=\"Bandeira s\u00edmbolo do movimento GLBT contra a homofobia. A cor vermelha imita um sangramento.\" width=\"161\" height=\"122\" \/><\/a><figcaption id=\"caption-attachment-12758\" class=\"wp-caption-text\"> <\/figcaption><\/figure>\n<p class=\"MsoNormal\">De maneira expl\u00edcita ou velada, a homofobia est\u00e1 presente nas rela\u00e7\u00f5es sociais. Pesquisa do N\u00facleo de Direitos Humanos e Cidadania LGBT (Nuh) da Fafich pretende aprofundar o conhecimento sobre os mecanismos que est\u00e3o por tr\u00e1s do preconceito contra as n\u00e3o heterossexualidades, por meio de relatos de jovens homossexuais e pela observa\u00e7\u00e3o da rotina de escolas p\u00fablicas, microcosmo onde as rela\u00e7\u00f5es sociais s\u00e3o reproduzidas e institucionalizadas.<\/p>\n<p class=\"MsoNormal\">O trabalho, coordenado pelo professor Marco Aur\u00e9lio Prado, do Departamento de Psicologia da Fafich, \u00e9 dividido em duas etapas e tem previs\u00e3o de conclus\u00e3o no primeiro semestre de 2012. A primeira fase, que aborda a rela\u00e7\u00e3o entre os jovens gays e l\u00e9sbicas e suas fam\u00edlias, come\u00e7ou em 2010 e j\u00e1 est\u00e1 conclu\u00edda. As conclus\u00f5es dessa etapa est\u00e3o sistematizadas na disserta\u00e7\u00e3o de mestrado de Daniel Arruda Martins, que se baseou em entrevistas qualitativas realizadas com jovens, alguns deles vitimados por agress\u00f5es ap\u00f3s assumirem sua homossexualidade.<\/p>\n<p class=\"MsoNormal\">O pr\u00f3ximo passo \u00e9 a finaliza\u00e7\u00e3o do estudo das intera\u00e7\u00f5es efetuadas em \u00e2mbito institucional \u2013 no caso, as escolas p\u00fablicas. Segundo Prado, o objetivo \u00e9 compreender a conex\u00e3o entre as pr\u00e1ticas de preconceito consideradas normais pela sociedade e os atos de viol\u00eancia. \u201cA homofobia deve ser pensada como resultado de um sistema complexo de humilha\u00e7\u00e3o, por meio do qual atos heterog\u00eaneos de viol\u00eancia est\u00e3o muito conectados. Uma viol\u00eancia contra um homossexual que aparece na m\u00eddia n\u00e3o pode ser separada das formas cotidianas de humilha\u00e7\u00e3o\u201d, analisa Marco Prado.<\/p>\n<p class=\"MsoNormal\">Como exemplos de preconceitos triviais, destaca o professor, est\u00e3o as piadas que depreciam gays, l\u00e9sbicas e travestis e a coer\u00e7\u00e3o imposta a jovens que se comportam ou gostam de atividades socialmente convencionadas como pr\u00f3prias do sexo oposto. \u201cA maior parte desses preconceitos expressa situa\u00e7\u00f5es de humilha\u00e7\u00e3o cotidiana, como brincadeiras, exemplos de professores em sala de aula e formas de controle social entre os alunos que buscam submeter os indiv\u00edduos \u00e0s normas de g\u00eanero\u201d, diz.<\/p>\n<p class=\"MsoNormal\">Saindo do arm\u00e1rio<\/p>\n<p class=\"MsoNormal\">A revela\u00e7\u00e3o da homossexualidade para a fam\u00edlia \u00e9 um processo que pode ter como resposta n\u00e3o apenas a aceita\u00e7\u00e3o ou a rejei\u00e7\u00e3o do jovem gay. \u201cSair do arm\u00e1rio n\u00e3o \u00e9 um ato em linha reta. Nesse processo ocorre de tudo: fam\u00edlias que expulsam filhos e filhas de casa, que tratam a quest\u00e3o como um problema psicol\u00f3gico e at\u00e9 as que lidam de forma carinhosa desde que n\u00e3o se fale muito em rela\u00e7\u00f5es sexuais e que n\u00e3o se explicitem comportamentos de afeto entre pessoas do mesmo sexo\u201d, afirma.<\/p>\n<p class=\"MsoNormal\">Com base na an\u00e1lise dos depoimentos dos jovens, o professor Marco Prado afirma que assumir a homossexualidade envolve uma complexa negocia\u00e7\u00e3o entre o jovem e a fam\u00edlia, resultando em acordo t\u00e1cito ou manifesto associado aos modos de conduta estipulados pela fam\u00edlia para que haja a aceita\u00e7\u00e3o. \u201cA negocia\u00e7\u00e3o, \u00e0s vezes, implica n\u00e3o se assumir, outras assumir e n\u00e3o demonstrar. \u00c9 algo muito particular de cada fam\u00edlia\u201d, destaca.<\/p>\n<p class=\"MsoNormal\">As narrativas dos garotos sobre suas negocia\u00e7\u00f5es, de acordo com Marco Aur\u00e9lio Prado, contribu\u00edram para que os pesquisadores discutissem a import\u00e2ncia das pol\u00edticas de afirma\u00e7\u00e3o da homossexualidade. Essas pol\u00edticas, que pregam a import\u00e2ncia de assumir a orienta\u00e7\u00e3o sexual, s\u00e3o bastante defendidas pelos movimentos LGBT. O estudo, no entanto, indica que elas nem sempre s\u00e3o o melhor caminho. \u201cTemos depoimentos de jovens que sa\u00edram do arm\u00e1rio e a rela\u00e7\u00e3o deles com a fam\u00edlia piorou a ponto de sofrerem viol\u00eancia cotidiana\u201d, justifica.<\/p>\n<p class=\"MsoNormal\">Escolas<\/p>\n<p class=\"MsoNormal\">A observa\u00e7\u00e3o do fen\u00f4meno nas escolas p\u00fablicas \u00e9 a pr\u00f3xima etapa. Para isso, foram selecionadas institui\u00e7\u00f5es da Regi\u00e3o Metropolitana de Belo Horizonte que desenvolvem projetos de combate \u00e0 homofobia. Por\u00e9m, o estudo j\u00e1 conta com informa\u00e7\u00f5es a respeito das intera\u00e7\u00f5es desenvolvidas no meio, pois outros programas do N\u00facleo trabalham h\u00e1 algum tempo com esse p\u00fablico.<\/p>\n<p class=\"MsoNormal\">Por meio dessa experi\u00eancia pr\u00e9via e de pesquisas realizadas anteriormente por \u00f3rg\u00e3os governamentais e universidades, j\u00e1 se sabe que o ambiente escolar \u00e9 bastante discriminat\u00f3rio em rela\u00e7\u00e3o \u00e0 diversidade, n\u00e3o s\u00f3 a sexual. Al\u00e9m da viol\u00eancia expl\u00edcita, existem outros mecanismos, inclusive pedag\u00f3gicos, que, segundo Prado, segregam gays, l\u00e9sbicas e travestis. Um exemplo est\u00e1 nas disciplinas de educa\u00e7\u00e3o sexual que abordam as quest\u00f5es apenas pelo vi\u00e9s heterossexual, sem contemplar as d\u00favidas comuns \u00e0 vida dos jovens homossexuais ou daqueles que iniciam seu processo de transexualiza\u00e7\u00e3o.<\/p>\n<p>A discrimina\u00e7\u00e3o tem rela\u00e7\u00e3o direta com o aproveitamento escolar. Essa constata\u00e7\u00e3o \u00e9 corroborada pela pesquisa Discrimina\u00e7\u00e3o e preconceito nas escolas, realizada pela Funda\u00e7\u00e3o Instituto de Pesquisas Econ\u00f4micas (Fipe), a pedido do Minist\u00e9rio da Educa\u00e7\u00e3o. \u201cAlunos gays e l\u00e9sbicas ficam, muitas vezes, menos tempo na escola ou desenvolvem mecanismos de defesa contra sua pr\u00f3pria orienta\u00e7\u00e3o sexual. Em alguns casos, transformam-se nos melhores estudantes, pois precisam ser reconhecidos no ambiente escolar. E a\u00ed podem acabar neutralizando qualquer tipo de desejo sexual\u201d, conclui Marco Prado.<br \/>\n___________<\/p>\n<p><strong>Fonte:<\/strong> <a href=\"http:\/\/www.ufmg.br\">UFMG<\/a><\/p>\n","protected":false},"excerpt":{"rendered":"<p>De maneira expl\u00edcita ou velada, a homofobia est\u00e1 presente nas rela\u00e7\u00f5es sociais. Pesquisa do N\u00facleo de Direitos Humanos e Cidadania LGBT (Nuh) da Fafich pretende aprofundar o conhecimento sobre os mecanismos que est\u00e3o por tr\u00e1s do preconceito contra as n\u00e3o heterossexualidades, por meio de relatos de jovens homossexuais e pela observa\u00e7\u00e3o da rotina de escolas p\u00fablicas, microcosmo onde as rela\u00e7\u00f5es sociais s\u00e3o reproduzidas e institucionalizadas.<\/p>\n","protected":false},"author":1,"featured_media":0,"comment_status":"open","ping_status":"open","sticky":false,"template":"","format":"standard","meta":{"site-container-style":"default","site-container-layout":"default","site-sidebar-layout":"default","disable-article-header":"default","disable-site-header":"default","disable-site-footer":"default","disable-content-area-spacing":"default","footnotes":""},"categories":[3,11,39,4,41],"tags":[95],"class_list":["post-19002","post","type-post","status-publish","format-standard","hentry","category-campanhas","category-direitos-humanos","category-discriminacao","category-noticias","category-preconceito","tag-homofobia"],"yoast_head":"<!-- This site is optimized with the Yoast SEO plugin v27.4 - https:\/\/yoast.com\/product\/yoast-seo-wordpress\/ -->\n<title>UFMG faz estudo sobre homofobia -<\/title>\n<meta name=\"robots\" content=\"index, follow, max-snippet:-1, max-image-preview:large, max-video-preview:-1\" \/>\n<link rel=\"canonical\" href=\"https:\/\/inclusivenews.com.br\/?p=19002\" \/>\n<meta property=\"og:locale\" content=\"pt_PT\" \/>\n<meta property=\"og:type\" content=\"article\" \/>\n<meta property=\"og:title\" content=\"UFMG faz estudo sobre homofobia -\" \/>\n<meta property=\"og:description\" content=\"De maneira expl\u00edcita ou velada, a homofobia est\u00e1 presente nas rela\u00e7\u00f5es sociais. Pesquisa do N\u00facleo de Direitos Humanos e Cidadania LGBT (Nuh) da Fafich pretende aprofundar o conhecimento sobre os mecanismos que est\u00e3o por tr\u00e1s do preconceito contra as n\u00e3o heterossexualidades, por meio de relatos de jovens homossexuais e pela observa\u00e7\u00e3o da rotina de escolas p\u00fablicas, microcosmo onde as rela\u00e7\u00f5es sociais s\u00e3o reproduzidas e institucionalizadas.\" \/>\n<meta property=\"og:url\" content=\"https:\/\/inclusivenews.com.br\/?p=19002\" \/>\n<meta property=\"article:publisher\" content=\"https:\/\/www.facebook.com\/agenciainclusive\/\" \/>\n<meta property=\"article:published_time\" content=\"2011-04-07T10:28:30+00:00\" \/>\n<meta property=\"og:image\" content=\"http:\/\/inclusivenews.com.br\/wp-content\/uploads\/2009\/11\/bandeira.jpg\" \/>\n<meta name=\"author\" content=\"inclusivenews2024\" \/>\n<meta name=\"twitter:card\" content=\"summary_large_image\" \/>\n<meta name=\"twitter:label1\" content=\"Escrito por\" \/>\n\t<meta name=\"twitter:data1\" content=\"inclusivenews2024\" \/>\n\t<meta name=\"twitter:label2\" content=\"Tempo estimado de leitura\" \/>\n\t<meta name=\"twitter:data2\" content=\"4 minutos\" \/>\n<script type=\"application\/ld+json\" class=\"yoast-schema-graph\">{\"@context\":\"https:\\\/\\\/schema.org\",\"@graph\":[{\"@type\":\"Article\",\"@id\":\"https:\\\/\\\/inclusivenews.com.br\\\/?p=19002#article\",\"isPartOf\":{\"@id\":\"https:\\\/\\\/inclusivenews.com.br\\\/?p=19002\"},\"author\":{\"name\":\"inclusivenews2024\",\"@id\":\"https:\\\/\\\/inclusivenews.com.br\\\/#\\\/schema\\\/person\\\/ae4ec7087559b8692fb33b6fffd2273b\"},\"headline\":\"UFMG faz estudo sobre homofobia\",\"datePublished\":\"2011-04-07T10:28:30+00:00\",\"mainEntityOfPage\":{\"@id\":\"https:\\\/\\\/inclusivenews.com.br\\\/?p=19002\"},\"wordCount\":893,\"commentCount\":1,\"publisher\":{\"@id\":\"https:\\\/\\\/inclusivenews.com.br\\\/#organization\"},\"image\":{\"@id\":\"https:\\\/\\\/inclusivenews.com.br\\\/?p=19002#primaryimage\"},\"thumbnailUrl\":\"http:\\\/\\\/inclusivenews.com.br\\\/wp-content\\\/uploads\\\/2009\\\/11\\\/bandeira.jpg\",\"keywords\":[\"homofobia\"],\"articleSection\":[\"CAMPANHAS\",\"DIREITOS HUMANOS\",\"Discrimina\u00e7\u00e3o\",\"NOT\u00cdCIAS\",\"Preconceito\"],\"inLanguage\":\"pt-PT\",\"potentialAction\":[{\"@type\":\"CommentAction\",\"name\":\"Comment\",\"target\":[\"https:\\\/\\\/inclusivenews.com.br\\\/?p=19002#respond\"]}]},{\"@type\":\"WebPage\",\"@id\":\"https:\\\/\\\/inclusivenews.com.br\\\/?p=19002\",\"url\":\"https:\\\/\\\/inclusivenews.com.br\\\/?p=19002\",\"name\":\"UFMG faz estudo sobre homofobia -\",\"isPartOf\":{\"@id\":\"https:\\\/\\\/inclusivenews.com.br\\\/#website\"},\"primaryImageOfPage\":{\"@id\":\"https:\\\/\\\/inclusivenews.com.br\\\/?p=19002#primaryimage\"},\"image\":{\"@id\":\"https:\\\/\\\/inclusivenews.com.br\\\/?p=19002#primaryimage\"},\"thumbnailUrl\":\"http:\\\/\\\/inclusivenews.com.br\\\/wp-content\\\/uploads\\\/2009\\\/11\\\/bandeira.jpg\",\"datePublished\":\"2011-04-07T10:28:30+00:00\",\"breadcrumb\":{\"@id\":\"https:\\\/\\\/inclusivenews.com.br\\\/?p=19002#breadcrumb\"},\"inLanguage\":\"pt-PT\",\"potentialAction\":[{\"@type\":\"ReadAction\",\"target\":[\"https:\\\/\\\/inclusivenews.com.br\\\/?p=19002\"]}]},{\"@type\":\"ImageObject\",\"inLanguage\":\"pt-PT\",\"@id\":\"https:\\\/\\\/inclusivenews.com.br\\\/?p=19002#primaryimage\",\"url\":\"https:\\\/\\\/inclusivenews.com.br\\\/wp-content\\\/uploads\\\/2009\\\/11\\\/bandeira.jpg\",\"contentUrl\":\"https:\\\/\\\/inclusivenews.com.br\\\/wp-content\\\/uploads\\\/2009\\\/11\\\/bandeira.jpg\",\"width\":161,\"height\":122,\"caption\":\"Bandeira s\u00edmbolo do movimento GLBT contra a homofobia. A cor vermelha imita um sangramento.\"},{\"@type\":\"BreadcrumbList\",\"@id\":\"https:\\\/\\\/inclusivenews.com.br\\\/?p=19002#breadcrumb\",\"itemListElement\":[{\"@type\":\"ListItem\",\"position\":1,\"name\":\"In\u00edcio\",\"item\":\"https:\\\/\\\/inclusivenews.com.br\\\/\"},{\"@type\":\"ListItem\",\"position\":2,\"name\":\"UFMG faz estudo sobre homofobia\"}]},{\"@type\":\"WebSite\",\"@id\":\"https:\\\/\\\/inclusivenews.com.br\\\/#website\",\"url\":\"https:\\\/\\\/inclusivenews.com.br\\\/\",\"name\":\"Inclusive News\",\"description\":\"Inclusive News\",\"publisher\":{\"@id\":\"https:\\\/\\\/inclusivenews.com.br\\\/#organization\"},\"potentialAction\":[{\"@type\":\"SearchAction\",\"target\":{\"@type\":\"EntryPoint\",\"urlTemplate\":\"https:\\\/\\\/inclusivenews.com.br\\\/?s={search_term_string}\"},\"query-input\":{\"@type\":\"PropertyValueSpecification\",\"valueRequired\":true,\"valueName\":\"search_term_string\"}}],\"inLanguage\":\"pt-PT\"},{\"@type\":\"Organization\",\"@id\":\"https:\\\/\\\/inclusivenews.com.br\\\/#organization\",\"name\":\"Inclusive - inclus\u00e3o e cidadania\",\"url\":\"https:\\\/\\\/inclusivenews.com.br\\\/\",\"logo\":{\"@type\":\"ImageObject\",\"inLanguage\":\"pt-PT\",\"@id\":\"https:\\\/\\\/inclusivenews.com.br\\\/#\\\/schema\\\/logo\\\/image\\\/\",\"url\":\"https:\\\/\\\/inclusivenews.com.br\\\/wp-content\\\/uploads\\\/2024\\\/03\\\/@grandesite.png\",\"contentUrl\":\"https:\\\/\\\/inclusivenews.com.br\\\/wp-content\\\/uploads\\\/2024\\\/03\\\/@grandesite.png\",\"width\":1080,\"height\":1080,\"caption\":\"Inclusive - inclus\u00e3o e cidadania\"},\"image\":{\"@id\":\"https:\\\/\\\/inclusivenews.com.br\\\/#\\\/schema\\\/logo\\\/image\\\/\"},\"sameAs\":[\"https:\\\/\\\/www.facebook.com\\\/agenciainclusive\\\/\",\"https:\\\/\\\/www.instagram.com\\\/newsinclusive\\\/\"]},{\"@type\":\"Person\",\"@id\":\"https:\\\/\\\/inclusivenews.com.br\\\/#\\\/schema\\\/person\\\/ae4ec7087559b8692fb33b6fffd2273b\",\"name\":\"inclusivenews2024\",\"image\":{\"@type\":\"ImageObject\",\"inLanguage\":\"pt-PT\",\"@id\":\"https:\\\/\\\/secure.gravatar.com\\\/avatar\\\/c5a7ef84c66fa914f55bc4f7ce26cfa275a3b9a1c5568b907bd184fb4dde7b40?s=96&d=mm&r=g\",\"url\":\"https:\\\/\\\/secure.gravatar.com\\\/avatar\\\/c5a7ef84c66fa914f55bc4f7ce26cfa275a3b9a1c5568b907bd184fb4dde7b40?s=96&d=mm&r=g\",\"contentUrl\":\"https:\\\/\\\/secure.gravatar.com\\\/avatar\\\/c5a7ef84c66fa914f55bc4f7ce26cfa275a3b9a1c5568b907bd184fb4dde7b40?s=96&d=mm&r=g\",\"caption\":\"inclusivenews2024\"},\"sameAs\":[\"https:\\\/\\\/inclusivenews.com.br\"],\"url\":\"https:\\\/\\\/inclusivenews.com.br\\\/?author=1\"}]}<\/script>\n<!-- \/ Yoast SEO plugin. -->","yoast_head_json":{"title":"UFMG faz estudo sobre homofobia -","robots":{"index":"index","follow":"follow","max-snippet":"max-snippet:-1","max-image-preview":"max-image-preview:large","max-video-preview":"max-video-preview:-1"},"canonical":"https:\/\/inclusivenews.com.br\/?p=19002","og_locale":"pt_PT","og_type":"article","og_title":"UFMG faz estudo sobre homofobia -","og_description":"De maneira expl\u00edcita ou velada, a homofobia est\u00e1 presente nas rela\u00e7\u00f5es sociais. Pesquisa do N\u00facleo de Direitos Humanos e Cidadania LGBT (Nuh) da Fafich pretende aprofundar o conhecimento sobre os mecanismos que est\u00e3o por tr\u00e1s do preconceito contra as n\u00e3o heterossexualidades, por meio de relatos de jovens homossexuais e pela observa\u00e7\u00e3o da rotina de escolas p\u00fablicas, microcosmo onde as rela\u00e7\u00f5es sociais s\u00e3o reproduzidas e institucionalizadas.","og_url":"https:\/\/inclusivenews.com.br\/?p=19002","article_publisher":"https:\/\/www.facebook.com\/agenciainclusive\/","article_published_time":"2011-04-07T10:28:30+00:00","og_image":[{"url":"http:\/\/inclusivenews.com.br\/wp-content\/uploads\/2009\/11\/bandeira.jpg","type":"","width":"","height":""}],"author":"inclusivenews2024","twitter_card":"summary_large_image","twitter_misc":{"Escrito por":"inclusivenews2024","Tempo estimado de leitura":"4 minutos"},"schema":{"@context":"https:\/\/schema.org","@graph":[{"@type":"Article","@id":"https:\/\/inclusivenews.com.br\/?p=19002#article","isPartOf":{"@id":"https:\/\/inclusivenews.com.br\/?p=19002"},"author":{"name":"inclusivenews2024","@id":"https:\/\/inclusivenews.com.br\/#\/schema\/person\/ae4ec7087559b8692fb33b6fffd2273b"},"headline":"UFMG faz estudo sobre homofobia","datePublished":"2011-04-07T10:28:30+00:00","mainEntityOfPage":{"@id":"https:\/\/inclusivenews.com.br\/?p=19002"},"wordCount":893,"commentCount":1,"publisher":{"@id":"https:\/\/inclusivenews.com.br\/#organization"},"image":{"@id":"https:\/\/inclusivenews.com.br\/?p=19002#primaryimage"},"thumbnailUrl":"http:\/\/inclusivenews.com.br\/wp-content\/uploads\/2009\/11\/bandeira.jpg","keywords":["homofobia"],"articleSection":["CAMPANHAS","DIREITOS HUMANOS","Discrimina\u00e7\u00e3o","NOT\u00cdCIAS","Preconceito"],"inLanguage":"pt-PT","potentialAction":[{"@type":"CommentAction","name":"Comment","target":["https:\/\/inclusivenews.com.br\/?p=19002#respond"]}]},{"@type":"WebPage","@id":"https:\/\/inclusivenews.com.br\/?p=19002","url":"https:\/\/inclusivenews.com.br\/?p=19002","name":"UFMG faz estudo sobre homofobia -","isPartOf":{"@id":"https:\/\/inclusivenews.com.br\/#website"},"primaryImageOfPage":{"@id":"https:\/\/inclusivenews.com.br\/?p=19002#primaryimage"},"image":{"@id":"https:\/\/inclusivenews.com.br\/?p=19002#primaryimage"},"thumbnailUrl":"http:\/\/inclusivenews.com.br\/wp-content\/uploads\/2009\/11\/bandeira.jpg","datePublished":"2011-04-07T10:28:30+00:00","breadcrumb":{"@id":"https:\/\/inclusivenews.com.br\/?p=19002#breadcrumb"},"inLanguage":"pt-PT","potentialAction":[{"@type":"ReadAction","target":["https:\/\/inclusivenews.com.br\/?p=19002"]}]},{"@type":"ImageObject","inLanguage":"pt-PT","@id":"https:\/\/inclusivenews.com.br\/?p=19002#primaryimage","url":"https:\/\/inclusivenews.com.br\/wp-content\/uploads\/2009\/11\/bandeira.jpg","contentUrl":"https:\/\/inclusivenews.com.br\/wp-content\/uploads\/2009\/11\/bandeira.jpg","width":161,"height":122,"caption":"Bandeira s\u00edmbolo do movimento GLBT contra a homofobia. A cor vermelha imita um sangramento."},{"@type":"BreadcrumbList","@id":"https:\/\/inclusivenews.com.br\/?p=19002#breadcrumb","itemListElement":[{"@type":"ListItem","position":1,"name":"In\u00edcio","item":"https:\/\/inclusivenews.com.br\/"},{"@type":"ListItem","position":2,"name":"UFMG faz estudo sobre homofobia"}]},{"@type":"WebSite","@id":"https:\/\/inclusivenews.com.br\/#website","url":"https:\/\/inclusivenews.com.br\/","name":"Inclusive News","description":"Inclusive News","publisher":{"@id":"https:\/\/inclusivenews.com.br\/#organization"},"potentialAction":[{"@type":"SearchAction","target":{"@type":"EntryPoint","urlTemplate":"https:\/\/inclusivenews.com.br\/?s={search_term_string}"},"query-input":{"@type":"PropertyValueSpecification","valueRequired":true,"valueName":"search_term_string"}}],"inLanguage":"pt-PT"},{"@type":"Organization","@id":"https:\/\/inclusivenews.com.br\/#organization","name":"Inclusive - inclus\u00e3o e cidadania","url":"https:\/\/inclusivenews.com.br\/","logo":{"@type":"ImageObject","inLanguage":"pt-PT","@id":"https:\/\/inclusivenews.com.br\/#\/schema\/logo\/image\/","url":"https:\/\/inclusivenews.com.br\/wp-content\/uploads\/2024\/03\/@grandesite.png","contentUrl":"https:\/\/inclusivenews.com.br\/wp-content\/uploads\/2024\/03\/@grandesite.png","width":1080,"height":1080,"caption":"Inclusive - inclus\u00e3o e cidadania"},"image":{"@id":"https:\/\/inclusivenews.com.br\/#\/schema\/logo\/image\/"},"sameAs":["https:\/\/www.facebook.com\/agenciainclusive\/","https:\/\/www.instagram.com\/newsinclusive\/"]},{"@type":"Person","@id":"https:\/\/inclusivenews.com.br\/#\/schema\/person\/ae4ec7087559b8692fb33b6fffd2273b","name":"inclusivenews2024","image":{"@type":"ImageObject","inLanguage":"pt-PT","@id":"https:\/\/secure.gravatar.com\/avatar\/c5a7ef84c66fa914f55bc4f7ce26cfa275a3b9a1c5568b907bd184fb4dde7b40?s=96&d=mm&r=g","url":"https:\/\/secure.gravatar.com\/avatar\/c5a7ef84c66fa914f55bc4f7ce26cfa275a3b9a1c5568b907bd184fb4dde7b40?s=96&d=mm&r=g","contentUrl":"https:\/\/secure.gravatar.com\/avatar\/c5a7ef84c66fa914f55bc4f7ce26cfa275a3b9a1c5568b907bd184fb4dde7b40?s=96&d=mm&r=g","caption":"inclusivenews2024"},"sameAs":["https:\/\/inclusivenews.com.br"],"url":"https:\/\/inclusivenews.com.br\/?author=1"}]}},"_links":{"self":[{"href":"https:\/\/inclusivenews.com.br\/index.php?rest_route=\/wp\/v2\/posts\/19002","targetHints":{"allow":["GET"]}}],"collection":[{"href":"https:\/\/inclusivenews.com.br\/index.php?rest_route=\/wp\/v2\/posts"}],"about":[{"href":"https:\/\/inclusivenews.com.br\/index.php?rest_route=\/wp\/v2\/types\/post"}],"author":[{"embeddable":true,"href":"https:\/\/inclusivenews.com.br\/index.php?rest_route=\/wp\/v2\/users\/1"}],"replies":[{"embeddable":true,"href":"https:\/\/inclusivenews.com.br\/index.php?rest_route=%2Fwp%2Fv2%2Fcomments&post=19002"}],"version-history":[{"count":0,"href":"https:\/\/inclusivenews.com.br\/index.php?rest_route=\/wp\/v2\/posts\/19002\/revisions"}],"wp:attachment":[{"href":"https:\/\/inclusivenews.com.br\/index.php?rest_route=%2Fwp%2Fv2%2Fmedia&parent=19002"}],"wp:term":[{"taxonomy":"category","embeddable":true,"href":"https:\/\/inclusivenews.com.br\/index.php?rest_route=%2Fwp%2Fv2%2Fcategories&post=19002"},{"taxonomy":"post_tag","embeddable":true,"href":"https:\/\/inclusivenews.com.br\/index.php?rest_route=%2Fwp%2Fv2%2Ftags&post=19002"}],"curies":[{"name":"wp","href":"https:\/\/api.w.org\/{rel}","templated":true}]}}