{"id":19004,"date":"2011-04-07T07:23:07","date_gmt":"2011-04-07T10:23:07","guid":{"rendered":"http:\/\/www.inclusive.org.br\/?p=19004"},"modified":"2011-04-07T07:23:07","modified_gmt":"2011-04-07T10:23:07","slug":"prefeitura-de-pocos-de-caldas-promove-curso-sobre-inclusao-de-alunos-com-deficie-ncia","status":"publish","type":"post","link":"https:\/\/inclusivenews.com.br\/?p=19004","title":{"rendered":"Prefeitura de Po\u00e7os de Caldas promove curso sobre inclus\u00e3o de alunos com defici\u00ea ncia"},"content":{"rendered":"<p><a href=\"http:\/\/www.inclusivenews.com.br\/wp-content\/uploads\/2009\/12\/participacao.jpg\"><img loading=\"lazy\" decoding=\"async\" class=\"alignleft size-full wp-image-12981\" title=\"Inclusive - alunos fazendo arte e pinturas no ch\u00e3o.\" src=\"http:\/\/inclusivenews.com.br\/wp-content\/uploads\/2009\/12\/participacao.jpg\" alt=\"Inclusive - alunos fazendo arte e pinturas no ch\u00e3o.\" width=\"226\" height=\"168\" \/><\/a>A Secretaria Municipal de Educa\u00e7\u00e3o, em parceria com a Associa\u00e7\u00e3o dos Deficientes F\u00edsicos de Po\u00e7os de Caldas (Adefip), est\u00e1 realizando a capacita\u00e7\u00e3o &#8220;Defici\u00eancia F\u00edsica no Cotidiano Escolar&#8221; para cuidadores, professores e especialistas da rede municipal de ensino.<\/p>\n<p>O curso teve in\u00edcio no dia 28 de mar\u00e7o e as primeiras turmas foram encerradas nesta sexta-feira (1). Outra turma tem in\u00edcio na pr\u00f3xima segunda-feira (4), das 7h30 \u00e0s 11h30, na sede da Autarquia Municipal de Ensino, na rua Corumb\u00e1, no Jardim dos Estados. Ao todo, ser\u00e3o capacitadas 110 pessoas.<\/p>\n<p>Po\u00e7os de Caldas \u00e9 pioneira na oferta de cuidadores nas escolas, profissionais que servem de apoio para crian\u00e7as e jovens portadores de necessidades especiais, auxiliam o professor em sala de aula e garantem a inclus\u00e3o destes alunos. O servi\u00e7o foi iniciado em 2009 e conta hoje com 44 cuidadores distribu\u00eddos em 26 unidades, entre escolas e centros de educa\u00e7\u00e3o infantil.<\/p>\n<p>O curso est\u00e1 capacitando os profissionais envolvidos no processo sobre a parte cl\u00ednica e pedag\u00f3gica do atendimento \u00e0s crian\u00e7as com defici\u00eancia f\u00edsica. Na manh\u00e3 desta sexta-feira, o prefeito Paulo C\u00e9sar Silva entregou simbolicamente o certificado da capacita\u00e7\u00e3o \u00e0s participantes e afirmou que a educa\u00e7\u00e3o inclusiva \u00e9 prioridade no trabalho desenvolvido pela Secretaria Municipal de Educa\u00e7\u00e3o.<\/p>\n<p>\u201cPo\u00e7os de Caldas est\u00e1 se tornando refer\u00eancia quando o assunto \u00e9 inclus\u00e3o nas escolas. J\u00e1 recebemos diversas visitas de representantes de outras cidades que vieram conhecer o nosso trabalho\u201d, contou o prefeito, que emocionou os presentes ao dizer que foram escolhidos por Deus para desenvolver a fun\u00e7\u00e3o de cuidador.<\/p>\n<p>J\u00e1 a professora Maria Helena Braga, secret\u00e1ria de Educa\u00e7\u00e3o, ressaltou o brilhante trabalho desenvolvido pela Adefip. \u201cN\u00f3s queremos que a equipe da Adefip socialize os conhecimentos, que construiu durante anos, com os nossos cuidadores, professores e especialistas\u201d, afirmou.<br \/>\n<strong><br \/>\nInclus\u00e3o<br \/>\n<\/strong>De acordo com a respons\u00e1vel pela Educa\u00e7\u00e3o Especial no munic\u00edpio, Etiene Carvalho Guedes, a Prefeitura est\u00e1 oferecendo total apoio na \u00e1rea, n\u00e3o s\u00f3 aos alunos que necessitam de cuidadores, como tamb\u00e9m para os que precisam de algo mais, no Centro de Desenvolvimento do Potencial e Talento (CEDET).<\/p>\n<p>A capacita\u00e7\u00e3o contou com a presen\u00e7a da aluna cadeirante da E. M. Maria Ov\u00eddia Junqueira, Mary Ellen, que ajudou a equipe da Adefip nas explica\u00e7\u00f5es. \u201cA evolu\u00e7\u00e3o, o desenvolvimento, a inclus\u00e3o e a socializa\u00e7\u00e3o dela mudaram muito desde que entrou na escola. Como m\u00e3e, eu digo que existe a Mary Ellen antes e depois da inclus\u00e3o. A inclus\u00e3o tem que ser de verdade, tem que ser real, a crian\u00e7a tem que estar na escola e acreditar no potencial, gerar suporte para o seu desenvolvimento. Ela melhorou 100% depois da escola\u201d, comemorou Rita de C\u00e1ssia Rodrigues, m\u00e3e de Mary Ellen.<\/p>\n<p>A representante da Adefip, Ana Paula Tranche, tamb\u00e9m destacou a import\u00e2ncia do trabalho que vem sendo desenvolvido pela Secretaria de Educa\u00e7\u00e3o no sentido de propiciar a inclus\u00e3o de alunos portadores de necessidades especiais.<br \/>\n_____________________________________<\/p>\n<p><strong>Fonte:<\/strong> <a href=\"http:\/\/www.pocosdecaldas.mg.gov.br\/portal\/index.php\/leia-mais\/33-educacao\/2099-prefeitura-promove-curso-sobre-inclusao-de-alunos-com-deficiencia\">Prefeitura Municipal de Po\u00e7os de Caldas<\/a><\/p>\n","protected":false},"excerpt":{"rendered":"<p>A Secretaria Municipal de Educa\u00e7\u00e3o, em parceria com a Associa\u00e7\u00e3o dos Deficientes F\u00edsicos de Po\u00e7os de Caldas (Adefip), est\u00e1 realizando a capacita\u00e7\u00e3o &#8220;Defici\u00eancia F\u00edsica no Cotidiano Escolar&#8221; para cuidadores, professores e especialistas da rede municipal de ensino.<\/p>\n","protected":false},"author":1,"featured_media":0,"comment_status":"open","ping_status":"open","sticky":false,"template":"","format":"standard","meta":{"site-container-style":"default","site-container-layout":"default","site-sidebar-layout":"default","disable-article-header":"default","disable-site-header":"default","disable-site-footer":"default","disable-content-area-spacing":"default","footnotes":""},"categories":[6,48,4],"tags":[],"class_list":["post-19004","post","type-post","status-publish","format-standard","hentry","category-educacao","category-inclusao","category-noticias"],"yoast_head":"<!-- This site is optimized with the Yoast SEO plugin v27.4 - https:\/\/yoast.com\/product\/yoast-seo-wordpress\/ -->\n<title>Prefeitura de Po\u00e7os de Caldas promove curso sobre inclus\u00e3o de alunos com defici\u00ea ncia -<\/title>\n<meta name=\"robots\" content=\"index, follow, max-snippet:-1, max-image-preview:large, max-video-preview:-1\" \/>\n<link rel=\"canonical\" href=\"https:\/\/inclusivenews.com.br\/?p=19004\" \/>\n<meta property=\"og:locale\" content=\"pt_PT\" \/>\n<meta property=\"og:type\" content=\"article\" \/>\n<meta property=\"og:title\" content=\"Prefeitura de Po\u00e7os de Caldas promove curso sobre inclus\u00e3o de alunos com defici\u00ea ncia -\" \/>\n<meta property=\"og:description\" content=\"A Secretaria Municipal de Educa\u00e7\u00e3o, em parceria com a Associa\u00e7\u00e3o dos Deficientes F\u00edsicos de Po\u00e7os de Caldas (Adefip), est\u00e1 realizando a capacita\u00e7\u00e3o &quot;Defici\u00eancia F\u00edsica no Cotidiano Escolar&quot; para cuidadores, professores e especialistas da rede municipal de ensino.\" \/>\n<meta property=\"og:url\" content=\"https:\/\/inclusivenews.com.br\/?p=19004\" \/>\n<meta property=\"article:publisher\" content=\"https:\/\/www.facebook.com\/agenciainclusive\/\" \/>\n<meta property=\"article:published_time\" content=\"2011-04-07T10:23:07+00:00\" \/>\n<meta property=\"og:image\" content=\"http:\/\/inclusivenews.com.br\/wp-content\/uploads\/2009\/12\/participacao.jpg\" \/>\n<meta name=\"author\" content=\"inclusivenews2024\" \/>\n<meta name=\"twitter:card\" content=\"summary_large_image\" \/>\n<meta name=\"twitter:label1\" content=\"Escrito por\" \/>\n\t<meta name=\"twitter:data1\" content=\"inclusivenews2024\" \/>\n\t<meta name=\"twitter:label2\" content=\"Tempo estimado de leitura\" \/>\n\t<meta name=\"twitter:data2\" content=\"3 minutos\" \/>\n<script type=\"application\/ld+json\" class=\"yoast-schema-graph\">{\"@context\":\"https:\\\/\\\/schema.org\",\"@graph\":[{\"@type\":\"Article\",\"@id\":\"https:\\\/\\\/inclusivenews.com.br\\\/?p=19004#article\",\"isPartOf\":{\"@id\":\"https:\\\/\\\/inclusivenews.com.br\\\/?p=19004\"},\"author\":{\"name\":\"inclusivenews2024\",\"@id\":\"https:\\\/\\\/inclusivenews.com.br\\\/#\\\/schema\\\/person\\\/ae4ec7087559b8692fb33b6fffd2273b\"},\"headline\":\"Prefeitura de Po\u00e7os de Caldas promove curso sobre inclus\u00e3o de alunos com defici\u00ea ncia\",\"datePublished\":\"2011-04-07T10:23:07+00:00\",\"mainEntityOfPage\":{\"@id\":\"https:\\\/\\\/inclusivenews.com.br\\\/?p=19004\"},\"wordCount\":539,\"commentCount\":1,\"publisher\":{\"@id\":\"https:\\\/\\\/inclusivenews.com.br\\\/#organization\"},\"image\":{\"@id\":\"https:\\\/\\\/inclusivenews.com.br\\\/?p=19004#primaryimage\"},\"thumbnailUrl\":\"http:\\\/\\\/inclusivenews.com.br\\\/wp-content\\\/uploads\\\/2009\\\/12\\\/participacao.jpg\",\"articleSection\":[\"EDUCA\u00c7\u00c3O\",\"INCLUS\u00c3O SOCIAL\",\"NOT\u00cdCIAS\"],\"inLanguage\":\"pt-PT\",\"potentialAction\":[{\"@type\":\"CommentAction\",\"name\":\"Comment\",\"target\":[\"https:\\\/\\\/inclusivenews.com.br\\\/?p=19004#respond\"]}]},{\"@type\":\"WebPage\",\"@id\":\"https:\\\/\\\/inclusivenews.com.br\\\/?p=19004\",\"url\":\"https:\\\/\\\/inclusivenews.com.br\\\/?p=19004\",\"name\":\"Prefeitura de Po\u00e7os de Caldas promove curso sobre inclus\u00e3o de alunos com defici\u00ea ncia -\",\"isPartOf\":{\"@id\":\"https:\\\/\\\/inclusivenews.com.br\\\/#website\"},\"primaryImageOfPage\":{\"@id\":\"https:\\\/\\\/inclusivenews.com.br\\\/?p=19004#primaryimage\"},\"image\":{\"@id\":\"https:\\\/\\\/inclusivenews.com.br\\\/?p=19004#primaryimage\"},\"thumbnailUrl\":\"http:\\\/\\\/inclusivenews.com.br\\\/wp-content\\\/uploads\\\/2009\\\/12\\\/participacao.jpg\",\"datePublished\":\"2011-04-07T10:23:07+00:00\",\"breadcrumb\":{\"@id\":\"https:\\\/\\\/inclusivenews.com.br\\\/?p=19004#breadcrumb\"},\"inLanguage\":\"pt-PT\",\"potentialAction\":[{\"@type\":\"ReadAction\",\"target\":[\"https:\\\/\\\/inclusivenews.com.br\\\/?p=19004\"]}]},{\"@type\":\"ImageObject\",\"inLanguage\":\"pt-PT\",\"@id\":\"https:\\\/\\\/inclusivenews.com.br\\\/?p=19004#primaryimage\",\"url\":\"\",\"contentUrl\":\"\"},{\"@type\":\"BreadcrumbList\",\"@id\":\"https:\\\/\\\/inclusivenews.com.br\\\/?p=19004#breadcrumb\",\"itemListElement\":[{\"@type\":\"ListItem\",\"position\":1,\"name\":\"In\u00edcio\",\"item\":\"https:\\\/\\\/inclusivenews.com.br\\\/\"},{\"@type\":\"ListItem\",\"position\":2,\"name\":\"Prefeitura de Po\u00e7os de Caldas promove curso sobre inclus\u00e3o de alunos com defici\u00ea ncia\"}]},{\"@type\":\"WebSite\",\"@id\":\"https:\\\/\\\/inclusivenews.com.br\\\/#website\",\"url\":\"https:\\\/\\\/inclusivenews.com.br\\\/\",\"name\":\"Inclusive News\",\"description\":\"Inclusive News\",\"publisher\":{\"@id\":\"https:\\\/\\\/inclusivenews.com.br\\\/#organization\"},\"potentialAction\":[{\"@type\":\"SearchAction\",\"target\":{\"@type\":\"EntryPoint\",\"urlTemplate\":\"https:\\\/\\\/inclusivenews.com.br\\\/?s={search_term_string}\"},\"query-input\":{\"@type\":\"PropertyValueSpecification\",\"valueRequired\":true,\"valueName\":\"search_term_string\"}}],\"inLanguage\":\"pt-PT\"},{\"@type\":\"Organization\",\"@id\":\"https:\\\/\\\/inclusivenews.com.br\\\/#organization\",\"name\":\"Inclusive - inclus\u00e3o e cidadania\",\"url\":\"https:\\\/\\\/inclusivenews.com.br\\\/\",\"logo\":{\"@type\":\"ImageObject\",\"inLanguage\":\"pt-PT\",\"@id\":\"https:\\\/\\\/inclusivenews.com.br\\\/#\\\/schema\\\/logo\\\/image\\\/\",\"url\":\"https:\\\/\\\/inclusivenews.com.br\\\/wp-content\\\/uploads\\\/2024\\\/03\\\/@grandesite.png\",\"contentUrl\":\"https:\\\/\\\/inclusivenews.com.br\\\/wp-content\\\/uploads\\\/2024\\\/03\\\/@grandesite.png\",\"width\":1080,\"height\":1080,\"caption\":\"Inclusive - inclus\u00e3o e cidadania\"},\"image\":{\"@id\":\"https:\\\/\\\/inclusivenews.com.br\\\/#\\\/schema\\\/logo\\\/image\\\/\"},\"sameAs\":[\"https:\\\/\\\/www.facebook.com\\\/agenciainclusive\\\/\",\"https:\\\/\\\/www.instagram.com\\\/newsinclusive\\\/\"]},{\"@type\":\"Person\",\"@id\":\"https:\\\/\\\/inclusivenews.com.br\\\/#\\\/schema\\\/person\\\/ae4ec7087559b8692fb33b6fffd2273b\",\"name\":\"inclusivenews2024\",\"image\":{\"@type\":\"ImageObject\",\"inLanguage\":\"pt-PT\",\"@id\":\"https:\\\/\\\/secure.gravatar.com\\\/avatar\\\/c5a7ef84c66fa914f55bc4f7ce26cfa275a3b9a1c5568b907bd184fb4dde7b40?s=96&d=mm&r=g\",\"url\":\"https:\\\/\\\/secure.gravatar.com\\\/avatar\\\/c5a7ef84c66fa914f55bc4f7ce26cfa275a3b9a1c5568b907bd184fb4dde7b40?s=96&d=mm&r=g\",\"contentUrl\":\"https:\\\/\\\/secure.gravatar.com\\\/avatar\\\/c5a7ef84c66fa914f55bc4f7ce26cfa275a3b9a1c5568b907bd184fb4dde7b40?s=96&d=mm&r=g\",\"caption\":\"inclusivenews2024\"},\"sameAs\":[\"https:\\\/\\\/inclusivenews.com.br\"],\"url\":\"https:\\\/\\\/inclusivenews.com.br\\\/?author=1\"}]}<\/script>\n<!-- \/ Yoast SEO plugin. -->","yoast_head_json":{"title":"Prefeitura de Po\u00e7os de Caldas promove curso sobre inclus\u00e3o de alunos com defici\u00ea ncia -","robots":{"index":"index","follow":"follow","max-snippet":"max-snippet:-1","max-image-preview":"max-image-preview:large","max-video-preview":"max-video-preview:-1"},"canonical":"https:\/\/inclusivenews.com.br\/?p=19004","og_locale":"pt_PT","og_type":"article","og_title":"Prefeitura de Po\u00e7os de Caldas promove curso sobre inclus\u00e3o de alunos com defici\u00ea ncia -","og_description":"A Secretaria Municipal de Educa\u00e7\u00e3o, em parceria com a Associa\u00e7\u00e3o dos Deficientes F\u00edsicos de Po\u00e7os de Caldas (Adefip), est\u00e1 realizando a capacita\u00e7\u00e3o \"Defici\u00eancia F\u00edsica no Cotidiano Escolar\" para cuidadores, professores e especialistas da rede municipal de ensino.","og_url":"https:\/\/inclusivenews.com.br\/?p=19004","article_publisher":"https:\/\/www.facebook.com\/agenciainclusive\/","article_published_time":"2011-04-07T10:23:07+00:00","og_image":[{"url":"http:\/\/inclusivenews.com.br\/wp-content\/uploads\/2009\/12\/participacao.jpg","type":"","width":"","height":""}],"author":"inclusivenews2024","twitter_card":"summary_large_image","twitter_misc":{"Escrito por":"inclusivenews2024","Tempo estimado de leitura":"3 minutos"},"schema":{"@context":"https:\/\/schema.org","@graph":[{"@type":"Article","@id":"https:\/\/inclusivenews.com.br\/?p=19004#article","isPartOf":{"@id":"https:\/\/inclusivenews.com.br\/?p=19004"},"author":{"name":"inclusivenews2024","@id":"https:\/\/inclusivenews.com.br\/#\/schema\/person\/ae4ec7087559b8692fb33b6fffd2273b"},"headline":"Prefeitura de Po\u00e7os de Caldas promove curso sobre inclus\u00e3o de alunos com defici\u00ea ncia","datePublished":"2011-04-07T10:23:07+00:00","mainEntityOfPage":{"@id":"https:\/\/inclusivenews.com.br\/?p=19004"},"wordCount":539,"commentCount":1,"publisher":{"@id":"https:\/\/inclusivenews.com.br\/#organization"},"image":{"@id":"https:\/\/inclusivenews.com.br\/?p=19004#primaryimage"},"thumbnailUrl":"http:\/\/inclusivenews.com.br\/wp-content\/uploads\/2009\/12\/participacao.jpg","articleSection":["EDUCA\u00c7\u00c3O","INCLUS\u00c3O SOCIAL","NOT\u00cdCIAS"],"inLanguage":"pt-PT","potentialAction":[{"@type":"CommentAction","name":"Comment","target":["https:\/\/inclusivenews.com.br\/?p=19004#respond"]}]},{"@type":"WebPage","@id":"https:\/\/inclusivenews.com.br\/?p=19004","url":"https:\/\/inclusivenews.com.br\/?p=19004","name":"Prefeitura de Po\u00e7os de Caldas promove curso sobre inclus\u00e3o de alunos com defici\u00ea ncia -","isPartOf":{"@id":"https:\/\/inclusivenews.com.br\/#website"},"primaryImageOfPage":{"@id":"https:\/\/inclusivenews.com.br\/?p=19004#primaryimage"},"image":{"@id":"https:\/\/inclusivenews.com.br\/?p=19004#primaryimage"},"thumbnailUrl":"http:\/\/inclusivenews.com.br\/wp-content\/uploads\/2009\/12\/participacao.jpg","datePublished":"2011-04-07T10:23:07+00:00","breadcrumb":{"@id":"https:\/\/inclusivenews.com.br\/?p=19004#breadcrumb"},"inLanguage":"pt-PT","potentialAction":[{"@type":"ReadAction","target":["https:\/\/inclusivenews.com.br\/?p=19004"]}]},{"@type":"ImageObject","inLanguage":"pt-PT","@id":"https:\/\/inclusivenews.com.br\/?p=19004#primaryimage","url":"","contentUrl":""},{"@type":"BreadcrumbList","@id":"https:\/\/inclusivenews.com.br\/?p=19004#breadcrumb","itemListElement":[{"@type":"ListItem","position":1,"name":"In\u00edcio","item":"https:\/\/inclusivenews.com.br\/"},{"@type":"ListItem","position":2,"name":"Prefeitura de Po\u00e7os de Caldas promove curso sobre inclus\u00e3o de alunos com defici\u00ea ncia"}]},{"@type":"WebSite","@id":"https:\/\/inclusivenews.com.br\/#website","url":"https:\/\/inclusivenews.com.br\/","name":"Inclusive News","description":"Inclusive News","publisher":{"@id":"https:\/\/inclusivenews.com.br\/#organization"},"potentialAction":[{"@type":"SearchAction","target":{"@type":"EntryPoint","urlTemplate":"https:\/\/inclusivenews.com.br\/?s={search_term_string}"},"query-input":{"@type":"PropertyValueSpecification","valueRequired":true,"valueName":"search_term_string"}}],"inLanguage":"pt-PT"},{"@type":"Organization","@id":"https:\/\/inclusivenews.com.br\/#organization","name":"Inclusive - inclus\u00e3o e cidadania","url":"https:\/\/inclusivenews.com.br\/","logo":{"@type":"ImageObject","inLanguage":"pt-PT","@id":"https:\/\/inclusivenews.com.br\/#\/schema\/logo\/image\/","url":"https:\/\/inclusivenews.com.br\/wp-content\/uploads\/2024\/03\/@grandesite.png","contentUrl":"https:\/\/inclusivenews.com.br\/wp-content\/uploads\/2024\/03\/@grandesite.png","width":1080,"height":1080,"caption":"Inclusive - inclus\u00e3o e cidadania"},"image":{"@id":"https:\/\/inclusivenews.com.br\/#\/schema\/logo\/image\/"},"sameAs":["https:\/\/www.facebook.com\/agenciainclusive\/","https:\/\/www.instagram.com\/newsinclusive\/"]},{"@type":"Person","@id":"https:\/\/inclusivenews.com.br\/#\/schema\/person\/ae4ec7087559b8692fb33b6fffd2273b","name":"inclusivenews2024","image":{"@type":"ImageObject","inLanguage":"pt-PT","@id":"https:\/\/secure.gravatar.com\/avatar\/c5a7ef84c66fa914f55bc4f7ce26cfa275a3b9a1c5568b907bd184fb4dde7b40?s=96&d=mm&r=g","url":"https:\/\/secure.gravatar.com\/avatar\/c5a7ef84c66fa914f55bc4f7ce26cfa275a3b9a1c5568b907bd184fb4dde7b40?s=96&d=mm&r=g","contentUrl":"https:\/\/secure.gravatar.com\/avatar\/c5a7ef84c66fa914f55bc4f7ce26cfa275a3b9a1c5568b907bd184fb4dde7b40?s=96&d=mm&r=g","caption":"inclusivenews2024"},"sameAs":["https:\/\/inclusivenews.com.br"],"url":"https:\/\/inclusivenews.com.br\/?author=1"}]}},"_links":{"self":[{"href":"https:\/\/inclusivenews.com.br\/index.php?rest_route=\/wp\/v2\/posts\/19004","targetHints":{"allow":["GET"]}}],"collection":[{"href":"https:\/\/inclusivenews.com.br\/index.php?rest_route=\/wp\/v2\/posts"}],"about":[{"href":"https:\/\/inclusivenews.com.br\/index.php?rest_route=\/wp\/v2\/types\/post"}],"author":[{"embeddable":true,"href":"https:\/\/inclusivenews.com.br\/index.php?rest_route=\/wp\/v2\/users\/1"}],"replies":[{"embeddable":true,"href":"https:\/\/inclusivenews.com.br\/index.php?rest_route=%2Fwp%2Fv2%2Fcomments&post=19004"}],"version-history":[{"count":0,"href":"https:\/\/inclusivenews.com.br\/index.php?rest_route=\/wp\/v2\/posts\/19004\/revisions"}],"wp:attachment":[{"href":"https:\/\/inclusivenews.com.br\/index.php?rest_route=%2Fwp%2Fv2%2Fmedia&parent=19004"}],"wp:term":[{"taxonomy":"category","embeddable":true,"href":"https:\/\/inclusivenews.com.br\/index.php?rest_route=%2Fwp%2Fv2%2Fcategories&post=19004"},{"taxonomy":"post_tag","embeddable":true,"href":"https:\/\/inclusivenews.com.br\/index.php?rest_route=%2Fwp%2Fv2%2Ftags&post=19004"}],"curies":[{"name":"wp","href":"https:\/\/api.w.org\/{rel}","templated":true}]}}