{"id":19006,"date":"2011-04-07T07:23:22","date_gmt":"2011-04-07T10:23:22","guid":{"rendered":"http:\/\/www.inclusive.org.br\/?p=19006"},"modified":"2011-04-07T07:23:22","modified_gmt":"2011-04-07T10:23:22","slug":"no-parana-secretaria-de-educacao-promovera-eventos-e-formacao-em-educacao-inclusiva-com-a-ufpr","status":"publish","type":"post","link":"https:\/\/inclusivenews.com.br\/?p=19006","title":{"rendered":"No Paran\u00e1, Secretaria de Educa\u00e7\u00e3o promover\u00e1 eventos e forma\u00e7\u00e3o em educa\u00e7\u00e3o inclusiva com a UFPR"},"content":{"rendered":"<p><a class=\"moz-txt-link-freetext\" href=\"http:\/\/www.litoral.ufpr.br\/sites\/default\/files\/03_30%20SEED.jpg\"><\/a><\/p>\n<figure style=\"width: 280px\" class=\"wp-caption alignleft\"><img loading=\"lazy\" decoding=\"async\" title=\"Integrantes da SEED.\" src=\"http:\/\/www.litoral.ufpr.br\/sites\/default\/files\/03_30%20SEED.jpg\" alt=\"Integrantes da SEED.\" width=\"280\" height=\"187\" \/><figcaption class=\"wp-caption-text\">Integrantes da SEED.<\/figcaption><\/figure>\n<p><em>UFPR e Departamento de Educa\u00e7\u00e3o Especial e Inclus\u00e3o Educacional, da Seed, ir\u00e3o promover um evento e projetos conjuntos<\/em><\/p>\n<p>Professores e acad\u00eamicos da Universidade Federal do Paran\u00e1 (UFPR), campi Curitiba e Litoral, estiveram reunidos com representantes do Departamento de Educa\u00e7\u00e3o Especial e Inclus\u00e3o Educacional (DEEIN), da Secretaria de Estado da Educa\u00e7\u00e3o (Seed), na \u00faltima ter\u00e7a-feira (29), em Curitiba.<\/p>\n<p>O objetivo do encontro foi discutir a parceria entre as institui\u00e7\u00f5es para a realiza\u00e7\u00e3o do Semin\u00e1rio de Educa\u00e7\u00e3o Inclusiva, que dever\u00e1 ocorrer no dia 10 de junho, em Matinhos. A parceria contar\u00e1 ainda com a o envolvimento do N\u00facleo de Educa\u00e7\u00e3o Regional de Paranagu\u00e1.<\/p>\n<p>A cria\u00e7\u00e3o de um projeto voltado \u00e0 educa\u00e7\u00e3o profissional, ao idoso e \u00e0 pessoa com defici\u00eancia tamb\u00e9m foi tema de discuss\u00e3o. A ideia \u00e9 aproximar ainda mais a universidade das comunidades, especialmente daquelas que foram atingidas pelas chuvas e deslizamentos no litoral paranaense, no in\u00edcio do m\u00eas de mar\u00e7o.<\/p>\n<p>Representaram o DEEIN, a diretora do Departamento Walk\u00edria Gomes e os t\u00e9cnicos pedag\u00f3gicos Humberto Rodrigues de Lima, Let\u00edcia Trento Comin e Odair Antonio Fernandes. Pela UFPR, estiveram presentes as professoras Laura Ceretta Moreira, Vera L\u00facia Ismael, Mayra Taiza Sulzbach e a psic\u00f3loga Mar\u00edlia Ferreira Murata.<\/p>\n<p><em>Com informa\u00e7\u00f5es e foto do site: <a class=\"moz-txt-link-abbreviated\" href=\"http:\/\/www.diaadiaeducacao.pr.gov.br\">www.diaadiaeducacao.pr.gov.br<\/a><br \/>\n__________<br \/>\n<\/em><\/p>\n<div class=\"field field-type-text field-field-noticia-autor\">\n<div class=\"field-items\">\n<div class=\"field-item odd\"><strong>Fonte:<\/strong> <a href=\"http:\/\/www.diaadiaedcacao.pr.gov.br\">Seed<\/a><\/div>\n<\/div>\n<\/div>\n","protected":false},"excerpt":{"rendered":"<p>UFPR e Departamento de Educa\u00e7\u00e3o Especial e Inclus\u00e3o Educacional, da Seed, ir\u00e3o promover um evento e projetos conjuntos.<\/p>\n","protected":false},"author":1,"featured_media":0,"comment_status":"open","ping_status":"open","sticky":false,"template":"","format":"standard","meta":{"site-container-style":"default","site-container-layout":"default","site-sidebar-layout":"default","disable-article-header":"default","disable-site-header":"default","disable-site-footer":"default","disable-content-area-spacing":"default","footnotes":""},"categories":[12,38,48,4],"tags":[],"class_list":["post-19006","post","type-post","status-publish","format-standard","hentry","category-cursos-e-eventos","category-deficiencia","category-inclusao","category-noticias"],"yoast_head":"<!-- This site is optimized with the Yoast SEO plugin v27.4 - https:\/\/yoast.com\/product\/yoast-seo-wordpress\/ -->\n<title>No Paran\u00e1, Secretaria de Educa\u00e7\u00e3o promover\u00e1 eventos e forma\u00e7\u00e3o em educa\u00e7\u00e3o inclusiva com a UFPR -<\/title>\n<meta name=\"robots\" content=\"index, follow, max-snippet:-1, max-image-preview:large, max-video-preview:-1\" \/>\n<link rel=\"canonical\" href=\"https:\/\/inclusivenews.com.br\/?p=19006\" \/>\n<meta property=\"og:locale\" content=\"pt_PT\" \/>\n<meta property=\"og:type\" content=\"article\" \/>\n<meta property=\"og:title\" content=\"No Paran\u00e1, Secretaria de Educa\u00e7\u00e3o promover\u00e1 eventos e forma\u00e7\u00e3o em educa\u00e7\u00e3o inclusiva com a UFPR -\" \/>\n<meta property=\"og:description\" content=\"UFPR e Departamento de Educa\u00e7\u00e3o Especial e Inclus\u00e3o Educacional, da Seed, ir\u00e3o promover um evento e projetos conjuntos.\" \/>\n<meta property=\"og:url\" content=\"https:\/\/inclusivenews.com.br\/?p=19006\" \/>\n<meta property=\"article:publisher\" content=\"https:\/\/www.facebook.com\/agenciainclusive\/\" \/>\n<meta property=\"article:published_time\" content=\"2011-04-07T10:23:22+00:00\" \/>\n<meta property=\"og:image\" content=\"http:\/\/www.litoral.ufpr.br\/sites\/default\/files\/03_30%20SEED.jpg\" \/>\n<meta name=\"author\" content=\"inclusivenews2024\" \/>\n<meta name=\"twitter:card\" content=\"summary_large_image\" \/>\n<meta name=\"twitter:label1\" content=\"Escrito por\" \/>\n\t<meta name=\"twitter:data1\" content=\"inclusivenews2024\" \/>\n\t<meta name=\"twitter:label2\" content=\"Tempo estimado de leitura\" \/>\n\t<meta name=\"twitter:data2\" content=\"1 minuto\" \/>\n<script type=\"application\/ld+json\" class=\"yoast-schema-graph\">{\"@context\":\"https:\\\/\\\/schema.org\",\"@graph\":[{\"@type\":\"Article\",\"@id\":\"https:\\\/\\\/inclusivenews.com.br\\\/?p=19006#article\",\"isPartOf\":{\"@id\":\"https:\\\/\\\/inclusivenews.com.br\\\/?p=19006\"},\"author\":{\"name\":\"inclusivenews2024\",\"@id\":\"https:\\\/\\\/inclusivenews.com.br\\\/#\\\/schema\\\/person\\\/ae4ec7087559b8692fb33b6fffd2273b\"},\"headline\":\"No Paran\u00e1, Secretaria de Educa\u00e7\u00e3o promover\u00e1 eventos e forma\u00e7\u00e3o em educa\u00e7\u00e3o inclusiva com a UFPR\",\"datePublished\":\"2011-04-07T10:23:22+00:00\",\"mainEntityOfPage\":{\"@id\":\"https:\\\/\\\/inclusivenews.com.br\\\/?p=19006\"},\"wordCount\":261,\"commentCount\":2,\"publisher\":{\"@id\":\"https:\\\/\\\/inclusivenews.com.br\\\/#organization\"},\"image\":{\"@id\":\"https:\\\/\\\/inclusivenews.com.br\\\/?p=19006#primaryimage\"},\"thumbnailUrl\":\"http:\\\/\\\/www.litoral.ufpr.br\\\/sites\\\/default\\\/files\\\/03_30%20SEED.jpg\",\"articleSection\":[\"Cursos e eventos\",\"Defici\u00eancia\",\"INCLUS\u00c3O SOCIAL\",\"NOT\u00cdCIAS\"],\"inLanguage\":\"pt-PT\",\"potentialAction\":[{\"@type\":\"CommentAction\",\"name\":\"Comment\",\"target\":[\"https:\\\/\\\/inclusivenews.com.br\\\/?p=19006#respond\"]}]},{\"@type\":\"WebPage\",\"@id\":\"https:\\\/\\\/inclusivenews.com.br\\\/?p=19006\",\"url\":\"https:\\\/\\\/inclusivenews.com.br\\\/?p=19006\",\"name\":\"No Paran\u00e1, Secretaria de Educa\u00e7\u00e3o promover\u00e1 eventos e forma\u00e7\u00e3o em educa\u00e7\u00e3o inclusiva com a UFPR -\",\"isPartOf\":{\"@id\":\"https:\\\/\\\/inclusivenews.com.br\\\/#website\"},\"primaryImageOfPage\":{\"@id\":\"https:\\\/\\\/inclusivenews.com.br\\\/?p=19006#primaryimage\"},\"image\":{\"@id\":\"https:\\\/\\\/inclusivenews.com.br\\\/?p=19006#primaryimage\"},\"thumbnailUrl\":\"http:\\\/\\\/www.litoral.ufpr.br\\\/sites\\\/default\\\/files\\\/03_30%20SEED.jpg\",\"datePublished\":\"2011-04-07T10:23:22+00:00\",\"breadcrumb\":{\"@id\":\"https:\\\/\\\/inclusivenews.com.br\\\/?p=19006#breadcrumb\"},\"inLanguage\":\"pt-PT\",\"potentialAction\":[{\"@type\":\"ReadAction\",\"target\":[\"https:\\\/\\\/inclusivenews.com.br\\\/?p=19006\"]}]},{\"@type\":\"ImageObject\",\"inLanguage\":\"pt-PT\",\"@id\":\"https:\\\/\\\/inclusivenews.com.br\\\/?p=19006#primaryimage\",\"url\":\"http:\\\/\\\/www.litoral.ufpr.br\\\/sites\\\/default\\\/files\\\/03_30%20SEED.jpg\",\"contentUrl\":\"http:\\\/\\\/www.litoral.ufpr.br\\\/sites\\\/default\\\/files\\\/03_30%20SEED.jpg\"},{\"@type\":\"BreadcrumbList\",\"@id\":\"https:\\\/\\\/inclusivenews.com.br\\\/?p=19006#breadcrumb\",\"itemListElement\":[{\"@type\":\"ListItem\",\"position\":1,\"name\":\"In\u00edcio\",\"item\":\"https:\\\/\\\/inclusivenews.com.br\\\/\"},{\"@type\":\"ListItem\",\"position\":2,\"name\":\"No Paran\u00e1, Secretaria de Educa\u00e7\u00e3o promover\u00e1 eventos e forma\u00e7\u00e3o em educa\u00e7\u00e3o inclusiva com a UFPR\"}]},{\"@type\":\"WebSite\",\"@id\":\"https:\\\/\\\/inclusivenews.com.br\\\/#website\",\"url\":\"https:\\\/\\\/inclusivenews.com.br\\\/\",\"name\":\"Inclusive News\",\"description\":\"Inclusive News\",\"publisher\":{\"@id\":\"https:\\\/\\\/inclusivenews.com.br\\\/#organization\"},\"potentialAction\":[{\"@type\":\"SearchAction\",\"target\":{\"@type\":\"EntryPoint\",\"urlTemplate\":\"https:\\\/\\\/inclusivenews.com.br\\\/?s={search_term_string}\"},\"query-input\":{\"@type\":\"PropertyValueSpecification\",\"valueRequired\":true,\"valueName\":\"search_term_string\"}}],\"inLanguage\":\"pt-PT\"},{\"@type\":\"Organization\",\"@id\":\"https:\\\/\\\/inclusivenews.com.br\\\/#organization\",\"name\":\"Inclusive - inclus\u00e3o e cidadania\",\"url\":\"https:\\\/\\\/inclusivenews.com.br\\\/\",\"logo\":{\"@type\":\"ImageObject\",\"inLanguage\":\"pt-PT\",\"@id\":\"https:\\\/\\\/inclusivenews.com.br\\\/#\\\/schema\\\/logo\\\/image\\\/\",\"url\":\"https:\\\/\\\/inclusivenews.com.br\\\/wp-content\\\/uploads\\\/2024\\\/03\\\/@grandesite.png\",\"contentUrl\":\"https:\\\/\\\/inclusivenews.com.br\\\/wp-content\\\/uploads\\\/2024\\\/03\\\/@grandesite.png\",\"width\":1080,\"height\":1080,\"caption\":\"Inclusive - inclus\u00e3o e cidadania\"},\"image\":{\"@id\":\"https:\\\/\\\/inclusivenews.com.br\\\/#\\\/schema\\\/logo\\\/image\\\/\"},\"sameAs\":[\"https:\\\/\\\/www.facebook.com\\\/agenciainclusive\\\/\",\"https:\\\/\\\/www.instagram.com\\\/newsinclusive\\\/\"]},{\"@type\":\"Person\",\"@id\":\"https:\\\/\\\/inclusivenews.com.br\\\/#\\\/schema\\\/person\\\/ae4ec7087559b8692fb33b6fffd2273b\",\"name\":\"inclusivenews2024\",\"image\":{\"@type\":\"ImageObject\",\"inLanguage\":\"pt-PT\",\"@id\":\"https:\\\/\\\/secure.gravatar.com\\\/avatar\\\/c5a7ef84c66fa914f55bc4f7ce26cfa275a3b9a1c5568b907bd184fb4dde7b40?s=96&d=mm&r=g\",\"url\":\"https:\\\/\\\/secure.gravatar.com\\\/avatar\\\/c5a7ef84c66fa914f55bc4f7ce26cfa275a3b9a1c5568b907bd184fb4dde7b40?s=96&d=mm&r=g\",\"contentUrl\":\"https:\\\/\\\/secure.gravatar.com\\\/avatar\\\/c5a7ef84c66fa914f55bc4f7ce26cfa275a3b9a1c5568b907bd184fb4dde7b40?s=96&d=mm&r=g\",\"caption\":\"inclusivenews2024\"},\"sameAs\":[\"https:\\\/\\\/inclusivenews.com.br\"],\"url\":\"https:\\\/\\\/inclusivenews.com.br\\\/?author=1\"}]}<\/script>\n<!-- \/ Yoast SEO plugin. -->","yoast_head_json":{"title":"No Paran\u00e1, Secretaria de Educa\u00e7\u00e3o promover\u00e1 eventos e forma\u00e7\u00e3o em educa\u00e7\u00e3o inclusiva com a UFPR -","robots":{"index":"index","follow":"follow","max-snippet":"max-snippet:-1","max-image-preview":"max-image-preview:large","max-video-preview":"max-video-preview:-1"},"canonical":"https:\/\/inclusivenews.com.br\/?p=19006","og_locale":"pt_PT","og_type":"article","og_title":"No Paran\u00e1, Secretaria de Educa\u00e7\u00e3o promover\u00e1 eventos e forma\u00e7\u00e3o em educa\u00e7\u00e3o inclusiva com a UFPR -","og_description":"UFPR e Departamento de Educa\u00e7\u00e3o Especial e Inclus\u00e3o Educacional, da Seed, ir\u00e3o promover um evento e projetos conjuntos.","og_url":"https:\/\/inclusivenews.com.br\/?p=19006","article_publisher":"https:\/\/www.facebook.com\/agenciainclusive\/","article_published_time":"2011-04-07T10:23:22+00:00","og_image":[{"url":"http:\/\/www.litoral.ufpr.br\/sites\/default\/files\/03_30%20SEED.jpg","type":"","width":"","height":""}],"author":"inclusivenews2024","twitter_card":"summary_large_image","twitter_misc":{"Escrito por":"inclusivenews2024","Tempo estimado de leitura":"1 minuto"},"schema":{"@context":"https:\/\/schema.org","@graph":[{"@type":"Article","@id":"https:\/\/inclusivenews.com.br\/?p=19006#article","isPartOf":{"@id":"https:\/\/inclusivenews.com.br\/?p=19006"},"author":{"name":"inclusivenews2024","@id":"https:\/\/inclusivenews.com.br\/#\/schema\/person\/ae4ec7087559b8692fb33b6fffd2273b"},"headline":"No Paran\u00e1, Secretaria de Educa\u00e7\u00e3o promover\u00e1 eventos e forma\u00e7\u00e3o em educa\u00e7\u00e3o inclusiva com a UFPR","datePublished":"2011-04-07T10:23:22+00:00","mainEntityOfPage":{"@id":"https:\/\/inclusivenews.com.br\/?p=19006"},"wordCount":261,"commentCount":2,"publisher":{"@id":"https:\/\/inclusivenews.com.br\/#organization"},"image":{"@id":"https:\/\/inclusivenews.com.br\/?p=19006#primaryimage"},"thumbnailUrl":"http:\/\/www.litoral.ufpr.br\/sites\/default\/files\/03_30%20SEED.jpg","articleSection":["Cursos e eventos","Defici\u00eancia","INCLUS\u00c3O SOCIAL","NOT\u00cdCIAS"],"inLanguage":"pt-PT","potentialAction":[{"@type":"CommentAction","name":"Comment","target":["https:\/\/inclusivenews.com.br\/?p=19006#respond"]}]},{"@type":"WebPage","@id":"https:\/\/inclusivenews.com.br\/?p=19006","url":"https:\/\/inclusivenews.com.br\/?p=19006","name":"No Paran\u00e1, Secretaria de Educa\u00e7\u00e3o promover\u00e1 eventos e forma\u00e7\u00e3o em educa\u00e7\u00e3o inclusiva com a UFPR -","isPartOf":{"@id":"https:\/\/inclusivenews.com.br\/#website"},"primaryImageOfPage":{"@id":"https:\/\/inclusivenews.com.br\/?p=19006#primaryimage"},"image":{"@id":"https:\/\/inclusivenews.com.br\/?p=19006#primaryimage"},"thumbnailUrl":"http:\/\/www.litoral.ufpr.br\/sites\/default\/files\/03_30%20SEED.jpg","datePublished":"2011-04-07T10:23:22+00:00","breadcrumb":{"@id":"https:\/\/inclusivenews.com.br\/?p=19006#breadcrumb"},"inLanguage":"pt-PT","potentialAction":[{"@type":"ReadAction","target":["https:\/\/inclusivenews.com.br\/?p=19006"]}]},{"@type":"ImageObject","inLanguage":"pt-PT","@id":"https:\/\/inclusivenews.com.br\/?p=19006#primaryimage","url":"http:\/\/www.litoral.ufpr.br\/sites\/default\/files\/03_30%20SEED.jpg","contentUrl":"http:\/\/www.litoral.ufpr.br\/sites\/default\/files\/03_30%20SEED.jpg"},{"@type":"BreadcrumbList","@id":"https:\/\/inclusivenews.com.br\/?p=19006#breadcrumb","itemListElement":[{"@type":"ListItem","position":1,"name":"In\u00edcio","item":"https:\/\/inclusivenews.com.br\/"},{"@type":"ListItem","position":2,"name":"No Paran\u00e1, Secretaria de Educa\u00e7\u00e3o promover\u00e1 eventos e forma\u00e7\u00e3o em educa\u00e7\u00e3o inclusiva com a UFPR"}]},{"@type":"WebSite","@id":"https:\/\/inclusivenews.com.br\/#website","url":"https:\/\/inclusivenews.com.br\/","name":"Inclusive News","description":"Inclusive News","publisher":{"@id":"https:\/\/inclusivenews.com.br\/#organization"},"potentialAction":[{"@type":"SearchAction","target":{"@type":"EntryPoint","urlTemplate":"https:\/\/inclusivenews.com.br\/?s={search_term_string}"},"query-input":{"@type":"PropertyValueSpecification","valueRequired":true,"valueName":"search_term_string"}}],"inLanguage":"pt-PT"},{"@type":"Organization","@id":"https:\/\/inclusivenews.com.br\/#organization","name":"Inclusive - inclus\u00e3o e cidadania","url":"https:\/\/inclusivenews.com.br\/","logo":{"@type":"ImageObject","inLanguage":"pt-PT","@id":"https:\/\/inclusivenews.com.br\/#\/schema\/logo\/image\/","url":"https:\/\/inclusivenews.com.br\/wp-content\/uploads\/2024\/03\/@grandesite.png","contentUrl":"https:\/\/inclusivenews.com.br\/wp-content\/uploads\/2024\/03\/@grandesite.png","width":1080,"height":1080,"caption":"Inclusive - inclus\u00e3o e cidadania"},"image":{"@id":"https:\/\/inclusivenews.com.br\/#\/schema\/logo\/image\/"},"sameAs":["https:\/\/www.facebook.com\/agenciainclusive\/","https:\/\/www.instagram.com\/newsinclusive\/"]},{"@type":"Person","@id":"https:\/\/inclusivenews.com.br\/#\/schema\/person\/ae4ec7087559b8692fb33b6fffd2273b","name":"inclusivenews2024","image":{"@type":"ImageObject","inLanguage":"pt-PT","@id":"https:\/\/secure.gravatar.com\/avatar\/c5a7ef84c66fa914f55bc4f7ce26cfa275a3b9a1c5568b907bd184fb4dde7b40?s=96&d=mm&r=g","url":"https:\/\/secure.gravatar.com\/avatar\/c5a7ef84c66fa914f55bc4f7ce26cfa275a3b9a1c5568b907bd184fb4dde7b40?s=96&d=mm&r=g","contentUrl":"https:\/\/secure.gravatar.com\/avatar\/c5a7ef84c66fa914f55bc4f7ce26cfa275a3b9a1c5568b907bd184fb4dde7b40?s=96&d=mm&r=g","caption":"inclusivenews2024"},"sameAs":["https:\/\/inclusivenews.com.br"],"url":"https:\/\/inclusivenews.com.br\/?author=1"}]}},"_links":{"self":[{"href":"https:\/\/inclusivenews.com.br\/index.php?rest_route=\/wp\/v2\/posts\/19006","targetHints":{"allow":["GET"]}}],"collection":[{"href":"https:\/\/inclusivenews.com.br\/index.php?rest_route=\/wp\/v2\/posts"}],"about":[{"href":"https:\/\/inclusivenews.com.br\/index.php?rest_route=\/wp\/v2\/types\/post"}],"author":[{"embeddable":true,"href":"https:\/\/inclusivenews.com.br\/index.php?rest_route=\/wp\/v2\/users\/1"}],"replies":[{"embeddable":true,"href":"https:\/\/inclusivenews.com.br\/index.php?rest_route=%2Fwp%2Fv2%2Fcomments&post=19006"}],"version-history":[{"count":0,"href":"https:\/\/inclusivenews.com.br\/index.php?rest_route=\/wp\/v2\/posts\/19006\/revisions"}],"wp:attachment":[{"href":"https:\/\/inclusivenews.com.br\/index.php?rest_route=%2Fwp%2Fv2%2Fmedia&parent=19006"}],"wp:term":[{"taxonomy":"category","embeddable":true,"href":"https:\/\/inclusivenews.com.br\/index.php?rest_route=%2Fwp%2Fv2%2Fcategories&post=19006"},{"taxonomy":"post_tag","embeddable":true,"href":"https:\/\/inclusivenews.com.br\/index.php?rest_route=%2Fwp%2Fv2%2Ftags&post=19006"}],"curies":[{"name":"wp","href":"https:\/\/api.w.org\/{rel}","templated":true}]}}