{"id":19019,"date":"2011-04-07T07:33:51","date_gmt":"2011-04-07T10:33:51","guid":{"rendered":"http:\/\/www.inclusive.org.br\/?p=19019"},"modified":"2011-04-07T07:33:51","modified_gmt":"2011-04-07T10:33:51","slug":"governo-prepara-consulta-publica-ao-relatorio-de-monitoramento-a-convencao-sobre-os-direitos-da-pessoa-com-deficiencia-na-organizacao-das-nacoes-unidas-onu","status":"publish","type":"post","link":"https:\/\/inclusivenews.com.br\/?p=19019","title":{"rendered":"Governo prepara consulta p\u00fablica ao relat\u00f3rio de monitoramento \u00e0 CPCD"},"content":{"rendered":"<div id=\"attachment_19020\" class=\"wp-caption alignleft\" style=\"width: 300px;\">\n<p><img loading=\"lazy\" decoding=\"async\" class=\"size-medium wp-image-19020 alignnone\" src=\"http:\/\/inclusivenews.com.br\/wp-content\/uploads\/2011\/04\/image001-300x61.jpg\" alt=\"\" width=\"300\" height=\"61\" \/><\/p>\n<\/div>\n<p>No dia 1\u00ba de agosto de 2008, o governo brasileiro depositou seu ato de ratifica\u00e7\u00e3o \u00e0 Conven\u00e7\u00e3o sobre os Direitos da Pessoa com Defici\u00eancia na Organiza\u00e7\u00e3o das Na\u00e7\u00f5es Unidas (ONU). Segundo as normas da ONU, o primeiro Relat\u00f3rio de Monitoramento do cumprimento da Conven\u00e7\u00e3o deve ser entregue ap\u00f3s terem se completados dois anos de sua ratifica\u00e7\u00e3o. Al\u00e9m dos cuidados relativos \u00e0 forma e ao conte\u00fado do relat\u00f3rio (prepara\u00e7\u00e3o, abrang\u00eancia e consist\u00eancia na apresenta\u00e7\u00e3o), uma das obriga\u00e7\u00f5es fundamentais do Governo brasileiro \u00e9 assegurar a participa\u00e7\u00e3o das organiza\u00e7\u00f5es n\u00e3o-governamentais (ONGs) de pessoas com defici\u00eancia na elabora\u00e7\u00e3o desse relat\u00f3rio, de forma  construtiva, com vistas a melhorar a qualidade da informa\u00e7\u00e3o e promover a frui\u00e7\u00e3o por todos dos direitos protegidos pela Conven\u00e7\u00e3o. O engajamento da sociedade civil assegura a transpar\u00eancia democr\u00e1tica.<\/p>\n<p>No dia 31 de mar\u00e7o, como parte do compromisso do governo brasileiro em viabilizar a ampla participa\u00e7\u00e3o da sociedade no processo de constru\u00e7\u00e3o do relat\u00f3rio, o secret\u00e1rio nacional de Promo\u00e7\u00e3o dos Direitos da Pessoa com Defici\u00eancia, Humberto Lippo, assinou Aviso de Consulta P\u00fablica Nacional aberta \u00e0 manifesta\u00e7\u00e3o de todos, o qual dever\u00e1 ser publicado no Di\u00e1rio Oficial da Uni\u00e3o.<\/p>\n<p>Essa consulta ter\u00e1 duas vertentes: por um lado, o relat\u00f3rio ser\u00e1 disponibilizado em s\u00edtio eletr\u00f4nico governamental acess\u00edvel para registro de manifesta\u00e7\u00f5es e contribui\u00e7\u00f5es de toda sociedade brasileira em seu texto final; por outro ser\u00e1 analisado pelos Conselhos de Defesa dos Direitos da Pessoa com Defici\u00eancia, nas esferas municipal, estadual e nacional.<\/p>\n<p>A consulta p\u00fablica ter\u00e1 in\u00edcio no dia 8 de abril e se encerrar\u00e1 no dia 7 de junho de 2011. Durante os 60 dias de sua dura\u00e7\u00e3o, as contribui\u00e7\u00f5es e sugest\u00f5es fundamentadas e devidamente identificadas dever\u00e3o ser encaminhadas, preferencialmente, por meio do formul\u00e1rio eletr\u00f4nico dispon\u00edvel no endere\u00e7o <a href=\"https:\/\/www.consultas.governoeletronico.gov.br\" target=\"_blank\" rel=\"noopener\">https:\/\/www.consultas.governoeletronico.gov.br<\/a>, a partir das 0h do dia 08 de abril de 2011 at\u00e9 \u00e0s 24h do dia 07 de junho de 2011.<\/p>\n<p><a href=\"http:\/\/www.inclusivenews.com.br\/wp-content\/uploads\/2011\/04\/Relatrio-Monitoramento-Conveno-Pessoas-com-Deficincia-ONU.doc\">Relat\u00f3rio Monitoramento da Conven\u00e7\u00e3o sobre os Direitos das Pessoas com Defici\u00eancia ONU (vers\u00e3o .doc)<br \/>\n<\/a><a href=\"http:\/\/www.inclusivenews.com.br\/wp-content\/uploads\/2011\/04\/Relatrio-Monitoramento-Conveno-sobre-os-Direitos-das-Pessoas-com-Deficincia-ONU.pdf\">Relat\u00f3rio Monitoramento da Conven\u00e7\u00e3o sobre os Direitos das Pessoas com Defici\u00eancia ONU (vers\u00e3o.pdf)<\/a><\/p>\n<p>Ser\u00e3o tamb\u00e9m consideradas as manifesta\u00e7\u00f5es recebidas at\u00e9 \u00e0s 17h do dia 07 de junho de 2011, encaminhadas por carta, fax ou correio eletr\u00f4nico para:<\/p>\n<p>Secretaria de Direitos Humanos da Presid\u00eancia da Rep\u00fablica<br \/>\nSecretaria Nacional de Promo\u00e7\u00e3o dos Direitos da Pessoa com Defici\u00eancia<br \/>\nEdif\u00edcio Parque Cidade Corporate, Torre A, 8\u00ba andar<br \/>\nSetor Comercial Sul B, Quadra 09, Lote C<br \/>\nCEP: 70308-200, Bras\u00edlia (DF)<br \/>\nFax: (0xx61) 2025-9747<br \/>\nCorreio eletr\u00f4nico: pessoacomdeficiencia@sdh.gov.br<\/p>\n","protected":false},"excerpt":{"rendered":"<p>A consulta p\u00fablica ter\u00e1 in\u00edcio no dia 8 de abril e se encerrar\u00e1 no dia 7 de junho de 2011. Durante os 60 dias de sua dura\u00e7\u00e3o, as contribui\u00e7\u00f5es e sugest\u00f5es fundamentadas e devidamente identificadas dever\u00e3o ser encaminhadas, preferencialmente, por meio do formul\u00e1rio eletr\u00f4nico dispon\u00edvel no endere\u00e7o https:\/\/www.consultas.governoeletronico.gov.br, a partir das 0h do dia 08 de abril de 2011 at\u00e9 \u00e0s 24h do dia 07 de junho de 2011.<\/p>\n","protected":false},"author":1,"featured_media":0,"comment_status":"open","ping_status":"open","sticky":false,"template":"","format":"standard","meta":{"site-container-style":"default","site-container-layout":"default","site-sidebar-layout":"default","disable-article-header":"default","disable-site-header":"default","disable-site-footer":"default","disable-content-area-spacing":"default","footnotes":""},"categories":[5,38,11,48,26,4],"tags":[],"class_list":["post-19019","post","type-post","status-publish","format-standard","hentry","category-convencao","category-deficiencia","category-direitos-humanos","category-inclusao","category-legislacao","category-noticias"],"yoast_head":"<!-- This site is optimized with the Yoast SEO plugin v27.4 - https:\/\/yoast.com\/product\/yoast-seo-wordpress\/ -->\n<title>Governo prepara consulta p\u00fablica ao relat\u00f3rio de monitoramento \u00e0 CPCD -<\/title>\n<meta name=\"robots\" content=\"index, follow, max-snippet:-1, max-image-preview:large, max-video-preview:-1\" \/>\n<link rel=\"canonical\" href=\"https:\/\/inclusivenews.com.br\/?p=19019\" \/>\n<meta property=\"og:locale\" content=\"pt_PT\" \/>\n<meta property=\"og:type\" content=\"article\" \/>\n<meta property=\"og:title\" content=\"Governo prepara consulta p\u00fablica ao relat\u00f3rio de monitoramento \u00e0 CPCD -\" \/>\n<meta property=\"og:description\" content=\"A consulta p\u00fablica ter\u00e1 in\u00edcio no dia 8 de abril e se encerrar\u00e1 no dia 7 de junho de 2011. Durante os 60 dias de sua dura\u00e7\u00e3o, as contribui\u00e7\u00f5es e sugest\u00f5es fundamentadas e devidamente identificadas dever\u00e3o ser encaminhadas, preferencialmente, por meio do formul\u00e1rio eletr\u00f4nico dispon\u00edvel no endere\u00e7o https:\/\/www.consultas.governoeletronico.gov.br, a partir das 0h do dia 08 de abril de 2011 at\u00e9 \u00e0s 24h do dia 07 de junho de 2011.\" \/>\n<meta property=\"og:url\" content=\"https:\/\/inclusivenews.com.br\/?p=19019\" \/>\n<meta property=\"article:publisher\" content=\"https:\/\/www.facebook.com\/agenciainclusive\/\" \/>\n<meta property=\"article:published_time\" content=\"2011-04-07T10:33:51+00:00\" \/>\n<meta property=\"og:image\" content=\"http:\/\/inclusivenews.com.br\/wp-content\/uploads\/2011\/04\/image001-300x61.jpg\" \/>\n<meta name=\"author\" content=\"inclusivenews2024\" \/>\n<meta name=\"twitter:card\" content=\"summary_large_image\" \/>\n<meta name=\"twitter:label1\" content=\"Escrito por\" \/>\n\t<meta name=\"twitter:data1\" content=\"inclusivenews2024\" \/>\n\t<meta name=\"twitter:label2\" content=\"Tempo estimado de leitura\" \/>\n\t<meta name=\"twitter:data2\" content=\"2 minutos\" \/>\n<script type=\"application\/ld+json\" class=\"yoast-schema-graph\">{\"@context\":\"https:\\\/\\\/schema.org\",\"@graph\":[{\"@type\":\"Article\",\"@id\":\"https:\\\/\\\/inclusivenews.com.br\\\/?p=19019#article\",\"isPartOf\":{\"@id\":\"https:\\\/\\\/inclusivenews.com.br\\\/?p=19019\"},\"author\":{\"name\":\"inclusivenews2024\",\"@id\":\"https:\\\/\\\/inclusivenews.com.br\\\/#\\\/schema\\\/person\\\/ae4ec7087559b8692fb33b6fffd2273b\"},\"headline\":\"Governo prepara consulta p\u00fablica ao relat\u00f3rio de monitoramento \u00e0 CPCD\",\"datePublished\":\"2011-04-07T10:33:51+00:00\",\"mainEntityOfPage\":{\"@id\":\"https:\\\/\\\/inclusivenews.com.br\\\/?p=19019\"},\"wordCount\":477,\"commentCount\":1,\"publisher\":{\"@id\":\"https:\\\/\\\/inclusivenews.com.br\\\/#organization\"},\"image\":{\"@id\":\"https:\\\/\\\/inclusivenews.com.br\\\/?p=19019#primaryimage\"},\"thumbnailUrl\":\"http:\\\/\\\/inclusivenews.com.br\\\/wp-content\\\/uploads\\\/2011\\\/04\\\/image001-300x61.jpg\",\"articleSection\":[\"Conven\u00e7\u00e3o\",\"Defici\u00eancia\",\"DIREITOS HUMANOS\",\"INCLUS\u00c3O SOCIAL\",\"Legisla\u00e7\u00e3o ...\",\"NOT\u00cdCIAS\"],\"inLanguage\":\"pt-PT\",\"potentialAction\":[{\"@type\":\"CommentAction\",\"name\":\"Comment\",\"target\":[\"https:\\\/\\\/inclusivenews.com.br\\\/?p=19019#respond\"]}]},{\"@type\":\"WebPage\",\"@id\":\"https:\\\/\\\/inclusivenews.com.br\\\/?p=19019\",\"url\":\"https:\\\/\\\/inclusivenews.com.br\\\/?p=19019\",\"name\":\"Governo prepara consulta p\u00fablica ao relat\u00f3rio de monitoramento \u00e0 CPCD -\",\"isPartOf\":{\"@id\":\"https:\\\/\\\/inclusivenews.com.br\\\/#website\"},\"primaryImageOfPage\":{\"@id\":\"https:\\\/\\\/inclusivenews.com.br\\\/?p=19019#primaryimage\"},\"image\":{\"@id\":\"https:\\\/\\\/inclusivenews.com.br\\\/?p=19019#primaryimage\"},\"thumbnailUrl\":\"http:\\\/\\\/inclusivenews.com.br\\\/wp-content\\\/uploads\\\/2011\\\/04\\\/image001-300x61.jpg\",\"datePublished\":\"2011-04-07T10:33:51+00:00\",\"breadcrumb\":{\"@id\":\"https:\\\/\\\/inclusivenews.com.br\\\/?p=19019#breadcrumb\"},\"inLanguage\":\"pt-PT\",\"potentialAction\":[{\"@type\":\"ReadAction\",\"target\":[\"https:\\\/\\\/inclusivenews.com.br\\\/?p=19019\"]}]},{\"@type\":\"ImageObject\",\"inLanguage\":\"pt-PT\",\"@id\":\"https:\\\/\\\/inclusivenews.com.br\\\/?p=19019#primaryimage\",\"url\":\"\",\"contentUrl\":\"\"},{\"@type\":\"BreadcrumbList\",\"@id\":\"https:\\\/\\\/inclusivenews.com.br\\\/?p=19019#breadcrumb\",\"itemListElement\":[{\"@type\":\"ListItem\",\"position\":1,\"name\":\"In\u00edcio\",\"item\":\"https:\\\/\\\/inclusivenews.com.br\\\/\"},{\"@type\":\"ListItem\",\"position\":2,\"name\":\"Governo prepara consulta p\u00fablica ao relat\u00f3rio de monitoramento \u00e0 CPCD\"}]},{\"@type\":\"WebSite\",\"@id\":\"https:\\\/\\\/inclusivenews.com.br\\\/#website\",\"url\":\"https:\\\/\\\/inclusivenews.com.br\\\/\",\"name\":\"Inclusive News\",\"description\":\"Inclusive News\",\"publisher\":{\"@id\":\"https:\\\/\\\/inclusivenews.com.br\\\/#organization\"},\"potentialAction\":[{\"@type\":\"SearchAction\",\"target\":{\"@type\":\"EntryPoint\",\"urlTemplate\":\"https:\\\/\\\/inclusivenews.com.br\\\/?s={search_term_string}\"},\"query-input\":{\"@type\":\"PropertyValueSpecification\",\"valueRequired\":true,\"valueName\":\"search_term_string\"}}],\"inLanguage\":\"pt-PT\"},{\"@type\":\"Organization\",\"@id\":\"https:\\\/\\\/inclusivenews.com.br\\\/#organization\",\"name\":\"Inclusive - inclus\u00e3o e cidadania\",\"url\":\"https:\\\/\\\/inclusivenews.com.br\\\/\",\"logo\":{\"@type\":\"ImageObject\",\"inLanguage\":\"pt-PT\",\"@id\":\"https:\\\/\\\/inclusivenews.com.br\\\/#\\\/schema\\\/logo\\\/image\\\/\",\"url\":\"https:\\\/\\\/inclusivenews.com.br\\\/wp-content\\\/uploads\\\/2024\\\/03\\\/@grandesite.png\",\"contentUrl\":\"https:\\\/\\\/inclusivenews.com.br\\\/wp-content\\\/uploads\\\/2024\\\/03\\\/@grandesite.png\",\"width\":1080,\"height\":1080,\"caption\":\"Inclusive - inclus\u00e3o e cidadania\"},\"image\":{\"@id\":\"https:\\\/\\\/inclusivenews.com.br\\\/#\\\/schema\\\/logo\\\/image\\\/\"},\"sameAs\":[\"https:\\\/\\\/www.facebook.com\\\/agenciainclusive\\\/\",\"https:\\\/\\\/www.instagram.com\\\/newsinclusive\\\/\"]},{\"@type\":\"Person\",\"@id\":\"https:\\\/\\\/inclusivenews.com.br\\\/#\\\/schema\\\/person\\\/ae4ec7087559b8692fb33b6fffd2273b\",\"name\":\"inclusivenews2024\",\"image\":{\"@type\":\"ImageObject\",\"inLanguage\":\"pt-PT\",\"@id\":\"https:\\\/\\\/secure.gravatar.com\\\/avatar\\\/c5a7ef84c66fa914f55bc4f7ce26cfa275a3b9a1c5568b907bd184fb4dde7b40?s=96&d=mm&r=g\",\"url\":\"https:\\\/\\\/secure.gravatar.com\\\/avatar\\\/c5a7ef84c66fa914f55bc4f7ce26cfa275a3b9a1c5568b907bd184fb4dde7b40?s=96&d=mm&r=g\",\"contentUrl\":\"https:\\\/\\\/secure.gravatar.com\\\/avatar\\\/c5a7ef84c66fa914f55bc4f7ce26cfa275a3b9a1c5568b907bd184fb4dde7b40?s=96&d=mm&r=g\",\"caption\":\"inclusivenews2024\"},\"sameAs\":[\"https:\\\/\\\/inclusivenews.com.br\"],\"url\":\"https:\\\/\\\/inclusivenews.com.br\\\/?author=1\"}]}<\/script>\n<!-- \/ Yoast SEO plugin. -->","yoast_head_json":{"title":"Governo prepara consulta p\u00fablica ao relat\u00f3rio de monitoramento \u00e0 CPCD -","robots":{"index":"index","follow":"follow","max-snippet":"max-snippet:-1","max-image-preview":"max-image-preview:large","max-video-preview":"max-video-preview:-1"},"canonical":"https:\/\/inclusivenews.com.br\/?p=19019","og_locale":"pt_PT","og_type":"article","og_title":"Governo prepara consulta p\u00fablica ao relat\u00f3rio de monitoramento \u00e0 CPCD -","og_description":"A consulta p\u00fablica ter\u00e1 in\u00edcio no dia 8 de abril e se encerrar\u00e1 no dia 7 de junho de 2011. Durante os 60 dias de sua dura\u00e7\u00e3o, as contribui\u00e7\u00f5es e sugest\u00f5es fundamentadas e devidamente identificadas dever\u00e3o ser encaminhadas, preferencialmente, por meio do formul\u00e1rio eletr\u00f4nico dispon\u00edvel no endere\u00e7o https:\/\/www.consultas.governoeletronico.gov.br, a partir das 0h do dia 08 de abril de 2011 at\u00e9 \u00e0s 24h do dia 07 de junho de 2011.","og_url":"https:\/\/inclusivenews.com.br\/?p=19019","article_publisher":"https:\/\/www.facebook.com\/agenciainclusive\/","article_published_time":"2011-04-07T10:33:51+00:00","og_image":[{"url":"http:\/\/inclusivenews.com.br\/wp-content\/uploads\/2011\/04\/image001-300x61.jpg","type":"","width":"","height":""}],"author":"inclusivenews2024","twitter_card":"summary_large_image","twitter_misc":{"Escrito por":"inclusivenews2024","Tempo estimado de leitura":"2 minutos"},"schema":{"@context":"https:\/\/schema.org","@graph":[{"@type":"Article","@id":"https:\/\/inclusivenews.com.br\/?p=19019#article","isPartOf":{"@id":"https:\/\/inclusivenews.com.br\/?p=19019"},"author":{"name":"inclusivenews2024","@id":"https:\/\/inclusivenews.com.br\/#\/schema\/person\/ae4ec7087559b8692fb33b6fffd2273b"},"headline":"Governo prepara consulta p\u00fablica ao relat\u00f3rio de monitoramento \u00e0 CPCD","datePublished":"2011-04-07T10:33:51+00:00","mainEntityOfPage":{"@id":"https:\/\/inclusivenews.com.br\/?p=19019"},"wordCount":477,"commentCount":1,"publisher":{"@id":"https:\/\/inclusivenews.com.br\/#organization"},"image":{"@id":"https:\/\/inclusivenews.com.br\/?p=19019#primaryimage"},"thumbnailUrl":"http:\/\/inclusivenews.com.br\/wp-content\/uploads\/2011\/04\/image001-300x61.jpg","articleSection":["Conven\u00e7\u00e3o","Defici\u00eancia","DIREITOS HUMANOS","INCLUS\u00c3O SOCIAL","Legisla\u00e7\u00e3o ...","NOT\u00cdCIAS"],"inLanguage":"pt-PT","potentialAction":[{"@type":"CommentAction","name":"Comment","target":["https:\/\/inclusivenews.com.br\/?p=19019#respond"]}]},{"@type":"WebPage","@id":"https:\/\/inclusivenews.com.br\/?p=19019","url":"https:\/\/inclusivenews.com.br\/?p=19019","name":"Governo prepara consulta p\u00fablica ao relat\u00f3rio de monitoramento \u00e0 CPCD -","isPartOf":{"@id":"https:\/\/inclusivenews.com.br\/#website"},"primaryImageOfPage":{"@id":"https:\/\/inclusivenews.com.br\/?p=19019#primaryimage"},"image":{"@id":"https:\/\/inclusivenews.com.br\/?p=19019#primaryimage"},"thumbnailUrl":"http:\/\/inclusivenews.com.br\/wp-content\/uploads\/2011\/04\/image001-300x61.jpg","datePublished":"2011-04-07T10:33:51+00:00","breadcrumb":{"@id":"https:\/\/inclusivenews.com.br\/?p=19019#breadcrumb"},"inLanguage":"pt-PT","potentialAction":[{"@type":"ReadAction","target":["https:\/\/inclusivenews.com.br\/?p=19019"]}]},{"@type":"ImageObject","inLanguage":"pt-PT","@id":"https:\/\/inclusivenews.com.br\/?p=19019#primaryimage","url":"","contentUrl":""},{"@type":"BreadcrumbList","@id":"https:\/\/inclusivenews.com.br\/?p=19019#breadcrumb","itemListElement":[{"@type":"ListItem","position":1,"name":"In\u00edcio","item":"https:\/\/inclusivenews.com.br\/"},{"@type":"ListItem","position":2,"name":"Governo prepara consulta p\u00fablica ao relat\u00f3rio de monitoramento \u00e0 CPCD"}]},{"@type":"WebSite","@id":"https:\/\/inclusivenews.com.br\/#website","url":"https:\/\/inclusivenews.com.br\/","name":"Inclusive News","description":"Inclusive News","publisher":{"@id":"https:\/\/inclusivenews.com.br\/#organization"},"potentialAction":[{"@type":"SearchAction","target":{"@type":"EntryPoint","urlTemplate":"https:\/\/inclusivenews.com.br\/?s={search_term_string}"},"query-input":{"@type":"PropertyValueSpecification","valueRequired":true,"valueName":"search_term_string"}}],"inLanguage":"pt-PT"},{"@type":"Organization","@id":"https:\/\/inclusivenews.com.br\/#organization","name":"Inclusive - inclus\u00e3o e cidadania","url":"https:\/\/inclusivenews.com.br\/","logo":{"@type":"ImageObject","inLanguage":"pt-PT","@id":"https:\/\/inclusivenews.com.br\/#\/schema\/logo\/image\/","url":"https:\/\/inclusivenews.com.br\/wp-content\/uploads\/2024\/03\/@grandesite.png","contentUrl":"https:\/\/inclusivenews.com.br\/wp-content\/uploads\/2024\/03\/@grandesite.png","width":1080,"height":1080,"caption":"Inclusive - inclus\u00e3o e cidadania"},"image":{"@id":"https:\/\/inclusivenews.com.br\/#\/schema\/logo\/image\/"},"sameAs":["https:\/\/www.facebook.com\/agenciainclusive\/","https:\/\/www.instagram.com\/newsinclusive\/"]},{"@type":"Person","@id":"https:\/\/inclusivenews.com.br\/#\/schema\/person\/ae4ec7087559b8692fb33b6fffd2273b","name":"inclusivenews2024","image":{"@type":"ImageObject","inLanguage":"pt-PT","@id":"https:\/\/secure.gravatar.com\/avatar\/c5a7ef84c66fa914f55bc4f7ce26cfa275a3b9a1c5568b907bd184fb4dde7b40?s=96&d=mm&r=g","url":"https:\/\/secure.gravatar.com\/avatar\/c5a7ef84c66fa914f55bc4f7ce26cfa275a3b9a1c5568b907bd184fb4dde7b40?s=96&d=mm&r=g","contentUrl":"https:\/\/secure.gravatar.com\/avatar\/c5a7ef84c66fa914f55bc4f7ce26cfa275a3b9a1c5568b907bd184fb4dde7b40?s=96&d=mm&r=g","caption":"inclusivenews2024"},"sameAs":["https:\/\/inclusivenews.com.br"],"url":"https:\/\/inclusivenews.com.br\/?author=1"}]}},"_links":{"self":[{"href":"https:\/\/inclusivenews.com.br\/index.php?rest_route=\/wp\/v2\/posts\/19019","targetHints":{"allow":["GET"]}}],"collection":[{"href":"https:\/\/inclusivenews.com.br\/index.php?rest_route=\/wp\/v2\/posts"}],"about":[{"href":"https:\/\/inclusivenews.com.br\/index.php?rest_route=\/wp\/v2\/types\/post"}],"author":[{"embeddable":true,"href":"https:\/\/inclusivenews.com.br\/index.php?rest_route=\/wp\/v2\/users\/1"}],"replies":[{"embeddable":true,"href":"https:\/\/inclusivenews.com.br\/index.php?rest_route=%2Fwp%2Fv2%2Fcomments&post=19019"}],"version-history":[{"count":0,"href":"https:\/\/inclusivenews.com.br\/index.php?rest_route=\/wp\/v2\/posts\/19019\/revisions"}],"wp:attachment":[{"href":"https:\/\/inclusivenews.com.br\/index.php?rest_route=%2Fwp%2Fv2%2Fmedia&parent=19019"}],"wp:term":[{"taxonomy":"category","embeddable":true,"href":"https:\/\/inclusivenews.com.br\/index.php?rest_route=%2Fwp%2Fv2%2Fcategories&post=19019"},{"taxonomy":"post_tag","embeddable":true,"href":"https:\/\/inclusivenews.com.br\/index.php?rest_route=%2Fwp%2Fv2%2Ftags&post=19019"}],"curies":[{"name":"wp","href":"https:\/\/api.w.org\/{rel}","templated":true}]}}