{"id":19041,"date":"2011-04-13T16:33:01","date_gmt":"2011-04-13T19:33:01","guid":{"rendered":"http:\/\/www.inclusive.org.br\/?p=19041"},"modified":"2011-04-13T16:33:01","modified_gmt":"2011-04-13T19:33:01","slug":"x-reatech-feira-internacional-de-tecnologias-em-reabilitacao-inclusao-e-acessibilidade","status":"publish","type":"post","link":"https:\/\/inclusivenews.com.br\/?p=19041","title":{"rendered":"X REATECH &#8211; Feira Internacional de Tecnologias em Reabilita\u00e7\u00e3o, Inclus\u00e3o e Acessibilidade"},"content":{"rendered":"<p><img loading=\"lazy\" decoding=\"async\" class=\"alignnone\" title=\"\u00cdcones para pessoas com defici\u00eancia dentro de um cora\u00e7\u00e3o ao lado do t\u00edtulo REATECH\" src=\"http:\/\/www.feirasnacipa.com.br\/reatech2010\/imagens\/logoreatech.png\" alt=\"\u00cdcones para pessoas com defici\u00eancia dentro de um cora\u00e7\u00e3o ao lado do t\u00edtulo REATECH\" width=\"284\" height=\"74\" \/><\/p>\n<p><img loading=\"lazy\" decoding=\"async\" class=\"alignnone\" title=\"\u00cdcones para pessoas com defici\u00eancia\" src=\"http:\/\/www.feirasnacipa.com.br\/reatech2010\/imagens\/logopessoas.png\" alt=\"\u00cdcones para pessoas com defici\u00eancia\" width=\"278\" height=\"81\" \/><\/p>\n<p><strong>X REATECH &#8211; Feira Internacional de Tecnologias em Reabilita\u00e7\u00e3o, Inclus\u00e3o e Acessibilidade<\/strong><\/p>\n<p>Para cada caso, uma solu\u00e7\u00e3o! Esta frase serve para tudo.<\/p>\n<p>Para cada carro, um pneu. Para cada tipo de viagem, um transporte diferente. Para cada parede, uma pintura diferente, e assim por diante.<\/p>\n<p>No mundo das pessoas com defici\u00eancias n\u00e3o \u00e9 diferente, pois a maioria das solu\u00f5es \u00e9 individual.<\/p>\n<p>Imagine ficar procurando pela Cidade, pelo Estado, pelo Pa\u00eds ou pelo mundo para conhecer e adotar solu\u00e7\u00f5es as mais diversas? Uma loucura! Imposs\u00edvel!<\/p>\n<p>E a REATECH consegue esta fa\u00e7anha. Reunir os fornecedores das solu\u00e7\u00f5es que atendem \u00e0s necessidades das pessoas com defici\u00eancias.<\/p>\n<p>A cada edi\u00e7\u00e3o os visitantes voltam com mais interesse para conhecer esses produtos e trazem os seus amigos, ampliando sempre a quantidade e a qualidade dos visitantes.<\/p>\n<p>Este ano a REATECH, a maior feira em Tecnologias em Reabilita\u00e7\u00e3o, Inclus\u00e3o e Acessibilidade das Am\u00e9ricas apresenta a sua 10\u00ba edi\u00e7\u00e3o em S\u00e3o Paulo.<\/p>\n<p>A REATECH consegue reunir no Centro de Exposi\u00e7\u00f5es Imigrantes um imenso n\u00famero de solu\u00e7\u00f5es para pessoas com defici\u00eancia , al\u00e9m  de abrigar v\u00e1rios outros eventos simult\u00e2neos, como cursos, f\u00f3rum, semin\u00e1rios, oficinas e palestras sobre o tema.<\/p>\n<p><strong> <\/strong><\/p>\n<p><strong>14 a 17 de Abril de 2011<\/strong><\/p>\n<p><strong> <\/strong>Quinta e Sexta das 13hs \u00e0s 21hs.<br \/>\nS\u00e1bado e Domingo das 10hs \u00e0s 19hs.<br \/>\nVisita\u00e7\u00e3o Gratuita<br \/>\nLocal<br \/>\nCentro de Exposi\u00e7\u00f5es Imigrantes<br \/>\nRodovia dos Imigrantes, Km 1,5 &#8211; S\u00e3o Paulo &#8211; SP<\/p>\n<p>Transporte Gratuito<br \/>\nEsta\u00e7\u00e3o do Metr\u00f4 Jabaquara<br \/>\nSa\u00edda das Vans na Rua Nelson Fernandes, 400<\/p>\n<p><a href=\"http:\/\/www.cipanet.com.br\/feiras\/reatech\/planta2.asp\">Planta da feira<\/a> | <a href=\"http:\/\/www.feirasnacipa.com.br\/reatech2010\/eventossimaltaneos.php\">Eventos simult\u00e2neos<\/a> | <a href=\"http:\/\/www.feirasnacipa.com.br\/reatech2010\/feira.php\">Saiba mais<\/a><\/p>\n","protected":false},"excerpt":{"rendered":"<p>Come\u00e7a no dia 14 e vai at\u00e9 17 de abril a X REATECH.<\/p>\n","protected":false},"author":1,"featured_media":0,"comment_status":"open","ping_status":"open","sticky":false,"template":"","format":"standard","meta":{"site-container-style":"default","site-container-layout":"default","site-sidebar-layout":"default","disable-article-header":"default","disable-site-header":"default","disable-site-footer":"default","disable-content-area-spacing":"default","footnotes":""},"categories":[12,38,4],"tags":[],"class_list":["post-19041","post","type-post","status-publish","format-standard","hentry","category-cursos-e-eventos","category-deficiencia","category-noticias"],"yoast_head":"<!-- This site is optimized with the Yoast SEO plugin v27.4 - https:\/\/yoast.com\/product\/yoast-seo-wordpress\/ -->\n<title>X REATECH - Feira Internacional de Tecnologias em Reabilita\u00e7\u00e3o, Inclus\u00e3o e Acessibilidade -<\/title>\n<meta name=\"robots\" content=\"index, follow, max-snippet:-1, max-image-preview:large, max-video-preview:-1\" \/>\n<link rel=\"canonical\" href=\"https:\/\/inclusivenews.com.br\/?p=19041\" \/>\n<meta property=\"og:locale\" content=\"pt_PT\" \/>\n<meta property=\"og:type\" content=\"article\" \/>\n<meta property=\"og:title\" content=\"X REATECH - Feira Internacional de Tecnologias em Reabilita\u00e7\u00e3o, Inclus\u00e3o e Acessibilidade -\" \/>\n<meta property=\"og:description\" content=\"Come\u00e7a no dia 14 e vai at\u00e9 17 de abril a X REATECH.\" \/>\n<meta property=\"og:url\" content=\"https:\/\/inclusivenews.com.br\/?p=19041\" \/>\n<meta property=\"article:publisher\" content=\"https:\/\/www.facebook.com\/agenciainclusive\/\" \/>\n<meta property=\"article:published_time\" content=\"2011-04-13T19:33:01+00:00\" \/>\n<meta property=\"og:image\" content=\"http:\/\/www.feirasnacipa.com.br\/reatech2010\/imagens\/logoreatech.png\" \/>\n<meta name=\"author\" content=\"inclusivenews2024\" \/>\n<meta name=\"twitter:card\" content=\"summary_large_image\" \/>\n<meta name=\"twitter:label1\" content=\"Escrito por\" \/>\n\t<meta name=\"twitter:data1\" content=\"inclusivenews2024\" \/>\n\t<meta name=\"twitter:label2\" content=\"Tempo estimado de leitura\" \/>\n\t<meta name=\"twitter:data2\" content=\"1 minuto\" \/>\n<script type=\"application\/ld+json\" class=\"yoast-schema-graph\">{\"@context\":\"https:\\\/\\\/schema.org\",\"@graph\":[{\"@type\":\"Article\",\"@id\":\"https:\\\/\\\/inclusivenews.com.br\\\/?p=19041#article\",\"isPartOf\":{\"@id\":\"https:\\\/\\\/inclusivenews.com.br\\\/?p=19041\"},\"author\":{\"name\":\"inclusivenews2024\",\"@id\":\"https:\\\/\\\/inclusivenews.com.br\\\/#\\\/schema\\\/person\\\/ae4ec7087559b8692fb33b6fffd2273b\"},\"headline\":\"X REATECH &#8211; Feira Internacional de Tecnologias em Reabilita\u00e7\u00e3o, Inclus\u00e3o e Acessibilidade\",\"datePublished\":\"2011-04-13T19:33:01+00:00\",\"mainEntityOfPage\":{\"@id\":\"https:\\\/\\\/inclusivenews.com.br\\\/?p=19041\"},\"wordCount\":288,\"commentCount\":0,\"publisher\":{\"@id\":\"https:\\\/\\\/inclusivenews.com.br\\\/#organization\"},\"image\":{\"@id\":\"https:\\\/\\\/inclusivenews.com.br\\\/?p=19041#primaryimage\"},\"thumbnailUrl\":\"http:\\\/\\\/www.feirasnacipa.com.br\\\/reatech2010\\\/imagens\\\/logoreatech.png\",\"articleSection\":[\"Cursos e eventos\",\"Defici\u00eancia\",\"NOT\u00cdCIAS\"],\"inLanguage\":\"pt-PT\",\"potentialAction\":[{\"@type\":\"CommentAction\",\"name\":\"Comment\",\"target\":[\"https:\\\/\\\/inclusivenews.com.br\\\/?p=19041#respond\"]}]},{\"@type\":\"WebPage\",\"@id\":\"https:\\\/\\\/inclusivenews.com.br\\\/?p=19041\",\"url\":\"https:\\\/\\\/inclusivenews.com.br\\\/?p=19041\",\"name\":\"X REATECH - Feira Internacional de Tecnologias em Reabilita\u00e7\u00e3o, Inclus\u00e3o e Acessibilidade -\",\"isPartOf\":{\"@id\":\"https:\\\/\\\/inclusivenews.com.br\\\/#website\"},\"primaryImageOfPage\":{\"@id\":\"https:\\\/\\\/inclusivenews.com.br\\\/?p=19041#primaryimage\"},\"image\":{\"@id\":\"https:\\\/\\\/inclusivenews.com.br\\\/?p=19041#primaryimage\"},\"thumbnailUrl\":\"http:\\\/\\\/www.feirasnacipa.com.br\\\/reatech2010\\\/imagens\\\/logoreatech.png\",\"datePublished\":\"2011-04-13T19:33:01+00:00\",\"breadcrumb\":{\"@id\":\"https:\\\/\\\/inclusivenews.com.br\\\/?p=19041#breadcrumb\"},\"inLanguage\":\"pt-PT\",\"potentialAction\":[{\"@type\":\"ReadAction\",\"target\":[\"https:\\\/\\\/inclusivenews.com.br\\\/?p=19041\"]}]},{\"@type\":\"ImageObject\",\"inLanguage\":\"pt-PT\",\"@id\":\"https:\\\/\\\/inclusivenews.com.br\\\/?p=19041#primaryimage\",\"url\":\"http:\\\/\\\/www.feirasnacipa.com.br\\\/reatech2010\\\/imagens\\\/logoreatech.png\",\"contentUrl\":\"http:\\\/\\\/www.feirasnacipa.com.br\\\/reatech2010\\\/imagens\\\/logoreatech.png\"},{\"@type\":\"BreadcrumbList\",\"@id\":\"https:\\\/\\\/inclusivenews.com.br\\\/?p=19041#breadcrumb\",\"itemListElement\":[{\"@type\":\"ListItem\",\"position\":1,\"name\":\"In\u00edcio\",\"item\":\"https:\\\/\\\/inclusivenews.com.br\\\/\"},{\"@type\":\"ListItem\",\"position\":2,\"name\":\"X REATECH &#8211; Feira Internacional de Tecnologias em Reabilita\u00e7\u00e3o, Inclus\u00e3o e Acessibilidade\"}]},{\"@type\":\"WebSite\",\"@id\":\"https:\\\/\\\/inclusivenews.com.br\\\/#website\",\"url\":\"https:\\\/\\\/inclusivenews.com.br\\\/\",\"name\":\"Inclusive News\",\"description\":\"Inclusive News\",\"publisher\":{\"@id\":\"https:\\\/\\\/inclusivenews.com.br\\\/#organization\"},\"potentialAction\":[{\"@type\":\"SearchAction\",\"target\":{\"@type\":\"EntryPoint\",\"urlTemplate\":\"https:\\\/\\\/inclusivenews.com.br\\\/?s={search_term_string}\"},\"query-input\":{\"@type\":\"PropertyValueSpecification\",\"valueRequired\":true,\"valueName\":\"search_term_string\"}}],\"inLanguage\":\"pt-PT\"},{\"@type\":\"Organization\",\"@id\":\"https:\\\/\\\/inclusivenews.com.br\\\/#organization\",\"name\":\"Inclusive - inclus\u00e3o e cidadania\",\"url\":\"https:\\\/\\\/inclusivenews.com.br\\\/\",\"logo\":{\"@type\":\"ImageObject\",\"inLanguage\":\"pt-PT\",\"@id\":\"https:\\\/\\\/inclusivenews.com.br\\\/#\\\/schema\\\/logo\\\/image\\\/\",\"url\":\"https:\\\/\\\/inclusivenews.com.br\\\/wp-content\\\/uploads\\\/2024\\\/03\\\/@grandesite.png\",\"contentUrl\":\"https:\\\/\\\/inclusivenews.com.br\\\/wp-content\\\/uploads\\\/2024\\\/03\\\/@grandesite.png\",\"width\":1080,\"height\":1080,\"caption\":\"Inclusive - inclus\u00e3o e cidadania\"},\"image\":{\"@id\":\"https:\\\/\\\/inclusivenews.com.br\\\/#\\\/schema\\\/logo\\\/image\\\/\"},\"sameAs\":[\"https:\\\/\\\/www.facebook.com\\\/agenciainclusive\\\/\",\"https:\\\/\\\/www.instagram.com\\\/newsinclusive\\\/\"]},{\"@type\":\"Person\",\"@id\":\"https:\\\/\\\/inclusivenews.com.br\\\/#\\\/schema\\\/person\\\/ae4ec7087559b8692fb33b6fffd2273b\",\"name\":\"inclusivenews2024\",\"image\":{\"@type\":\"ImageObject\",\"inLanguage\":\"pt-PT\",\"@id\":\"https:\\\/\\\/secure.gravatar.com\\\/avatar\\\/c5a7ef84c66fa914f55bc4f7ce26cfa275a3b9a1c5568b907bd184fb4dde7b40?s=96&d=mm&r=g\",\"url\":\"https:\\\/\\\/secure.gravatar.com\\\/avatar\\\/c5a7ef84c66fa914f55bc4f7ce26cfa275a3b9a1c5568b907bd184fb4dde7b40?s=96&d=mm&r=g\",\"contentUrl\":\"https:\\\/\\\/secure.gravatar.com\\\/avatar\\\/c5a7ef84c66fa914f55bc4f7ce26cfa275a3b9a1c5568b907bd184fb4dde7b40?s=96&d=mm&r=g\",\"caption\":\"inclusivenews2024\"},\"sameAs\":[\"https:\\\/\\\/inclusivenews.com.br\"],\"url\":\"https:\\\/\\\/inclusivenews.com.br\\\/?author=1\"}]}<\/script>\n<!-- \/ Yoast SEO plugin. -->","yoast_head_json":{"title":"X REATECH - Feira Internacional de Tecnologias em Reabilita\u00e7\u00e3o, Inclus\u00e3o e Acessibilidade -","robots":{"index":"index","follow":"follow","max-snippet":"max-snippet:-1","max-image-preview":"max-image-preview:large","max-video-preview":"max-video-preview:-1"},"canonical":"https:\/\/inclusivenews.com.br\/?p=19041","og_locale":"pt_PT","og_type":"article","og_title":"X REATECH - Feira Internacional de Tecnologias em Reabilita\u00e7\u00e3o, Inclus\u00e3o e Acessibilidade -","og_description":"Come\u00e7a no dia 14 e vai at\u00e9 17 de abril a X REATECH.","og_url":"https:\/\/inclusivenews.com.br\/?p=19041","article_publisher":"https:\/\/www.facebook.com\/agenciainclusive\/","article_published_time":"2011-04-13T19:33:01+00:00","og_image":[{"url":"http:\/\/www.feirasnacipa.com.br\/reatech2010\/imagens\/logoreatech.png","type":"","width":"","height":""}],"author":"inclusivenews2024","twitter_card":"summary_large_image","twitter_misc":{"Escrito por":"inclusivenews2024","Tempo estimado de leitura":"1 minuto"},"schema":{"@context":"https:\/\/schema.org","@graph":[{"@type":"Article","@id":"https:\/\/inclusivenews.com.br\/?p=19041#article","isPartOf":{"@id":"https:\/\/inclusivenews.com.br\/?p=19041"},"author":{"name":"inclusivenews2024","@id":"https:\/\/inclusivenews.com.br\/#\/schema\/person\/ae4ec7087559b8692fb33b6fffd2273b"},"headline":"X REATECH &#8211; Feira Internacional de Tecnologias em Reabilita\u00e7\u00e3o, Inclus\u00e3o e Acessibilidade","datePublished":"2011-04-13T19:33:01+00:00","mainEntityOfPage":{"@id":"https:\/\/inclusivenews.com.br\/?p=19041"},"wordCount":288,"commentCount":0,"publisher":{"@id":"https:\/\/inclusivenews.com.br\/#organization"},"image":{"@id":"https:\/\/inclusivenews.com.br\/?p=19041#primaryimage"},"thumbnailUrl":"http:\/\/www.feirasnacipa.com.br\/reatech2010\/imagens\/logoreatech.png","articleSection":["Cursos e eventos","Defici\u00eancia","NOT\u00cdCIAS"],"inLanguage":"pt-PT","potentialAction":[{"@type":"CommentAction","name":"Comment","target":["https:\/\/inclusivenews.com.br\/?p=19041#respond"]}]},{"@type":"WebPage","@id":"https:\/\/inclusivenews.com.br\/?p=19041","url":"https:\/\/inclusivenews.com.br\/?p=19041","name":"X REATECH - Feira Internacional de Tecnologias em Reabilita\u00e7\u00e3o, Inclus\u00e3o e Acessibilidade -","isPartOf":{"@id":"https:\/\/inclusivenews.com.br\/#website"},"primaryImageOfPage":{"@id":"https:\/\/inclusivenews.com.br\/?p=19041#primaryimage"},"image":{"@id":"https:\/\/inclusivenews.com.br\/?p=19041#primaryimage"},"thumbnailUrl":"http:\/\/www.feirasnacipa.com.br\/reatech2010\/imagens\/logoreatech.png","datePublished":"2011-04-13T19:33:01+00:00","breadcrumb":{"@id":"https:\/\/inclusivenews.com.br\/?p=19041#breadcrumb"},"inLanguage":"pt-PT","potentialAction":[{"@type":"ReadAction","target":["https:\/\/inclusivenews.com.br\/?p=19041"]}]},{"@type":"ImageObject","inLanguage":"pt-PT","@id":"https:\/\/inclusivenews.com.br\/?p=19041#primaryimage","url":"http:\/\/www.feirasnacipa.com.br\/reatech2010\/imagens\/logoreatech.png","contentUrl":"http:\/\/www.feirasnacipa.com.br\/reatech2010\/imagens\/logoreatech.png"},{"@type":"BreadcrumbList","@id":"https:\/\/inclusivenews.com.br\/?p=19041#breadcrumb","itemListElement":[{"@type":"ListItem","position":1,"name":"In\u00edcio","item":"https:\/\/inclusivenews.com.br\/"},{"@type":"ListItem","position":2,"name":"X REATECH &#8211; Feira Internacional de Tecnologias em Reabilita\u00e7\u00e3o, Inclus\u00e3o e Acessibilidade"}]},{"@type":"WebSite","@id":"https:\/\/inclusivenews.com.br\/#website","url":"https:\/\/inclusivenews.com.br\/","name":"Inclusive News","description":"Inclusive News","publisher":{"@id":"https:\/\/inclusivenews.com.br\/#organization"},"potentialAction":[{"@type":"SearchAction","target":{"@type":"EntryPoint","urlTemplate":"https:\/\/inclusivenews.com.br\/?s={search_term_string}"},"query-input":{"@type":"PropertyValueSpecification","valueRequired":true,"valueName":"search_term_string"}}],"inLanguage":"pt-PT"},{"@type":"Organization","@id":"https:\/\/inclusivenews.com.br\/#organization","name":"Inclusive - inclus\u00e3o e cidadania","url":"https:\/\/inclusivenews.com.br\/","logo":{"@type":"ImageObject","inLanguage":"pt-PT","@id":"https:\/\/inclusivenews.com.br\/#\/schema\/logo\/image\/","url":"https:\/\/inclusivenews.com.br\/wp-content\/uploads\/2024\/03\/@grandesite.png","contentUrl":"https:\/\/inclusivenews.com.br\/wp-content\/uploads\/2024\/03\/@grandesite.png","width":1080,"height":1080,"caption":"Inclusive - inclus\u00e3o e cidadania"},"image":{"@id":"https:\/\/inclusivenews.com.br\/#\/schema\/logo\/image\/"},"sameAs":["https:\/\/www.facebook.com\/agenciainclusive\/","https:\/\/www.instagram.com\/newsinclusive\/"]},{"@type":"Person","@id":"https:\/\/inclusivenews.com.br\/#\/schema\/person\/ae4ec7087559b8692fb33b6fffd2273b","name":"inclusivenews2024","image":{"@type":"ImageObject","inLanguage":"pt-PT","@id":"https:\/\/secure.gravatar.com\/avatar\/c5a7ef84c66fa914f55bc4f7ce26cfa275a3b9a1c5568b907bd184fb4dde7b40?s=96&d=mm&r=g","url":"https:\/\/secure.gravatar.com\/avatar\/c5a7ef84c66fa914f55bc4f7ce26cfa275a3b9a1c5568b907bd184fb4dde7b40?s=96&d=mm&r=g","contentUrl":"https:\/\/secure.gravatar.com\/avatar\/c5a7ef84c66fa914f55bc4f7ce26cfa275a3b9a1c5568b907bd184fb4dde7b40?s=96&d=mm&r=g","caption":"inclusivenews2024"},"sameAs":["https:\/\/inclusivenews.com.br"],"url":"https:\/\/inclusivenews.com.br\/?author=1"}]}},"_links":{"self":[{"href":"https:\/\/inclusivenews.com.br\/index.php?rest_route=\/wp\/v2\/posts\/19041","targetHints":{"allow":["GET"]}}],"collection":[{"href":"https:\/\/inclusivenews.com.br\/index.php?rest_route=\/wp\/v2\/posts"}],"about":[{"href":"https:\/\/inclusivenews.com.br\/index.php?rest_route=\/wp\/v2\/types\/post"}],"author":[{"embeddable":true,"href":"https:\/\/inclusivenews.com.br\/index.php?rest_route=\/wp\/v2\/users\/1"}],"replies":[{"embeddable":true,"href":"https:\/\/inclusivenews.com.br\/index.php?rest_route=%2Fwp%2Fv2%2Fcomments&post=19041"}],"version-history":[{"count":0,"href":"https:\/\/inclusivenews.com.br\/index.php?rest_route=\/wp\/v2\/posts\/19041\/revisions"}],"wp:attachment":[{"href":"https:\/\/inclusivenews.com.br\/index.php?rest_route=%2Fwp%2Fv2%2Fmedia&parent=19041"}],"wp:term":[{"taxonomy":"category","embeddable":true,"href":"https:\/\/inclusivenews.com.br\/index.php?rest_route=%2Fwp%2Fv2%2Fcategories&post=19041"},{"taxonomy":"post_tag","embeddable":true,"href":"https:\/\/inclusivenews.com.br\/index.php?rest_route=%2Fwp%2Fv2%2Ftags&post=19041"}],"curies":[{"name":"wp","href":"https:\/\/api.w.org\/{rel}","templated":true}]}}