{"id":19071,"date":"2011-04-13T16:21:16","date_gmt":"2011-04-13T19:21:16","guid":{"rendered":"http:\/\/www.inclusive.org.br\/?p=19071"},"modified":"2011-04-13T16:21:16","modified_gmt":"2011-04-13T19:21:16","slug":"ibiuna-educacao-inclusiva-para-todos","status":"publish","type":"post","link":"https:\/\/inclusivenews.com.br\/?p=19071","title":{"rendered":"Ibi\u00fana &#8211; educa\u00e7\u00e3o inclusiva para todos"},"content":{"rendered":"<figure style=\"width: 294px\" class=\"wp-caption alignleft\"><img loading=\"lazy\" decoding=\"async\" class=\"  \" title=\"Placa de boas vindas a Ibi\u00fana\" src=\"http:\/\/statusmc.br.tripod.com\/ibiuna25.jpg\" alt=\"Placa de boas vindas a Ibi\u00fana\" width=\"294\" height=\"221\" \/><figcaption class=\"wp-caption-text\"> <\/figcaption><\/figure>\n<p>Alunos com defici\u00eancia, transtornos globais do desenvolvimento e com altas habilidades ou superdota\u00e7\u00e3o foram matriculados na rede regular de ensino. A atitude obedece a nova Pol\u00edtica Nacional de Educa\u00e7\u00e3o Especial na perspectiva da educa\u00e7\u00e3o inclusiva, aprovada pelo Decreto Presidencial de n\u00ba 6.571\/2008, que disp\u00f5e sobre o Atendimento Educacional Especializado (AEE), e regulamenta o artigo 60 da Lei n\u00ba 9.394\/96.<\/p>\n<p>Esses alunos, p\u00fablico alvo da educa\u00e7\u00e3o especial, al\u00e9m de serem matriculados na escola comum, no contra turno devem ser atendidos no AEE. Durante o ano de 2010, a equipe da Educa\u00e7\u00e3o Especial, em parceria com a Sa\u00fade, acompanhou esses estudantes enquanto o munic\u00edpio aguardava a chegada das Salas de Recursos Multifuncionais pelo Minist\u00e9rio da Educa\u00e7\u00e3o e Cultura (MEC).<\/p>\n<p>Com os materiais em m\u00e3os, a partir de 12 de abril esses alunos ser\u00e3o atendidos em nove salas multifuncionais do AEE espalhadas pelo munic\u00edpio. A distribui\u00e7\u00e3o do material foi minuciosamente pensada, inclusive o fato dos estudantes permanecerem em unidades pr\u00f3ximas da resid\u00eancia, com profissionais especializados e capacitados para atender a Educa\u00e7\u00e3o Especial.<\/p>\n<p>As escolas contempladas com o atendimento especializado s\u00e3o: <strong>Alexandre Vanucchi Leme<\/strong>,<strong> In\u00eas Nunes Makiyama<\/strong>, Crian\u00e7a Feliz, Prefeito <strong>Seme Issa<\/strong> (Piai), <strong>Mafalda Dalpra Matiusso<\/strong> (KM 57), <strong> Tereza Falci <\/strong>(Cupim), <strong>Maria Benedita Rodrigues <\/strong>(Vargem do Salto), <strong>Calil Rahal Neto<\/strong> (Capim Azedo) e<strong> Ubirajara Pedroso Domingues<\/strong> (Rosarial).<\/p>\n<p>Vale destacar que a fun\u00e7\u00e3o social da escola, definida pela Constitui\u00e7\u00e3o Federal (1988), expressa o direito de todos \u00e0 educa\u00e7\u00e3o esclarecendo que esse direito visa o \u201c<em>pleno desenvolvimento da pessoa para o exerc\u00edcio da cidadania e sua qualifica\u00e7\u00e3o para o trabalho<\/em>\u201d. Dessa forma, o essencial de todas as escolas \u00e9 assegurar uma educa\u00e7\u00e3o de qualidade para todos, com acesso ao conhecimento, ao desenvolvimento das capacidades cognitivas e ao atendimento especializado, quando necess\u00e1rio.<\/p>\n<p>A EM Novo Arco \u00cdris desde o ano passado oferece forma\u00e7\u00f5es aos docentes da rede municipal de educa\u00e7\u00e3o. L\u00e1 foram ministradas capacita\u00e7\u00f5es do Programa Aprender +, Escola Ativa, Ler e Escrever, GT da Inclus\u00e3o, GT de Curr\u00edculo,\u00a0 al\u00e9m de outras atividades voltadas a \u00e1rea educacional. As capacita\u00e7\u00f5es continuam neste ano, com o Programa Ler e Escrever, Projeto Pol\u00edtico Pedag\u00f3gico, Escola Ativa, Pr\u00f3letramento- Alfabetiza\u00e7\u00e3o e Matem\u00e1tica.<\/p>\n<p>De acordo com a Secret\u00e1ria da Educa\u00e7\u00e3o, <strong>Leila Ruivo do Carmo<\/strong>, todas essas a\u00e7\u00f5es que vem ocorrendo a tempos na rede municipal e na EM Novo Arco \u00cdris foram norteadas para desencadear um Centro de Apoio \u00e0 Diversidade, projeto educacional que tem como finalidade resgatar a fun\u00e7\u00e3o social da escola, al\u00e9m de ampliar espa\u00e7os e garantir que o processo de forma\u00e7\u00e3o se d\u00ea de forma cont\u00ednua. \u201c<em>\u00c9 um projeto que vem acontecendo gradativamente e possui um contexto desafiador de supera\u00e7\u00e3o das desigualdades e do reconhecimento e respeito \u00e0 diversidade\u201d<\/em>, finaliza.<\/p>\n<p>A t\u00edtulo de esclarecimento, a Prefeitura informa, conforme exposto acima, que boatos de que a escola Arco \u00cdris fechou ou fechar\u00e1 s\u00e3o vagos e sem fundamento. Qualquer d\u00favida sobre o assunto pode ser tratado diretamente na Secretaria da Educa\u00e7\u00e3o, localizada em frente a Guarda Municipal, ou pelo telefone (15) 3248-1574.<\/p>\n<p>Com informa\u00e7\u00f5es da Assessoria de Imprensa da Prefeitura de Ibi\u00fana<\/p>\n<p>____________________<\/p>\n<p><strong>Fonte: <\/strong><a href=\"http:\/\/www.guiasaoroque.com.br\/noticia\/noticia.asp?id=4570\">Guia S\u00e3o Roque<\/a><\/p>\n","protected":false},"excerpt":{"rendered":"<p>Com os materiais em m\u00e3os, a partir de 12 de abril esses alunos ser\u00e3o atendidos em nove salas multifuncionais do AEE espalhadas pelo munic\u00edpio. A distribui\u00e7\u00e3o do material foi minuciosamente pensada, inclusive o fato dos estudantes permanecerem em unidades pr\u00f3ximas da resid\u00eancia, com profissionais especializados e capacitados para atender a educa\u00e7\u00e3o especial.<\/p>\n","protected":false},"author":1,"featured_media":0,"comment_status":"open","ping_status":"open","sticky":false,"template":"","format":"standard","meta":{"site-container-style":"default","site-container-layout":"default","site-sidebar-layout":"default","disable-article-header":"default","disable-site-header":"default","disable-site-footer":"default","disable-content-area-spacing":"default","footnotes":""},"categories":[6,48,4],"tags":[],"class_list":["post-19071","post","type-post","status-publish","format-standard","hentry","category-educacao","category-inclusao","category-noticias"],"yoast_head":"<!-- This site is optimized with the Yoast SEO plugin v27.4 - https:\/\/yoast.com\/product\/yoast-seo-wordpress\/ -->\n<title>Ibi\u00fana - educa\u00e7\u00e3o inclusiva para todos -<\/title>\n<meta name=\"robots\" content=\"index, follow, max-snippet:-1, max-image-preview:large, max-video-preview:-1\" \/>\n<link rel=\"canonical\" href=\"https:\/\/inclusivenews.com.br\/?p=19071\" \/>\n<meta property=\"og:locale\" content=\"pt_PT\" \/>\n<meta property=\"og:type\" content=\"article\" \/>\n<meta property=\"og:title\" content=\"Ibi\u00fana - educa\u00e7\u00e3o inclusiva para todos -\" \/>\n<meta property=\"og:description\" content=\"Com os materiais em m\u00e3os, a partir de 12 de abril esses alunos ser\u00e3o atendidos em nove salas multifuncionais do AEE espalhadas pelo munic\u00edpio. A distribui\u00e7\u00e3o do material foi minuciosamente pensada, inclusive o fato dos estudantes permanecerem em unidades pr\u00f3ximas da resid\u00eancia, com profissionais especializados e capacitados para atender a educa\u00e7\u00e3o especial.\" \/>\n<meta property=\"og:url\" content=\"https:\/\/inclusivenews.com.br\/?p=19071\" \/>\n<meta property=\"article:publisher\" content=\"https:\/\/www.facebook.com\/agenciainclusive\/\" \/>\n<meta property=\"article:published_time\" content=\"2011-04-13T19:21:16+00:00\" \/>\n<meta property=\"og:image\" content=\"http:\/\/statusmc.br.tripod.com\/ibiuna25.jpg\" \/>\n<meta name=\"author\" content=\"inclusivenews2024\" \/>\n<meta name=\"twitter:card\" content=\"summary_large_image\" \/>\n<meta name=\"twitter:label1\" content=\"Escrito por\" \/>\n\t<meta name=\"twitter:data1\" content=\"inclusivenews2024\" \/>\n\t<meta name=\"twitter:label2\" content=\"Tempo estimado de leitura\" \/>\n\t<meta name=\"twitter:data2\" content=\"3 minutos\" \/>\n<script type=\"application\/ld+json\" class=\"yoast-schema-graph\">{\"@context\":\"https:\\\/\\\/schema.org\",\"@graph\":[{\"@type\":\"Article\",\"@id\":\"https:\\\/\\\/inclusivenews.com.br\\\/?p=19071#article\",\"isPartOf\":{\"@id\":\"https:\\\/\\\/inclusivenews.com.br\\\/?p=19071\"},\"author\":{\"name\":\"inclusivenews2024\",\"@id\":\"https:\\\/\\\/inclusivenews.com.br\\\/#\\\/schema\\\/person\\\/ae4ec7087559b8692fb33b6fffd2273b\"},\"headline\":\"Ibi\u00fana &#8211; educa\u00e7\u00e3o inclusiva para todos\",\"datePublished\":\"2011-04-13T19:21:16+00:00\",\"mainEntityOfPage\":{\"@id\":\"https:\\\/\\\/inclusivenews.com.br\\\/?p=19071\"},\"wordCount\":564,\"commentCount\":1,\"publisher\":{\"@id\":\"https:\\\/\\\/inclusivenews.com.br\\\/#organization\"},\"image\":{\"@id\":\"https:\\\/\\\/inclusivenews.com.br\\\/?p=19071#primaryimage\"},\"thumbnailUrl\":\"http:\\\/\\\/statusmc.br.tripod.com\\\/ibiuna25.jpg\",\"articleSection\":[\"EDUCA\u00c7\u00c3O\",\"INCLUS\u00c3O SOCIAL\",\"NOT\u00cdCIAS\"],\"inLanguage\":\"pt-PT\",\"potentialAction\":[{\"@type\":\"CommentAction\",\"name\":\"Comment\",\"target\":[\"https:\\\/\\\/inclusivenews.com.br\\\/?p=19071#respond\"]}]},{\"@type\":\"WebPage\",\"@id\":\"https:\\\/\\\/inclusivenews.com.br\\\/?p=19071\",\"url\":\"https:\\\/\\\/inclusivenews.com.br\\\/?p=19071\",\"name\":\"Ibi\u00fana - educa\u00e7\u00e3o inclusiva para todos -\",\"isPartOf\":{\"@id\":\"https:\\\/\\\/inclusivenews.com.br\\\/#website\"},\"primaryImageOfPage\":{\"@id\":\"https:\\\/\\\/inclusivenews.com.br\\\/?p=19071#primaryimage\"},\"image\":{\"@id\":\"https:\\\/\\\/inclusivenews.com.br\\\/?p=19071#primaryimage\"},\"thumbnailUrl\":\"http:\\\/\\\/statusmc.br.tripod.com\\\/ibiuna25.jpg\",\"datePublished\":\"2011-04-13T19:21:16+00:00\",\"breadcrumb\":{\"@id\":\"https:\\\/\\\/inclusivenews.com.br\\\/?p=19071#breadcrumb\"},\"inLanguage\":\"pt-PT\",\"potentialAction\":[{\"@type\":\"ReadAction\",\"target\":[\"https:\\\/\\\/inclusivenews.com.br\\\/?p=19071\"]}]},{\"@type\":\"ImageObject\",\"inLanguage\":\"pt-PT\",\"@id\":\"https:\\\/\\\/inclusivenews.com.br\\\/?p=19071#primaryimage\",\"url\":\"http:\\\/\\\/statusmc.br.tripod.com\\\/ibiuna25.jpg\",\"contentUrl\":\"http:\\\/\\\/statusmc.br.tripod.com\\\/ibiuna25.jpg\"},{\"@type\":\"BreadcrumbList\",\"@id\":\"https:\\\/\\\/inclusivenews.com.br\\\/?p=19071#breadcrumb\",\"itemListElement\":[{\"@type\":\"ListItem\",\"position\":1,\"name\":\"In\u00edcio\",\"item\":\"https:\\\/\\\/inclusivenews.com.br\\\/\"},{\"@type\":\"ListItem\",\"position\":2,\"name\":\"Ibi\u00fana &#8211; educa\u00e7\u00e3o inclusiva para todos\"}]},{\"@type\":\"WebSite\",\"@id\":\"https:\\\/\\\/inclusivenews.com.br\\\/#website\",\"url\":\"https:\\\/\\\/inclusivenews.com.br\\\/\",\"name\":\"Inclusive News\",\"description\":\"Inclusive News\",\"publisher\":{\"@id\":\"https:\\\/\\\/inclusivenews.com.br\\\/#organization\"},\"potentialAction\":[{\"@type\":\"SearchAction\",\"target\":{\"@type\":\"EntryPoint\",\"urlTemplate\":\"https:\\\/\\\/inclusivenews.com.br\\\/?s={search_term_string}\"},\"query-input\":{\"@type\":\"PropertyValueSpecification\",\"valueRequired\":true,\"valueName\":\"search_term_string\"}}],\"inLanguage\":\"pt-PT\"},{\"@type\":\"Organization\",\"@id\":\"https:\\\/\\\/inclusivenews.com.br\\\/#organization\",\"name\":\"Inclusive - inclus\u00e3o e cidadania\",\"url\":\"https:\\\/\\\/inclusivenews.com.br\\\/\",\"logo\":{\"@type\":\"ImageObject\",\"inLanguage\":\"pt-PT\",\"@id\":\"https:\\\/\\\/inclusivenews.com.br\\\/#\\\/schema\\\/logo\\\/image\\\/\",\"url\":\"https:\\\/\\\/inclusivenews.com.br\\\/wp-content\\\/uploads\\\/2024\\\/03\\\/@grandesite.png\",\"contentUrl\":\"https:\\\/\\\/inclusivenews.com.br\\\/wp-content\\\/uploads\\\/2024\\\/03\\\/@grandesite.png\",\"width\":1080,\"height\":1080,\"caption\":\"Inclusive - inclus\u00e3o e cidadania\"},\"image\":{\"@id\":\"https:\\\/\\\/inclusivenews.com.br\\\/#\\\/schema\\\/logo\\\/image\\\/\"},\"sameAs\":[\"https:\\\/\\\/www.facebook.com\\\/agenciainclusive\\\/\",\"https:\\\/\\\/www.instagram.com\\\/newsinclusive\\\/\"]},{\"@type\":\"Person\",\"@id\":\"https:\\\/\\\/inclusivenews.com.br\\\/#\\\/schema\\\/person\\\/ae4ec7087559b8692fb33b6fffd2273b\",\"name\":\"inclusivenews2024\",\"image\":{\"@type\":\"ImageObject\",\"inLanguage\":\"pt-PT\",\"@id\":\"https:\\\/\\\/secure.gravatar.com\\\/avatar\\\/c5a7ef84c66fa914f55bc4f7ce26cfa275a3b9a1c5568b907bd184fb4dde7b40?s=96&d=mm&r=g\",\"url\":\"https:\\\/\\\/secure.gravatar.com\\\/avatar\\\/c5a7ef84c66fa914f55bc4f7ce26cfa275a3b9a1c5568b907bd184fb4dde7b40?s=96&d=mm&r=g\",\"contentUrl\":\"https:\\\/\\\/secure.gravatar.com\\\/avatar\\\/c5a7ef84c66fa914f55bc4f7ce26cfa275a3b9a1c5568b907bd184fb4dde7b40?s=96&d=mm&r=g\",\"caption\":\"inclusivenews2024\"},\"sameAs\":[\"https:\\\/\\\/inclusivenews.com.br\"],\"url\":\"https:\\\/\\\/inclusivenews.com.br\\\/?author=1\"}]}<\/script>\n<!-- \/ Yoast SEO plugin. -->","yoast_head_json":{"title":"Ibi\u00fana - educa\u00e7\u00e3o inclusiva para todos -","robots":{"index":"index","follow":"follow","max-snippet":"max-snippet:-1","max-image-preview":"max-image-preview:large","max-video-preview":"max-video-preview:-1"},"canonical":"https:\/\/inclusivenews.com.br\/?p=19071","og_locale":"pt_PT","og_type":"article","og_title":"Ibi\u00fana - educa\u00e7\u00e3o inclusiva para todos -","og_description":"Com os materiais em m\u00e3os, a partir de 12 de abril esses alunos ser\u00e3o atendidos em nove salas multifuncionais do AEE espalhadas pelo munic\u00edpio. A distribui\u00e7\u00e3o do material foi minuciosamente pensada, inclusive o fato dos estudantes permanecerem em unidades pr\u00f3ximas da resid\u00eancia, com profissionais especializados e capacitados para atender a educa\u00e7\u00e3o especial.","og_url":"https:\/\/inclusivenews.com.br\/?p=19071","article_publisher":"https:\/\/www.facebook.com\/agenciainclusive\/","article_published_time":"2011-04-13T19:21:16+00:00","og_image":[{"url":"http:\/\/statusmc.br.tripod.com\/ibiuna25.jpg","type":"","width":"","height":""}],"author":"inclusivenews2024","twitter_card":"summary_large_image","twitter_misc":{"Escrito por":"inclusivenews2024","Tempo estimado de leitura":"3 minutos"},"schema":{"@context":"https:\/\/schema.org","@graph":[{"@type":"Article","@id":"https:\/\/inclusivenews.com.br\/?p=19071#article","isPartOf":{"@id":"https:\/\/inclusivenews.com.br\/?p=19071"},"author":{"name":"inclusivenews2024","@id":"https:\/\/inclusivenews.com.br\/#\/schema\/person\/ae4ec7087559b8692fb33b6fffd2273b"},"headline":"Ibi\u00fana &#8211; educa\u00e7\u00e3o inclusiva para todos","datePublished":"2011-04-13T19:21:16+00:00","mainEntityOfPage":{"@id":"https:\/\/inclusivenews.com.br\/?p=19071"},"wordCount":564,"commentCount":1,"publisher":{"@id":"https:\/\/inclusivenews.com.br\/#organization"},"image":{"@id":"https:\/\/inclusivenews.com.br\/?p=19071#primaryimage"},"thumbnailUrl":"http:\/\/statusmc.br.tripod.com\/ibiuna25.jpg","articleSection":["EDUCA\u00c7\u00c3O","INCLUS\u00c3O SOCIAL","NOT\u00cdCIAS"],"inLanguage":"pt-PT","potentialAction":[{"@type":"CommentAction","name":"Comment","target":["https:\/\/inclusivenews.com.br\/?p=19071#respond"]}]},{"@type":"WebPage","@id":"https:\/\/inclusivenews.com.br\/?p=19071","url":"https:\/\/inclusivenews.com.br\/?p=19071","name":"Ibi\u00fana - educa\u00e7\u00e3o inclusiva para todos -","isPartOf":{"@id":"https:\/\/inclusivenews.com.br\/#website"},"primaryImageOfPage":{"@id":"https:\/\/inclusivenews.com.br\/?p=19071#primaryimage"},"image":{"@id":"https:\/\/inclusivenews.com.br\/?p=19071#primaryimage"},"thumbnailUrl":"http:\/\/statusmc.br.tripod.com\/ibiuna25.jpg","datePublished":"2011-04-13T19:21:16+00:00","breadcrumb":{"@id":"https:\/\/inclusivenews.com.br\/?p=19071#breadcrumb"},"inLanguage":"pt-PT","potentialAction":[{"@type":"ReadAction","target":["https:\/\/inclusivenews.com.br\/?p=19071"]}]},{"@type":"ImageObject","inLanguage":"pt-PT","@id":"https:\/\/inclusivenews.com.br\/?p=19071#primaryimage","url":"http:\/\/statusmc.br.tripod.com\/ibiuna25.jpg","contentUrl":"http:\/\/statusmc.br.tripod.com\/ibiuna25.jpg"},{"@type":"BreadcrumbList","@id":"https:\/\/inclusivenews.com.br\/?p=19071#breadcrumb","itemListElement":[{"@type":"ListItem","position":1,"name":"In\u00edcio","item":"https:\/\/inclusivenews.com.br\/"},{"@type":"ListItem","position":2,"name":"Ibi\u00fana &#8211; educa\u00e7\u00e3o inclusiva para todos"}]},{"@type":"WebSite","@id":"https:\/\/inclusivenews.com.br\/#website","url":"https:\/\/inclusivenews.com.br\/","name":"Inclusive News","description":"Inclusive News","publisher":{"@id":"https:\/\/inclusivenews.com.br\/#organization"},"potentialAction":[{"@type":"SearchAction","target":{"@type":"EntryPoint","urlTemplate":"https:\/\/inclusivenews.com.br\/?s={search_term_string}"},"query-input":{"@type":"PropertyValueSpecification","valueRequired":true,"valueName":"search_term_string"}}],"inLanguage":"pt-PT"},{"@type":"Organization","@id":"https:\/\/inclusivenews.com.br\/#organization","name":"Inclusive - inclus\u00e3o e cidadania","url":"https:\/\/inclusivenews.com.br\/","logo":{"@type":"ImageObject","inLanguage":"pt-PT","@id":"https:\/\/inclusivenews.com.br\/#\/schema\/logo\/image\/","url":"https:\/\/inclusivenews.com.br\/wp-content\/uploads\/2024\/03\/@grandesite.png","contentUrl":"https:\/\/inclusivenews.com.br\/wp-content\/uploads\/2024\/03\/@grandesite.png","width":1080,"height":1080,"caption":"Inclusive - inclus\u00e3o e cidadania"},"image":{"@id":"https:\/\/inclusivenews.com.br\/#\/schema\/logo\/image\/"},"sameAs":["https:\/\/www.facebook.com\/agenciainclusive\/","https:\/\/www.instagram.com\/newsinclusive\/"]},{"@type":"Person","@id":"https:\/\/inclusivenews.com.br\/#\/schema\/person\/ae4ec7087559b8692fb33b6fffd2273b","name":"inclusivenews2024","image":{"@type":"ImageObject","inLanguage":"pt-PT","@id":"https:\/\/secure.gravatar.com\/avatar\/c5a7ef84c66fa914f55bc4f7ce26cfa275a3b9a1c5568b907bd184fb4dde7b40?s=96&d=mm&r=g","url":"https:\/\/secure.gravatar.com\/avatar\/c5a7ef84c66fa914f55bc4f7ce26cfa275a3b9a1c5568b907bd184fb4dde7b40?s=96&d=mm&r=g","contentUrl":"https:\/\/secure.gravatar.com\/avatar\/c5a7ef84c66fa914f55bc4f7ce26cfa275a3b9a1c5568b907bd184fb4dde7b40?s=96&d=mm&r=g","caption":"inclusivenews2024"},"sameAs":["https:\/\/inclusivenews.com.br"],"url":"https:\/\/inclusivenews.com.br\/?author=1"}]}},"_links":{"self":[{"href":"https:\/\/inclusivenews.com.br\/index.php?rest_route=\/wp\/v2\/posts\/19071","targetHints":{"allow":["GET"]}}],"collection":[{"href":"https:\/\/inclusivenews.com.br\/index.php?rest_route=\/wp\/v2\/posts"}],"about":[{"href":"https:\/\/inclusivenews.com.br\/index.php?rest_route=\/wp\/v2\/types\/post"}],"author":[{"embeddable":true,"href":"https:\/\/inclusivenews.com.br\/index.php?rest_route=\/wp\/v2\/users\/1"}],"replies":[{"embeddable":true,"href":"https:\/\/inclusivenews.com.br\/index.php?rest_route=%2Fwp%2Fv2%2Fcomments&post=19071"}],"version-history":[{"count":0,"href":"https:\/\/inclusivenews.com.br\/index.php?rest_route=\/wp\/v2\/posts\/19071\/revisions"}],"wp:attachment":[{"href":"https:\/\/inclusivenews.com.br\/index.php?rest_route=%2Fwp%2Fv2%2Fmedia&parent=19071"}],"wp:term":[{"taxonomy":"category","embeddable":true,"href":"https:\/\/inclusivenews.com.br\/index.php?rest_route=%2Fwp%2Fv2%2Fcategories&post=19071"},{"taxonomy":"post_tag","embeddable":true,"href":"https:\/\/inclusivenews.com.br\/index.php?rest_route=%2Fwp%2Fv2%2Ftags&post=19071"}],"curies":[{"name":"wp","href":"https:\/\/api.w.org\/{rel}","templated":true}]}}