{"id":19073,"date":"2011-04-13T16:20:03","date_gmt":"2011-04-13T19:20:03","guid":{"rendered":"http:\/\/www.inclusive.org.br\/?p=19073"},"modified":"2011-04-13T16:20:03","modified_gmt":"2011-04-13T19:20:03","slug":"pelotas-rs-realiza-forum-sobre-educacao-inclusiva-1404","status":"publish","type":"post","link":"https:\/\/inclusivenews.com.br\/?p=19073","title":{"rendered":"Pelotas (RS) realiza F\u00f3rum sobre Educa\u00e7\u00e3o Inclusiva &#8211; 14\/04"},"content":{"rendered":"<figure style=\"width: 300px\" class=\"wp-caption alignleft\"><img loading=\"lazy\" decoding=\"async\" title=\"Imagem de Pelotas antiga\" src=\"http:\/\/3.bp.blogspot.com\/_w1a3otOpT6g\/S1sr1aVQNvI\/AAAAAAAAA3U\/42K-F3Ej9s8\/s400\/mercado-publico-pelotas.jpg\" alt=\"Imagem de Pelotas antiga\" width=\"300\" height=\"171\" \/><figcaption class=\"wp-caption-text\"> <\/figcaption><\/figure>\n<p>O Conselho Regional de Psicologia do Rio Grande do Sul \u2013 Subsede Sul promove na pr\u00f3xima quinta-feira (14), a partir das 18h30, o <strong>F\u00f3rum sobre Educa\u00e7\u00e3o Inclusiva: Reflex\u00f5es e Debate<\/strong>. O evento tem como objetivo oferecer espa\u00e7o para o compartilhamento de experi\u00eancias entre educadores e a reflex\u00e3o sobre o papel do psic\u00f3logo escolar\/educacional.<\/p>\n<p>O encontro, voltado para psic\u00f3logos, pedagogos, assistentes sociais e educadores em geral, ocorrer\u00e1 na Subsede Sul do CRPRS (Rua F\u00e9lix da Cunha, 772\/304, Pelotas\/RS). As inscri\u00e7\u00f5es s\u00e3o gratuitas e devem ser feitas no link abaixo.<\/p>\n<p><strong>Forum sobre Educa\u00e7\u00e3o Inclusiva: Reflex\u00f5es e Debate<\/strong><\/p>\n<p><strong>14 de abril de 2011<\/strong><\/p>\n<p><strong>18h30<\/strong> \u2013 Abertura<\/p>\n<p><strong>19h<\/strong> \u2013 Mesa Redonda \u2013 Educa\u00e7\u00e3o Inclusiva: Cen\u00e1rio atual e desafios<\/p>\n<p>Ingrid Cristine Vighi da Rosa<br \/>\nPedagoga, Psicopedagogia Cl\u00ednica e Institucional, Especializa\u00e7\u00e3o em Educa\u00e7\u00e3o Especial\/Defici\u00eancia Mental, Especializa\u00e7\u00e3o em Atendimento Educacional Especializado (em andamento), coordenadora do CAPTA Centro de Apoio, Pesquisa e Tecnologia para a Aprendizagem.<br \/>\nTema: Pol\u00edtica inclusiva em Pelotas<\/p>\n<p>D\u00e9bora Luiza Schuck Jacks<br \/>\nPedagoga, Psicopedagogia Cl\u00ednica e Institucional, Especializa\u00e7\u00e3o em Educa\u00e7\u00e3o Especial\/Defici\u00eancia Mental, Especializa\u00e7\u00e3o em Atendimento Educacional Especializado (em andamento), supervisora do CAPTA Centro de Apoio, Pesquisa e Tecnologia para a Aprendizagem.<br \/>\nTema: Atendimento Educacional Especializado<\/p>\n<p>Francielle Cantarelli Martins<br \/>\nPsic\u00f3loga, Forma\u00e7\u00e3o em Letras-Libras, Especializa\u00e7\u00e3o em Educa\u00e7\u00e3o Especial e Mestranda em Educa\u00e7\u00e3o<br \/>\nTema: O reflexo da viv\u00eancias cotidianas do sujeito surdo e suas interna\u00e7\u00f5es e conseq\u00fc\u00eancias<\/p>\n<p>Nara Lisiane de Oliveira Coqueiro \u2013 Coordenadora 1\u00aa mesa<br \/>\nPsic\u00f3loga, Especializa\u00e7\u00e3o em Psicomotricidade Relacional<\/p>\n<p><strong>20h<\/strong> \u2013 Mesa Redonda \u2013 Educa\u00e7\u00e3o Inclusiva e Direitos Humanos<\/p>\n<p>Jos\u00e9 Olavo Passos<br \/>\nPromotor da Inf\u00e2ncia e Juventude, Promotoria da Educa\u00e7\u00e3o<\/p>\n<p>K\u00e1tia Villela Pereira<br \/>\nAssistente Social do Col\u00e9gio Municipal Pelotense<\/p>\n<p>Rosa Veronese<br \/>\nPsic\u00f3loga, Pedagoga, Especializa\u00e7\u00e3o em psicopedagogia institucional, Coordenadora do N\u00facleo da Educa\u00e7\u00e3o do CRPRS &#8211; Subsede Serra<\/p>\n<p>Maiquel Fouchy \u2013 Coordenador da 2\u00aa mesa<br \/>\nCoordenador da ONG Gestores<br \/>\n_________________________________<\/p>\n<p><strong>Fonte:<\/strong> <a href=\"http:\/\/www.crprs.org.br\/noticias_internas.php?idNoticia=1192\">Conselho Regional de Psicologia RS<\/a><\/p>\n","protected":false},"excerpt":{"rendered":"<p>O Conselho Regional de Psicologia do Rio Grande do Sul \u2013 Subsede Sul promove na pr\u00f3xima quinta-feira (14), a partir das 18h30, o F\u00f3rum sobre Educa\u00e7\u00e3o Inclusiva: Reflex\u00f5es e Debate.<\/p>\n","protected":false},"author":1,"featured_media":0,"comment_status":"open","ping_status":"open","sticky":false,"template":"","format":"standard","meta":{"site-container-style":"default","site-container-layout":"default","site-sidebar-layout":"default","disable-article-header":"default","disable-site-header":"default","disable-site-footer":"default","disable-content-area-spacing":"default","footnotes":""},"categories":[12,6,48,4],"tags":[],"class_list":["post-19073","post","type-post","status-publish","format-standard","hentry","category-cursos-e-eventos","category-educacao","category-inclusao","category-noticias"],"yoast_head":"<!-- This site is optimized with the Yoast SEO plugin v27.4 - https:\/\/yoast.com\/product\/yoast-seo-wordpress\/ -->\n<title>Pelotas (RS) realiza F\u00f3rum sobre Educa\u00e7\u00e3o Inclusiva - 14\/04 -<\/title>\n<meta name=\"robots\" content=\"index, follow, max-snippet:-1, max-image-preview:large, max-video-preview:-1\" \/>\n<link rel=\"canonical\" href=\"https:\/\/inclusivenews.com.br\/?p=19073\" \/>\n<meta property=\"og:locale\" content=\"pt_PT\" \/>\n<meta property=\"og:type\" content=\"article\" \/>\n<meta property=\"og:title\" content=\"Pelotas (RS) realiza F\u00f3rum sobre Educa\u00e7\u00e3o Inclusiva - 14\/04 -\" \/>\n<meta property=\"og:description\" content=\"O Conselho Regional de Psicologia do Rio Grande do Sul \u2013 Subsede Sul promove na pr\u00f3xima quinta-feira (14), a partir das 18h30, o F\u00f3rum sobre Educa\u00e7\u00e3o Inclusiva: Reflex\u00f5es e Debate.\" \/>\n<meta property=\"og:url\" content=\"https:\/\/inclusivenews.com.br\/?p=19073\" \/>\n<meta property=\"article:publisher\" content=\"https:\/\/www.facebook.com\/agenciainclusive\/\" \/>\n<meta property=\"article:published_time\" content=\"2011-04-13T19:20:03+00:00\" \/>\n<meta property=\"og:image\" content=\"http:\/\/3.bp.blogspot.com\/_w1a3otOpT6g\/S1sr1aVQNvI\/AAAAAAAAA3U\/42K-F3Ej9s8\/s400\/mercado-publico-pelotas.jpg\" \/>\n<meta name=\"author\" content=\"inclusivenews2024\" \/>\n<meta name=\"twitter:card\" content=\"summary_large_image\" \/>\n<meta name=\"twitter:label1\" content=\"Escrito por\" \/>\n\t<meta name=\"twitter:data1\" content=\"inclusivenews2024\" \/>\n\t<meta name=\"twitter:label2\" content=\"Tempo estimado de leitura\" \/>\n\t<meta name=\"twitter:data2\" content=\"2 minutos\" \/>\n<script type=\"application\/ld+json\" class=\"yoast-schema-graph\">{\"@context\":\"https:\\\/\\\/schema.org\",\"@graph\":[{\"@type\":\"Article\",\"@id\":\"https:\\\/\\\/inclusivenews.com.br\\\/?p=19073#article\",\"isPartOf\":{\"@id\":\"https:\\\/\\\/inclusivenews.com.br\\\/?p=19073\"},\"author\":{\"name\":\"inclusivenews2024\",\"@id\":\"https:\\\/\\\/inclusivenews.com.br\\\/#\\\/schema\\\/person\\\/ae4ec7087559b8692fb33b6fffd2273b\"},\"headline\":\"Pelotas (RS) realiza F\u00f3rum sobre Educa\u00e7\u00e3o Inclusiva &#8211; 14\\\/04\",\"datePublished\":\"2011-04-13T19:20:03+00:00\",\"mainEntityOfPage\":{\"@id\":\"https:\\\/\\\/inclusivenews.com.br\\\/?p=19073\"},\"wordCount\":352,\"commentCount\":0,\"publisher\":{\"@id\":\"https:\\\/\\\/inclusivenews.com.br\\\/#organization\"},\"image\":{\"@id\":\"https:\\\/\\\/inclusivenews.com.br\\\/?p=19073#primaryimage\"},\"thumbnailUrl\":\"http:\\\/\\\/3.bp.blogspot.com\\\/_w1a3otOpT6g\\\/S1sr1aVQNvI\\\/AAAAAAAAA3U\\\/42K-F3Ej9s8\\\/s400\\\/mercado-publico-pelotas.jpg\",\"articleSection\":[\"Cursos e eventos\",\"EDUCA\u00c7\u00c3O\",\"INCLUS\u00c3O SOCIAL\",\"NOT\u00cdCIAS\"],\"inLanguage\":\"pt-PT\",\"potentialAction\":[{\"@type\":\"CommentAction\",\"name\":\"Comment\",\"target\":[\"https:\\\/\\\/inclusivenews.com.br\\\/?p=19073#respond\"]}]},{\"@type\":\"WebPage\",\"@id\":\"https:\\\/\\\/inclusivenews.com.br\\\/?p=19073\",\"url\":\"https:\\\/\\\/inclusivenews.com.br\\\/?p=19073\",\"name\":\"Pelotas (RS) realiza F\u00f3rum sobre Educa\u00e7\u00e3o Inclusiva - 14\\\/04 -\",\"isPartOf\":{\"@id\":\"https:\\\/\\\/inclusivenews.com.br\\\/#website\"},\"primaryImageOfPage\":{\"@id\":\"https:\\\/\\\/inclusivenews.com.br\\\/?p=19073#primaryimage\"},\"image\":{\"@id\":\"https:\\\/\\\/inclusivenews.com.br\\\/?p=19073#primaryimage\"},\"thumbnailUrl\":\"http:\\\/\\\/3.bp.blogspot.com\\\/_w1a3otOpT6g\\\/S1sr1aVQNvI\\\/AAAAAAAAA3U\\\/42K-F3Ej9s8\\\/s400\\\/mercado-publico-pelotas.jpg\",\"datePublished\":\"2011-04-13T19:20:03+00:00\",\"breadcrumb\":{\"@id\":\"https:\\\/\\\/inclusivenews.com.br\\\/?p=19073#breadcrumb\"},\"inLanguage\":\"pt-PT\",\"potentialAction\":[{\"@type\":\"ReadAction\",\"target\":[\"https:\\\/\\\/inclusivenews.com.br\\\/?p=19073\"]}]},{\"@type\":\"ImageObject\",\"inLanguage\":\"pt-PT\",\"@id\":\"https:\\\/\\\/inclusivenews.com.br\\\/?p=19073#primaryimage\",\"url\":\"http:\\\/\\\/3.bp.blogspot.com\\\/_w1a3otOpT6g\\\/S1sr1aVQNvI\\\/AAAAAAAAA3U\\\/42K-F3Ej9s8\\\/s400\\\/mercado-publico-pelotas.jpg\",\"contentUrl\":\"http:\\\/\\\/3.bp.blogspot.com\\\/_w1a3otOpT6g\\\/S1sr1aVQNvI\\\/AAAAAAAAA3U\\\/42K-F3Ej9s8\\\/s400\\\/mercado-publico-pelotas.jpg\"},{\"@type\":\"BreadcrumbList\",\"@id\":\"https:\\\/\\\/inclusivenews.com.br\\\/?p=19073#breadcrumb\",\"itemListElement\":[{\"@type\":\"ListItem\",\"position\":1,\"name\":\"In\u00edcio\",\"item\":\"https:\\\/\\\/inclusivenews.com.br\\\/\"},{\"@type\":\"ListItem\",\"position\":2,\"name\":\"Pelotas (RS) realiza F\u00f3rum sobre Educa\u00e7\u00e3o Inclusiva &#8211; 14\\\/04\"}]},{\"@type\":\"WebSite\",\"@id\":\"https:\\\/\\\/inclusivenews.com.br\\\/#website\",\"url\":\"https:\\\/\\\/inclusivenews.com.br\\\/\",\"name\":\"Inclusive News\",\"description\":\"Inclusive News\",\"publisher\":{\"@id\":\"https:\\\/\\\/inclusivenews.com.br\\\/#organization\"},\"potentialAction\":[{\"@type\":\"SearchAction\",\"target\":{\"@type\":\"EntryPoint\",\"urlTemplate\":\"https:\\\/\\\/inclusivenews.com.br\\\/?s={search_term_string}\"},\"query-input\":{\"@type\":\"PropertyValueSpecification\",\"valueRequired\":true,\"valueName\":\"search_term_string\"}}],\"inLanguage\":\"pt-PT\"},{\"@type\":\"Organization\",\"@id\":\"https:\\\/\\\/inclusivenews.com.br\\\/#organization\",\"name\":\"Inclusive - inclus\u00e3o e cidadania\",\"url\":\"https:\\\/\\\/inclusivenews.com.br\\\/\",\"logo\":{\"@type\":\"ImageObject\",\"inLanguage\":\"pt-PT\",\"@id\":\"https:\\\/\\\/inclusivenews.com.br\\\/#\\\/schema\\\/logo\\\/image\\\/\",\"url\":\"https:\\\/\\\/inclusivenews.com.br\\\/wp-content\\\/uploads\\\/2024\\\/03\\\/@grandesite.png\",\"contentUrl\":\"https:\\\/\\\/inclusivenews.com.br\\\/wp-content\\\/uploads\\\/2024\\\/03\\\/@grandesite.png\",\"width\":1080,\"height\":1080,\"caption\":\"Inclusive - inclus\u00e3o e cidadania\"},\"image\":{\"@id\":\"https:\\\/\\\/inclusivenews.com.br\\\/#\\\/schema\\\/logo\\\/image\\\/\"},\"sameAs\":[\"https:\\\/\\\/www.facebook.com\\\/agenciainclusive\\\/\",\"https:\\\/\\\/www.instagram.com\\\/newsinclusive\\\/\"]},{\"@type\":\"Person\",\"@id\":\"https:\\\/\\\/inclusivenews.com.br\\\/#\\\/schema\\\/person\\\/ae4ec7087559b8692fb33b6fffd2273b\",\"name\":\"inclusivenews2024\",\"image\":{\"@type\":\"ImageObject\",\"inLanguage\":\"pt-PT\",\"@id\":\"https:\\\/\\\/secure.gravatar.com\\\/avatar\\\/c5a7ef84c66fa914f55bc4f7ce26cfa275a3b9a1c5568b907bd184fb4dde7b40?s=96&d=mm&r=g\",\"url\":\"https:\\\/\\\/secure.gravatar.com\\\/avatar\\\/c5a7ef84c66fa914f55bc4f7ce26cfa275a3b9a1c5568b907bd184fb4dde7b40?s=96&d=mm&r=g\",\"contentUrl\":\"https:\\\/\\\/secure.gravatar.com\\\/avatar\\\/c5a7ef84c66fa914f55bc4f7ce26cfa275a3b9a1c5568b907bd184fb4dde7b40?s=96&d=mm&r=g\",\"caption\":\"inclusivenews2024\"},\"sameAs\":[\"https:\\\/\\\/inclusivenews.com.br\"],\"url\":\"https:\\\/\\\/inclusivenews.com.br\\\/?author=1\"}]}<\/script>\n<!-- \/ Yoast SEO plugin. -->","yoast_head_json":{"title":"Pelotas (RS) realiza F\u00f3rum sobre Educa\u00e7\u00e3o Inclusiva - 14\/04 -","robots":{"index":"index","follow":"follow","max-snippet":"max-snippet:-1","max-image-preview":"max-image-preview:large","max-video-preview":"max-video-preview:-1"},"canonical":"https:\/\/inclusivenews.com.br\/?p=19073","og_locale":"pt_PT","og_type":"article","og_title":"Pelotas (RS) realiza F\u00f3rum sobre Educa\u00e7\u00e3o Inclusiva - 14\/04 -","og_description":"O Conselho Regional de Psicologia do Rio Grande do Sul \u2013 Subsede Sul promove na pr\u00f3xima quinta-feira (14), a partir das 18h30, o F\u00f3rum sobre Educa\u00e7\u00e3o Inclusiva: Reflex\u00f5es e Debate.","og_url":"https:\/\/inclusivenews.com.br\/?p=19073","article_publisher":"https:\/\/www.facebook.com\/agenciainclusive\/","article_published_time":"2011-04-13T19:20:03+00:00","og_image":[{"url":"http:\/\/3.bp.blogspot.com\/_w1a3otOpT6g\/S1sr1aVQNvI\/AAAAAAAAA3U\/42K-F3Ej9s8\/s400\/mercado-publico-pelotas.jpg","type":"","width":"","height":""}],"author":"inclusivenews2024","twitter_card":"summary_large_image","twitter_misc":{"Escrito por":"inclusivenews2024","Tempo estimado de leitura":"2 minutos"},"schema":{"@context":"https:\/\/schema.org","@graph":[{"@type":"Article","@id":"https:\/\/inclusivenews.com.br\/?p=19073#article","isPartOf":{"@id":"https:\/\/inclusivenews.com.br\/?p=19073"},"author":{"name":"inclusivenews2024","@id":"https:\/\/inclusivenews.com.br\/#\/schema\/person\/ae4ec7087559b8692fb33b6fffd2273b"},"headline":"Pelotas (RS) realiza F\u00f3rum sobre Educa\u00e7\u00e3o Inclusiva &#8211; 14\/04","datePublished":"2011-04-13T19:20:03+00:00","mainEntityOfPage":{"@id":"https:\/\/inclusivenews.com.br\/?p=19073"},"wordCount":352,"commentCount":0,"publisher":{"@id":"https:\/\/inclusivenews.com.br\/#organization"},"image":{"@id":"https:\/\/inclusivenews.com.br\/?p=19073#primaryimage"},"thumbnailUrl":"http:\/\/3.bp.blogspot.com\/_w1a3otOpT6g\/S1sr1aVQNvI\/AAAAAAAAA3U\/42K-F3Ej9s8\/s400\/mercado-publico-pelotas.jpg","articleSection":["Cursos e eventos","EDUCA\u00c7\u00c3O","INCLUS\u00c3O SOCIAL","NOT\u00cdCIAS"],"inLanguage":"pt-PT","potentialAction":[{"@type":"CommentAction","name":"Comment","target":["https:\/\/inclusivenews.com.br\/?p=19073#respond"]}]},{"@type":"WebPage","@id":"https:\/\/inclusivenews.com.br\/?p=19073","url":"https:\/\/inclusivenews.com.br\/?p=19073","name":"Pelotas (RS) realiza F\u00f3rum sobre Educa\u00e7\u00e3o Inclusiva - 14\/04 -","isPartOf":{"@id":"https:\/\/inclusivenews.com.br\/#website"},"primaryImageOfPage":{"@id":"https:\/\/inclusivenews.com.br\/?p=19073#primaryimage"},"image":{"@id":"https:\/\/inclusivenews.com.br\/?p=19073#primaryimage"},"thumbnailUrl":"http:\/\/3.bp.blogspot.com\/_w1a3otOpT6g\/S1sr1aVQNvI\/AAAAAAAAA3U\/42K-F3Ej9s8\/s400\/mercado-publico-pelotas.jpg","datePublished":"2011-04-13T19:20:03+00:00","breadcrumb":{"@id":"https:\/\/inclusivenews.com.br\/?p=19073#breadcrumb"},"inLanguage":"pt-PT","potentialAction":[{"@type":"ReadAction","target":["https:\/\/inclusivenews.com.br\/?p=19073"]}]},{"@type":"ImageObject","inLanguage":"pt-PT","@id":"https:\/\/inclusivenews.com.br\/?p=19073#primaryimage","url":"http:\/\/3.bp.blogspot.com\/_w1a3otOpT6g\/S1sr1aVQNvI\/AAAAAAAAA3U\/42K-F3Ej9s8\/s400\/mercado-publico-pelotas.jpg","contentUrl":"http:\/\/3.bp.blogspot.com\/_w1a3otOpT6g\/S1sr1aVQNvI\/AAAAAAAAA3U\/42K-F3Ej9s8\/s400\/mercado-publico-pelotas.jpg"},{"@type":"BreadcrumbList","@id":"https:\/\/inclusivenews.com.br\/?p=19073#breadcrumb","itemListElement":[{"@type":"ListItem","position":1,"name":"In\u00edcio","item":"https:\/\/inclusivenews.com.br\/"},{"@type":"ListItem","position":2,"name":"Pelotas (RS) realiza F\u00f3rum sobre Educa\u00e7\u00e3o Inclusiva &#8211; 14\/04"}]},{"@type":"WebSite","@id":"https:\/\/inclusivenews.com.br\/#website","url":"https:\/\/inclusivenews.com.br\/","name":"Inclusive News","description":"Inclusive News","publisher":{"@id":"https:\/\/inclusivenews.com.br\/#organization"},"potentialAction":[{"@type":"SearchAction","target":{"@type":"EntryPoint","urlTemplate":"https:\/\/inclusivenews.com.br\/?s={search_term_string}"},"query-input":{"@type":"PropertyValueSpecification","valueRequired":true,"valueName":"search_term_string"}}],"inLanguage":"pt-PT"},{"@type":"Organization","@id":"https:\/\/inclusivenews.com.br\/#organization","name":"Inclusive - inclus\u00e3o e cidadania","url":"https:\/\/inclusivenews.com.br\/","logo":{"@type":"ImageObject","inLanguage":"pt-PT","@id":"https:\/\/inclusivenews.com.br\/#\/schema\/logo\/image\/","url":"https:\/\/inclusivenews.com.br\/wp-content\/uploads\/2024\/03\/@grandesite.png","contentUrl":"https:\/\/inclusivenews.com.br\/wp-content\/uploads\/2024\/03\/@grandesite.png","width":1080,"height":1080,"caption":"Inclusive - inclus\u00e3o e cidadania"},"image":{"@id":"https:\/\/inclusivenews.com.br\/#\/schema\/logo\/image\/"},"sameAs":["https:\/\/www.facebook.com\/agenciainclusive\/","https:\/\/www.instagram.com\/newsinclusive\/"]},{"@type":"Person","@id":"https:\/\/inclusivenews.com.br\/#\/schema\/person\/ae4ec7087559b8692fb33b6fffd2273b","name":"inclusivenews2024","image":{"@type":"ImageObject","inLanguage":"pt-PT","@id":"https:\/\/secure.gravatar.com\/avatar\/c5a7ef84c66fa914f55bc4f7ce26cfa275a3b9a1c5568b907bd184fb4dde7b40?s=96&d=mm&r=g","url":"https:\/\/secure.gravatar.com\/avatar\/c5a7ef84c66fa914f55bc4f7ce26cfa275a3b9a1c5568b907bd184fb4dde7b40?s=96&d=mm&r=g","contentUrl":"https:\/\/secure.gravatar.com\/avatar\/c5a7ef84c66fa914f55bc4f7ce26cfa275a3b9a1c5568b907bd184fb4dde7b40?s=96&d=mm&r=g","caption":"inclusivenews2024"},"sameAs":["https:\/\/inclusivenews.com.br"],"url":"https:\/\/inclusivenews.com.br\/?author=1"}]}},"_links":{"self":[{"href":"https:\/\/inclusivenews.com.br\/index.php?rest_route=\/wp\/v2\/posts\/19073","targetHints":{"allow":["GET"]}}],"collection":[{"href":"https:\/\/inclusivenews.com.br\/index.php?rest_route=\/wp\/v2\/posts"}],"about":[{"href":"https:\/\/inclusivenews.com.br\/index.php?rest_route=\/wp\/v2\/types\/post"}],"author":[{"embeddable":true,"href":"https:\/\/inclusivenews.com.br\/index.php?rest_route=\/wp\/v2\/users\/1"}],"replies":[{"embeddable":true,"href":"https:\/\/inclusivenews.com.br\/index.php?rest_route=%2Fwp%2Fv2%2Fcomments&post=19073"}],"version-history":[{"count":0,"href":"https:\/\/inclusivenews.com.br\/index.php?rest_route=\/wp\/v2\/posts\/19073\/revisions"}],"wp:attachment":[{"href":"https:\/\/inclusivenews.com.br\/index.php?rest_route=%2Fwp%2Fv2%2Fmedia&parent=19073"}],"wp:term":[{"taxonomy":"category","embeddable":true,"href":"https:\/\/inclusivenews.com.br\/index.php?rest_route=%2Fwp%2Fv2%2Fcategories&post=19073"},{"taxonomy":"post_tag","embeddable":true,"href":"https:\/\/inclusivenews.com.br\/index.php?rest_route=%2Fwp%2Fv2%2Ftags&post=19073"}],"curies":[{"name":"wp","href":"https:\/\/api.w.org\/{rel}","templated":true}]}}