{"id":19075,"date":"2011-04-13T16:31:46","date_gmt":"2011-04-13T19:31:46","guid":{"rendered":"http:\/\/www.inclusive.org.br\/?p=19075"},"modified":"2011-04-13T16:31:46","modified_gmt":"2011-04-13T19:31:46","slug":"haddad-esclarece-questao-sobre-oferta-de-vagas-a-alunos-do-ibc-e-do-ines","status":"publish","type":"post","link":"https:\/\/inclusivenews.com.br\/?p=19075","title":{"rendered":"Haddad esclarece quest\u00e3o sobre oferta de vagas a alunos do IBC e do Ines"},"content":{"rendered":"<figure style=\"width: 200px\" class=\"wp-caption alignleft\"><img loading=\"lazy\" decoding=\"async\" title=\"Na foto, o ministro Fernando Haddad\" src=\"http:\/\/elbagalindo.com\/wp-content\/uploads\/2011\/01\/haddad1.jpg\" alt=\"Na foto, o ministro Fernando Haddad\" width=\"200\" height=\"300\" \/><figcaption class=\"wp-caption-text\"> <\/figcaption><\/figure>\n<p>Amplia\u00e7\u00e3o da oferta de inclus\u00e3o dos alunos do Instituto Benjamin Constant (IBC) e do Instituto Nacional de Surdos (Ines) no Col\u00e9gio Pedro II. Este foi o resultado do encontro desta ter\u00e7a-feira, 5, do ministro da Educa\u00e7\u00e3o, Fernando Haddad, com as diretoras do Ines, Solange Rocha, do IBC, Maria Odete Santos Duarte, e do Col\u00e9gio Pedro II, Vera Maria Rodrigues, e que esclarece rumores recentes de que os institutos corriam o risco de fechamento.<\/p>\n<p>Haddad esclareceu que pretende oferecer aos estudantes dessas escolas vagas em turmas da educa\u00e7\u00e3o b\u00e1sica do Pedro II. As vagas ser\u00e3o abertas no contraturno. Segundo o ministro, a pol\u00edtica de inclus\u00e3o do governo federal, em vigor desde 2008, \u00e9 de ampliar as oportunidades educacionais das pessoas com defici\u00eancia. \u201cTodo estudante com defici\u00eancia tem direito \u00e0 dupla matr\u00edcula, mas a escolha \u00e9 dele e de sua fam\u00edlia\u201d, disse.<\/p>\n<p>As entidades v\u00e3o apresentar ao MEC um plano de trabalho neste ano para in\u00edcio de execu\u00e7\u00e3o em 2012. De acordo com o ministro, o Col\u00e9gio Pedro II pode, por exemplo, receber estudantes egressos do ensino fundamental do Ines e do IBC para cursarem o ensino m\u00e9dio.<\/p>\n<p>Ao mesmo tempo, os dois institutos podem oferecer graduandos de cursos de licenciatura para trabalhar com a l\u00edngua brasileira de sinais (libras) e com braile no Pedro II. Esses graduandos, segundo Haddad, receber\u00e3o do MEC bolsas de inicia\u00e7\u00e3o cient\u00edfica para desenvolver essas atividades.<\/p>\n<p>Entidades federais de excel\u00eancia na avalia\u00e7\u00e3o de Haddad, as tr\u00eas escolas v\u00e3o interagir em parceria para ampliar a oferta de educa\u00e7\u00e3o inclusiva. O Col\u00e9gio Pedro II tem hoje cerca de 13 mil alunos, o IBC, 300, e o Ines, 480. Na reuni\u00e3o desta ter\u00e7a-feira foi celebrado um acordo para induzir a dupla matr\u00edcula.<\/p>\n<p>Segundo a diretora do Col\u00e9gio Pedro II, Vera Maria Rodrigues, a escola j\u00e1 tem matr\u00edcula de alunos com defici\u00eancia, oferece educa\u00e7\u00e3o profissional e em 2012 vai abrir turmas de educa\u00e7\u00e3o infantil. Agora vai atender o desafio proposto pelo Minist\u00e9rio da Educa\u00e7\u00e3o de ampliar a oferta de vagas para alunos do Ines e do IBC.<\/p>\n<p>Para Maria Odete Duarte, diretora do IBC, a parceria possibilitar\u00e1 \u00e0 escola apresentar aos pais dos alunos a op\u00e7\u00e3o de matr\u00edcula no Col\u00e9gio Pedro II, que \u00e9 uma institui\u00e7\u00e3o de reconhecido valor.<\/p>\n<p>Desde a cria\u00e7\u00e3o do Fundo de Desenvolvimento da Educa\u00e7\u00e3o B\u00e1sica (Fundeb), em 2007, as escolas com matr\u00edculas de estudantes com defici\u00eancia registradas no censo escolar recebem o dobro do valor por aluno ao ano. Essa decis\u00e3o, pactuada com o Conselho Nacional de Secret\u00e1rios de Educa\u00e7\u00e3o (Consed) e com a Uni\u00e3o Nacional dos Dirigentes Municipais de Educa\u00e7\u00e3o (Unidime), permite que o aluno estude em classe regular e em classe especial ao mesmo tempo.<\/p>\n<p><strong>Evolu\u00e7\u00e3o \u2013<\/strong> A pol\u00edtica de inclus\u00e3o promovida pelo MEC apresenta resultados em diversos campos. A evolu\u00e7\u00e3o dos investimentos na educa\u00e7\u00e3o especial entre 2003 e 2010 foi de R$ 43 milh\u00f5es para R$ 317 milh\u00f5es. A forma\u00e7\u00e3o de professores que atuam na educa\u00e7\u00e3o especial passou de 33.691 educadores, em 2000, para 68.117, em 2010, um aumento de 102,3%. As matr\u00edculas em classes regulares de escolas p\u00fablicas tamb\u00e9m cresceram, segundo o censo escolar. Em 2000, eram 81.695 estudantes; em 2010, 484.332, o que representa um crescimento de 493%.<\/p>\n<p>Outros n\u00fameros mostram como o MEC investiu para equipar as escolas p\u00fablicas com recursos multifuncionais. De 2005 a 2010, o minist\u00e9rio implementou, em parceria com estados e munic\u00edpios, 24.301 salas de recursos multifuncionais, em 83% dos munic\u00edpios e em 42% das escolas p\u00fablicas. <em><em> <\/em><\/em><\/p>\n<p><a href=\"http:\/\/portal.mec.gov.br\/index.php?option=com_docman&amp;task=doc_download&amp;gid=7779&amp;Itemid=\" target=\"_blank\" rel=\"noopener\">Confira<\/a><!-- google_ad_section_end --> a nota conjunta assinada pelo MEC, IBC, Ines e Col\u00e9gio Pedro II.<\/p>\n<p>______________________________<\/p>\n<p><strong>Fonte: <\/strong><a href=\"http:\/\/portal.mec.gov.br\/index.php?option=com_content&amp;view=article&amp;id=16496:haddad-esclarece-questao-sobre-oferta-de-vagas-a-alunos-do-ibc-e-do-ines&amp;catid=205&amp;Itemid=86\">MEC &#8211; Assessoria de Imprensa<\/a><\/p>\n","protected":false},"excerpt":{"rendered":"<p>Segundo o ministro, a pol\u00edtica de inclus\u00e3o do governo federal, em vigor desde 2008, \u00e9 de ampliar as oportunidades educacionais das pessoas com defici\u00eancia. \u201cTodo estudante com defici\u00eancia tem direito \u00e0 dupla matr\u00edcula, mas a escolha \u00e9 dele e de sua fam\u00edlia\u201d, disse. Informa\u00e7\u00e3o est\u00e1 no website do MEC.<\/p>\n","protected":false},"author":1,"featured_media":0,"comment_status":"open","ping_status":"open","sticky":false,"template":"","format":"standard","meta":{"site-container-style":"default","site-container-layout":"default","site-sidebar-layout":"default","disable-article-header":"default","disable-site-header":"default","disable-site-footer":"default","disable-content-area-spacing":"default","footnotes":""},"categories":[6,48,4],"tags":[],"class_list":["post-19075","post","type-post","status-publish","format-standard","hentry","category-educacao","category-inclusao","category-noticias"],"yoast_head":"<!-- This site is optimized with the Yoast SEO plugin v27.4 - https:\/\/yoast.com\/product\/yoast-seo-wordpress\/ -->\n<title>Haddad esclarece quest\u00e3o sobre oferta de vagas a alunos do IBC e do Ines -<\/title>\n<meta name=\"robots\" content=\"index, follow, max-snippet:-1, max-image-preview:large, max-video-preview:-1\" \/>\n<link rel=\"canonical\" href=\"https:\/\/inclusivenews.com.br\/?p=19075\" \/>\n<meta property=\"og:locale\" content=\"pt_PT\" \/>\n<meta property=\"og:type\" content=\"article\" \/>\n<meta property=\"og:title\" content=\"Haddad esclarece quest\u00e3o sobre oferta de vagas a alunos do IBC e do Ines -\" \/>\n<meta property=\"og:description\" content=\"Segundo o ministro, a pol\u00edtica de inclus\u00e3o do governo federal, em vigor desde 2008, \u00e9 de ampliar as oportunidades educacionais das pessoas com defici\u00eancia. \u201cTodo estudante com defici\u00eancia tem direito \u00e0 dupla matr\u00edcula, mas a escolha \u00e9 dele e de sua fam\u00edlia\u201d, disse. Informa\u00e7\u00e3o est\u00e1 no website do MEC.\" \/>\n<meta property=\"og:url\" content=\"https:\/\/inclusivenews.com.br\/?p=19075\" \/>\n<meta property=\"article:publisher\" content=\"https:\/\/www.facebook.com\/agenciainclusive\/\" \/>\n<meta property=\"article:published_time\" content=\"2011-04-13T19:31:46+00:00\" \/>\n<meta property=\"og:image\" content=\"http:\/\/elbagalindo.com\/wp-content\/uploads\/2011\/01\/haddad1.jpg\" \/>\n<meta name=\"author\" content=\"inclusivenews2024\" \/>\n<meta name=\"twitter:card\" content=\"summary_large_image\" \/>\n<meta name=\"twitter:label1\" content=\"Escrito por\" \/>\n\t<meta name=\"twitter:data1\" content=\"inclusivenews2024\" \/>\n\t<meta name=\"twitter:label2\" content=\"Tempo estimado de leitura\" \/>\n\t<meta name=\"twitter:data2\" content=\"3 minutos\" \/>\n<script type=\"application\/ld+json\" class=\"yoast-schema-graph\">{\"@context\":\"https:\\\/\\\/schema.org\",\"@graph\":[{\"@type\":\"Article\",\"@id\":\"https:\\\/\\\/inclusivenews.com.br\\\/?p=19075#article\",\"isPartOf\":{\"@id\":\"https:\\\/\\\/inclusivenews.com.br\\\/?p=19075\"},\"author\":{\"name\":\"inclusivenews2024\",\"@id\":\"https:\\\/\\\/inclusivenews.com.br\\\/#\\\/schema\\\/person\\\/ae4ec7087559b8692fb33b6fffd2273b\"},\"headline\":\"Haddad esclarece quest\u00e3o sobre oferta de vagas a alunos do IBC e do Ines\",\"datePublished\":\"2011-04-13T19:31:46+00:00\",\"mainEntityOfPage\":{\"@id\":\"https:\\\/\\\/inclusivenews.com.br\\\/?p=19075\"},\"wordCount\":650,\"commentCount\":0,\"publisher\":{\"@id\":\"https:\\\/\\\/inclusivenews.com.br\\\/#organization\"},\"image\":{\"@id\":\"https:\\\/\\\/inclusivenews.com.br\\\/?p=19075#primaryimage\"},\"thumbnailUrl\":\"http:\\\/\\\/elbagalindo.com\\\/wp-content\\\/uploads\\\/2011\\\/01\\\/haddad1.jpg\",\"articleSection\":[\"EDUCA\u00c7\u00c3O\",\"INCLUS\u00c3O SOCIAL\",\"NOT\u00cdCIAS\"],\"inLanguage\":\"pt-PT\",\"potentialAction\":[{\"@type\":\"CommentAction\",\"name\":\"Comment\",\"target\":[\"https:\\\/\\\/inclusivenews.com.br\\\/?p=19075#respond\"]}]},{\"@type\":\"WebPage\",\"@id\":\"https:\\\/\\\/inclusivenews.com.br\\\/?p=19075\",\"url\":\"https:\\\/\\\/inclusivenews.com.br\\\/?p=19075\",\"name\":\"Haddad esclarece quest\u00e3o sobre oferta de vagas a alunos do IBC e do Ines -\",\"isPartOf\":{\"@id\":\"https:\\\/\\\/inclusivenews.com.br\\\/#website\"},\"primaryImageOfPage\":{\"@id\":\"https:\\\/\\\/inclusivenews.com.br\\\/?p=19075#primaryimage\"},\"image\":{\"@id\":\"https:\\\/\\\/inclusivenews.com.br\\\/?p=19075#primaryimage\"},\"thumbnailUrl\":\"http:\\\/\\\/elbagalindo.com\\\/wp-content\\\/uploads\\\/2011\\\/01\\\/haddad1.jpg\",\"datePublished\":\"2011-04-13T19:31:46+00:00\",\"breadcrumb\":{\"@id\":\"https:\\\/\\\/inclusivenews.com.br\\\/?p=19075#breadcrumb\"},\"inLanguage\":\"pt-PT\",\"potentialAction\":[{\"@type\":\"ReadAction\",\"target\":[\"https:\\\/\\\/inclusivenews.com.br\\\/?p=19075\"]}]},{\"@type\":\"ImageObject\",\"inLanguage\":\"pt-PT\",\"@id\":\"https:\\\/\\\/inclusivenews.com.br\\\/?p=19075#primaryimage\",\"url\":\"http:\\\/\\\/elbagalindo.com\\\/wp-content\\\/uploads\\\/2011\\\/01\\\/haddad1.jpg\",\"contentUrl\":\"http:\\\/\\\/elbagalindo.com\\\/wp-content\\\/uploads\\\/2011\\\/01\\\/haddad1.jpg\"},{\"@type\":\"BreadcrumbList\",\"@id\":\"https:\\\/\\\/inclusivenews.com.br\\\/?p=19075#breadcrumb\",\"itemListElement\":[{\"@type\":\"ListItem\",\"position\":1,\"name\":\"In\u00edcio\",\"item\":\"https:\\\/\\\/inclusivenews.com.br\\\/\"},{\"@type\":\"ListItem\",\"position\":2,\"name\":\"Haddad esclarece quest\u00e3o sobre oferta de vagas a alunos do IBC e do Ines\"}]},{\"@type\":\"WebSite\",\"@id\":\"https:\\\/\\\/inclusivenews.com.br\\\/#website\",\"url\":\"https:\\\/\\\/inclusivenews.com.br\\\/\",\"name\":\"Inclusive News\",\"description\":\"Inclusive News\",\"publisher\":{\"@id\":\"https:\\\/\\\/inclusivenews.com.br\\\/#organization\"},\"potentialAction\":[{\"@type\":\"SearchAction\",\"target\":{\"@type\":\"EntryPoint\",\"urlTemplate\":\"https:\\\/\\\/inclusivenews.com.br\\\/?s={search_term_string}\"},\"query-input\":{\"@type\":\"PropertyValueSpecification\",\"valueRequired\":true,\"valueName\":\"search_term_string\"}}],\"inLanguage\":\"pt-PT\"},{\"@type\":\"Organization\",\"@id\":\"https:\\\/\\\/inclusivenews.com.br\\\/#organization\",\"name\":\"Inclusive - inclus\u00e3o e cidadania\",\"url\":\"https:\\\/\\\/inclusivenews.com.br\\\/\",\"logo\":{\"@type\":\"ImageObject\",\"inLanguage\":\"pt-PT\",\"@id\":\"https:\\\/\\\/inclusivenews.com.br\\\/#\\\/schema\\\/logo\\\/image\\\/\",\"url\":\"https:\\\/\\\/inclusivenews.com.br\\\/wp-content\\\/uploads\\\/2024\\\/03\\\/@grandesite.png\",\"contentUrl\":\"https:\\\/\\\/inclusivenews.com.br\\\/wp-content\\\/uploads\\\/2024\\\/03\\\/@grandesite.png\",\"width\":1080,\"height\":1080,\"caption\":\"Inclusive - inclus\u00e3o e cidadania\"},\"image\":{\"@id\":\"https:\\\/\\\/inclusivenews.com.br\\\/#\\\/schema\\\/logo\\\/image\\\/\"},\"sameAs\":[\"https:\\\/\\\/www.facebook.com\\\/agenciainclusive\\\/\",\"https:\\\/\\\/www.instagram.com\\\/newsinclusive\\\/\"]},{\"@type\":\"Person\",\"@id\":\"https:\\\/\\\/inclusivenews.com.br\\\/#\\\/schema\\\/person\\\/ae4ec7087559b8692fb33b6fffd2273b\",\"name\":\"inclusivenews2024\",\"image\":{\"@type\":\"ImageObject\",\"inLanguage\":\"pt-PT\",\"@id\":\"https:\\\/\\\/secure.gravatar.com\\\/avatar\\\/c5a7ef84c66fa914f55bc4f7ce26cfa275a3b9a1c5568b907bd184fb4dde7b40?s=96&d=mm&r=g\",\"url\":\"https:\\\/\\\/secure.gravatar.com\\\/avatar\\\/c5a7ef84c66fa914f55bc4f7ce26cfa275a3b9a1c5568b907bd184fb4dde7b40?s=96&d=mm&r=g\",\"contentUrl\":\"https:\\\/\\\/secure.gravatar.com\\\/avatar\\\/c5a7ef84c66fa914f55bc4f7ce26cfa275a3b9a1c5568b907bd184fb4dde7b40?s=96&d=mm&r=g\",\"caption\":\"inclusivenews2024\"},\"sameAs\":[\"https:\\\/\\\/inclusivenews.com.br\"],\"url\":\"https:\\\/\\\/inclusivenews.com.br\\\/?author=1\"}]}<\/script>\n<!-- \/ Yoast SEO plugin. -->","yoast_head_json":{"title":"Haddad esclarece quest\u00e3o sobre oferta de vagas a alunos do IBC e do Ines -","robots":{"index":"index","follow":"follow","max-snippet":"max-snippet:-1","max-image-preview":"max-image-preview:large","max-video-preview":"max-video-preview:-1"},"canonical":"https:\/\/inclusivenews.com.br\/?p=19075","og_locale":"pt_PT","og_type":"article","og_title":"Haddad esclarece quest\u00e3o sobre oferta de vagas a alunos do IBC e do Ines -","og_description":"Segundo o ministro, a pol\u00edtica de inclus\u00e3o do governo federal, em vigor desde 2008, \u00e9 de ampliar as oportunidades educacionais das pessoas com defici\u00eancia. \u201cTodo estudante com defici\u00eancia tem direito \u00e0 dupla matr\u00edcula, mas a escolha \u00e9 dele e de sua fam\u00edlia\u201d, disse. Informa\u00e7\u00e3o est\u00e1 no website do MEC.","og_url":"https:\/\/inclusivenews.com.br\/?p=19075","article_publisher":"https:\/\/www.facebook.com\/agenciainclusive\/","article_published_time":"2011-04-13T19:31:46+00:00","og_image":[{"url":"http:\/\/elbagalindo.com\/wp-content\/uploads\/2011\/01\/haddad1.jpg","type":"","width":"","height":""}],"author":"inclusivenews2024","twitter_card":"summary_large_image","twitter_misc":{"Escrito por":"inclusivenews2024","Tempo estimado de leitura":"3 minutos"},"schema":{"@context":"https:\/\/schema.org","@graph":[{"@type":"Article","@id":"https:\/\/inclusivenews.com.br\/?p=19075#article","isPartOf":{"@id":"https:\/\/inclusivenews.com.br\/?p=19075"},"author":{"name":"inclusivenews2024","@id":"https:\/\/inclusivenews.com.br\/#\/schema\/person\/ae4ec7087559b8692fb33b6fffd2273b"},"headline":"Haddad esclarece quest\u00e3o sobre oferta de vagas a alunos do IBC e do Ines","datePublished":"2011-04-13T19:31:46+00:00","mainEntityOfPage":{"@id":"https:\/\/inclusivenews.com.br\/?p=19075"},"wordCount":650,"commentCount":0,"publisher":{"@id":"https:\/\/inclusivenews.com.br\/#organization"},"image":{"@id":"https:\/\/inclusivenews.com.br\/?p=19075#primaryimage"},"thumbnailUrl":"http:\/\/elbagalindo.com\/wp-content\/uploads\/2011\/01\/haddad1.jpg","articleSection":["EDUCA\u00c7\u00c3O","INCLUS\u00c3O SOCIAL","NOT\u00cdCIAS"],"inLanguage":"pt-PT","potentialAction":[{"@type":"CommentAction","name":"Comment","target":["https:\/\/inclusivenews.com.br\/?p=19075#respond"]}]},{"@type":"WebPage","@id":"https:\/\/inclusivenews.com.br\/?p=19075","url":"https:\/\/inclusivenews.com.br\/?p=19075","name":"Haddad esclarece quest\u00e3o sobre oferta de vagas a alunos do IBC e do Ines -","isPartOf":{"@id":"https:\/\/inclusivenews.com.br\/#website"},"primaryImageOfPage":{"@id":"https:\/\/inclusivenews.com.br\/?p=19075#primaryimage"},"image":{"@id":"https:\/\/inclusivenews.com.br\/?p=19075#primaryimage"},"thumbnailUrl":"http:\/\/elbagalindo.com\/wp-content\/uploads\/2011\/01\/haddad1.jpg","datePublished":"2011-04-13T19:31:46+00:00","breadcrumb":{"@id":"https:\/\/inclusivenews.com.br\/?p=19075#breadcrumb"},"inLanguage":"pt-PT","potentialAction":[{"@type":"ReadAction","target":["https:\/\/inclusivenews.com.br\/?p=19075"]}]},{"@type":"ImageObject","inLanguage":"pt-PT","@id":"https:\/\/inclusivenews.com.br\/?p=19075#primaryimage","url":"http:\/\/elbagalindo.com\/wp-content\/uploads\/2011\/01\/haddad1.jpg","contentUrl":"http:\/\/elbagalindo.com\/wp-content\/uploads\/2011\/01\/haddad1.jpg"},{"@type":"BreadcrumbList","@id":"https:\/\/inclusivenews.com.br\/?p=19075#breadcrumb","itemListElement":[{"@type":"ListItem","position":1,"name":"In\u00edcio","item":"https:\/\/inclusivenews.com.br\/"},{"@type":"ListItem","position":2,"name":"Haddad esclarece quest\u00e3o sobre oferta de vagas a alunos do IBC e do Ines"}]},{"@type":"WebSite","@id":"https:\/\/inclusivenews.com.br\/#website","url":"https:\/\/inclusivenews.com.br\/","name":"Inclusive News","description":"Inclusive News","publisher":{"@id":"https:\/\/inclusivenews.com.br\/#organization"},"potentialAction":[{"@type":"SearchAction","target":{"@type":"EntryPoint","urlTemplate":"https:\/\/inclusivenews.com.br\/?s={search_term_string}"},"query-input":{"@type":"PropertyValueSpecification","valueRequired":true,"valueName":"search_term_string"}}],"inLanguage":"pt-PT"},{"@type":"Organization","@id":"https:\/\/inclusivenews.com.br\/#organization","name":"Inclusive - inclus\u00e3o e cidadania","url":"https:\/\/inclusivenews.com.br\/","logo":{"@type":"ImageObject","inLanguage":"pt-PT","@id":"https:\/\/inclusivenews.com.br\/#\/schema\/logo\/image\/","url":"https:\/\/inclusivenews.com.br\/wp-content\/uploads\/2024\/03\/@grandesite.png","contentUrl":"https:\/\/inclusivenews.com.br\/wp-content\/uploads\/2024\/03\/@grandesite.png","width":1080,"height":1080,"caption":"Inclusive - inclus\u00e3o e cidadania"},"image":{"@id":"https:\/\/inclusivenews.com.br\/#\/schema\/logo\/image\/"},"sameAs":["https:\/\/www.facebook.com\/agenciainclusive\/","https:\/\/www.instagram.com\/newsinclusive\/"]},{"@type":"Person","@id":"https:\/\/inclusivenews.com.br\/#\/schema\/person\/ae4ec7087559b8692fb33b6fffd2273b","name":"inclusivenews2024","image":{"@type":"ImageObject","inLanguage":"pt-PT","@id":"https:\/\/secure.gravatar.com\/avatar\/c5a7ef84c66fa914f55bc4f7ce26cfa275a3b9a1c5568b907bd184fb4dde7b40?s=96&d=mm&r=g","url":"https:\/\/secure.gravatar.com\/avatar\/c5a7ef84c66fa914f55bc4f7ce26cfa275a3b9a1c5568b907bd184fb4dde7b40?s=96&d=mm&r=g","contentUrl":"https:\/\/secure.gravatar.com\/avatar\/c5a7ef84c66fa914f55bc4f7ce26cfa275a3b9a1c5568b907bd184fb4dde7b40?s=96&d=mm&r=g","caption":"inclusivenews2024"},"sameAs":["https:\/\/inclusivenews.com.br"],"url":"https:\/\/inclusivenews.com.br\/?author=1"}]}},"_links":{"self":[{"href":"https:\/\/inclusivenews.com.br\/index.php?rest_route=\/wp\/v2\/posts\/19075","targetHints":{"allow":["GET"]}}],"collection":[{"href":"https:\/\/inclusivenews.com.br\/index.php?rest_route=\/wp\/v2\/posts"}],"about":[{"href":"https:\/\/inclusivenews.com.br\/index.php?rest_route=\/wp\/v2\/types\/post"}],"author":[{"embeddable":true,"href":"https:\/\/inclusivenews.com.br\/index.php?rest_route=\/wp\/v2\/users\/1"}],"replies":[{"embeddable":true,"href":"https:\/\/inclusivenews.com.br\/index.php?rest_route=%2Fwp%2Fv2%2Fcomments&post=19075"}],"version-history":[{"count":0,"href":"https:\/\/inclusivenews.com.br\/index.php?rest_route=\/wp\/v2\/posts\/19075\/revisions"}],"wp:attachment":[{"href":"https:\/\/inclusivenews.com.br\/index.php?rest_route=%2Fwp%2Fv2%2Fmedia&parent=19075"}],"wp:term":[{"taxonomy":"category","embeddable":true,"href":"https:\/\/inclusivenews.com.br\/index.php?rest_route=%2Fwp%2Fv2%2Fcategories&post=19075"},{"taxonomy":"post_tag","embeddable":true,"href":"https:\/\/inclusivenews.com.br\/index.php?rest_route=%2Fwp%2Fv2%2Ftags&post=19075"}],"curies":[{"name":"wp","href":"https:\/\/api.w.org\/{rel}","templated":true}]}}