{"id":19109,"date":"2011-04-21T09:27:08","date_gmt":"2011-04-21T12:27:08","guid":{"rendered":"http:\/\/www.inclusive.org.br\/?p=19109"},"modified":"2011-04-21T09:27:08","modified_gmt":"2011-04-21T12:27:08","slug":"nos-crimes-de-racismo-justica-da-vitoria-a-reus-diz-estudo","status":"publish","type":"post","link":"https:\/\/inclusivenews.com.br\/?p=19109","title":{"rendered":"Nos crimes de racismo Justi\u00e7a d\u00e1 vit\u00f3ria \u00e0 reus, diz estudo"},"content":{"rendered":"<figure id=\"attachment_12591\" aria-describedby=\"caption-attachment-12591\" style=\"width: 171px\" class=\"wp-caption alignleft\"><a href=\"http:\/\/www.inclusivenews.com.br\/wp-content\/uploads\/2009\/11\/afropress21.jpg\"><img loading=\"lazy\" decoding=\"async\" class=\"size-full wp-image-12591\" title=\"Logotipo da Afropress - Ag\u00eancia de Informa\u00e7\u00e3o Multi\u00e9tnica\" src=\"http:\/\/inclusivenews.com.br\/wp-content\/uploads\/2009\/11\/afropress21.jpg\" alt=\"Logotipo da Afropress - Ag\u00eancia de Informa\u00e7\u00e3o Multi\u00e9tnica\" width=\"171\" height=\"171\" srcset=\"https:\/\/inclusivenews.com.br\/wp-content\/uploads\/2009\/11\/afropress21.jpg 190w, https:\/\/inclusivenews.com.br\/wp-content\/uploads\/2009\/11\/afropress21-150x150.jpg 150w\" sizes=\"auto, (max-width: 171px) 100vw, 171px\" \/><\/a><figcaption id=\"caption-attachment-12591\" class=\"wp-caption-text\"> <\/figcaption><\/figure>\n<p>Estudo in\u00e9dito do Laborat\u00f3rio de An\u00e1lises Econ\u00f4micas, Sociais e Estat\u00edsticas das Rela\u00e7\u00f5es Raciais (Laeser), da Universidade Federal do Rio de Janeiro, revela que a regra no Brasil \u00e9 a impunidade quando se trata dos crimes de racismo e inj\u00faria racial, que atingem \u00e0 popula\u00e7\u00e3o negra.<\/p>\n<p>Os agressores, quando chegam \u00e0 condi\u00e7\u00e3o de r\u00e9us em processos, n\u00e3o apenas n\u00e3o s\u00e3o punidos, como o que \u00e9 pior: s\u00e3o eles que ganham as a\u00e7\u00f5es, de acordo com o Relat\u00f3rio das Desigualdades Raciais, coordenado pelo economista Marcelo Paix\u00e3o, e que ser\u00e1 lan\u00e7ado esta semana.<\/p>\n<p>O Relat\u00f3rio analisou julgamentos em segunda inst\u00e2ncia nas a\u00e7\u00f5es por racismo e inj\u00faria racial nos Tribunais de Justi\u00e7a de todos os Estados da federa\u00e7\u00e3o e no Distrito Federal, entre 2007 e 2008.<\/p>\n<p>Os r\u00e9us d\u00e3o de goleada: ganharam as a\u00e7\u00f5es em 66,9% dos casos, contra apenas 29,7% dos casos em que os Tribunais deram vit\u00f3ria \u00e0s v\u00edtimas.<\/p>\n<p>Segundo o professor Marcelo Paix\u00e3o, a situa\u00e7\u00e3o para as v\u00edtimas vem se agravando desde 2006, quando o Laeser fez a mesma pesquisa: naquele ano, 52,4% dos casos foram ganhos pelos r\u00e9us e 39,3% pelas v\u00edtimas.<\/p>\n<p>O Estudo tamb\u00e9m revelou que, nos julgamentos de a\u00e7\u00f5es de 1\u00aa inst\u00e2ncia, mais da metade das a\u00e7\u00f5es 55,4% foi julgada improcedente. Traduzindo: tamb\u00e9m no chamado primeiro grau, onde a a\u00e7\u00e3o come\u00e7a, os ju\u00edzes, na maioria dos casos, deram raz\u00e3o aos r\u00e9us.<\/p>\n<p><strong>Justi\u00e7a do Trabalho<\/strong><\/p>\n<p>O quadro de desvantagem, de acordo com o professor Marcelo Paix\u00e3o, tamb\u00e9m acontece nos Tribunais Regionais do Trabalho: entre 2005 e 2008, em quase 60% das a\u00e7\u00f5es julgadas os r\u00e9us sa\u00edram vencedores.<\/p>\n<p>Segundo Paix\u00e3o, a vit\u00f3ria dos r\u00e9us na maioria dos casos, al\u00e9m de consagrar a impunidade e premiar os agressores, se insere na influ\u00eancia que o mito da democracia racial (a id\u00e9ia de que no Brasil a cultura discriminat\u00f3ria e racista, n\u00e3o acarreta preju\u00edzos \u00e0s v\u00edtimas) sobre os ju\u00edzes e operadores do Direito de um modo geral.<\/p>\n<p>\u201cPode-se pensar em duas hip\u00f3teses para explicar a maior vit\u00f3ria dos r\u00e9us. As dificuldades de obten\u00e7\u00e3o de provas nesse tipo de crime. Ou ver o racismo como crime \u00e9 dif\u00edcil, e aquela no\u00e7\u00e3o de que o pa\u00eds teria democracia racial, o que acaba influenciando o juiz\u201d, conclui Paix\u00e3o.<br \/>\n_____________<\/p>\n<p><strong>Fonte:<\/strong> <a href=\"http:\/\/www.afropress.com\/noticiasLer.asp?id=2614\">Afropress<\/a><\/p>\n","protected":false},"excerpt":{"rendered":"<p>Estudo in\u00e9dito do Laborat\u00f3rio de An\u00e1lises Econ\u00f4micas, Sociais e Estat\u00edsticas das Rela\u00e7\u00f5es Raciais (Laeser), da Universidade Federal do Rio de Janeiro, revela que a regra no Brasil \u00e9 a impunidade quando se trata dos crimes de racismo e inj\u00faria racial, que atingem \u00e0 popula\u00e7\u00e3o negra.<\/p>\n","protected":false},"author":1,"featured_media":0,"comment_status":"open","ping_status":"open","sticky":false,"template":"","format":"standard","meta":{"site-container-style":"default","site-container-layout":"default","site-sidebar-layout":"default","disable-article-header":"default","disable-site-header":"default","disable-site-footer":"default","disable-content-area-spacing":"default","footnotes":""},"categories":[4],"tags":[],"class_list":["post-19109","post","type-post","status-publish","format-standard","hentry","category-noticias"],"yoast_head":"<!-- This site is optimized with the Yoast SEO plugin v27.4 - https:\/\/yoast.com\/product\/yoast-seo-wordpress\/ -->\n<title>Nos crimes de racismo Justi\u00e7a d\u00e1 vit\u00f3ria \u00e0 reus, diz estudo -<\/title>\n<meta name=\"robots\" content=\"index, follow, max-snippet:-1, max-image-preview:large, max-video-preview:-1\" \/>\n<link rel=\"canonical\" href=\"https:\/\/inclusivenews.com.br\/?p=19109\" \/>\n<meta property=\"og:locale\" content=\"pt_PT\" \/>\n<meta property=\"og:type\" content=\"article\" \/>\n<meta property=\"og:title\" content=\"Nos crimes de racismo Justi\u00e7a d\u00e1 vit\u00f3ria \u00e0 reus, diz estudo -\" \/>\n<meta property=\"og:description\" content=\"Estudo in\u00e9dito do Laborat\u00f3rio de An\u00e1lises Econ\u00f4micas, Sociais e Estat\u00edsticas das Rela\u00e7\u00f5es Raciais (Laeser), da Universidade Federal do Rio de Janeiro, revela que a regra no Brasil \u00e9 a impunidade quando se trata dos crimes de racismo e inj\u00faria racial, que atingem \u00e0 popula\u00e7\u00e3o negra.\" \/>\n<meta property=\"og:url\" content=\"https:\/\/inclusivenews.com.br\/?p=19109\" \/>\n<meta property=\"article:publisher\" content=\"https:\/\/www.facebook.com\/agenciainclusive\/\" \/>\n<meta property=\"article:published_time\" content=\"2011-04-21T12:27:08+00:00\" \/>\n<meta property=\"og:image\" content=\"http:\/\/inclusivenews.com.br\/wp-content\/uploads\/2009\/11\/afropress21.jpg\" \/>\n<meta name=\"author\" content=\"inclusivenews2024\" \/>\n<meta name=\"twitter:card\" content=\"summary_large_image\" \/>\n<meta name=\"twitter:label1\" content=\"Escrito por\" \/>\n\t<meta name=\"twitter:data1\" content=\"inclusivenews2024\" \/>\n\t<meta name=\"twitter:label2\" content=\"Tempo estimado de leitura\" \/>\n\t<meta name=\"twitter:data2\" content=\"2 minutos\" \/>\n<script type=\"application\/ld+json\" class=\"yoast-schema-graph\">{\"@context\":\"https:\\\/\\\/schema.org\",\"@graph\":[{\"@type\":\"Article\",\"@id\":\"https:\\\/\\\/inclusivenews.com.br\\\/?p=19109#article\",\"isPartOf\":{\"@id\":\"https:\\\/\\\/inclusivenews.com.br\\\/?p=19109\"},\"author\":{\"name\":\"inclusivenews2024\",\"@id\":\"https:\\\/\\\/inclusivenews.com.br\\\/#\\\/schema\\\/person\\\/ae4ec7087559b8692fb33b6fffd2273b\"},\"headline\":\"Nos crimes de racismo Justi\u00e7a d\u00e1 vit\u00f3ria \u00e0 reus, diz estudo\",\"datePublished\":\"2011-04-21T12:27:08+00:00\",\"mainEntityOfPage\":{\"@id\":\"https:\\\/\\\/inclusivenews.com.br\\\/?p=19109\"},\"wordCount\":436,\"commentCount\":0,\"publisher\":{\"@id\":\"https:\\\/\\\/inclusivenews.com.br\\\/#organization\"},\"image\":{\"@id\":\"https:\\\/\\\/inclusivenews.com.br\\\/?p=19109#primaryimage\"},\"thumbnailUrl\":\"http:\\\/\\\/inclusivenews.com.br\\\/wp-content\\\/uploads\\\/2009\\\/11\\\/afropress21.jpg\",\"articleSection\":[\"NOT\u00cdCIAS\"],\"inLanguage\":\"pt-PT\",\"potentialAction\":[{\"@type\":\"CommentAction\",\"name\":\"Comment\",\"target\":[\"https:\\\/\\\/inclusivenews.com.br\\\/?p=19109#respond\"]}]},{\"@type\":\"WebPage\",\"@id\":\"https:\\\/\\\/inclusivenews.com.br\\\/?p=19109\",\"url\":\"https:\\\/\\\/inclusivenews.com.br\\\/?p=19109\",\"name\":\"Nos crimes de racismo Justi\u00e7a d\u00e1 vit\u00f3ria \u00e0 reus, diz estudo -\",\"isPartOf\":{\"@id\":\"https:\\\/\\\/inclusivenews.com.br\\\/#website\"},\"primaryImageOfPage\":{\"@id\":\"https:\\\/\\\/inclusivenews.com.br\\\/?p=19109#primaryimage\"},\"image\":{\"@id\":\"https:\\\/\\\/inclusivenews.com.br\\\/?p=19109#primaryimage\"},\"thumbnailUrl\":\"http:\\\/\\\/inclusivenews.com.br\\\/wp-content\\\/uploads\\\/2009\\\/11\\\/afropress21.jpg\",\"datePublished\":\"2011-04-21T12:27:08+00:00\",\"breadcrumb\":{\"@id\":\"https:\\\/\\\/inclusivenews.com.br\\\/?p=19109#breadcrumb\"},\"inLanguage\":\"pt-PT\",\"potentialAction\":[{\"@type\":\"ReadAction\",\"target\":[\"https:\\\/\\\/inclusivenews.com.br\\\/?p=19109\"]}]},{\"@type\":\"ImageObject\",\"inLanguage\":\"pt-PT\",\"@id\":\"https:\\\/\\\/inclusivenews.com.br\\\/?p=19109#primaryimage\",\"url\":\"https:\\\/\\\/inclusivenews.com.br\\\/wp-content\\\/uploads\\\/2009\\\/11\\\/afropress21.jpg\",\"contentUrl\":\"https:\\\/\\\/inclusivenews.com.br\\\/wp-content\\\/uploads\\\/2009\\\/11\\\/afropress21.jpg\",\"width\":190,\"height\":190,\"caption\":\"Logotipo da Afropress - Ag\u00eancia de Informa\u00e7\u00e3o Multi\u00e9tnica\"},{\"@type\":\"BreadcrumbList\",\"@id\":\"https:\\\/\\\/inclusivenews.com.br\\\/?p=19109#breadcrumb\",\"itemListElement\":[{\"@type\":\"ListItem\",\"position\":1,\"name\":\"In\u00edcio\",\"item\":\"https:\\\/\\\/inclusivenews.com.br\\\/\"},{\"@type\":\"ListItem\",\"position\":2,\"name\":\"Nos crimes de racismo Justi\u00e7a d\u00e1 vit\u00f3ria \u00e0 reus, diz estudo\"}]},{\"@type\":\"WebSite\",\"@id\":\"https:\\\/\\\/inclusivenews.com.br\\\/#website\",\"url\":\"https:\\\/\\\/inclusivenews.com.br\\\/\",\"name\":\"Inclusive News\",\"description\":\"Inclusive News\",\"publisher\":{\"@id\":\"https:\\\/\\\/inclusivenews.com.br\\\/#organization\"},\"potentialAction\":[{\"@type\":\"SearchAction\",\"target\":{\"@type\":\"EntryPoint\",\"urlTemplate\":\"https:\\\/\\\/inclusivenews.com.br\\\/?s={search_term_string}\"},\"query-input\":{\"@type\":\"PropertyValueSpecification\",\"valueRequired\":true,\"valueName\":\"search_term_string\"}}],\"inLanguage\":\"pt-PT\"},{\"@type\":\"Organization\",\"@id\":\"https:\\\/\\\/inclusivenews.com.br\\\/#organization\",\"name\":\"Inclusive - inclus\u00e3o e cidadania\",\"url\":\"https:\\\/\\\/inclusivenews.com.br\\\/\",\"logo\":{\"@type\":\"ImageObject\",\"inLanguage\":\"pt-PT\",\"@id\":\"https:\\\/\\\/inclusivenews.com.br\\\/#\\\/schema\\\/logo\\\/image\\\/\",\"url\":\"https:\\\/\\\/inclusivenews.com.br\\\/wp-content\\\/uploads\\\/2024\\\/03\\\/@grandesite.png\",\"contentUrl\":\"https:\\\/\\\/inclusivenews.com.br\\\/wp-content\\\/uploads\\\/2024\\\/03\\\/@grandesite.png\",\"width\":1080,\"height\":1080,\"caption\":\"Inclusive - inclus\u00e3o e cidadania\"},\"image\":{\"@id\":\"https:\\\/\\\/inclusivenews.com.br\\\/#\\\/schema\\\/logo\\\/image\\\/\"},\"sameAs\":[\"https:\\\/\\\/www.facebook.com\\\/agenciainclusive\\\/\",\"https:\\\/\\\/www.instagram.com\\\/newsinclusive\\\/\"]},{\"@type\":\"Person\",\"@id\":\"https:\\\/\\\/inclusivenews.com.br\\\/#\\\/schema\\\/person\\\/ae4ec7087559b8692fb33b6fffd2273b\",\"name\":\"inclusivenews2024\",\"image\":{\"@type\":\"ImageObject\",\"inLanguage\":\"pt-PT\",\"@id\":\"https:\\\/\\\/secure.gravatar.com\\\/avatar\\\/c5a7ef84c66fa914f55bc4f7ce26cfa275a3b9a1c5568b907bd184fb4dde7b40?s=96&d=mm&r=g\",\"url\":\"https:\\\/\\\/secure.gravatar.com\\\/avatar\\\/c5a7ef84c66fa914f55bc4f7ce26cfa275a3b9a1c5568b907bd184fb4dde7b40?s=96&d=mm&r=g\",\"contentUrl\":\"https:\\\/\\\/secure.gravatar.com\\\/avatar\\\/c5a7ef84c66fa914f55bc4f7ce26cfa275a3b9a1c5568b907bd184fb4dde7b40?s=96&d=mm&r=g\",\"caption\":\"inclusivenews2024\"},\"sameAs\":[\"https:\\\/\\\/inclusivenews.com.br\"],\"url\":\"https:\\\/\\\/inclusivenews.com.br\\\/?author=1\"}]}<\/script>\n<!-- \/ Yoast SEO plugin. -->","yoast_head_json":{"title":"Nos crimes de racismo Justi\u00e7a d\u00e1 vit\u00f3ria \u00e0 reus, diz estudo -","robots":{"index":"index","follow":"follow","max-snippet":"max-snippet:-1","max-image-preview":"max-image-preview:large","max-video-preview":"max-video-preview:-1"},"canonical":"https:\/\/inclusivenews.com.br\/?p=19109","og_locale":"pt_PT","og_type":"article","og_title":"Nos crimes de racismo Justi\u00e7a d\u00e1 vit\u00f3ria \u00e0 reus, diz estudo -","og_description":"Estudo in\u00e9dito do Laborat\u00f3rio de An\u00e1lises Econ\u00f4micas, Sociais e Estat\u00edsticas das Rela\u00e7\u00f5es Raciais (Laeser), da Universidade Federal do Rio de Janeiro, revela que a regra no Brasil \u00e9 a impunidade quando se trata dos crimes de racismo e inj\u00faria racial, que atingem \u00e0 popula\u00e7\u00e3o negra.","og_url":"https:\/\/inclusivenews.com.br\/?p=19109","article_publisher":"https:\/\/www.facebook.com\/agenciainclusive\/","article_published_time":"2011-04-21T12:27:08+00:00","og_image":[{"url":"http:\/\/inclusivenews.com.br\/wp-content\/uploads\/2009\/11\/afropress21.jpg","type":"","width":"","height":""}],"author":"inclusivenews2024","twitter_card":"summary_large_image","twitter_misc":{"Escrito por":"inclusivenews2024","Tempo estimado de leitura":"2 minutos"},"schema":{"@context":"https:\/\/schema.org","@graph":[{"@type":"Article","@id":"https:\/\/inclusivenews.com.br\/?p=19109#article","isPartOf":{"@id":"https:\/\/inclusivenews.com.br\/?p=19109"},"author":{"name":"inclusivenews2024","@id":"https:\/\/inclusivenews.com.br\/#\/schema\/person\/ae4ec7087559b8692fb33b6fffd2273b"},"headline":"Nos crimes de racismo Justi\u00e7a d\u00e1 vit\u00f3ria \u00e0 reus, diz estudo","datePublished":"2011-04-21T12:27:08+00:00","mainEntityOfPage":{"@id":"https:\/\/inclusivenews.com.br\/?p=19109"},"wordCount":436,"commentCount":0,"publisher":{"@id":"https:\/\/inclusivenews.com.br\/#organization"},"image":{"@id":"https:\/\/inclusivenews.com.br\/?p=19109#primaryimage"},"thumbnailUrl":"http:\/\/inclusivenews.com.br\/wp-content\/uploads\/2009\/11\/afropress21.jpg","articleSection":["NOT\u00cdCIAS"],"inLanguage":"pt-PT","potentialAction":[{"@type":"CommentAction","name":"Comment","target":["https:\/\/inclusivenews.com.br\/?p=19109#respond"]}]},{"@type":"WebPage","@id":"https:\/\/inclusivenews.com.br\/?p=19109","url":"https:\/\/inclusivenews.com.br\/?p=19109","name":"Nos crimes de racismo Justi\u00e7a d\u00e1 vit\u00f3ria \u00e0 reus, diz estudo -","isPartOf":{"@id":"https:\/\/inclusivenews.com.br\/#website"},"primaryImageOfPage":{"@id":"https:\/\/inclusivenews.com.br\/?p=19109#primaryimage"},"image":{"@id":"https:\/\/inclusivenews.com.br\/?p=19109#primaryimage"},"thumbnailUrl":"http:\/\/inclusivenews.com.br\/wp-content\/uploads\/2009\/11\/afropress21.jpg","datePublished":"2011-04-21T12:27:08+00:00","breadcrumb":{"@id":"https:\/\/inclusivenews.com.br\/?p=19109#breadcrumb"},"inLanguage":"pt-PT","potentialAction":[{"@type":"ReadAction","target":["https:\/\/inclusivenews.com.br\/?p=19109"]}]},{"@type":"ImageObject","inLanguage":"pt-PT","@id":"https:\/\/inclusivenews.com.br\/?p=19109#primaryimage","url":"https:\/\/inclusivenews.com.br\/wp-content\/uploads\/2009\/11\/afropress21.jpg","contentUrl":"https:\/\/inclusivenews.com.br\/wp-content\/uploads\/2009\/11\/afropress21.jpg","width":190,"height":190,"caption":"Logotipo da Afropress - Ag\u00eancia de Informa\u00e7\u00e3o Multi\u00e9tnica"},{"@type":"BreadcrumbList","@id":"https:\/\/inclusivenews.com.br\/?p=19109#breadcrumb","itemListElement":[{"@type":"ListItem","position":1,"name":"In\u00edcio","item":"https:\/\/inclusivenews.com.br\/"},{"@type":"ListItem","position":2,"name":"Nos crimes de racismo Justi\u00e7a d\u00e1 vit\u00f3ria \u00e0 reus, diz estudo"}]},{"@type":"WebSite","@id":"https:\/\/inclusivenews.com.br\/#website","url":"https:\/\/inclusivenews.com.br\/","name":"Inclusive News","description":"Inclusive News","publisher":{"@id":"https:\/\/inclusivenews.com.br\/#organization"},"potentialAction":[{"@type":"SearchAction","target":{"@type":"EntryPoint","urlTemplate":"https:\/\/inclusivenews.com.br\/?s={search_term_string}"},"query-input":{"@type":"PropertyValueSpecification","valueRequired":true,"valueName":"search_term_string"}}],"inLanguage":"pt-PT"},{"@type":"Organization","@id":"https:\/\/inclusivenews.com.br\/#organization","name":"Inclusive - inclus\u00e3o e cidadania","url":"https:\/\/inclusivenews.com.br\/","logo":{"@type":"ImageObject","inLanguage":"pt-PT","@id":"https:\/\/inclusivenews.com.br\/#\/schema\/logo\/image\/","url":"https:\/\/inclusivenews.com.br\/wp-content\/uploads\/2024\/03\/@grandesite.png","contentUrl":"https:\/\/inclusivenews.com.br\/wp-content\/uploads\/2024\/03\/@grandesite.png","width":1080,"height":1080,"caption":"Inclusive - inclus\u00e3o e cidadania"},"image":{"@id":"https:\/\/inclusivenews.com.br\/#\/schema\/logo\/image\/"},"sameAs":["https:\/\/www.facebook.com\/agenciainclusive\/","https:\/\/www.instagram.com\/newsinclusive\/"]},{"@type":"Person","@id":"https:\/\/inclusivenews.com.br\/#\/schema\/person\/ae4ec7087559b8692fb33b6fffd2273b","name":"inclusivenews2024","image":{"@type":"ImageObject","inLanguage":"pt-PT","@id":"https:\/\/secure.gravatar.com\/avatar\/c5a7ef84c66fa914f55bc4f7ce26cfa275a3b9a1c5568b907bd184fb4dde7b40?s=96&d=mm&r=g","url":"https:\/\/secure.gravatar.com\/avatar\/c5a7ef84c66fa914f55bc4f7ce26cfa275a3b9a1c5568b907bd184fb4dde7b40?s=96&d=mm&r=g","contentUrl":"https:\/\/secure.gravatar.com\/avatar\/c5a7ef84c66fa914f55bc4f7ce26cfa275a3b9a1c5568b907bd184fb4dde7b40?s=96&d=mm&r=g","caption":"inclusivenews2024"},"sameAs":["https:\/\/inclusivenews.com.br"],"url":"https:\/\/inclusivenews.com.br\/?author=1"}]}},"_links":{"self":[{"href":"https:\/\/inclusivenews.com.br\/index.php?rest_route=\/wp\/v2\/posts\/19109","targetHints":{"allow":["GET"]}}],"collection":[{"href":"https:\/\/inclusivenews.com.br\/index.php?rest_route=\/wp\/v2\/posts"}],"about":[{"href":"https:\/\/inclusivenews.com.br\/index.php?rest_route=\/wp\/v2\/types\/post"}],"author":[{"embeddable":true,"href":"https:\/\/inclusivenews.com.br\/index.php?rest_route=\/wp\/v2\/users\/1"}],"replies":[{"embeddable":true,"href":"https:\/\/inclusivenews.com.br\/index.php?rest_route=%2Fwp%2Fv2%2Fcomments&post=19109"}],"version-history":[{"count":0,"href":"https:\/\/inclusivenews.com.br\/index.php?rest_route=\/wp\/v2\/posts\/19109\/revisions"}],"wp:attachment":[{"href":"https:\/\/inclusivenews.com.br\/index.php?rest_route=%2Fwp%2Fv2%2Fmedia&parent=19109"}],"wp:term":[{"taxonomy":"category","embeddable":true,"href":"https:\/\/inclusivenews.com.br\/index.php?rest_route=%2Fwp%2Fv2%2Fcategories&post=19109"},{"taxonomy":"post_tag","embeddable":true,"href":"https:\/\/inclusivenews.com.br\/index.php?rest_route=%2Fwp%2Fv2%2Ftags&post=19109"}],"curies":[{"name":"wp","href":"https:\/\/api.w.org\/{rel}","templated":true}]}}