{"id":19111,"date":"2011-04-14T15:41:06","date_gmt":"2011-04-14T18:41:06","guid":{"rendered":"http:\/\/www.inclusive.org.br\/?p=19111"},"modified":"2011-04-14T15:41:06","modified_gmt":"2011-04-14T18:41:06","slug":"cansado-de-ver-cadeiras-vazias-fundou-uma-escola-debaixo-do-pe-de-manga","status":"publish","type":"post","link":"https:\/\/inclusivenews.com.br\/?p=19111","title":{"rendered":"Cansado de ver cadeiras vazias fundou uma escola debaixo do p\u00e9 de manga"},"content":{"rendered":"<figure style=\"width: 240px\" class=\"wp-caption alignleft\"><img loading=\"lazy\" decoding=\"async\" title=\"Na foto, Sebasti\u00e3o Rocha\" src=\"http:\/\/envolverde.com.br\/portal\/wp-content\/uploads\/2011\/03\/15.jpg\" alt=\"Na foto, Sebasti\u00e3o Rocha\" width=\"240\" height=\"280\" \/><figcaption class=\"wp-caption-text\"> <\/figcaption><\/figure>\n<p>Esse texto faz parte da cole\u00e7\u00e3o \u201cHist\u00f3rias que mudam o mundo\u201d, criada e mantida pelo Museu da Pessoa. Nela, encontram-se grandes e pequenas hist\u00f3rias de mudan\u00e7as que acontecem todos os dias ao nosso redor, transformando vidas e fazendo do mundo um lugar mais justo, mais bonito e mais feliz.<\/p>\n<p>Quando eu sa\u00ed da universidade, vi que precisava criar um espa\u00e7o de aprendizagem. H\u00e1 21 anos resolvi, com um grupo de amigos, criar o Centro Popular de Cultura e Desenvolvimento, o CPCD. N\u00f3s t\u00ednhamos um monte de perguntas, de d\u00favidas. A primeira pergunta que a gente se fez foi se era poss\u00edvel educar sem escola, porque a gente via muito menino na rua querendo aprender, e que ia pra escola e era expulso. Repetia um, dois anos e sa\u00eda fora. Havia muito projeto de constru\u00e7\u00e3o de escolas, e no fim, as salas ficavam vazias.<\/p>\n<p>Ent\u00e3o eu fui para a R\u00e1dio Clube de Curvelo (MG) e falei: \u201cVai ter uma reuni\u00e3o das pessoas interessadas pra discutir uma educa\u00e7\u00e3o sem escola, uma escola debaixo do p\u00e9 de manga\u201d. Sentamos numa roda e come\u00e7amos a falar disso. Depois de uma semana de conversa eu vi que a gente n\u00e3o falava de uma escola que a gente gostaria de ter, a gente falava de uma escola que a gente gostaria de n\u00e3o ter. E a\u00ed eu transformei aquelas informa\u00e7\u00f5es num neg\u00f3cio que eu chamei de N\u00e3o Objetivos Educacionais. O que n\u00f3s n\u00e3o queremos que aconte\u00e7a.<\/p>\n<p>Eu mandei pra uma funda\u00e7\u00e3o em S\u00e3o Paulo, a Funda\u00e7\u00e3o Kellog. O Marcos Kisil viu aquilo, me ligou e falou: \u201cOlha, eu recebi um projeto aqui meio estranho. N\u00e3o tem objetivos, ele tem n\u00e3o objetivos\u201d. Eu falei: \u201cMas \u00e9 isso mesmo, professor\u201d. Ele falou: \u201cMas com n\u00e3o objetivos voc\u00ea vai ter n\u00e3o financiamento\u201d. Eu falei: \u201cE o senhor vai ter n\u00e3o resultado e n\u00e3o vai dar certo\u201d. Ele falou: \u201cIsso \u00e9 uma ideia muito maluca. Vou criar um banco de ideias, vou deixar isso cozinhando aqui pra ver se um dia a gente conversa a respeito\u201d.<\/p>\n<p>Passado uns dois meses ele me chamou: \u201cSe voc\u00ea nos convencer de que isto \u00e9 interessante, n\u00f3s vamos entrar com voc\u00ea nessa empreitada\u201d. Eu consegui convenc\u00ea-los e montamos a primeira experi\u00eancia nossa, o Projeto Sementinha.<\/p>\n<p>O que a gente desenvolveu nesses anos todos foram quatro grandes pedagogias. Uma \u00e9 a pedagogia da roda, em que tudo o que a gente faz \u00e9 numa roda e com todo mundo se vendo. A roda produz consensos e n\u00e3o produz elei\u00e7\u00f5es. A outra \u00e9 a do brinquedo, em que \u00e9 poss\u00edvel aprender matem\u00e1tica, hist\u00f3ria, geografia, \u00e9tica, generosidade, solidariedade e sexualidade, jogando e brincando prazerosamente. Outra \u00e9 a pedagogia do abra\u00e7o, que constroi as rela\u00e7\u00f5es de autoestima e de solidariedade. E a \u00faltima \u00e9 a do sab\u00e3o, quer dizer, do aproveitamento dos recursos, do conhecimento ancestral para a constru\u00e7\u00e3o de coisas.<\/p>\n<p>Cada uma delas foi constru\u00edda e \u00e9 constru\u00edda diariamente com a meninada. E desde essa \u00e9poca eu comecei a defender uma ideia que vai na contram\u00e3o do discurso oficial, que falava que lugar de menino \u00e9 na escola. \u00c9 na escola s\u00f3 se for aprendendo, porque se n\u00e3o for aprendendo \u00e9 chato demais. Lugar de menino \u00e9 na rua, na pra\u00e7a, no coreto, no shopping. N\u00e3o temos que tirar os meninos da rua, temos que transformar a rua num espa\u00e7o de solidariedade. Para n\u00f3s, solidariedade \u00e9 constru\u00edda, n\u00e3o \u00e9 por decreto. As pessoas n\u00e3o nascem solid\u00e1rias.<br \/>\n___________________________<\/p>\n<p><strong>Fonte:<\/strong> <a href=\"http:\/\/envolverde.com.br\/educacao\/escolas\/sebastiao-rocha-cansado-de-ver-cadeiras-vazias-fundou-uma-escola-debaixo-do-pe-de-manga\/\">As Boas Novas\/Envolverde<\/a><\/p>\n","protected":false},"excerpt":{"rendered":"<p>N\u00e3o temos que tirar os meninos da rua, temos que transformar a rua num espa\u00e7o de solidariedade. Para n\u00f3s, solidariedade \u00e9 constru\u00edda, n\u00e3o \u00e9 por decreto. As pessoas n\u00e3o nascem solid\u00e1rias. Da Envolverde.<\/p>\n","protected":false},"author":1,"featured_media":0,"comment_status":"open","ping_status":"open","sticky":false,"template":"","format":"standard","meta":{"site-container-style":"default","site-container-layout":"default","site-sidebar-layout":"default","disable-article-header":"default","disable-site-header":"default","disable-site-footer":"default","disable-content-area-spacing":"default","footnotes":""},"categories":[6],"tags":[75],"class_list":["post-19111","post","type-post","status-publish","format-standard","hentry","category-educacao","tag-depoimento"],"yoast_head":"<!-- This site is optimized with the Yoast SEO plugin v27.4 - https:\/\/yoast.com\/product\/yoast-seo-wordpress\/ -->\n<title>Cansado de ver cadeiras vazias fundou uma escola debaixo do p\u00e9 de manga -<\/title>\n<meta name=\"robots\" content=\"index, follow, max-snippet:-1, max-image-preview:large, max-video-preview:-1\" \/>\n<link rel=\"canonical\" href=\"https:\/\/inclusivenews.com.br\/?p=19111\" \/>\n<meta property=\"og:locale\" content=\"pt_PT\" \/>\n<meta property=\"og:type\" content=\"article\" \/>\n<meta property=\"og:title\" content=\"Cansado de ver cadeiras vazias fundou uma escola debaixo do p\u00e9 de manga -\" \/>\n<meta property=\"og:description\" content=\"N\u00e3o temos que tirar os meninos da rua, temos que transformar a rua num espa\u00e7o de solidariedade. Para n\u00f3s, solidariedade \u00e9 constru\u00edda, n\u00e3o \u00e9 por decreto. As pessoas n\u00e3o nascem solid\u00e1rias. Da Envolverde.\" \/>\n<meta property=\"og:url\" content=\"https:\/\/inclusivenews.com.br\/?p=19111\" \/>\n<meta property=\"article:publisher\" content=\"https:\/\/www.facebook.com\/agenciainclusive\/\" \/>\n<meta property=\"article:published_time\" content=\"2011-04-14T18:41:06+00:00\" \/>\n<meta property=\"og:image\" content=\"http:\/\/envolverde.com.br\/portal\/wp-content\/uploads\/2011\/03\/15.jpg\" \/>\n<meta name=\"author\" content=\"inclusivenews2024\" \/>\n<meta name=\"twitter:card\" content=\"summary_large_image\" \/>\n<meta name=\"twitter:label1\" content=\"Escrito por\" \/>\n\t<meta name=\"twitter:data1\" content=\"inclusivenews2024\" \/>\n\t<meta name=\"twitter:label2\" content=\"Tempo estimado de leitura\" \/>\n\t<meta name=\"twitter:data2\" content=\"3 minutos\" \/>\n<script type=\"application\/ld+json\" class=\"yoast-schema-graph\">{\"@context\":\"https:\\\/\\\/schema.org\",\"@graph\":[{\"@type\":\"Article\",\"@id\":\"https:\\\/\\\/inclusivenews.com.br\\\/?p=19111#article\",\"isPartOf\":{\"@id\":\"https:\\\/\\\/inclusivenews.com.br\\\/?p=19111\"},\"author\":{\"name\":\"inclusivenews2024\",\"@id\":\"https:\\\/\\\/inclusivenews.com.br\\\/#\\\/schema\\\/person\\\/ae4ec7087559b8692fb33b6fffd2273b\"},\"headline\":\"Cansado de ver cadeiras vazias fundou uma escola debaixo do p\u00e9 de manga\",\"datePublished\":\"2011-04-14T18:41:06+00:00\",\"mainEntityOfPage\":{\"@id\":\"https:\\\/\\\/inclusivenews.com.br\\\/?p=19111\"},\"wordCount\":634,\"commentCount\":0,\"publisher\":{\"@id\":\"https:\\\/\\\/inclusivenews.com.br\\\/#organization\"},\"image\":{\"@id\":\"https:\\\/\\\/inclusivenews.com.br\\\/?p=19111#primaryimage\"},\"thumbnailUrl\":\"http:\\\/\\\/envolverde.com.br\\\/portal\\\/wp-content\\\/uploads\\\/2011\\\/03\\\/15.jpg\",\"keywords\":[\"Depoimento\"],\"articleSection\":[\"EDUCA\u00c7\u00c3O\"],\"inLanguage\":\"pt-PT\",\"potentialAction\":[{\"@type\":\"CommentAction\",\"name\":\"Comment\",\"target\":[\"https:\\\/\\\/inclusivenews.com.br\\\/?p=19111#respond\"]}]},{\"@type\":\"WebPage\",\"@id\":\"https:\\\/\\\/inclusivenews.com.br\\\/?p=19111\",\"url\":\"https:\\\/\\\/inclusivenews.com.br\\\/?p=19111\",\"name\":\"Cansado de ver cadeiras vazias fundou uma escola debaixo do p\u00e9 de manga -\",\"isPartOf\":{\"@id\":\"https:\\\/\\\/inclusivenews.com.br\\\/#website\"},\"primaryImageOfPage\":{\"@id\":\"https:\\\/\\\/inclusivenews.com.br\\\/?p=19111#primaryimage\"},\"image\":{\"@id\":\"https:\\\/\\\/inclusivenews.com.br\\\/?p=19111#primaryimage\"},\"thumbnailUrl\":\"http:\\\/\\\/envolverde.com.br\\\/portal\\\/wp-content\\\/uploads\\\/2011\\\/03\\\/15.jpg\",\"datePublished\":\"2011-04-14T18:41:06+00:00\",\"breadcrumb\":{\"@id\":\"https:\\\/\\\/inclusivenews.com.br\\\/?p=19111#breadcrumb\"},\"inLanguage\":\"pt-PT\",\"potentialAction\":[{\"@type\":\"ReadAction\",\"target\":[\"https:\\\/\\\/inclusivenews.com.br\\\/?p=19111\"]}]},{\"@type\":\"ImageObject\",\"inLanguage\":\"pt-PT\",\"@id\":\"https:\\\/\\\/inclusivenews.com.br\\\/?p=19111#primaryimage\",\"url\":\"http:\\\/\\\/envolverde.com.br\\\/portal\\\/wp-content\\\/uploads\\\/2011\\\/03\\\/15.jpg\",\"contentUrl\":\"http:\\\/\\\/envolverde.com.br\\\/portal\\\/wp-content\\\/uploads\\\/2011\\\/03\\\/15.jpg\"},{\"@type\":\"BreadcrumbList\",\"@id\":\"https:\\\/\\\/inclusivenews.com.br\\\/?p=19111#breadcrumb\",\"itemListElement\":[{\"@type\":\"ListItem\",\"position\":1,\"name\":\"In\u00edcio\",\"item\":\"https:\\\/\\\/inclusivenews.com.br\\\/\"},{\"@type\":\"ListItem\",\"position\":2,\"name\":\"Cansado de ver cadeiras vazias fundou uma escola debaixo do p\u00e9 de manga\"}]},{\"@type\":\"WebSite\",\"@id\":\"https:\\\/\\\/inclusivenews.com.br\\\/#website\",\"url\":\"https:\\\/\\\/inclusivenews.com.br\\\/\",\"name\":\"Inclusive News\",\"description\":\"Inclusive News\",\"publisher\":{\"@id\":\"https:\\\/\\\/inclusivenews.com.br\\\/#organization\"},\"potentialAction\":[{\"@type\":\"SearchAction\",\"target\":{\"@type\":\"EntryPoint\",\"urlTemplate\":\"https:\\\/\\\/inclusivenews.com.br\\\/?s={search_term_string}\"},\"query-input\":{\"@type\":\"PropertyValueSpecification\",\"valueRequired\":true,\"valueName\":\"search_term_string\"}}],\"inLanguage\":\"pt-PT\"},{\"@type\":\"Organization\",\"@id\":\"https:\\\/\\\/inclusivenews.com.br\\\/#organization\",\"name\":\"Inclusive - inclus\u00e3o e cidadania\",\"url\":\"https:\\\/\\\/inclusivenews.com.br\\\/\",\"logo\":{\"@type\":\"ImageObject\",\"inLanguage\":\"pt-PT\",\"@id\":\"https:\\\/\\\/inclusivenews.com.br\\\/#\\\/schema\\\/logo\\\/image\\\/\",\"url\":\"https:\\\/\\\/inclusivenews.com.br\\\/wp-content\\\/uploads\\\/2024\\\/03\\\/@grandesite.png\",\"contentUrl\":\"https:\\\/\\\/inclusivenews.com.br\\\/wp-content\\\/uploads\\\/2024\\\/03\\\/@grandesite.png\",\"width\":1080,\"height\":1080,\"caption\":\"Inclusive - inclus\u00e3o e cidadania\"},\"image\":{\"@id\":\"https:\\\/\\\/inclusivenews.com.br\\\/#\\\/schema\\\/logo\\\/image\\\/\"},\"sameAs\":[\"https:\\\/\\\/www.facebook.com\\\/agenciainclusive\\\/\",\"https:\\\/\\\/www.instagram.com\\\/newsinclusive\\\/\"]},{\"@type\":\"Person\",\"@id\":\"https:\\\/\\\/inclusivenews.com.br\\\/#\\\/schema\\\/person\\\/ae4ec7087559b8692fb33b6fffd2273b\",\"name\":\"inclusivenews2024\",\"image\":{\"@type\":\"ImageObject\",\"inLanguage\":\"pt-PT\",\"@id\":\"https:\\\/\\\/secure.gravatar.com\\\/avatar\\\/c5a7ef84c66fa914f55bc4f7ce26cfa275a3b9a1c5568b907bd184fb4dde7b40?s=96&d=mm&r=g\",\"url\":\"https:\\\/\\\/secure.gravatar.com\\\/avatar\\\/c5a7ef84c66fa914f55bc4f7ce26cfa275a3b9a1c5568b907bd184fb4dde7b40?s=96&d=mm&r=g\",\"contentUrl\":\"https:\\\/\\\/secure.gravatar.com\\\/avatar\\\/c5a7ef84c66fa914f55bc4f7ce26cfa275a3b9a1c5568b907bd184fb4dde7b40?s=96&d=mm&r=g\",\"caption\":\"inclusivenews2024\"},\"sameAs\":[\"https:\\\/\\\/inclusivenews.com.br\"],\"url\":\"https:\\\/\\\/inclusivenews.com.br\\\/?author=1\"}]}<\/script>\n<!-- \/ Yoast SEO plugin. -->","yoast_head_json":{"title":"Cansado de ver cadeiras vazias fundou uma escola debaixo do p\u00e9 de manga -","robots":{"index":"index","follow":"follow","max-snippet":"max-snippet:-1","max-image-preview":"max-image-preview:large","max-video-preview":"max-video-preview:-1"},"canonical":"https:\/\/inclusivenews.com.br\/?p=19111","og_locale":"pt_PT","og_type":"article","og_title":"Cansado de ver cadeiras vazias fundou uma escola debaixo do p\u00e9 de manga -","og_description":"N\u00e3o temos que tirar os meninos da rua, temos que transformar a rua num espa\u00e7o de solidariedade. Para n\u00f3s, solidariedade \u00e9 constru\u00edda, n\u00e3o \u00e9 por decreto. As pessoas n\u00e3o nascem solid\u00e1rias. Da Envolverde.","og_url":"https:\/\/inclusivenews.com.br\/?p=19111","article_publisher":"https:\/\/www.facebook.com\/agenciainclusive\/","article_published_time":"2011-04-14T18:41:06+00:00","og_image":[{"url":"http:\/\/envolverde.com.br\/portal\/wp-content\/uploads\/2011\/03\/15.jpg","type":"","width":"","height":""}],"author":"inclusivenews2024","twitter_card":"summary_large_image","twitter_misc":{"Escrito por":"inclusivenews2024","Tempo estimado de leitura":"3 minutos"},"schema":{"@context":"https:\/\/schema.org","@graph":[{"@type":"Article","@id":"https:\/\/inclusivenews.com.br\/?p=19111#article","isPartOf":{"@id":"https:\/\/inclusivenews.com.br\/?p=19111"},"author":{"name":"inclusivenews2024","@id":"https:\/\/inclusivenews.com.br\/#\/schema\/person\/ae4ec7087559b8692fb33b6fffd2273b"},"headline":"Cansado de ver cadeiras vazias fundou uma escola debaixo do p\u00e9 de manga","datePublished":"2011-04-14T18:41:06+00:00","mainEntityOfPage":{"@id":"https:\/\/inclusivenews.com.br\/?p=19111"},"wordCount":634,"commentCount":0,"publisher":{"@id":"https:\/\/inclusivenews.com.br\/#organization"},"image":{"@id":"https:\/\/inclusivenews.com.br\/?p=19111#primaryimage"},"thumbnailUrl":"http:\/\/envolverde.com.br\/portal\/wp-content\/uploads\/2011\/03\/15.jpg","keywords":["Depoimento"],"articleSection":["EDUCA\u00c7\u00c3O"],"inLanguage":"pt-PT","potentialAction":[{"@type":"CommentAction","name":"Comment","target":["https:\/\/inclusivenews.com.br\/?p=19111#respond"]}]},{"@type":"WebPage","@id":"https:\/\/inclusivenews.com.br\/?p=19111","url":"https:\/\/inclusivenews.com.br\/?p=19111","name":"Cansado de ver cadeiras vazias fundou uma escola debaixo do p\u00e9 de manga -","isPartOf":{"@id":"https:\/\/inclusivenews.com.br\/#website"},"primaryImageOfPage":{"@id":"https:\/\/inclusivenews.com.br\/?p=19111#primaryimage"},"image":{"@id":"https:\/\/inclusivenews.com.br\/?p=19111#primaryimage"},"thumbnailUrl":"http:\/\/envolverde.com.br\/portal\/wp-content\/uploads\/2011\/03\/15.jpg","datePublished":"2011-04-14T18:41:06+00:00","breadcrumb":{"@id":"https:\/\/inclusivenews.com.br\/?p=19111#breadcrumb"},"inLanguage":"pt-PT","potentialAction":[{"@type":"ReadAction","target":["https:\/\/inclusivenews.com.br\/?p=19111"]}]},{"@type":"ImageObject","inLanguage":"pt-PT","@id":"https:\/\/inclusivenews.com.br\/?p=19111#primaryimage","url":"http:\/\/envolverde.com.br\/portal\/wp-content\/uploads\/2011\/03\/15.jpg","contentUrl":"http:\/\/envolverde.com.br\/portal\/wp-content\/uploads\/2011\/03\/15.jpg"},{"@type":"BreadcrumbList","@id":"https:\/\/inclusivenews.com.br\/?p=19111#breadcrumb","itemListElement":[{"@type":"ListItem","position":1,"name":"In\u00edcio","item":"https:\/\/inclusivenews.com.br\/"},{"@type":"ListItem","position":2,"name":"Cansado de ver cadeiras vazias fundou uma escola debaixo do p\u00e9 de manga"}]},{"@type":"WebSite","@id":"https:\/\/inclusivenews.com.br\/#website","url":"https:\/\/inclusivenews.com.br\/","name":"Inclusive News","description":"Inclusive News","publisher":{"@id":"https:\/\/inclusivenews.com.br\/#organization"},"potentialAction":[{"@type":"SearchAction","target":{"@type":"EntryPoint","urlTemplate":"https:\/\/inclusivenews.com.br\/?s={search_term_string}"},"query-input":{"@type":"PropertyValueSpecification","valueRequired":true,"valueName":"search_term_string"}}],"inLanguage":"pt-PT"},{"@type":"Organization","@id":"https:\/\/inclusivenews.com.br\/#organization","name":"Inclusive - inclus\u00e3o e cidadania","url":"https:\/\/inclusivenews.com.br\/","logo":{"@type":"ImageObject","inLanguage":"pt-PT","@id":"https:\/\/inclusivenews.com.br\/#\/schema\/logo\/image\/","url":"https:\/\/inclusivenews.com.br\/wp-content\/uploads\/2024\/03\/@grandesite.png","contentUrl":"https:\/\/inclusivenews.com.br\/wp-content\/uploads\/2024\/03\/@grandesite.png","width":1080,"height":1080,"caption":"Inclusive - inclus\u00e3o e cidadania"},"image":{"@id":"https:\/\/inclusivenews.com.br\/#\/schema\/logo\/image\/"},"sameAs":["https:\/\/www.facebook.com\/agenciainclusive\/","https:\/\/www.instagram.com\/newsinclusive\/"]},{"@type":"Person","@id":"https:\/\/inclusivenews.com.br\/#\/schema\/person\/ae4ec7087559b8692fb33b6fffd2273b","name":"inclusivenews2024","image":{"@type":"ImageObject","inLanguage":"pt-PT","@id":"https:\/\/secure.gravatar.com\/avatar\/c5a7ef84c66fa914f55bc4f7ce26cfa275a3b9a1c5568b907bd184fb4dde7b40?s=96&d=mm&r=g","url":"https:\/\/secure.gravatar.com\/avatar\/c5a7ef84c66fa914f55bc4f7ce26cfa275a3b9a1c5568b907bd184fb4dde7b40?s=96&d=mm&r=g","contentUrl":"https:\/\/secure.gravatar.com\/avatar\/c5a7ef84c66fa914f55bc4f7ce26cfa275a3b9a1c5568b907bd184fb4dde7b40?s=96&d=mm&r=g","caption":"inclusivenews2024"},"sameAs":["https:\/\/inclusivenews.com.br"],"url":"https:\/\/inclusivenews.com.br\/?author=1"}]}},"_links":{"self":[{"href":"https:\/\/inclusivenews.com.br\/index.php?rest_route=\/wp\/v2\/posts\/19111","targetHints":{"allow":["GET"]}}],"collection":[{"href":"https:\/\/inclusivenews.com.br\/index.php?rest_route=\/wp\/v2\/posts"}],"about":[{"href":"https:\/\/inclusivenews.com.br\/index.php?rest_route=\/wp\/v2\/types\/post"}],"author":[{"embeddable":true,"href":"https:\/\/inclusivenews.com.br\/index.php?rest_route=\/wp\/v2\/users\/1"}],"replies":[{"embeddable":true,"href":"https:\/\/inclusivenews.com.br\/index.php?rest_route=%2Fwp%2Fv2%2Fcomments&post=19111"}],"version-history":[{"count":0,"href":"https:\/\/inclusivenews.com.br\/index.php?rest_route=\/wp\/v2\/posts\/19111\/revisions"}],"wp:attachment":[{"href":"https:\/\/inclusivenews.com.br\/index.php?rest_route=%2Fwp%2Fv2%2Fmedia&parent=19111"}],"wp:term":[{"taxonomy":"category","embeddable":true,"href":"https:\/\/inclusivenews.com.br\/index.php?rest_route=%2Fwp%2Fv2%2Fcategories&post=19111"},{"taxonomy":"post_tag","embeddable":true,"href":"https:\/\/inclusivenews.com.br\/index.php?rest_route=%2Fwp%2Fv2%2Ftags&post=19111"}],"curies":[{"name":"wp","href":"https:\/\/api.w.org\/{rel}","templated":true}]}}