{"id":19117,"date":"2011-04-21T09:23:56","date_gmt":"2011-04-21T12:23:56","guid":{"rendered":"http:\/\/www.inclusive.org.br\/?p=19117"},"modified":"2011-04-21T09:23:56","modified_gmt":"2011-04-21T12:23:56","slug":"carne-osso-retrata-trabalho-nos-frigorificos-brasileiros","status":"publish","type":"post","link":"https:\/\/inclusivenews.com.br\/?p=19117","title":{"rendered":"&quot;Carne Osso&quot; retrata trabalho nos frigor\u00edficos brasileiros"},"content":{"rendered":"<p><span class=\"linha-fina\"><em><a href=\"http:\/\/www.inclusivenews.com.br\/wp-content\/uploads\/2010\/04\/Reporter_Brasil.jpg\"><img loading=\"lazy\" decoding=\"async\" class=\"alignleft size-full wp-image-14778\" title=\"Rep\u00f3rter Brasil - o mapa brasileiro com o relevo de impress\u00e3o digital e o texto imitando o tipo de m\u00e1quina datilogr\u00e1fica.\" src=\"http:\/\/inclusivenews.com.br\/wp-content\/uploads\/2010\/04\/Reporter_Brasil.jpg\" alt=\"Rep\u00f3rter Brasil - o mapa brasileiro com o relevo de impress\u00e3o digital e o texto imitando o tipo de m\u00e1quina datilogr\u00e1fica.\" width=\"257\" height=\"121\" \/><\/a>Selecionado para o Festival &#8220;\u00c9 Tudo Verdade&#8221;, document\u00e1rio alia imagens impactantes a depoimentos que caracterizam o duro cotidiano do trabalho nos frigor\u00edficos brasileiros de abate de aves, bovinos e su\u00ednos<br \/>\n<\/em><\/span><\/p>\n<p><strong>Por Rep\u00f3rter Brasil<\/strong><\/p>\n<p>Quem trabalha em um frigor\u00edfico se depara diariamente com uma s\u00e9rie de riscos que a maior parte das pessoas sequer imagina. Exposi\u00e7\u00e3o constante a facas, serras e outros instrumentos cortantes; realiza\u00e7\u00e3o de movimentos repetitivos que podem gerar graves les\u00f5es e doen\u00e7as; press\u00e3o psicol\u00f3gica para dar conta do alucinado ritmo de produ\u00e7\u00e3o; jornadas exaustivas at\u00e9 mesmo aos s\u00e1bados; ambiente asfixiante e, obviamente, frio &#8211; muito frio.<\/p>\n<p>Esse \u00e9 o duro cotidiano de trabalho nos frigor\u00edficos brasileiros de abate de aves, bovinos e su\u00ednos que o document\u00e1rio &#8220;<em>Carne Osso<\/em>&#8221; (<em>confira <a href=\"http:\/\/www.youtube.com\/reporterbrasil\">trailer<\/a><\/em>) traz \u00e0 tona. Ao longo de dois anos, a equipe da ONG <strong>Rep\u00f3rter Brasil<\/strong> percorreu diversos pontos nas regi\u00f5es Sul e Centro-Oeste \u00e0 procura de hist\u00f3rias de vida que pudessem ilustrar esses problemas.<\/p>\n<p>O filme alia imagens impactantes a depoimentos que caracterizam uma triste realidade que\u00a0deve ser encarada com a devida seriedade pela iniciativa privada, pela sociedade civil e pelo poder p\u00fablico.<\/p>\n<p>Selecionado para o Festival <a href=\"http:\/\/www.etudoverdade.com.br\/\">&#8220;<em>\u00c9 Tudo Verdade<\/em>&#8220;<\/a>, <em>&#8220;Carne Osso&#8221;<\/em> <a href=\"http:\/\/www.reporterbrasil.org.br\/exibe.php?id=1861\">concorre na competi\u00e7\u00e3o brasileira de longas e m\u00e9dias metragens<\/a>. O filme\u00a0ser\u00e1 exibido nos dias <strong>2 (\u00e0s 21h) e 3 (\u00e0s 13h) de abril, no Cine Unibanco Arteplex (Sala 6)<\/strong> &#8211;\u00a0Praia de Botafogo, 316, <strong>Rio de Janeiro (RJ)<\/strong>. <strong>Em S\u00e3o Paulo (SP)<\/strong>, \u00e0s exibi\u00e7\u00f5es est\u00e3o marcadas para <strong>4 (\u00e0s 21h) e 5 (\u00e0s 13h) de abril, no Cine Livraria Cultura (Sala 1)<\/strong>, no Conjunto Nacional, na Av. Paulista, 2073. <strong>A entrada \u00e9 gratuita<\/strong>.<\/p>\n<p><strong>Danos f\u00edsicos e psicol\u00f3gicos<\/strong><br \/>\n<em>&#8220;Cerca de 80% do p\u00fablico atendido aqui na regi\u00e3o \u00e9 de frigor\u00edficos. Ainda \u00e9 um pouco dif\u00edcil porque o c\u00edrculo vicioso j\u00e1 foi criado. O trabalhador adoece e vem pro INSS. Ele n\u00e3o consegue retornar, ele fica aqui. E as empresas v\u00e3o contratando outras pessoas. Ent\u00e3o j\u00e1 se criou um c\u00edrculo que agora para desfazer n\u00e3o \u00e9 t\u00e3o r\u00e1pido e f\u00e1cil&#8221;<\/em><br \/>\nJuliana Varandas, terapeuta ocupacional do Instituto Nacional de Seguro Social (INSS) de Chapec\u00f3 (SC).<\/p>\n<p>As estat\u00edsticas impressionam. De acordo com o Minist\u00e9rio da Previd\u00eancia Social, um funcion\u00e1rio de um frigor\u00edfico de bovinos tem tr\u00eas vezes mais chances de sofrer um traumatismo de cabe\u00e7a ou de abd\u00f4men do que o empregado de qualquer outro segmento econ\u00f4mico. J\u00e1 o risco de uma pessoa de uma linha de desossa de frango desenvolver uma tendinite, por exemplo, \u00e9 743% superior ao de que qualquer outro trabalhador. E os problemas n\u00e3o s\u00e3o apenas f\u00edsicos. O \u00edndice de depress\u00e3o entre os funcion\u00e1rios de frigor\u00edficos de aves \u00e9 tr\u00eas vezes maior que o da m\u00e9dia de toda a popula\u00e7\u00e3o economicamente ativa do Brasil.<\/p>\n<p><strong>Ritmo fren\u00e9tico<br \/>\n<em>&#8220;<\/em><\/strong><em>A gente come\u00e7ou desossando tr\u00eas coxas e meia. Depois, nos 11 anos que eu fique l\u00e1, cada vez eles exigiam mais. Quando sa\u00ed, eu j\u00e1 desossava sete coxas por minuto&#8221;<br \/>\n<\/em>Valdirene Gon\u00e7alves da Silva, ex-funcion\u00e1ria de frigor\u00edfico<\/p>\n<p>Em alguns frigor\u00edficos de aves, chegam a passar mais de 3 mil frangos por hora pela &#8220;n\u00f3ria&#8221; &#8211; a esteira em que circulam os animais. H\u00e1 trabalhadores que fazem at\u00e9 18 movimentos com uma faca para desossar uma pe\u00e7a de coxa e sobrecoxa, em apenas 15 segundos. Isso representa uma carga de esfor\u00e7o tr\u00eas vezes superior ao limite estipulado pelos especialistas em sa\u00fade do trabalho.<\/p>\n<p><strong>Reclama\u00e7\u00f5es curiosas<\/strong><br \/>\n<em>&#8220;Tu n\u00e3o tem liberdade pra tu ir no banheiro. Tu n\u00e3o pode ir sem pedir ordem pro supervisor teu, pro encarregado teu. Isso a\u00ed \u00e9 cruel l\u00e1 dentro. Tanto que tem gente que at\u00e9 louco fica&#8221;<\/em><br \/>\nAdelar Putton, ex-funcion\u00e1rio de frigor\u00edfico<\/p>\n<p>Muitos trabalhadores se queixam tamb\u00e9m de restri\u00e7\u00f5es de menor import\u00e2ncia \u00c2\u2013 pelo menos, aparentemente. Por exemplo: o funcion\u00e1rio s\u00f3 pode ir ao banheiro com permiss\u00e3o do supervisor e em um tempo bastante curto, coisa de poucos minutos. Tamb\u00e9m s\u00e3o tolhidas aquelas conversinhas paralelas que possam diminuir o ritmo de trabalho.<\/p>\n<p><strong>Problemas com a Justi\u00e7a<br \/>\n<em>&#8220;<\/em><\/strong><em>O trabalho \u00e9 o local em que o empregado vai encontrar a vida, n\u00e3o \u00e9 o local para encontrar a morte, doen\u00e7as e mutila\u00e7\u00f5es. E isso no Brasil, infelizmente, continua sendo uma quest\u00e3o s\u00e9ria&#8221;<\/em><br \/>\nSebasti\u00e3o Geraldo de Oliveira, desembargador do Tribunal Regional do Trabalho da 3\u00aa regi\u00e3o (TRT-3)<\/p>\n<p>Nas regi\u00f5es em que est\u00e3o instaladas as ind\u00fastrias frigor\u00edficas, boa parte dos processos que correm na Justi\u00e7a do Trabalho diz respeito a essas empresas. Em cidades como Chapec\u00f3, no oeste de Santa Catarina, as a\u00e7\u00f5es movidas por trabalhadores contras essas companhias respondem por mais da metade dos processos.<\/p>\n<p><strong>Pujan\u00e7a econ\u00f4mica<br \/>\n<\/strong><em>&#8220;Esse \u00e9 um problema de interesse do conjunto da sociedade, n\u00e3o \u00e9 s\u00f3 de um setor. O Estado tem que se posicionar. N\u00e3o se pode fazer de forma t\u00e3o impune a\u00e7\u00f5es que levam ao adoecimento e \u00e0 incapacidade tantos trabalhadores&#8221;<br \/>\n<\/em>Maria das Gra\u00e7as Hoefel, m\u00e9dica e pesquisadora<\/p>\n<p>O Brasil \u00e9 simplesmente o maior exportador de prote\u00edna animal do mundo. O chamado &#8220;Complexo Carnes&#8221; ocupa o terceiro lugar no p\u00f3dio do agroneg\u00f3cio nacional, atr\u00e1s apenas da soja e do a\u00e7\u00facar\/etanol. Em 2010, as vendas externas superaram US$ 13 bilh\u00f5es. No total, o setor emprega diretamente 750 mil pessoas. Vale lembrar que muitos desses frigor\u00edficos se transformaram em gigantes no mercado mundial com dinheiro do governo via Banco Nacional de Desenvolvimento Econ\u00f4mico e Social (BNDES) &#8211; o principal banco de fomento da economia brasileira.<\/p>\n<p><strong>Melhorar \u00e9 poss\u00edvel<br \/>\n<em>&#8220;<\/em><\/strong><em>Basicamente, \u00e9 conscientizar essas empresas para reprojetar essas tarefas. Introduzir pausas, para que exista uma recomposi\u00e7\u00e3o dos tecidos dos membros superiores, da coluna. Em algumas vai ter que ter diminui\u00e7\u00e3o de ritmo de produ\u00e7\u00e3o. N\u00f3s estamos hoje chegando s\u00f3 no diagn\u00f3stico do setor. Mas as empresas ainda refrat\u00e1rias a esse diagn\u00f3stico&#8221;<\/em><br \/>\nPaulo Cervo, auditor fiscal do Minist\u00e9rio do Trabalho e Emprego\u00a0(MTE)<\/p>\n<p>N\u00e3o \u00e9 dif\u00edcil diminuir a incid\u00eancia de problemas no ambiente de trabalho de um frigor\u00edfico. Reduzir a jornada de trabalho, adotar um rod\u00edzio de tarefas, diminuir o ritmo da linha de produ\u00e7\u00e3o e realizar pausas mais frequentes e mais longas s\u00e3o algumas medidas poss\u00edveis. Falta apenas que as empresas se conscientizem disso.<\/p>\n<p><strong>Ficha t\u00e9cnica<\/strong> &#8211; Carne Osso<br \/>\n<strong>Dura\u00e7\u00e3o:<\/strong> 65 minutos<br \/>\n<strong>Dire\u00e7\u00e3o:<\/strong> Caio Cavechini e Carlos Juliano Barros<br \/>\n<strong>Roteiro e edi\u00e7\u00e3o:<\/strong> Caio Cavechini<br \/>\n<strong>Fotografia:<\/strong> Lucas Barreto<br \/>\n<strong>Pesquisa:<\/strong> Andr\u00e9 Campos e Carlos Juliano Barros<br \/>\n<strong>Produ\u00e7\u00e3o Executiva:<\/strong> Maur\u00edcio Hashizume<br \/>\n<strong>Realiza\u00e7\u00e3o:<\/strong> Rep\u00f3rter Brasil, 2011<\/p>\n<p><strong>Exibi\u00e7\u00f5es &#8211; \u00c9 Tudo Verdade<br \/>\nEntrada gratuita<\/strong><\/p>\n<p><strong>Rio de Janeiro (RJ)<br \/>\n<\/strong>2 de abril &#8211; 21h<br \/>\n3 de abril &#8211; 13h<br \/>\n<strong>Cine Unibanco Arteplex (Sala 6)<\/strong><br \/>\nPraia de Botafogo, 316<\/p>\n<p><strong>S\u00e3o Paulo (SP)<\/strong><br \/>\n4 de abril &#8211; 21h<br \/>\n5 de abril\u00a0&#8211; 15h<br \/>\n<strong>Cine Livraria Cultura (Sala 1)<\/strong><br \/>\nConjunto Nacional, na Av. Paulista, 2073<br \/>\n__________________<\/p>\n<p><strong>Fonte: <\/strong><a href=\"http:\/\/www.reporterbrasil.org.br\/exibe.php?id=1869&amp;name=%22Carne-Osso%22-retrata-trabalho-nos-frigor%EDficos-brasileiros\">Rep\u00f3rter Brasil<\/a><\/p>\n","protected":false},"excerpt":{"rendered":"<p>Selecionado para o Festival &#8220;\u00c9 Tudo Verdade&#8221;, document\u00e1rio alia imagens impactantes a depoimentos que caracterizam o duro cotidiano do trabalho nos frigor\u00edficos brasileiros de abate de aves, bovinos e su\u00ednos. Da Rep\u00f3rter Brasil.<\/p>\n","protected":false},"author":1,"featured_media":0,"comment_status":"open","ping_status":"open","sticky":false,"template":"","format":"standard","meta":{"site-container-style":"default","site-container-layout":"default","site-sidebar-layout":"default","disable-article-header":"default","disable-site-header":"default","disable-site-footer":"default","disable-content-area-spacing":"default","footnotes":""},"categories":[11,4],"tags":[],"class_list":["post-19117","post","type-post","status-publish","format-standard","hentry","category-direitos-humanos","category-noticias"],"yoast_head":"<!-- This site is optimized with the Yoast SEO plugin v27.4 - https:\/\/yoast.com\/product\/yoast-seo-wordpress\/ -->\n<title>&quot;Carne Osso&quot; retrata trabalho nos frigor\u00edficos brasileiros -<\/title>\n<meta name=\"robots\" content=\"index, follow, max-snippet:-1, max-image-preview:large, max-video-preview:-1\" \/>\n<link rel=\"canonical\" href=\"https:\/\/inclusivenews.com.br\/?p=19117\" \/>\n<meta property=\"og:locale\" content=\"pt_PT\" \/>\n<meta property=\"og:type\" content=\"article\" \/>\n<meta property=\"og:title\" content=\"&quot;Carne Osso&quot; retrata trabalho nos frigor\u00edficos brasileiros -\" \/>\n<meta property=\"og:description\" content=\"Selecionado para o Festival &quot;\u00c9 Tudo Verdade&quot;, document\u00e1rio alia imagens impactantes a depoimentos que caracterizam o duro cotidiano do trabalho nos frigor\u00edficos brasileiros de abate de aves, bovinos e su\u00ednos. Da Rep\u00f3rter Brasil.\" \/>\n<meta property=\"og:url\" content=\"https:\/\/inclusivenews.com.br\/?p=19117\" \/>\n<meta property=\"article:publisher\" content=\"https:\/\/www.facebook.com\/agenciainclusive\/\" \/>\n<meta property=\"article:published_time\" content=\"2011-04-21T12:23:56+00:00\" \/>\n<meta property=\"og:image\" content=\"http:\/\/inclusivenews.com.br\/wp-content\/uploads\/2010\/04\/Reporter_Brasil.jpg\" \/>\n<meta name=\"author\" content=\"inclusivenews2024\" \/>\n<meta name=\"twitter:card\" content=\"summary_large_image\" \/>\n<meta name=\"twitter:label1\" content=\"Escrito por\" \/>\n\t<meta name=\"twitter:data1\" content=\"inclusivenews2024\" \/>\n\t<meta name=\"twitter:label2\" content=\"Tempo estimado de leitura\" \/>\n\t<meta name=\"twitter:data2\" content=\"6 minutos\" \/>\n<script type=\"application\/ld+json\" class=\"yoast-schema-graph\">{\"@context\":\"https:\\\/\\\/schema.org\",\"@graph\":[{\"@type\":\"Article\",\"@id\":\"https:\\\/\\\/inclusivenews.com.br\\\/?p=19117#article\",\"isPartOf\":{\"@id\":\"https:\\\/\\\/inclusivenews.com.br\\\/?p=19117\"},\"author\":{\"name\":\"inclusivenews2024\",\"@id\":\"https:\\\/\\\/inclusivenews.com.br\\\/#\\\/schema\\\/person\\\/ae4ec7087559b8692fb33b6fffd2273b\"},\"headline\":\"&quot;Carne Osso&quot; retrata trabalho nos frigor\u00edficos brasileiros\",\"datePublished\":\"2011-04-21T12:23:56+00:00\",\"mainEntityOfPage\":{\"@id\":\"https:\\\/\\\/inclusivenews.com.br\\\/?p=19117\"},\"wordCount\":1193,\"commentCount\":0,\"publisher\":{\"@id\":\"https:\\\/\\\/inclusivenews.com.br\\\/#organization\"},\"image\":{\"@id\":\"https:\\\/\\\/inclusivenews.com.br\\\/?p=19117#primaryimage\"},\"thumbnailUrl\":\"http:\\\/\\\/inclusivenews.com.br\\\/wp-content\\\/uploads\\\/2010\\\/04\\\/Reporter_Brasil.jpg\",\"articleSection\":[\"DIREITOS HUMANOS\",\"NOT\u00cdCIAS\"],\"inLanguage\":\"pt-PT\",\"potentialAction\":[{\"@type\":\"CommentAction\",\"name\":\"Comment\",\"target\":[\"https:\\\/\\\/inclusivenews.com.br\\\/?p=19117#respond\"]}]},{\"@type\":\"WebPage\",\"@id\":\"https:\\\/\\\/inclusivenews.com.br\\\/?p=19117\",\"url\":\"https:\\\/\\\/inclusivenews.com.br\\\/?p=19117\",\"name\":\"&quot;Carne Osso&quot; retrata trabalho nos frigor\u00edficos brasileiros -\",\"isPartOf\":{\"@id\":\"https:\\\/\\\/inclusivenews.com.br\\\/#website\"},\"primaryImageOfPage\":{\"@id\":\"https:\\\/\\\/inclusivenews.com.br\\\/?p=19117#primaryimage\"},\"image\":{\"@id\":\"https:\\\/\\\/inclusivenews.com.br\\\/?p=19117#primaryimage\"},\"thumbnailUrl\":\"http:\\\/\\\/inclusivenews.com.br\\\/wp-content\\\/uploads\\\/2010\\\/04\\\/Reporter_Brasil.jpg\",\"datePublished\":\"2011-04-21T12:23:56+00:00\",\"breadcrumb\":{\"@id\":\"https:\\\/\\\/inclusivenews.com.br\\\/?p=19117#breadcrumb\"},\"inLanguage\":\"pt-PT\",\"potentialAction\":[{\"@type\":\"ReadAction\",\"target\":[\"https:\\\/\\\/inclusivenews.com.br\\\/?p=19117\"]}]},{\"@type\":\"ImageObject\",\"inLanguage\":\"pt-PT\",\"@id\":\"https:\\\/\\\/inclusivenews.com.br\\\/?p=19117#primaryimage\",\"url\":\"\",\"contentUrl\":\"\"},{\"@type\":\"BreadcrumbList\",\"@id\":\"https:\\\/\\\/inclusivenews.com.br\\\/?p=19117#breadcrumb\",\"itemListElement\":[{\"@type\":\"ListItem\",\"position\":1,\"name\":\"In\u00edcio\",\"item\":\"https:\\\/\\\/inclusivenews.com.br\\\/\"},{\"@type\":\"ListItem\",\"position\":2,\"name\":\"&quot;Carne Osso&quot; retrata trabalho nos frigor\u00edficos brasileiros\"}]},{\"@type\":\"WebSite\",\"@id\":\"https:\\\/\\\/inclusivenews.com.br\\\/#website\",\"url\":\"https:\\\/\\\/inclusivenews.com.br\\\/\",\"name\":\"Inclusive News\",\"description\":\"Inclusive News\",\"publisher\":{\"@id\":\"https:\\\/\\\/inclusivenews.com.br\\\/#organization\"},\"potentialAction\":[{\"@type\":\"SearchAction\",\"target\":{\"@type\":\"EntryPoint\",\"urlTemplate\":\"https:\\\/\\\/inclusivenews.com.br\\\/?s={search_term_string}\"},\"query-input\":{\"@type\":\"PropertyValueSpecification\",\"valueRequired\":true,\"valueName\":\"search_term_string\"}}],\"inLanguage\":\"pt-PT\"},{\"@type\":\"Organization\",\"@id\":\"https:\\\/\\\/inclusivenews.com.br\\\/#organization\",\"name\":\"Inclusive - inclus\u00e3o e cidadania\",\"url\":\"https:\\\/\\\/inclusivenews.com.br\\\/\",\"logo\":{\"@type\":\"ImageObject\",\"inLanguage\":\"pt-PT\",\"@id\":\"https:\\\/\\\/inclusivenews.com.br\\\/#\\\/schema\\\/logo\\\/image\\\/\",\"url\":\"https:\\\/\\\/inclusivenews.com.br\\\/wp-content\\\/uploads\\\/2024\\\/03\\\/@grandesite.png\",\"contentUrl\":\"https:\\\/\\\/inclusivenews.com.br\\\/wp-content\\\/uploads\\\/2024\\\/03\\\/@grandesite.png\",\"width\":1080,\"height\":1080,\"caption\":\"Inclusive - inclus\u00e3o e cidadania\"},\"image\":{\"@id\":\"https:\\\/\\\/inclusivenews.com.br\\\/#\\\/schema\\\/logo\\\/image\\\/\"},\"sameAs\":[\"https:\\\/\\\/www.facebook.com\\\/agenciainclusive\\\/\",\"https:\\\/\\\/www.instagram.com\\\/newsinclusive\\\/\"]},{\"@type\":\"Person\",\"@id\":\"https:\\\/\\\/inclusivenews.com.br\\\/#\\\/schema\\\/person\\\/ae4ec7087559b8692fb33b6fffd2273b\",\"name\":\"inclusivenews2024\",\"image\":{\"@type\":\"ImageObject\",\"inLanguage\":\"pt-PT\",\"@id\":\"https:\\\/\\\/secure.gravatar.com\\\/avatar\\\/c5a7ef84c66fa914f55bc4f7ce26cfa275a3b9a1c5568b907bd184fb4dde7b40?s=96&d=mm&r=g\",\"url\":\"https:\\\/\\\/secure.gravatar.com\\\/avatar\\\/c5a7ef84c66fa914f55bc4f7ce26cfa275a3b9a1c5568b907bd184fb4dde7b40?s=96&d=mm&r=g\",\"contentUrl\":\"https:\\\/\\\/secure.gravatar.com\\\/avatar\\\/c5a7ef84c66fa914f55bc4f7ce26cfa275a3b9a1c5568b907bd184fb4dde7b40?s=96&d=mm&r=g\",\"caption\":\"inclusivenews2024\"},\"sameAs\":[\"https:\\\/\\\/inclusivenews.com.br\"],\"url\":\"https:\\\/\\\/inclusivenews.com.br\\\/?author=1\"}]}<\/script>\n<!-- \/ Yoast SEO plugin. -->","yoast_head_json":{"title":"&quot;Carne Osso&quot; retrata trabalho nos frigor\u00edficos brasileiros -","robots":{"index":"index","follow":"follow","max-snippet":"max-snippet:-1","max-image-preview":"max-image-preview:large","max-video-preview":"max-video-preview:-1"},"canonical":"https:\/\/inclusivenews.com.br\/?p=19117","og_locale":"pt_PT","og_type":"article","og_title":"&quot;Carne Osso&quot; retrata trabalho nos frigor\u00edficos brasileiros -","og_description":"Selecionado para o Festival \"\u00c9 Tudo Verdade\", document\u00e1rio alia imagens impactantes a depoimentos que caracterizam o duro cotidiano do trabalho nos frigor\u00edficos brasileiros de abate de aves, bovinos e su\u00ednos. Da Rep\u00f3rter Brasil.","og_url":"https:\/\/inclusivenews.com.br\/?p=19117","article_publisher":"https:\/\/www.facebook.com\/agenciainclusive\/","article_published_time":"2011-04-21T12:23:56+00:00","og_image":[{"url":"http:\/\/inclusivenews.com.br\/wp-content\/uploads\/2010\/04\/Reporter_Brasil.jpg","type":"","width":"","height":""}],"author":"inclusivenews2024","twitter_card":"summary_large_image","twitter_misc":{"Escrito por":"inclusivenews2024","Tempo estimado de leitura":"6 minutos"},"schema":{"@context":"https:\/\/schema.org","@graph":[{"@type":"Article","@id":"https:\/\/inclusivenews.com.br\/?p=19117#article","isPartOf":{"@id":"https:\/\/inclusivenews.com.br\/?p=19117"},"author":{"name":"inclusivenews2024","@id":"https:\/\/inclusivenews.com.br\/#\/schema\/person\/ae4ec7087559b8692fb33b6fffd2273b"},"headline":"&quot;Carne Osso&quot; retrata trabalho nos frigor\u00edficos brasileiros","datePublished":"2011-04-21T12:23:56+00:00","mainEntityOfPage":{"@id":"https:\/\/inclusivenews.com.br\/?p=19117"},"wordCount":1193,"commentCount":0,"publisher":{"@id":"https:\/\/inclusivenews.com.br\/#organization"},"image":{"@id":"https:\/\/inclusivenews.com.br\/?p=19117#primaryimage"},"thumbnailUrl":"http:\/\/inclusivenews.com.br\/wp-content\/uploads\/2010\/04\/Reporter_Brasil.jpg","articleSection":["DIREITOS HUMANOS","NOT\u00cdCIAS"],"inLanguage":"pt-PT","potentialAction":[{"@type":"CommentAction","name":"Comment","target":["https:\/\/inclusivenews.com.br\/?p=19117#respond"]}]},{"@type":"WebPage","@id":"https:\/\/inclusivenews.com.br\/?p=19117","url":"https:\/\/inclusivenews.com.br\/?p=19117","name":"&quot;Carne Osso&quot; retrata trabalho nos frigor\u00edficos brasileiros -","isPartOf":{"@id":"https:\/\/inclusivenews.com.br\/#website"},"primaryImageOfPage":{"@id":"https:\/\/inclusivenews.com.br\/?p=19117#primaryimage"},"image":{"@id":"https:\/\/inclusivenews.com.br\/?p=19117#primaryimage"},"thumbnailUrl":"http:\/\/inclusivenews.com.br\/wp-content\/uploads\/2010\/04\/Reporter_Brasil.jpg","datePublished":"2011-04-21T12:23:56+00:00","breadcrumb":{"@id":"https:\/\/inclusivenews.com.br\/?p=19117#breadcrumb"},"inLanguage":"pt-PT","potentialAction":[{"@type":"ReadAction","target":["https:\/\/inclusivenews.com.br\/?p=19117"]}]},{"@type":"ImageObject","inLanguage":"pt-PT","@id":"https:\/\/inclusivenews.com.br\/?p=19117#primaryimage","url":"","contentUrl":""},{"@type":"BreadcrumbList","@id":"https:\/\/inclusivenews.com.br\/?p=19117#breadcrumb","itemListElement":[{"@type":"ListItem","position":1,"name":"In\u00edcio","item":"https:\/\/inclusivenews.com.br\/"},{"@type":"ListItem","position":2,"name":"&quot;Carne Osso&quot; retrata trabalho nos frigor\u00edficos brasileiros"}]},{"@type":"WebSite","@id":"https:\/\/inclusivenews.com.br\/#website","url":"https:\/\/inclusivenews.com.br\/","name":"Inclusive News","description":"Inclusive News","publisher":{"@id":"https:\/\/inclusivenews.com.br\/#organization"},"potentialAction":[{"@type":"SearchAction","target":{"@type":"EntryPoint","urlTemplate":"https:\/\/inclusivenews.com.br\/?s={search_term_string}"},"query-input":{"@type":"PropertyValueSpecification","valueRequired":true,"valueName":"search_term_string"}}],"inLanguage":"pt-PT"},{"@type":"Organization","@id":"https:\/\/inclusivenews.com.br\/#organization","name":"Inclusive - inclus\u00e3o e cidadania","url":"https:\/\/inclusivenews.com.br\/","logo":{"@type":"ImageObject","inLanguage":"pt-PT","@id":"https:\/\/inclusivenews.com.br\/#\/schema\/logo\/image\/","url":"https:\/\/inclusivenews.com.br\/wp-content\/uploads\/2024\/03\/@grandesite.png","contentUrl":"https:\/\/inclusivenews.com.br\/wp-content\/uploads\/2024\/03\/@grandesite.png","width":1080,"height":1080,"caption":"Inclusive - inclus\u00e3o e cidadania"},"image":{"@id":"https:\/\/inclusivenews.com.br\/#\/schema\/logo\/image\/"},"sameAs":["https:\/\/www.facebook.com\/agenciainclusive\/","https:\/\/www.instagram.com\/newsinclusive\/"]},{"@type":"Person","@id":"https:\/\/inclusivenews.com.br\/#\/schema\/person\/ae4ec7087559b8692fb33b6fffd2273b","name":"inclusivenews2024","image":{"@type":"ImageObject","inLanguage":"pt-PT","@id":"https:\/\/secure.gravatar.com\/avatar\/c5a7ef84c66fa914f55bc4f7ce26cfa275a3b9a1c5568b907bd184fb4dde7b40?s=96&d=mm&r=g","url":"https:\/\/secure.gravatar.com\/avatar\/c5a7ef84c66fa914f55bc4f7ce26cfa275a3b9a1c5568b907bd184fb4dde7b40?s=96&d=mm&r=g","contentUrl":"https:\/\/secure.gravatar.com\/avatar\/c5a7ef84c66fa914f55bc4f7ce26cfa275a3b9a1c5568b907bd184fb4dde7b40?s=96&d=mm&r=g","caption":"inclusivenews2024"},"sameAs":["https:\/\/inclusivenews.com.br"],"url":"https:\/\/inclusivenews.com.br\/?author=1"}]}},"_links":{"self":[{"href":"https:\/\/inclusivenews.com.br\/index.php?rest_route=\/wp\/v2\/posts\/19117","targetHints":{"allow":["GET"]}}],"collection":[{"href":"https:\/\/inclusivenews.com.br\/index.php?rest_route=\/wp\/v2\/posts"}],"about":[{"href":"https:\/\/inclusivenews.com.br\/index.php?rest_route=\/wp\/v2\/types\/post"}],"author":[{"embeddable":true,"href":"https:\/\/inclusivenews.com.br\/index.php?rest_route=\/wp\/v2\/users\/1"}],"replies":[{"embeddable":true,"href":"https:\/\/inclusivenews.com.br\/index.php?rest_route=%2Fwp%2Fv2%2Fcomments&post=19117"}],"version-history":[{"count":0,"href":"https:\/\/inclusivenews.com.br\/index.php?rest_route=\/wp\/v2\/posts\/19117\/revisions"}],"wp:attachment":[{"href":"https:\/\/inclusivenews.com.br\/index.php?rest_route=%2Fwp%2Fv2%2Fmedia&parent=19117"}],"wp:term":[{"taxonomy":"category","embeddable":true,"href":"https:\/\/inclusivenews.com.br\/index.php?rest_route=%2Fwp%2Fv2%2Fcategories&post=19117"},{"taxonomy":"post_tag","embeddable":true,"href":"https:\/\/inclusivenews.com.br\/index.php?rest_route=%2Fwp%2Fv2%2Ftags&post=19117"}],"curies":[{"name":"wp","href":"https:\/\/api.w.org\/{rel}","templated":true}]}}