{"id":19123,"date":"2011-04-21T09:27:53","date_gmt":"2011-04-21T12:27:53","guid":{"rendered":"http:\/\/www.inclusive.org.br\/?p=19123"},"modified":"2011-04-21T09:27:53","modified_gmt":"2011-04-21T12:27:53","slug":"homicidios-de-adolescentes-em-cumprimento-de-medida-socioeducativa-de-internacao","status":"publish","type":"post","link":"https:\/\/inclusivenews.com.br\/?p=19123","title":{"rendered":"Pelo direito de viver com dignidade"},"content":{"rendered":"<p><span id=\"dnn_ctr582_ContentPane\"><span id=\"dnn_ctr582_ViewConteudo_lblTituloNoticia\"><em>A pesquisa \u00e9 parte do projeto Pelo Direito de Viver com Dignidade realizado pela Associa\u00e7\u00e3o Nacional dos Centros de Defesa da Crian\u00e7a e do Adolescente (ANCED) em parceria com a ICCO&amp;Kerk in Actie e a Secretaria de Direitos Humanos do governo federal.<\/em><span id=\"dnn_ctr582_ContentPane\"><\/p>\n<div id=\"texto_integral\">\n<figure id=\"attachment_19217\" aria-describedby=\"caption-attachment-19217\" style=\"width: 207px\" class=\"wp-caption alignleft\"><a href=\"http:\/\/www.inclusivenews.com.br\/wp-content\/uploads\/2011\/04\/imagem_capa_rel.jpg\"><img loading=\"lazy\" decoding=\"async\" class=\"size-full wp-image-19217\" title=\"Adolesc\u00eancia - Imagem da capa do relat\u00f3rio, onde quatro figuras aparecem esmaecidas\" src=\"http:\/\/inclusivenews.com.br\/wp-content\/uploads\/2011\/04\/imagem_capa_rel.jpg\" alt=\"Adolesc\u00eancia - Imagem da capa do relat\u00f3rio, onde quatro figuras aparecem esmaecidas\" width=\"207\" height=\"190\" \/><\/a><figcaption id=\"caption-attachment-19217\" class=\"wp-caption-text\"> <\/figcaption><\/figure>\n<p>A pesquisa \u201cPelo Direito de Viver com Dignidade\u201d, realizada em parceria pela Secretaria de Direitos Humanos da Presid\u00eancia da Rep\u00fablica (SDH\/PR) com a Associa\u00e7\u00e3o Nacional dos Centros de Defesa dos Direitos da Crian\u00e7a e do Adolescente (ANCED), cujos resultados aqui s\u00e3o apresentados, \u00e9 uma iniciativa in\u00e9dita e ousada, que se prop\u00f5e a abordar um tema de dif\u00edcil enfrentamento e cujas estrat\u00e9gias ainda n\u00e3o se encontram claramente definidas por parte dos poderes p\u00fablicos: o fato de que existem adolescentes v\u00edtimas de homic\u00eddio durante o cumprimento de medida socioeducativa dentro de unidades de interna\u00e7\u00e3o.<\/p>\n<p>A partir da aprova\u00e7\u00e3o da Resolu\u00e7\u00e3o n\u00ba 119\/2006 do Conselho nacional dos Direitos da Crian\u00e7a e do Adolescente (CONANDA), que instituiu o documento referencial intitulado Sistema Nacional de Atendimento Socioeducativo, foram obtidos diversos avan\u00e7os em rela\u00e7\u00e3o a essa pol\u00edtica, de natureza essencialmente intersetorial. Registramos, nesse sentido, a import\u00e2ncia do SINASE ao estabelecer, desde a formula\u00e7\u00e3o de padr\u00f5es arquitet\u00f4nicos mais adequados para as unidades de interna\u00e7\u00e3o, at\u00e9 o investimento na qualifica\u00e7\u00e3o dos programas pedag\u00f3gicos e das equipes t\u00e9cnicas que atuam junto aos adolescentes, por meio de cursos de forma\u00e7\u00e3o presenciais e \u00e0 dist\u00e2ncia, tendo em vista a garantia integral dos direitos desse segmento, bem como o respeito \u00e0 condi\u00e7\u00e3o de sujeito de direitos e em condi\u00e7\u00e3o peculiar de desenvolvimento.<\/p>\n<p>H\u00e1 ainda, todavia, muito a ser feito, uma vez que, infelizmente, n\u00e3o s\u00e3o raras as den\u00fancias de maus-tratos, condi\u00e7\u00f5es inadequadas de habita\u00e7\u00e3o, garantia da conviv\u00eancia familiar e comunit\u00e1ria e, ainda, falta de alternativas pedag\u00f3gicas para o cumprimento das medidas socioeducativas em conformidade com o que disp\u00f5e o ECA, especialmente em rela\u00e7\u00e3o aos espa\u00e7os de priva\u00e7\u00e3o de liberdade de adolescentes. Nesse sentido, reconhecendo-se os avan\u00e7os, mas tamb\u00e9m os desafios a serem enfrentados pela gest\u00e3o p\u00fablica na \u00e1rea da adolesc\u00eancia em conflito com a lei, a proposta da pesquisa ora apresentada foi, mais do que proceder a uma quantifica\u00e7\u00e3o das mortes<br \/>\nocorridas, lan\u00e7ar luzes sobre essa problem\u00e1tica, retirando da invisibilidade as v\u00edtimas dessa trag\u00e9dia. Procurou-se, outrossim, conhecer sua trajet\u00f3ria e os caminhos que as levaram a um fim t\u00e3o precoce. Desse modo, foram realizadas entrevistas com diversos sujeitos, dentre os quais familiares, atores envolvidos com o atendimento de adolescentes e at\u00e9 mesmo gestores de estabelecimentos de interna\u00e7\u00e3o. Isso, por si s\u00f3, j\u00e1 representou um grande desafio aos pesquisadores envolvidos, dado que em algumas localidades, n\u00e3o foi poss\u00edvel obter informa\u00e7\u00f5es oficiais acerca dos homic\u00eddios, indicando que o n\u00famero de mortes pode ser ainda maior.<\/p>\n<p>Se o estudo aponta uma s\u00e9rie de quest\u00f5es que se relacionam \u00e0s causas dessas mortes que ainda precisam ser mais bem aprofundadas, cumpre reconhecer tamb\u00e9m que o estudo aponta, objetivamente, para a falta de provid\u00eancias pelo poder p\u00fablico que assegurem a integridade f\u00edsica e psicol\u00f3gica dos internos de sistemas de meio fechado como uma das causas mais relevantes. Da\u00ed a necessidade de ado\u00e7\u00e3o de medidas mais contundentes voltadas ao enfrentamento de situa\u00e7\u00f5es como a superlota\u00e7\u00e3o de unidades de interna\u00e7\u00e3o, posto que alguns bizarros resultados dessas situa\u00e7\u00f5es s\u00e3o, via de regra, conflitos, precariza\u00e7\u00e3o do atendimento (inclusive com preju\u00edzo \u00e0s atividades de pedag\u00f3gicas, de educa\u00e7\u00e3o, sa\u00fade, cultura e lazer) e mortes. Vivemos um momento em que diversas pesquisas apontam para o crescimento da letalidade entre adolescentes e jovens brasileiros \u2013 o Mapa da Viol\u00eancia 2011 informa que mais de 60% das mortes na popula\u00e7\u00e3o jovem (15 a 24 anos) s\u00e3o por causas violentas, e dessas, quase 40% s\u00e3o homic\u00eddios. Os dados do \u00edndice de Homic\u00eddios na Adolesc\u00eancia, por outro lado, avaliou 267 munic\u00edpios do Brasil com mais de 100 mil habitantes e chegou a um progn\u00f3stico alarmante de que o n\u00famero de adolescentes de 12 a 18 anos assassinados entre 2006 e 2012 ultrapasse a marca de 33 mil mortos.<\/p>\n<p>Nesse diapas\u00e3o, o presente trabalho contribui para a formula\u00e7\u00e3o de uma pol\u00edtica ampla de enfrentamento da viol\u00eancia letal. Essa deve levar em considera\u00e7\u00e3o os adolescentes privados de liberdade e que se encontram sob a tutela estatal, j\u00e1 marcados por uma trajet\u00f3ria de vida de viola\u00e7\u00f5es de direitos. Da\u00ed porque necess\u00e1rias se fazem a\u00e7\u00f5es de efetivo enfrentamento, que contemplem a dimens\u00e3o da responsabiliza\u00e7\u00e3o de gestores pelas mortes ocorridas e estrat\u00e9gias de preven\u00e7\u00e3o de novas v\u00edtimas. Busca-se, assim, garantir o direito de cada adolescente \u00e0 sua integridade f\u00edsica e emocional, e para que a a\u00e7\u00e3o de responsabiliza\u00e7\u00e3o dos adolescentes por atos infracionais cometidos seja um processo que marque o in\u00edcio de uma nova trajet\u00f3ria de vida, mais saud\u00e1vel, emancipat\u00f3ria e repleta de perspectivas.<\/p>\n<p>Carmen Silveira de Oliveira<br \/>\nSecret\u00e1ria Nacional de Promo\u00e7\u00e3o dos Direitos da Crian\u00e7a e do Adolescente<\/p>\n<p><span id=\"dnn_ctr582_ViewConteudo_lblTextoNoticia\"><span style=\"font-size: x-small;\"><a href=\"http:\/\/www.promenino.org.br\/Portals\/0\/relatorio%20homicidio.PDF\"><span style=\"font-size: x-small;\">Fa\u00e7a download do relat\u00f3rio na \u00edntegra neste link.<\/span><\/a> <\/span><\/span><\/p>\n<\/div>\n<p><\/span><\/span><\/span><\/p>\n","protected":false},"excerpt":{"rendered":"<p>A pesquisa \u00e9 parte do projeto Pelo Direito de Viver com Dignidade realizado pela Associa\u00e7\u00e3o Nacional dos Centros de Defesa da Crian\u00e7a e do Adolescente (ANCED) em parceria com a ICCO&#038;Kerk in Actie e a Secretaria de Direitos Humanos do governo federal.<\/p>\n","protected":false},"author":1,"featured_media":0,"comment_status":"open","ping_status":"open","sticky":false,"template":"","format":"standard","meta":{"site-container-style":"default","site-container-layout":"default","site-sidebar-layout":"default","disable-article-header":"default","disable-site-header":"default","disable-site-footer":"default","disable-content-area-spacing":"default","footnotes":""},"categories":[11,52,4,10,117],"tags":[60,159,94],"class_list":["post-19123","post","type-post","status-publish","format-standard","hentry","category-direitos-humanos","category-downloadables","category-noticias","category-publicacoes","category-relatorios","tag-infancia","tag-juventude","tag-violencia"],"yoast_head":"<!-- This site is optimized with the Yoast SEO plugin v27.4 - https:\/\/yoast.com\/product\/yoast-seo-wordpress\/ -->\n<title>Pelo direito de viver com dignidade -<\/title>\n<meta name=\"robots\" content=\"index, follow, max-snippet:-1, max-image-preview:large, max-video-preview:-1\" \/>\n<link rel=\"canonical\" href=\"https:\/\/inclusivenews.com.br\/?p=19123\" \/>\n<meta property=\"og:locale\" content=\"pt_PT\" \/>\n<meta property=\"og:type\" content=\"article\" \/>\n<meta property=\"og:title\" content=\"Pelo direito de viver com dignidade -\" \/>\n<meta property=\"og:description\" content=\"A pesquisa \u00e9 parte do projeto Pelo Direito de Viver com Dignidade realizado pela Associa\u00e7\u00e3o Nacional dos Centros de Defesa da Crian\u00e7a e do Adolescente (ANCED) em parceria com a ICCO&amp;Kerk in Actie e a Secretaria de Direitos Humanos do governo federal.\" \/>\n<meta property=\"og:url\" content=\"https:\/\/inclusivenews.com.br\/?p=19123\" \/>\n<meta property=\"article:publisher\" content=\"https:\/\/www.facebook.com\/agenciainclusive\/\" \/>\n<meta property=\"article:published_time\" content=\"2011-04-21T12:27:53+00:00\" \/>\n<meta property=\"og:image\" content=\"http:\/\/inclusivenews.com.br\/wp-content\/uploads\/2011\/04\/imagem_capa_rel.jpg\" \/>\n<meta name=\"author\" content=\"inclusivenews2024\" \/>\n<meta name=\"twitter:card\" content=\"summary_large_image\" \/>\n<meta name=\"twitter:label1\" content=\"Escrito por\" \/>\n\t<meta name=\"twitter:data1\" content=\"inclusivenews2024\" \/>\n\t<meta name=\"twitter:label2\" content=\"Tempo estimado de leitura\" \/>\n\t<meta name=\"twitter:data2\" content=\"5 minutos\" \/>\n<script type=\"application\/ld+json\" class=\"yoast-schema-graph\">{\"@context\":\"https:\\\/\\\/schema.org\",\"@graph\":[{\"@type\":\"Article\",\"@id\":\"https:\\\/\\\/inclusivenews.com.br\\\/?p=19123#article\",\"isPartOf\":{\"@id\":\"https:\\\/\\\/inclusivenews.com.br\\\/?p=19123\"},\"author\":{\"name\":\"inclusivenews2024\",\"@id\":\"https:\\\/\\\/inclusivenews.com.br\\\/#\\\/schema\\\/person\\\/ae4ec7087559b8692fb33b6fffd2273b\"},\"headline\":\"Pelo direito de viver com dignidade\",\"datePublished\":\"2011-04-21T12:27:53+00:00\",\"mainEntityOfPage\":{\"@id\":\"https:\\\/\\\/inclusivenews.com.br\\\/?p=19123\"},\"wordCount\":911,\"commentCount\":0,\"publisher\":{\"@id\":\"https:\\\/\\\/inclusivenews.com.br\\\/#organization\"},\"image\":{\"@id\":\"https:\\\/\\\/inclusivenews.com.br\\\/?p=19123#primaryimage\"},\"thumbnailUrl\":\"http:\\\/\\\/inclusivenews.com.br\\\/wp-content\\\/uploads\\\/2011\\\/04\\\/imagem_capa_rel.jpg\",\"keywords\":[\"Inf\u00e2ncia\",\"Juventude\",\"Viol\u00eancia\"],\"articleSection\":[\"DIREITOS HUMANOS\",\"Downloadables\",\"NOT\u00cdCIAS\",\"PUBLICA\u00c7\u00d5ES\",\"Relat\u00f3rios\"],\"inLanguage\":\"pt-PT\",\"potentialAction\":[{\"@type\":\"CommentAction\",\"name\":\"Comment\",\"target\":[\"https:\\\/\\\/inclusivenews.com.br\\\/?p=19123#respond\"]}]},{\"@type\":\"WebPage\",\"@id\":\"https:\\\/\\\/inclusivenews.com.br\\\/?p=19123\",\"url\":\"https:\\\/\\\/inclusivenews.com.br\\\/?p=19123\",\"name\":\"Pelo direito de viver com dignidade -\",\"isPartOf\":{\"@id\":\"https:\\\/\\\/inclusivenews.com.br\\\/#website\"},\"primaryImageOfPage\":{\"@id\":\"https:\\\/\\\/inclusivenews.com.br\\\/?p=19123#primaryimage\"},\"image\":{\"@id\":\"https:\\\/\\\/inclusivenews.com.br\\\/?p=19123#primaryimage\"},\"thumbnailUrl\":\"http:\\\/\\\/inclusivenews.com.br\\\/wp-content\\\/uploads\\\/2011\\\/04\\\/imagem_capa_rel.jpg\",\"datePublished\":\"2011-04-21T12:27:53+00:00\",\"breadcrumb\":{\"@id\":\"https:\\\/\\\/inclusivenews.com.br\\\/?p=19123#breadcrumb\"},\"inLanguage\":\"pt-PT\",\"potentialAction\":[{\"@type\":\"ReadAction\",\"target\":[\"https:\\\/\\\/inclusivenews.com.br\\\/?p=19123\"]}]},{\"@type\":\"ImageObject\",\"inLanguage\":\"pt-PT\",\"@id\":\"https:\\\/\\\/inclusivenews.com.br\\\/?p=19123#primaryimage\",\"url\":\"\",\"contentUrl\":\"\"},{\"@type\":\"BreadcrumbList\",\"@id\":\"https:\\\/\\\/inclusivenews.com.br\\\/?p=19123#breadcrumb\",\"itemListElement\":[{\"@type\":\"ListItem\",\"position\":1,\"name\":\"In\u00edcio\",\"item\":\"https:\\\/\\\/inclusivenews.com.br\\\/\"},{\"@type\":\"ListItem\",\"position\":2,\"name\":\"Pelo direito de viver com dignidade\"}]},{\"@type\":\"WebSite\",\"@id\":\"https:\\\/\\\/inclusivenews.com.br\\\/#website\",\"url\":\"https:\\\/\\\/inclusivenews.com.br\\\/\",\"name\":\"Inclusive News\",\"description\":\"Inclusive News\",\"publisher\":{\"@id\":\"https:\\\/\\\/inclusivenews.com.br\\\/#organization\"},\"potentialAction\":[{\"@type\":\"SearchAction\",\"target\":{\"@type\":\"EntryPoint\",\"urlTemplate\":\"https:\\\/\\\/inclusivenews.com.br\\\/?s={search_term_string}\"},\"query-input\":{\"@type\":\"PropertyValueSpecification\",\"valueRequired\":true,\"valueName\":\"search_term_string\"}}],\"inLanguage\":\"pt-PT\"},{\"@type\":\"Organization\",\"@id\":\"https:\\\/\\\/inclusivenews.com.br\\\/#organization\",\"name\":\"Inclusive - inclus\u00e3o e cidadania\",\"url\":\"https:\\\/\\\/inclusivenews.com.br\\\/\",\"logo\":{\"@type\":\"ImageObject\",\"inLanguage\":\"pt-PT\",\"@id\":\"https:\\\/\\\/inclusivenews.com.br\\\/#\\\/schema\\\/logo\\\/image\\\/\",\"url\":\"https:\\\/\\\/inclusivenews.com.br\\\/wp-content\\\/uploads\\\/2024\\\/03\\\/@grandesite.png\",\"contentUrl\":\"https:\\\/\\\/inclusivenews.com.br\\\/wp-content\\\/uploads\\\/2024\\\/03\\\/@grandesite.png\",\"width\":1080,\"height\":1080,\"caption\":\"Inclusive - inclus\u00e3o e cidadania\"},\"image\":{\"@id\":\"https:\\\/\\\/inclusivenews.com.br\\\/#\\\/schema\\\/logo\\\/image\\\/\"},\"sameAs\":[\"https:\\\/\\\/www.facebook.com\\\/agenciainclusive\\\/\",\"https:\\\/\\\/www.instagram.com\\\/newsinclusive\\\/\"]},{\"@type\":\"Person\",\"@id\":\"https:\\\/\\\/inclusivenews.com.br\\\/#\\\/schema\\\/person\\\/ae4ec7087559b8692fb33b6fffd2273b\",\"name\":\"inclusivenews2024\",\"image\":{\"@type\":\"ImageObject\",\"inLanguage\":\"pt-PT\",\"@id\":\"https:\\\/\\\/secure.gravatar.com\\\/avatar\\\/c5a7ef84c66fa914f55bc4f7ce26cfa275a3b9a1c5568b907bd184fb4dde7b40?s=96&d=mm&r=g\",\"url\":\"https:\\\/\\\/secure.gravatar.com\\\/avatar\\\/c5a7ef84c66fa914f55bc4f7ce26cfa275a3b9a1c5568b907bd184fb4dde7b40?s=96&d=mm&r=g\",\"contentUrl\":\"https:\\\/\\\/secure.gravatar.com\\\/avatar\\\/c5a7ef84c66fa914f55bc4f7ce26cfa275a3b9a1c5568b907bd184fb4dde7b40?s=96&d=mm&r=g\",\"caption\":\"inclusivenews2024\"},\"sameAs\":[\"https:\\\/\\\/inclusivenews.com.br\"],\"url\":\"https:\\\/\\\/inclusivenews.com.br\\\/?author=1\"}]}<\/script>\n<!-- \/ Yoast SEO plugin. -->","yoast_head_json":{"title":"Pelo direito de viver com dignidade -","robots":{"index":"index","follow":"follow","max-snippet":"max-snippet:-1","max-image-preview":"max-image-preview:large","max-video-preview":"max-video-preview:-1"},"canonical":"https:\/\/inclusivenews.com.br\/?p=19123","og_locale":"pt_PT","og_type":"article","og_title":"Pelo direito de viver com dignidade -","og_description":"A pesquisa \u00e9 parte do projeto Pelo Direito de Viver com Dignidade realizado pela Associa\u00e7\u00e3o Nacional dos Centros de Defesa da Crian\u00e7a e do Adolescente (ANCED) em parceria com a ICCO&Kerk in Actie e a Secretaria de Direitos Humanos do governo federal.","og_url":"https:\/\/inclusivenews.com.br\/?p=19123","article_publisher":"https:\/\/www.facebook.com\/agenciainclusive\/","article_published_time":"2011-04-21T12:27:53+00:00","og_image":[{"url":"http:\/\/inclusivenews.com.br\/wp-content\/uploads\/2011\/04\/imagem_capa_rel.jpg","type":"","width":"","height":""}],"author":"inclusivenews2024","twitter_card":"summary_large_image","twitter_misc":{"Escrito por":"inclusivenews2024","Tempo estimado de leitura":"5 minutos"},"schema":{"@context":"https:\/\/schema.org","@graph":[{"@type":"Article","@id":"https:\/\/inclusivenews.com.br\/?p=19123#article","isPartOf":{"@id":"https:\/\/inclusivenews.com.br\/?p=19123"},"author":{"name":"inclusivenews2024","@id":"https:\/\/inclusivenews.com.br\/#\/schema\/person\/ae4ec7087559b8692fb33b6fffd2273b"},"headline":"Pelo direito de viver com dignidade","datePublished":"2011-04-21T12:27:53+00:00","mainEntityOfPage":{"@id":"https:\/\/inclusivenews.com.br\/?p=19123"},"wordCount":911,"commentCount":0,"publisher":{"@id":"https:\/\/inclusivenews.com.br\/#organization"},"image":{"@id":"https:\/\/inclusivenews.com.br\/?p=19123#primaryimage"},"thumbnailUrl":"http:\/\/inclusivenews.com.br\/wp-content\/uploads\/2011\/04\/imagem_capa_rel.jpg","keywords":["Inf\u00e2ncia","Juventude","Viol\u00eancia"],"articleSection":["DIREITOS HUMANOS","Downloadables","NOT\u00cdCIAS","PUBLICA\u00c7\u00d5ES","Relat\u00f3rios"],"inLanguage":"pt-PT","potentialAction":[{"@type":"CommentAction","name":"Comment","target":["https:\/\/inclusivenews.com.br\/?p=19123#respond"]}]},{"@type":"WebPage","@id":"https:\/\/inclusivenews.com.br\/?p=19123","url":"https:\/\/inclusivenews.com.br\/?p=19123","name":"Pelo direito de viver com dignidade -","isPartOf":{"@id":"https:\/\/inclusivenews.com.br\/#website"},"primaryImageOfPage":{"@id":"https:\/\/inclusivenews.com.br\/?p=19123#primaryimage"},"image":{"@id":"https:\/\/inclusivenews.com.br\/?p=19123#primaryimage"},"thumbnailUrl":"http:\/\/inclusivenews.com.br\/wp-content\/uploads\/2011\/04\/imagem_capa_rel.jpg","datePublished":"2011-04-21T12:27:53+00:00","breadcrumb":{"@id":"https:\/\/inclusivenews.com.br\/?p=19123#breadcrumb"},"inLanguage":"pt-PT","potentialAction":[{"@type":"ReadAction","target":["https:\/\/inclusivenews.com.br\/?p=19123"]}]},{"@type":"ImageObject","inLanguage":"pt-PT","@id":"https:\/\/inclusivenews.com.br\/?p=19123#primaryimage","url":"","contentUrl":""},{"@type":"BreadcrumbList","@id":"https:\/\/inclusivenews.com.br\/?p=19123#breadcrumb","itemListElement":[{"@type":"ListItem","position":1,"name":"In\u00edcio","item":"https:\/\/inclusivenews.com.br\/"},{"@type":"ListItem","position":2,"name":"Pelo direito de viver com dignidade"}]},{"@type":"WebSite","@id":"https:\/\/inclusivenews.com.br\/#website","url":"https:\/\/inclusivenews.com.br\/","name":"Inclusive News","description":"Inclusive News","publisher":{"@id":"https:\/\/inclusivenews.com.br\/#organization"},"potentialAction":[{"@type":"SearchAction","target":{"@type":"EntryPoint","urlTemplate":"https:\/\/inclusivenews.com.br\/?s={search_term_string}"},"query-input":{"@type":"PropertyValueSpecification","valueRequired":true,"valueName":"search_term_string"}}],"inLanguage":"pt-PT"},{"@type":"Organization","@id":"https:\/\/inclusivenews.com.br\/#organization","name":"Inclusive - inclus\u00e3o e cidadania","url":"https:\/\/inclusivenews.com.br\/","logo":{"@type":"ImageObject","inLanguage":"pt-PT","@id":"https:\/\/inclusivenews.com.br\/#\/schema\/logo\/image\/","url":"https:\/\/inclusivenews.com.br\/wp-content\/uploads\/2024\/03\/@grandesite.png","contentUrl":"https:\/\/inclusivenews.com.br\/wp-content\/uploads\/2024\/03\/@grandesite.png","width":1080,"height":1080,"caption":"Inclusive - inclus\u00e3o e cidadania"},"image":{"@id":"https:\/\/inclusivenews.com.br\/#\/schema\/logo\/image\/"},"sameAs":["https:\/\/www.facebook.com\/agenciainclusive\/","https:\/\/www.instagram.com\/newsinclusive\/"]},{"@type":"Person","@id":"https:\/\/inclusivenews.com.br\/#\/schema\/person\/ae4ec7087559b8692fb33b6fffd2273b","name":"inclusivenews2024","image":{"@type":"ImageObject","inLanguage":"pt-PT","@id":"https:\/\/secure.gravatar.com\/avatar\/c5a7ef84c66fa914f55bc4f7ce26cfa275a3b9a1c5568b907bd184fb4dde7b40?s=96&d=mm&r=g","url":"https:\/\/secure.gravatar.com\/avatar\/c5a7ef84c66fa914f55bc4f7ce26cfa275a3b9a1c5568b907bd184fb4dde7b40?s=96&d=mm&r=g","contentUrl":"https:\/\/secure.gravatar.com\/avatar\/c5a7ef84c66fa914f55bc4f7ce26cfa275a3b9a1c5568b907bd184fb4dde7b40?s=96&d=mm&r=g","caption":"inclusivenews2024"},"sameAs":["https:\/\/inclusivenews.com.br"],"url":"https:\/\/inclusivenews.com.br\/?author=1"}]}},"_links":{"self":[{"href":"https:\/\/inclusivenews.com.br\/index.php?rest_route=\/wp\/v2\/posts\/19123","targetHints":{"allow":["GET"]}}],"collection":[{"href":"https:\/\/inclusivenews.com.br\/index.php?rest_route=\/wp\/v2\/posts"}],"about":[{"href":"https:\/\/inclusivenews.com.br\/index.php?rest_route=\/wp\/v2\/types\/post"}],"author":[{"embeddable":true,"href":"https:\/\/inclusivenews.com.br\/index.php?rest_route=\/wp\/v2\/users\/1"}],"replies":[{"embeddable":true,"href":"https:\/\/inclusivenews.com.br\/index.php?rest_route=%2Fwp%2Fv2%2Fcomments&post=19123"}],"version-history":[{"count":0,"href":"https:\/\/inclusivenews.com.br\/index.php?rest_route=\/wp\/v2\/posts\/19123\/revisions"}],"wp:attachment":[{"href":"https:\/\/inclusivenews.com.br\/index.php?rest_route=%2Fwp%2Fv2%2Fmedia&parent=19123"}],"wp:term":[{"taxonomy":"category","embeddable":true,"href":"https:\/\/inclusivenews.com.br\/index.php?rest_route=%2Fwp%2Fv2%2Fcategories&post=19123"},{"taxonomy":"post_tag","embeddable":true,"href":"https:\/\/inclusivenews.com.br\/index.php?rest_route=%2Fwp%2Fv2%2Ftags&post=19123"}],"curies":[{"name":"wp","href":"https:\/\/api.w.org\/{rel}","templated":true}]}}