{"id":19125,"date":"2011-04-14T15:27:50","date_gmt":"2011-04-14T18:27:50","guid":{"rendered":"http:\/\/www.inclusive.org.br\/?p=19125"},"modified":"2011-04-14T15:27:50","modified_gmt":"2011-04-14T18:27:50","slug":"criancas-e-adolescentes-em-situacao-de-rua","status":"publish","type":"post","link":"https:\/\/inclusivenews.com.br\/?p=19125","title":{"rendered":"Crian\u00e7as e adolescentes em situa\u00e7\u00e3o de rua"},"content":{"rendered":"<p><span id=\"dnn_ctr582_ContentPane\"><\/p>\n<div id=\"texto_integral\">\n<p><span id=\"dnn_ctr582_ViewConteudo_lblTextoNoticia\"><span style=\"font-size: x-small;\"><\/p>\n<figure style=\"width: 277px\" class=\"wp-caption alignleft\"><img loading=\"lazy\" decoding=\"async\" class=\" \" title=\"Menino dormindo na rua\" src=\"http:\/\/2.bp.blogspot.com\/_4DQlmijVUSM\/TVLN4iPt6HI\/AAAAAAAAAWE\/17Zfe0EOUsw\/s400\/menino_da_rua.jpg\" alt=\"Menino dormindo na rua\" width=\"277\" height=\"180\" \/><figcaption class=\"wp-caption-text\"> <\/figcaption><\/figure>\n<p>Conhe\u00e7a a <span id=\"dnn_ctr582_ViewConteudo_lblTextoNoticia\"><span style=\"font-size: x-small;\">Pesquisa Censit\u00e1ria Nacional sobre Crian\u00e7as e Adolescentes em Situa\u00e7\u00e3o de Rua<\/span><\/span><span id=\"dnn_ctr582_ViewConteudo_lblTextoNoticia\"><span style=\"font-size: x-small;\">, lan\u00e7ada em 2011\u00a0e realizada pela Secretaria de Direitos Humanos da Presid\u00eancia da Rep\u00fablica (SDH) atrav\u00e9s de conv\u00eanio com o Instituto de Desenvolvimento Sustent\u00e1vel (IDEST).<\/span><\/span><\/p>\n<p><\/span><\/span><\/p>\n<\/div>\n<div id=\"texto_integral\">O levantamento foi realizado a partir de um conv\u00eanio entre a Secretaria de Direitos Humanos da Presid\u00eancia da Rep\u00fablica (SDH) e o Instituto de Desenvolvimento Sustent\u00e1vel (IDEST). O Instituto de Pesquisa Meta foi selecionado, atrav\u00e9s de licita\u00e7\u00e3o, para a execu\u00e7\u00e3o do trabalho.<\/div>\n<div>Esta investiga\u00e7\u00e3o \u00e9 decorr\u00eancia da iniciativa da Secretaria de Direitos Humanos e dos movimentos sociais que atuam com esta popula\u00e7\u00e3o visando a elabora\u00e7\u00e3o de estrat\u00e9gias para a formula\u00e7\u00e3o de pol\u00edticas p\u00fablicas dirigidas para este segmento populacional.<\/div>\n<p><\/span><\/p>\n<p>O levantamento foi realizado 75 cidades de todo o pa\u00eds, abrangendo todas as capitais e cidades com popula\u00e7\u00e3o superior a 300 mil habitantes (conforme dados do DATASUS do ano de 2004).<\/p>\n<p>Em todas as cidades selecionadas foi realizado um censo, atrav\u00e9s da aplica\u00e7\u00e3o de um question\u00e1rio reduzido (18 perguntas), e uma pesquisa amostral, que investigou um conjunto mais amplo de quest\u00f5es (60 perguntas).     \u0097O per\u00edodo de\u00a0 realiza\u00e7\u00e3o da coleta de dados foi de 10 maio a 30 de junho de 2010.<\/p>\n<p><a href=\"http:\/\/www.promenino.org.br\/Portals\/0\/Apresenta\u00e7\u00e3o%20Pesquisa%20Censit\u00e1ria%20Nacional%20sobre%20Crian\u00e7as%20e%20Adolescentes%20em%20Situa\u00e7\u00e3o%20de%20Rua%20Mar\u00e7o%202011.ppt\">Fa\u00e7a download da apresenta\u00e7\u00e3o dos dados neste link. <\/a><\/p>\n<p>_______________<\/p>\n<p><strong>Fonte:<\/strong> <a href=\"http:\/\/www.promenino.org.br\/\">Pr\u00f3 Menino<\/a><\/p>\n","protected":false},"excerpt":{"rendered":"<p>Conhe\u00e7a a Pesquisa Censit\u00e1ria Nacional sobre Crian\u00e7as e Adolescentes em Situa\u00e7\u00e3o de Rua, lan\u00e7ada em 2011 e realizada pela Secretaria de Direitos Humanos da Presid\u00eancia da Rep\u00fablica (SDH) atrav\u00e9s de conv\u00eanio com o Instituto de Desenvolvimento Sustent\u00e1vel (IDEST).<\/p>\n","protected":false},"author":1,"featured_media":0,"comment_status":"open","ping_status":"open","sticky":false,"template":"","format":"standard","meta":{"site-container-style":"default","site-container-layout":"default","site-sidebar-layout":"default","disable-article-header":"default","disable-site-header":"default","disable-site-footer":"default","disable-content-area-spacing":"default","footnotes":""},"categories":[4],"tags":[60],"class_list":["post-19125","post","type-post","status-publish","format-standard","hentry","category-noticias","tag-infancia"],"yoast_head":"<!-- This site is optimized with the Yoast SEO plugin v27.4 - https:\/\/yoast.com\/product\/yoast-seo-wordpress\/ -->\n<title>Crian\u00e7as e adolescentes em situa\u00e7\u00e3o de rua -<\/title>\n<meta name=\"robots\" content=\"index, follow, max-snippet:-1, max-image-preview:large, max-video-preview:-1\" \/>\n<link rel=\"canonical\" href=\"https:\/\/inclusivenews.com.br\/?p=19125\" \/>\n<meta property=\"og:locale\" content=\"pt_PT\" \/>\n<meta property=\"og:type\" content=\"article\" \/>\n<meta property=\"og:title\" content=\"Crian\u00e7as e adolescentes em situa\u00e7\u00e3o de rua -\" \/>\n<meta property=\"og:description\" content=\"Conhe\u00e7a a Pesquisa Censit\u00e1ria Nacional sobre Crian\u00e7as e Adolescentes em Situa\u00e7\u00e3o de Rua, lan\u00e7ada em 2011 e realizada pela Secretaria de Direitos Humanos da Presid\u00eancia da Rep\u00fablica (SDH) atrav\u00e9s de conv\u00eanio com o Instituto de Desenvolvimento Sustent\u00e1vel (IDEST).\" \/>\n<meta property=\"og:url\" content=\"https:\/\/inclusivenews.com.br\/?p=19125\" \/>\n<meta property=\"article:publisher\" content=\"https:\/\/www.facebook.com\/agenciainclusive\/\" \/>\n<meta property=\"article:published_time\" content=\"2011-04-14T18:27:50+00:00\" \/>\n<meta property=\"og:image\" content=\"http:\/\/2.bp.blogspot.com\/_4DQlmijVUSM\/TVLN4iPt6HI\/AAAAAAAAAWE\/17Zfe0EOUsw\/s400\/menino_da_rua.jpg\" \/>\n<meta name=\"author\" content=\"inclusivenews2024\" \/>\n<meta name=\"twitter:card\" content=\"summary_large_image\" \/>\n<meta name=\"twitter:label1\" content=\"Escrito por\" \/>\n\t<meta name=\"twitter:data1\" content=\"inclusivenews2024\" \/>\n\t<meta name=\"twitter:label2\" content=\"Tempo estimado de leitura\" \/>\n\t<meta name=\"twitter:data2\" content=\"1 minuto\" \/>\n<script type=\"application\/ld+json\" class=\"yoast-schema-graph\">{\"@context\":\"https:\\\/\\\/schema.org\",\"@graph\":[{\"@type\":\"Article\",\"@id\":\"https:\\\/\\\/inclusivenews.com.br\\\/?p=19125#article\",\"isPartOf\":{\"@id\":\"https:\\\/\\\/inclusivenews.com.br\\\/?p=19125\"},\"author\":{\"name\":\"inclusivenews2024\",\"@id\":\"https:\\\/\\\/inclusivenews.com.br\\\/#\\\/schema\\\/person\\\/ae4ec7087559b8692fb33b6fffd2273b\"},\"headline\":\"Crian\u00e7as e adolescentes em situa\u00e7\u00e3o de rua\",\"datePublished\":\"2011-04-14T18:27:50+00:00\",\"mainEntityOfPage\":{\"@id\":\"https:\\\/\\\/inclusivenews.com.br\\\/?p=19125\"},\"wordCount\":249,\"commentCount\":0,\"publisher\":{\"@id\":\"https:\\\/\\\/inclusivenews.com.br\\\/#organization\"},\"image\":{\"@id\":\"https:\\\/\\\/inclusivenews.com.br\\\/?p=19125#primaryimage\"},\"thumbnailUrl\":\"http:\\\/\\\/2.bp.blogspot.com\\\/_4DQlmijVUSM\\\/TVLN4iPt6HI\\\/AAAAAAAAAWE\\\/17Zfe0EOUsw\\\/s400\\\/menino_da_rua.jpg\",\"keywords\":[\"Inf\u00e2ncia\"],\"articleSection\":[\"NOT\u00cdCIAS\"],\"inLanguage\":\"pt-PT\",\"potentialAction\":[{\"@type\":\"CommentAction\",\"name\":\"Comment\",\"target\":[\"https:\\\/\\\/inclusivenews.com.br\\\/?p=19125#respond\"]}]},{\"@type\":\"WebPage\",\"@id\":\"https:\\\/\\\/inclusivenews.com.br\\\/?p=19125\",\"url\":\"https:\\\/\\\/inclusivenews.com.br\\\/?p=19125\",\"name\":\"Crian\u00e7as e adolescentes em situa\u00e7\u00e3o de rua -\",\"isPartOf\":{\"@id\":\"https:\\\/\\\/inclusivenews.com.br\\\/#website\"},\"primaryImageOfPage\":{\"@id\":\"https:\\\/\\\/inclusivenews.com.br\\\/?p=19125#primaryimage\"},\"image\":{\"@id\":\"https:\\\/\\\/inclusivenews.com.br\\\/?p=19125#primaryimage\"},\"thumbnailUrl\":\"http:\\\/\\\/2.bp.blogspot.com\\\/_4DQlmijVUSM\\\/TVLN4iPt6HI\\\/AAAAAAAAAWE\\\/17Zfe0EOUsw\\\/s400\\\/menino_da_rua.jpg\",\"datePublished\":\"2011-04-14T18:27:50+00:00\",\"breadcrumb\":{\"@id\":\"https:\\\/\\\/inclusivenews.com.br\\\/?p=19125#breadcrumb\"},\"inLanguage\":\"pt-PT\",\"potentialAction\":[{\"@type\":\"ReadAction\",\"target\":[\"https:\\\/\\\/inclusivenews.com.br\\\/?p=19125\"]}]},{\"@type\":\"ImageObject\",\"inLanguage\":\"pt-PT\",\"@id\":\"https:\\\/\\\/inclusivenews.com.br\\\/?p=19125#primaryimage\",\"url\":\"http:\\\/\\\/2.bp.blogspot.com\\\/_4DQlmijVUSM\\\/TVLN4iPt6HI\\\/AAAAAAAAAWE\\\/17Zfe0EOUsw\\\/s400\\\/menino_da_rua.jpg\",\"contentUrl\":\"http:\\\/\\\/2.bp.blogspot.com\\\/_4DQlmijVUSM\\\/TVLN4iPt6HI\\\/AAAAAAAAAWE\\\/17Zfe0EOUsw\\\/s400\\\/menino_da_rua.jpg\"},{\"@type\":\"BreadcrumbList\",\"@id\":\"https:\\\/\\\/inclusivenews.com.br\\\/?p=19125#breadcrumb\",\"itemListElement\":[{\"@type\":\"ListItem\",\"position\":1,\"name\":\"In\u00edcio\",\"item\":\"https:\\\/\\\/inclusivenews.com.br\\\/\"},{\"@type\":\"ListItem\",\"position\":2,\"name\":\"Crian\u00e7as e adolescentes em situa\u00e7\u00e3o de rua\"}]},{\"@type\":\"WebSite\",\"@id\":\"https:\\\/\\\/inclusivenews.com.br\\\/#website\",\"url\":\"https:\\\/\\\/inclusivenews.com.br\\\/\",\"name\":\"Inclusive News\",\"description\":\"Inclusive News\",\"publisher\":{\"@id\":\"https:\\\/\\\/inclusivenews.com.br\\\/#organization\"},\"potentialAction\":[{\"@type\":\"SearchAction\",\"target\":{\"@type\":\"EntryPoint\",\"urlTemplate\":\"https:\\\/\\\/inclusivenews.com.br\\\/?s={search_term_string}\"},\"query-input\":{\"@type\":\"PropertyValueSpecification\",\"valueRequired\":true,\"valueName\":\"search_term_string\"}}],\"inLanguage\":\"pt-PT\"},{\"@type\":\"Organization\",\"@id\":\"https:\\\/\\\/inclusivenews.com.br\\\/#organization\",\"name\":\"Inclusive - inclus\u00e3o e cidadania\",\"url\":\"https:\\\/\\\/inclusivenews.com.br\\\/\",\"logo\":{\"@type\":\"ImageObject\",\"inLanguage\":\"pt-PT\",\"@id\":\"https:\\\/\\\/inclusivenews.com.br\\\/#\\\/schema\\\/logo\\\/image\\\/\",\"url\":\"https:\\\/\\\/inclusivenews.com.br\\\/wp-content\\\/uploads\\\/2024\\\/03\\\/@grandesite.png\",\"contentUrl\":\"https:\\\/\\\/inclusivenews.com.br\\\/wp-content\\\/uploads\\\/2024\\\/03\\\/@grandesite.png\",\"width\":1080,\"height\":1080,\"caption\":\"Inclusive - inclus\u00e3o e cidadania\"},\"image\":{\"@id\":\"https:\\\/\\\/inclusivenews.com.br\\\/#\\\/schema\\\/logo\\\/image\\\/\"},\"sameAs\":[\"https:\\\/\\\/www.facebook.com\\\/agenciainclusive\\\/\",\"https:\\\/\\\/www.instagram.com\\\/newsinclusive\\\/\"]},{\"@type\":\"Person\",\"@id\":\"https:\\\/\\\/inclusivenews.com.br\\\/#\\\/schema\\\/person\\\/ae4ec7087559b8692fb33b6fffd2273b\",\"name\":\"inclusivenews2024\",\"image\":{\"@type\":\"ImageObject\",\"inLanguage\":\"pt-PT\",\"@id\":\"https:\\\/\\\/secure.gravatar.com\\\/avatar\\\/c5a7ef84c66fa914f55bc4f7ce26cfa275a3b9a1c5568b907bd184fb4dde7b40?s=96&d=mm&r=g\",\"url\":\"https:\\\/\\\/secure.gravatar.com\\\/avatar\\\/c5a7ef84c66fa914f55bc4f7ce26cfa275a3b9a1c5568b907bd184fb4dde7b40?s=96&d=mm&r=g\",\"contentUrl\":\"https:\\\/\\\/secure.gravatar.com\\\/avatar\\\/c5a7ef84c66fa914f55bc4f7ce26cfa275a3b9a1c5568b907bd184fb4dde7b40?s=96&d=mm&r=g\",\"caption\":\"inclusivenews2024\"},\"sameAs\":[\"https:\\\/\\\/inclusivenews.com.br\"],\"url\":\"https:\\\/\\\/inclusivenews.com.br\\\/?author=1\"}]}<\/script>\n<!-- \/ Yoast SEO plugin. -->","yoast_head_json":{"title":"Crian\u00e7as e adolescentes em situa\u00e7\u00e3o de rua -","robots":{"index":"index","follow":"follow","max-snippet":"max-snippet:-1","max-image-preview":"max-image-preview:large","max-video-preview":"max-video-preview:-1"},"canonical":"https:\/\/inclusivenews.com.br\/?p=19125","og_locale":"pt_PT","og_type":"article","og_title":"Crian\u00e7as e adolescentes em situa\u00e7\u00e3o de rua -","og_description":"Conhe\u00e7a a Pesquisa Censit\u00e1ria Nacional sobre Crian\u00e7as e Adolescentes em Situa\u00e7\u00e3o de Rua, lan\u00e7ada em 2011 e realizada pela Secretaria de Direitos Humanos da Presid\u00eancia da Rep\u00fablica (SDH) atrav\u00e9s de conv\u00eanio com o Instituto de Desenvolvimento Sustent\u00e1vel (IDEST).","og_url":"https:\/\/inclusivenews.com.br\/?p=19125","article_publisher":"https:\/\/www.facebook.com\/agenciainclusive\/","article_published_time":"2011-04-14T18:27:50+00:00","og_image":[{"url":"http:\/\/2.bp.blogspot.com\/_4DQlmijVUSM\/TVLN4iPt6HI\/AAAAAAAAAWE\/17Zfe0EOUsw\/s400\/menino_da_rua.jpg","type":"","width":"","height":""}],"author":"inclusivenews2024","twitter_card":"summary_large_image","twitter_misc":{"Escrito por":"inclusivenews2024","Tempo estimado de leitura":"1 minuto"},"schema":{"@context":"https:\/\/schema.org","@graph":[{"@type":"Article","@id":"https:\/\/inclusivenews.com.br\/?p=19125#article","isPartOf":{"@id":"https:\/\/inclusivenews.com.br\/?p=19125"},"author":{"name":"inclusivenews2024","@id":"https:\/\/inclusivenews.com.br\/#\/schema\/person\/ae4ec7087559b8692fb33b6fffd2273b"},"headline":"Crian\u00e7as e adolescentes em situa\u00e7\u00e3o de rua","datePublished":"2011-04-14T18:27:50+00:00","mainEntityOfPage":{"@id":"https:\/\/inclusivenews.com.br\/?p=19125"},"wordCount":249,"commentCount":0,"publisher":{"@id":"https:\/\/inclusivenews.com.br\/#organization"},"image":{"@id":"https:\/\/inclusivenews.com.br\/?p=19125#primaryimage"},"thumbnailUrl":"http:\/\/2.bp.blogspot.com\/_4DQlmijVUSM\/TVLN4iPt6HI\/AAAAAAAAAWE\/17Zfe0EOUsw\/s400\/menino_da_rua.jpg","keywords":["Inf\u00e2ncia"],"articleSection":["NOT\u00cdCIAS"],"inLanguage":"pt-PT","potentialAction":[{"@type":"CommentAction","name":"Comment","target":["https:\/\/inclusivenews.com.br\/?p=19125#respond"]}]},{"@type":"WebPage","@id":"https:\/\/inclusivenews.com.br\/?p=19125","url":"https:\/\/inclusivenews.com.br\/?p=19125","name":"Crian\u00e7as e adolescentes em situa\u00e7\u00e3o de rua -","isPartOf":{"@id":"https:\/\/inclusivenews.com.br\/#website"},"primaryImageOfPage":{"@id":"https:\/\/inclusivenews.com.br\/?p=19125#primaryimage"},"image":{"@id":"https:\/\/inclusivenews.com.br\/?p=19125#primaryimage"},"thumbnailUrl":"http:\/\/2.bp.blogspot.com\/_4DQlmijVUSM\/TVLN4iPt6HI\/AAAAAAAAAWE\/17Zfe0EOUsw\/s400\/menino_da_rua.jpg","datePublished":"2011-04-14T18:27:50+00:00","breadcrumb":{"@id":"https:\/\/inclusivenews.com.br\/?p=19125#breadcrumb"},"inLanguage":"pt-PT","potentialAction":[{"@type":"ReadAction","target":["https:\/\/inclusivenews.com.br\/?p=19125"]}]},{"@type":"ImageObject","inLanguage":"pt-PT","@id":"https:\/\/inclusivenews.com.br\/?p=19125#primaryimage","url":"http:\/\/2.bp.blogspot.com\/_4DQlmijVUSM\/TVLN4iPt6HI\/AAAAAAAAAWE\/17Zfe0EOUsw\/s400\/menino_da_rua.jpg","contentUrl":"http:\/\/2.bp.blogspot.com\/_4DQlmijVUSM\/TVLN4iPt6HI\/AAAAAAAAAWE\/17Zfe0EOUsw\/s400\/menino_da_rua.jpg"},{"@type":"BreadcrumbList","@id":"https:\/\/inclusivenews.com.br\/?p=19125#breadcrumb","itemListElement":[{"@type":"ListItem","position":1,"name":"In\u00edcio","item":"https:\/\/inclusivenews.com.br\/"},{"@type":"ListItem","position":2,"name":"Crian\u00e7as e adolescentes em situa\u00e7\u00e3o de rua"}]},{"@type":"WebSite","@id":"https:\/\/inclusivenews.com.br\/#website","url":"https:\/\/inclusivenews.com.br\/","name":"Inclusive News","description":"Inclusive News","publisher":{"@id":"https:\/\/inclusivenews.com.br\/#organization"},"potentialAction":[{"@type":"SearchAction","target":{"@type":"EntryPoint","urlTemplate":"https:\/\/inclusivenews.com.br\/?s={search_term_string}"},"query-input":{"@type":"PropertyValueSpecification","valueRequired":true,"valueName":"search_term_string"}}],"inLanguage":"pt-PT"},{"@type":"Organization","@id":"https:\/\/inclusivenews.com.br\/#organization","name":"Inclusive - inclus\u00e3o e cidadania","url":"https:\/\/inclusivenews.com.br\/","logo":{"@type":"ImageObject","inLanguage":"pt-PT","@id":"https:\/\/inclusivenews.com.br\/#\/schema\/logo\/image\/","url":"https:\/\/inclusivenews.com.br\/wp-content\/uploads\/2024\/03\/@grandesite.png","contentUrl":"https:\/\/inclusivenews.com.br\/wp-content\/uploads\/2024\/03\/@grandesite.png","width":1080,"height":1080,"caption":"Inclusive - inclus\u00e3o e cidadania"},"image":{"@id":"https:\/\/inclusivenews.com.br\/#\/schema\/logo\/image\/"},"sameAs":["https:\/\/www.facebook.com\/agenciainclusive\/","https:\/\/www.instagram.com\/newsinclusive\/"]},{"@type":"Person","@id":"https:\/\/inclusivenews.com.br\/#\/schema\/person\/ae4ec7087559b8692fb33b6fffd2273b","name":"inclusivenews2024","image":{"@type":"ImageObject","inLanguage":"pt-PT","@id":"https:\/\/secure.gravatar.com\/avatar\/c5a7ef84c66fa914f55bc4f7ce26cfa275a3b9a1c5568b907bd184fb4dde7b40?s=96&d=mm&r=g","url":"https:\/\/secure.gravatar.com\/avatar\/c5a7ef84c66fa914f55bc4f7ce26cfa275a3b9a1c5568b907bd184fb4dde7b40?s=96&d=mm&r=g","contentUrl":"https:\/\/secure.gravatar.com\/avatar\/c5a7ef84c66fa914f55bc4f7ce26cfa275a3b9a1c5568b907bd184fb4dde7b40?s=96&d=mm&r=g","caption":"inclusivenews2024"},"sameAs":["https:\/\/inclusivenews.com.br"],"url":"https:\/\/inclusivenews.com.br\/?author=1"}]}},"_links":{"self":[{"href":"https:\/\/inclusivenews.com.br\/index.php?rest_route=\/wp\/v2\/posts\/19125","targetHints":{"allow":["GET"]}}],"collection":[{"href":"https:\/\/inclusivenews.com.br\/index.php?rest_route=\/wp\/v2\/posts"}],"about":[{"href":"https:\/\/inclusivenews.com.br\/index.php?rest_route=\/wp\/v2\/types\/post"}],"author":[{"embeddable":true,"href":"https:\/\/inclusivenews.com.br\/index.php?rest_route=\/wp\/v2\/users\/1"}],"replies":[{"embeddable":true,"href":"https:\/\/inclusivenews.com.br\/index.php?rest_route=%2Fwp%2Fv2%2Fcomments&post=19125"}],"version-history":[{"count":0,"href":"https:\/\/inclusivenews.com.br\/index.php?rest_route=\/wp\/v2\/posts\/19125\/revisions"}],"wp:attachment":[{"href":"https:\/\/inclusivenews.com.br\/index.php?rest_route=%2Fwp%2Fv2%2Fmedia&parent=19125"}],"wp:term":[{"taxonomy":"category","embeddable":true,"href":"https:\/\/inclusivenews.com.br\/index.php?rest_route=%2Fwp%2Fv2%2Fcategories&post=19125"},{"taxonomy":"post_tag","embeddable":true,"href":"https:\/\/inclusivenews.com.br\/index.php?rest_route=%2Fwp%2Fv2%2Ftags&post=19125"}],"curies":[{"name":"wp","href":"https:\/\/api.w.org\/{rel}","templated":true}]}}