{"id":19129,"date":"2011-04-14T15:22:28","date_gmt":"2011-04-14T18:22:28","guid":{"rendered":"http:\/\/www.inclusive.org.br\/?p=19129"},"modified":"2011-04-14T15:22:28","modified_gmt":"2011-04-14T18:22:28","slug":"mpd-subscreve-manifesto-sobre-caso-gomes-lund","status":"publish","type":"post","link":"https:\/\/inclusivenews.com.br\/?p=19129","title":{"rendered":"MPD subscreve manifesto sobre caso Gomes Lund"},"content":{"rendered":"<figure style=\"width: 121px\" class=\"wp-caption alignleft\"><a class=\"moz-txt-link-freetext\" href=\"http:\/\/www.mpd.org.br\/view.php?img_id=644\"><img loading=\"lazy\" decoding=\"async\" title=\"Corte Americana de Derechos Humanos\" src=\"http:\/\/www.mpd.org.br\/view.php?img_id=644\" alt=\"Corte Americana de Derechos Humanos\" width=\"121\" height=\"91\" \/><\/a><figcaption class=\"wp-caption-text\"> <\/figcaption><\/figure>\n<p>O Movimento do Minist\u00e9rio P\u00fablico Democr\u00e1tico subscreveu a \u201cCarta aos Tr\u00eas Poderes\u201d, manifesto que ser\u00e1 enviado aos tr\u00eas poderes da Rep\u00fablica e ao Minist\u00e9rio P\u00fablico Federal para cumprimento integral da senten\u00e7a da Corte Interamericana de Direitos Humanos no caso Gomes Lund vs. Brasil.<\/p>\n<p>&#8220;O caso, que \u00e9 conhecido como Guerrilha do Araguaia, at\u00e9 o momento \u00e9 o \u00fanico do Brasil que denunciou as graves viola\u00e7\u00f5es de direitos humanos (desaparecimento for\u00e7ado, execu\u00e7\u00e3o sum\u00e1ria, tortura etc) cometidas pela ditadura militar (1964-1985) julgado no tribunal internacional da Organiza\u00e7\u00e3o dos Estados Americanos. Tal senten\u00e7a determinou medidas objetivas para reparar v\u00edtimas, familiares das v\u00edtimas e a sociedade brasileira como um todo, por meio da garantida efetiva dos direitos \u00e0 verdade, \u00e0 justi\u00e7a e a entrega dos restos mortais dos desaparecidos pol\u00edticos aos seus respectivos familiares&#8221;.<\/p>\n<p>Para tamb\u00e9m assinar a Carta, envie um e-mail para <a class=\"moz-txt-link-abbreviated\" href=\"mailto:cumprimentoaraguaia@gmail.com\">cumprimentoaraguaia@gmail.com<\/a>.<\/p>\n<p>CARTA AOS TR\u00caS PODERES DA REP\u00daBLICA E AO MINIST\u00c9RIO P\u00daBLICO FEDERAL<br \/>\nPELO CUMPRIMENTO INTEGRAL DA SENTEN\u00c7A DA CORTE INTERAMERICANA DE<br \/>\nDIREITOS HUMANOS NO CASO GOMES LUND<br \/>\nOs cidad\u00e3os, as cidad\u00e3s e as entidades abaixo assinadas, diante da senten\u00e7a condenat\u00f3ria do Estado Brasileiro proferida pela Corte Interamericana de Direitos Humanos no caso Gomes Lund e outros (\u201cGuerrilha do Araguaia\u201d) vs. Brasil, no dia 24 de novembro de 2010, v\u00eam manifestar \u00e0 Presidente da Rep\u00fablica, ao Congresso Nacional, ao Supremo Tribunal Federal e ao Procurador-Geral da Rep\u00fablica que:<br \/>\n1. O Estado brasileiro n\u00e3o pode se eximir de cumprir nenhuma das obriga\u00e7\u00f5es fixadas na senten\u00e7a. O Pa\u00eds, no exerc\u00edcio de sua soberania, aderiu voluntariamente \u00e0 Conven\u00e7\u00e3o Americana sobre Direitos Humanos e reconheceu como obrigat\u00f3ria a jurisdi\u00e7\u00e3o da Corte Interamericana de Direitos Humanos. Tais atos foram praticados com estrita observ\u00e2ncia da Constitui\u00e7\u00e3o Federal e s\u00e3o decorr\u00eancia das normas constantes dos seus artigos 4\u00ba, inciso II; 5\u00ba, \u00a7\u00a7 2\u00ba e 3\u00ba; bem como do artigo 7\u00ba do Ato das Disposi\u00e7\u00f5es Constitucionais Transit\u00f3rias.<br \/>\n2. Ora, conforme disposto no art. 68 da Conven\u00e7\u00e3o Americana de Direitos Humanos, \u201cos Estados-Partes na Conven\u00e7\u00e3o comprometem-se a cumprir a decis\u00e3o da Corte em todo caso em que forem partes\u201d. O Brasil figurou como r\u00e9u no processo supramencionado, foi condenado pela Corte Interamericana de Direitos Humanos, e deve, portanto, cumprir integralmente essa decis\u00e3o. Para deixar de cumpri-la, dever\u00e1 denunciar a Conven\u00e7\u00e3o, protagonizando com isso o mais grave retrocesso do Continente em mat\u00e9ria de direitos humanos.<br \/>\n3. A Presid\u00eancia da Rep\u00fablica, o Supremo Tribunal Federal, o Congresso Nacional e o Minist\u00e9rio P\u00fablico Federal t\u00eam, pois, o dever de dar cumprimento integral e imediato a essa decis\u00e3o da Justi\u00e7a Internacional, a fim de evitar que o Brasil se torne um Estado fora-da-lei no concerto mundial das na\u00e7\u00f5es.<\/p>\n<p>Portanto, inaugurando um estado de vig\u00edlia, EXIGIMOS O INTEGRAL E IMEDIATO CUMPRIMENTO DA SENTEN\u00c7A DA CORTE INTERAMERICANA DE DIREITOS HUMANOS, com a investiga\u00e7\u00e3o dos perpetradores de torturas, homic\u00eddios, desaparecimentos for\u00e7ados e demais crimes contra a humanidade e a identifica\u00e7\u00e3o e entrega dos restos mortais dos desaparecidos aos seus familiares.<br \/>\n__________<\/p>\n<p><strong>Fonte:<\/strong> <a href=\"http:\/\/www.mpd.org.br\/ArticleAction.php\">MPD<\/a><\/p>\n","protected":false},"excerpt":{"rendered":"<p>O Movimento do Minist\u00e9rio P\u00fablico Democr\u00e1tico subscreveu a \u201cCarta aos Tr\u00eas Poderes\u201d, manifesto que ser\u00e1 enviado aos tr\u00eas poderes da Rep\u00fablica e ao Minist\u00e9rio P\u00fablico Federal para cumprimento integral da senten\u00e7a da Corte Interamericana de Direitos Humanos no caso Gomes Lund vs. Brasil.<\/p>\n","protected":false},"author":1,"featured_media":0,"comment_status":"open","ping_status":"open","sticky":false,"template":"","format":"standard","meta":{"site-container-style":"default","site-container-layout":"default","site-sidebar-layout":"default","disable-article-header":"default","disable-site-header":"default","disable-site-footer":"default","disable-content-area-spacing":"default","footnotes":""},"categories":[11,4],"tags":[],"class_list":["post-19129","post","type-post","status-publish","format-standard","hentry","category-direitos-humanos","category-noticias"],"yoast_head":"<!-- This site is optimized with the Yoast SEO plugin v27.4 - https:\/\/yoast.com\/product\/yoast-seo-wordpress\/ -->\n<title>MPD subscreve manifesto sobre caso Gomes Lund -<\/title>\n<meta name=\"robots\" content=\"index, follow, max-snippet:-1, max-image-preview:large, max-video-preview:-1\" \/>\n<link rel=\"canonical\" href=\"https:\/\/inclusivenews.com.br\/?p=19129\" \/>\n<meta property=\"og:locale\" content=\"pt_PT\" \/>\n<meta property=\"og:type\" content=\"article\" \/>\n<meta property=\"og:title\" content=\"MPD subscreve manifesto sobre caso Gomes Lund -\" \/>\n<meta property=\"og:description\" content=\"O Movimento do Minist\u00e9rio P\u00fablico Democr\u00e1tico subscreveu a \u201cCarta aos Tr\u00eas Poderes\u201d, manifesto que ser\u00e1 enviado aos tr\u00eas poderes da Rep\u00fablica e ao Minist\u00e9rio P\u00fablico Federal para cumprimento integral da senten\u00e7a da Corte Interamericana de Direitos Humanos no caso Gomes Lund vs. Brasil.\" \/>\n<meta property=\"og:url\" content=\"https:\/\/inclusivenews.com.br\/?p=19129\" \/>\n<meta property=\"article:publisher\" content=\"https:\/\/www.facebook.com\/agenciainclusive\/\" \/>\n<meta property=\"article:published_time\" content=\"2011-04-14T18:22:28+00:00\" \/>\n<meta property=\"og:image\" content=\"http:\/\/www.mpd.org.br\/view.php?img_id=644\" \/>\n<meta name=\"author\" content=\"inclusivenews2024\" \/>\n<meta name=\"twitter:card\" content=\"summary_large_image\" \/>\n<meta name=\"twitter:label1\" content=\"Escrito por\" \/>\n\t<meta name=\"twitter:data1\" content=\"inclusivenews2024\" \/>\n\t<meta name=\"twitter:label2\" content=\"Tempo estimado de leitura\" \/>\n\t<meta name=\"twitter:data2\" content=\"3 minutos\" \/>\n<script type=\"application\/ld+json\" class=\"yoast-schema-graph\">{\"@context\":\"https:\\\/\\\/schema.org\",\"@graph\":[{\"@type\":\"Article\",\"@id\":\"https:\\\/\\\/inclusivenews.com.br\\\/?p=19129#article\",\"isPartOf\":{\"@id\":\"https:\\\/\\\/inclusivenews.com.br\\\/?p=19129\"},\"author\":{\"name\":\"inclusivenews2024\",\"@id\":\"https:\\\/\\\/inclusivenews.com.br\\\/#\\\/schema\\\/person\\\/ae4ec7087559b8692fb33b6fffd2273b\"},\"headline\":\"MPD subscreve manifesto sobre caso Gomes Lund\",\"datePublished\":\"2011-04-14T18:22:28+00:00\",\"mainEntityOfPage\":{\"@id\":\"https:\\\/\\\/inclusivenews.com.br\\\/?p=19129\"},\"wordCount\":549,\"commentCount\":0,\"publisher\":{\"@id\":\"https:\\\/\\\/inclusivenews.com.br\\\/#organization\"},\"image\":{\"@id\":\"https:\\\/\\\/inclusivenews.com.br\\\/?p=19129#primaryimage\"},\"thumbnailUrl\":\"http:\\\/\\\/www.mpd.org.br\\\/view.php?img_id=644\",\"articleSection\":[\"DIREITOS HUMANOS\",\"NOT\u00cdCIAS\"],\"inLanguage\":\"pt-PT\",\"potentialAction\":[{\"@type\":\"CommentAction\",\"name\":\"Comment\",\"target\":[\"https:\\\/\\\/inclusivenews.com.br\\\/?p=19129#respond\"]}]},{\"@type\":\"WebPage\",\"@id\":\"https:\\\/\\\/inclusivenews.com.br\\\/?p=19129\",\"url\":\"https:\\\/\\\/inclusivenews.com.br\\\/?p=19129\",\"name\":\"MPD subscreve manifesto sobre caso Gomes Lund -\",\"isPartOf\":{\"@id\":\"https:\\\/\\\/inclusivenews.com.br\\\/#website\"},\"primaryImageOfPage\":{\"@id\":\"https:\\\/\\\/inclusivenews.com.br\\\/?p=19129#primaryimage\"},\"image\":{\"@id\":\"https:\\\/\\\/inclusivenews.com.br\\\/?p=19129#primaryimage\"},\"thumbnailUrl\":\"http:\\\/\\\/www.mpd.org.br\\\/view.php?img_id=644\",\"datePublished\":\"2011-04-14T18:22:28+00:00\",\"breadcrumb\":{\"@id\":\"https:\\\/\\\/inclusivenews.com.br\\\/?p=19129#breadcrumb\"},\"inLanguage\":\"pt-PT\",\"potentialAction\":[{\"@type\":\"ReadAction\",\"target\":[\"https:\\\/\\\/inclusivenews.com.br\\\/?p=19129\"]}]},{\"@type\":\"ImageObject\",\"inLanguage\":\"pt-PT\",\"@id\":\"https:\\\/\\\/inclusivenews.com.br\\\/?p=19129#primaryimage\",\"url\":\"http:\\\/\\\/www.mpd.org.br\\\/view.php?img_id=644\",\"contentUrl\":\"http:\\\/\\\/www.mpd.org.br\\\/view.php?img_id=644\"},{\"@type\":\"BreadcrumbList\",\"@id\":\"https:\\\/\\\/inclusivenews.com.br\\\/?p=19129#breadcrumb\",\"itemListElement\":[{\"@type\":\"ListItem\",\"position\":1,\"name\":\"In\u00edcio\",\"item\":\"https:\\\/\\\/inclusivenews.com.br\\\/\"},{\"@type\":\"ListItem\",\"position\":2,\"name\":\"MPD subscreve manifesto sobre caso Gomes Lund\"}]},{\"@type\":\"WebSite\",\"@id\":\"https:\\\/\\\/inclusivenews.com.br\\\/#website\",\"url\":\"https:\\\/\\\/inclusivenews.com.br\\\/\",\"name\":\"Inclusive News\",\"description\":\"Inclusive News\",\"publisher\":{\"@id\":\"https:\\\/\\\/inclusivenews.com.br\\\/#organization\"},\"potentialAction\":[{\"@type\":\"SearchAction\",\"target\":{\"@type\":\"EntryPoint\",\"urlTemplate\":\"https:\\\/\\\/inclusivenews.com.br\\\/?s={search_term_string}\"},\"query-input\":{\"@type\":\"PropertyValueSpecification\",\"valueRequired\":true,\"valueName\":\"search_term_string\"}}],\"inLanguage\":\"pt-PT\"},{\"@type\":\"Organization\",\"@id\":\"https:\\\/\\\/inclusivenews.com.br\\\/#organization\",\"name\":\"Inclusive - inclus\u00e3o e cidadania\",\"url\":\"https:\\\/\\\/inclusivenews.com.br\\\/\",\"logo\":{\"@type\":\"ImageObject\",\"inLanguage\":\"pt-PT\",\"@id\":\"https:\\\/\\\/inclusivenews.com.br\\\/#\\\/schema\\\/logo\\\/image\\\/\",\"url\":\"https:\\\/\\\/inclusivenews.com.br\\\/wp-content\\\/uploads\\\/2024\\\/03\\\/@grandesite.png\",\"contentUrl\":\"https:\\\/\\\/inclusivenews.com.br\\\/wp-content\\\/uploads\\\/2024\\\/03\\\/@grandesite.png\",\"width\":1080,\"height\":1080,\"caption\":\"Inclusive - inclus\u00e3o e cidadania\"},\"image\":{\"@id\":\"https:\\\/\\\/inclusivenews.com.br\\\/#\\\/schema\\\/logo\\\/image\\\/\"},\"sameAs\":[\"https:\\\/\\\/www.facebook.com\\\/agenciainclusive\\\/\",\"https:\\\/\\\/www.instagram.com\\\/newsinclusive\\\/\"]},{\"@type\":\"Person\",\"@id\":\"https:\\\/\\\/inclusivenews.com.br\\\/#\\\/schema\\\/person\\\/ae4ec7087559b8692fb33b6fffd2273b\",\"name\":\"inclusivenews2024\",\"image\":{\"@type\":\"ImageObject\",\"inLanguage\":\"pt-PT\",\"@id\":\"https:\\\/\\\/secure.gravatar.com\\\/avatar\\\/c5a7ef84c66fa914f55bc4f7ce26cfa275a3b9a1c5568b907bd184fb4dde7b40?s=96&d=mm&r=g\",\"url\":\"https:\\\/\\\/secure.gravatar.com\\\/avatar\\\/c5a7ef84c66fa914f55bc4f7ce26cfa275a3b9a1c5568b907bd184fb4dde7b40?s=96&d=mm&r=g\",\"contentUrl\":\"https:\\\/\\\/secure.gravatar.com\\\/avatar\\\/c5a7ef84c66fa914f55bc4f7ce26cfa275a3b9a1c5568b907bd184fb4dde7b40?s=96&d=mm&r=g\",\"caption\":\"inclusivenews2024\"},\"sameAs\":[\"https:\\\/\\\/inclusivenews.com.br\"],\"url\":\"https:\\\/\\\/inclusivenews.com.br\\\/?author=1\"}]}<\/script>\n<!-- \/ Yoast SEO plugin. -->","yoast_head_json":{"title":"MPD subscreve manifesto sobre caso Gomes Lund -","robots":{"index":"index","follow":"follow","max-snippet":"max-snippet:-1","max-image-preview":"max-image-preview:large","max-video-preview":"max-video-preview:-1"},"canonical":"https:\/\/inclusivenews.com.br\/?p=19129","og_locale":"pt_PT","og_type":"article","og_title":"MPD subscreve manifesto sobre caso Gomes Lund -","og_description":"O Movimento do Minist\u00e9rio P\u00fablico Democr\u00e1tico subscreveu a \u201cCarta aos Tr\u00eas Poderes\u201d, manifesto que ser\u00e1 enviado aos tr\u00eas poderes da Rep\u00fablica e ao Minist\u00e9rio P\u00fablico Federal para cumprimento integral da senten\u00e7a da Corte Interamericana de Direitos Humanos no caso Gomes Lund vs. Brasil.","og_url":"https:\/\/inclusivenews.com.br\/?p=19129","article_publisher":"https:\/\/www.facebook.com\/agenciainclusive\/","article_published_time":"2011-04-14T18:22:28+00:00","og_image":[{"url":"http:\/\/www.mpd.org.br\/view.php?img_id=644","type":"","width":"","height":""}],"author":"inclusivenews2024","twitter_card":"summary_large_image","twitter_misc":{"Escrito por":"inclusivenews2024","Tempo estimado de leitura":"3 minutos"},"schema":{"@context":"https:\/\/schema.org","@graph":[{"@type":"Article","@id":"https:\/\/inclusivenews.com.br\/?p=19129#article","isPartOf":{"@id":"https:\/\/inclusivenews.com.br\/?p=19129"},"author":{"name":"inclusivenews2024","@id":"https:\/\/inclusivenews.com.br\/#\/schema\/person\/ae4ec7087559b8692fb33b6fffd2273b"},"headline":"MPD subscreve manifesto sobre caso Gomes Lund","datePublished":"2011-04-14T18:22:28+00:00","mainEntityOfPage":{"@id":"https:\/\/inclusivenews.com.br\/?p=19129"},"wordCount":549,"commentCount":0,"publisher":{"@id":"https:\/\/inclusivenews.com.br\/#organization"},"image":{"@id":"https:\/\/inclusivenews.com.br\/?p=19129#primaryimage"},"thumbnailUrl":"http:\/\/www.mpd.org.br\/view.php?img_id=644","articleSection":["DIREITOS HUMANOS","NOT\u00cdCIAS"],"inLanguage":"pt-PT","potentialAction":[{"@type":"CommentAction","name":"Comment","target":["https:\/\/inclusivenews.com.br\/?p=19129#respond"]}]},{"@type":"WebPage","@id":"https:\/\/inclusivenews.com.br\/?p=19129","url":"https:\/\/inclusivenews.com.br\/?p=19129","name":"MPD subscreve manifesto sobre caso Gomes Lund -","isPartOf":{"@id":"https:\/\/inclusivenews.com.br\/#website"},"primaryImageOfPage":{"@id":"https:\/\/inclusivenews.com.br\/?p=19129#primaryimage"},"image":{"@id":"https:\/\/inclusivenews.com.br\/?p=19129#primaryimage"},"thumbnailUrl":"http:\/\/www.mpd.org.br\/view.php?img_id=644","datePublished":"2011-04-14T18:22:28+00:00","breadcrumb":{"@id":"https:\/\/inclusivenews.com.br\/?p=19129#breadcrumb"},"inLanguage":"pt-PT","potentialAction":[{"@type":"ReadAction","target":["https:\/\/inclusivenews.com.br\/?p=19129"]}]},{"@type":"ImageObject","inLanguage":"pt-PT","@id":"https:\/\/inclusivenews.com.br\/?p=19129#primaryimage","url":"http:\/\/www.mpd.org.br\/view.php?img_id=644","contentUrl":"http:\/\/www.mpd.org.br\/view.php?img_id=644"},{"@type":"BreadcrumbList","@id":"https:\/\/inclusivenews.com.br\/?p=19129#breadcrumb","itemListElement":[{"@type":"ListItem","position":1,"name":"In\u00edcio","item":"https:\/\/inclusivenews.com.br\/"},{"@type":"ListItem","position":2,"name":"MPD subscreve manifesto sobre caso Gomes Lund"}]},{"@type":"WebSite","@id":"https:\/\/inclusivenews.com.br\/#website","url":"https:\/\/inclusivenews.com.br\/","name":"Inclusive News","description":"Inclusive News","publisher":{"@id":"https:\/\/inclusivenews.com.br\/#organization"},"potentialAction":[{"@type":"SearchAction","target":{"@type":"EntryPoint","urlTemplate":"https:\/\/inclusivenews.com.br\/?s={search_term_string}"},"query-input":{"@type":"PropertyValueSpecification","valueRequired":true,"valueName":"search_term_string"}}],"inLanguage":"pt-PT"},{"@type":"Organization","@id":"https:\/\/inclusivenews.com.br\/#organization","name":"Inclusive - inclus\u00e3o e cidadania","url":"https:\/\/inclusivenews.com.br\/","logo":{"@type":"ImageObject","inLanguage":"pt-PT","@id":"https:\/\/inclusivenews.com.br\/#\/schema\/logo\/image\/","url":"https:\/\/inclusivenews.com.br\/wp-content\/uploads\/2024\/03\/@grandesite.png","contentUrl":"https:\/\/inclusivenews.com.br\/wp-content\/uploads\/2024\/03\/@grandesite.png","width":1080,"height":1080,"caption":"Inclusive - inclus\u00e3o e cidadania"},"image":{"@id":"https:\/\/inclusivenews.com.br\/#\/schema\/logo\/image\/"},"sameAs":["https:\/\/www.facebook.com\/agenciainclusive\/","https:\/\/www.instagram.com\/newsinclusive\/"]},{"@type":"Person","@id":"https:\/\/inclusivenews.com.br\/#\/schema\/person\/ae4ec7087559b8692fb33b6fffd2273b","name":"inclusivenews2024","image":{"@type":"ImageObject","inLanguage":"pt-PT","@id":"https:\/\/secure.gravatar.com\/avatar\/c5a7ef84c66fa914f55bc4f7ce26cfa275a3b9a1c5568b907bd184fb4dde7b40?s=96&d=mm&r=g","url":"https:\/\/secure.gravatar.com\/avatar\/c5a7ef84c66fa914f55bc4f7ce26cfa275a3b9a1c5568b907bd184fb4dde7b40?s=96&d=mm&r=g","contentUrl":"https:\/\/secure.gravatar.com\/avatar\/c5a7ef84c66fa914f55bc4f7ce26cfa275a3b9a1c5568b907bd184fb4dde7b40?s=96&d=mm&r=g","caption":"inclusivenews2024"},"sameAs":["https:\/\/inclusivenews.com.br"],"url":"https:\/\/inclusivenews.com.br\/?author=1"}]}},"_links":{"self":[{"href":"https:\/\/inclusivenews.com.br\/index.php?rest_route=\/wp\/v2\/posts\/19129","targetHints":{"allow":["GET"]}}],"collection":[{"href":"https:\/\/inclusivenews.com.br\/index.php?rest_route=\/wp\/v2\/posts"}],"about":[{"href":"https:\/\/inclusivenews.com.br\/index.php?rest_route=\/wp\/v2\/types\/post"}],"author":[{"embeddable":true,"href":"https:\/\/inclusivenews.com.br\/index.php?rest_route=\/wp\/v2\/users\/1"}],"replies":[{"embeddable":true,"href":"https:\/\/inclusivenews.com.br\/index.php?rest_route=%2Fwp%2Fv2%2Fcomments&post=19129"}],"version-history":[{"count":0,"href":"https:\/\/inclusivenews.com.br\/index.php?rest_route=\/wp\/v2\/posts\/19129\/revisions"}],"wp:attachment":[{"href":"https:\/\/inclusivenews.com.br\/index.php?rest_route=%2Fwp%2Fv2%2Fmedia&parent=19129"}],"wp:term":[{"taxonomy":"category","embeddable":true,"href":"https:\/\/inclusivenews.com.br\/index.php?rest_route=%2Fwp%2Fv2%2Fcategories&post=19129"},{"taxonomy":"post_tag","embeddable":true,"href":"https:\/\/inclusivenews.com.br\/index.php?rest_route=%2Fwp%2Fv2%2Ftags&post=19129"}],"curies":[{"name":"wp","href":"https:\/\/api.w.org\/{rel}","templated":true}]}}