{"id":19142,"date":"2011-04-16T00:16:18","date_gmt":"2011-04-16T03:16:18","guid":{"rendered":"http:\/\/www.inclusive.org.br\/?p=19142"},"modified":"2011-04-16T00:16:18","modified_gmt":"2011-04-16T03:16:18","slug":"quem-sera-oa-novoa-secretarioa","status":"publish","type":"post","link":"https:\/\/inclusivenews.com.br\/?p=19142","title":{"rendered":"Quem ser\u00e1 o(a) novo(a) Secret\u00e1rio(a)?"},"content":{"rendered":"<figure id=\"attachment_18447\" aria-describedby=\"caption-attachment-18447\" style=\"width: 300px\" class=\"wp-caption alignleft\"><a href=\"http:\/\/www.inclusivenews.com.br\/wp-content\/uploads\/2011\/02\/duvida1.jpg\"><img loading=\"lazy\" decoding=\"async\" class=\"size-medium wp-image-18447\" title=\"duvida1\" src=\"http:\/\/inclusivenews.com.br\/wp-content\/uploads\/2011\/02\/duvida1-300x223.jpg\" alt=\"V\u00e1rios pontos de interroga\u00e7\u00e3o de diversas cores e tamanhos sobre fundo cinza\" width=\"300\" height=\"223\" \/><\/a> <figcaption id=\"caption-attachment-18447\" class=\"wp-caption-text\">V\u00e1rios pontos de interroga\u00e7\u00e3o de diversas cores e tamanhos sobre fundo cinza<\/figcaption><\/figure>\n<p>A breve passagem de Humberto Lippo pela Secretaria Nacional de Promo\u00e7\u00e3o dos Direitos da Pessoa com Defici\u00eancia (SNPD), \u00f3rg\u00e3o da Secretaria de Direitos Humanos da Presid\u00eancia da Rep\u00fablica, abriu espa\u00e7o para especula\u00e7\u00f5es sobre o(a) pr\u00f3ximo(a) titular da pasta.<\/p>\n<p>Com a inten\u00e7\u00e3o de subsidiar e promover o debate acerca do(a) pr\u00f3ximo(a) secret\u00e1rio(a), a Inclusive publica uma s\u00e9rie de perfis de ativistas destacados do movimento das pessoas com defici\u00eancia que poderiam ser candidatos ao cargo.<\/p>\n<p>A seguir, conhe\u00e7a cada um deles, listados aqui em ordem alfab\u00e9tica:<\/p>\n<p><strong>Alexandre Baroni<\/strong> \u2013 Engenheiro Qu\u00edmico P\u00f3s-Gradua\u00e7\u00e3o em Educa\u00e7\u00e3o Especial Infantil. Coordenador dos Direitos da Pessoa com Defici\u00eancia da Bahia. Ex-Presidente do CVI Brasil e do CONADE. \u00c9 cadeirante.<\/p>\n<p><strong>Ana Paula Crosara<\/strong> \u2013 Advogada, Especialista em Direito<br \/>\nAdministrativo e Empresarial. Mestre em Geografia.  Diretora de Pol\u00edticas Tem\u00e1ticas da SNPD. Ex-Conselheira do CONADE. \u00c9 cadeirante.<\/p>\n<p><strong>Ana Rita de Paula<\/strong> \u2013 Mestre e Doutora em Psicologia. Consultora do Minist\u00e9rio da Sa\u00fade. Fundadora do NID \u2013 N\u00facleo de Integra\u00e7\u00e3o do Deficiente, nos anos 80 e do CVI Aracy Anallin. \u00c9 cadeirante.<\/p>\n<p><strong>Antonio Campos de Abreu<\/strong> \u2013 Um dos criadores e ex-Presidente da FENEIS, ex-conselheiro do CONADE, membro da Federa\u00e7\u00e3o Mundial de Surdos. \u00c9 surdo.<\/p>\n<p><strong>Ethel Rosenfeld<\/strong> \u2013 Bacharel em Letras, professora especializada na educa\u00e7\u00e3o de estudantes com defici\u00eancia visual. Consultora na \u00e1rea da defici\u00eancia. Inspirou personagem usu\u00e1rio de c\u00e3o-guia em novela e foi uma das respons\u00e1veis pela lei do c\u00e3o-guia.<\/p>\n<p><strong>Fl\u00e1via Vital<\/strong> \u2013 Bacharel em Comunica\u00e7\u00e3o Social. Analista de Gest\u00e3o da Companhia de Engenharia de Tr\u00e1fego &#8211; CET de S\u00e3o Paulo. Ex-Coordenadora Geral da SNPD. Ex-Presidente do MVI Brasil e do CVI Araci Nallin. Participou do Comit\u00ea da ONU que elaborou a Conven\u00e7\u00e3o sobre os Direitos das Pessoas com Defici\u00eancia.<\/p>\n<p><strong>Fl\u00e1via Cintra<\/strong> &#8211; Jornalista, Consultora de Empresas e Ativista de Direitos Humanos e Desenvolvimento Inclusivo. Ex-diretora do Instituto Paradigma. Participou do Comit\u00ea da ONU que elaborou a Conven\u00e7\u00e3o sobre os Direitos das Pessoas com Defici\u00eancia.<\/p>\n<p><strong>Geraldo Nogueira<\/strong> &#8211; Advogado com p\u00f3s-gradua\u00e7\u00e3o em Direito e doutorando em Ci\u00eancia Jur\u00eddicas e Sociais. Presidente da comiss\u00e3o de defesa dos direitos das pessoas com defici\u00eancia OAB\/RJ. Ex-Subsecret\u00e1rio de Trabalho e Emprego do Rio de Janeiro. Fundador e Diretor Jur\u00eddico volunt\u00e1rio do Conselho Nacional dos Centros de Vida Independentes &#8211; CVI-Brasil e Vice-Presidente para a Am\u00e9rica Latina da Rehabilitation International.<\/p>\n<p><strong><strong>Izabel Maior<\/strong> &#8211; <\/strong>M\u00e9dica Fisiatra com p\u00f3s-gradua\u00e7\u00e3o em medicina f\u00edsica e reabilita\u00e7\u00e3o), Mestre em Medicina F\u00edsica, Doutora em Cl\u00ednica M\u00e9dica. Especialista em Pol\u00edtica P\u00fablica e Gest\u00e3o Governamental. Titular da SNPD por 8 anos. Professora da UFRJ. Titular da Academia Brasileira de Medicina de Reabilita\u00e7\u00e3o da UFRJ. Ex-Conselheira do CONADE. Recebeu o Pr\u00eamio Cidadania 2006. Participou, do Comit\u00ea da ONU que elaborou a Conven\u00e7\u00e3o sobre os Direitos das Pessoas com Defici\u00eancia.<\/p>\n<p><strong>Jorge M\u00e1rcio Pereira de Andrade<\/strong> \u2013 M\u00e9dico Psiquiatra do CAPS Esta\u00e7\u00e3o &#8211; Servi\u00e7o de Sa\u00fade Mental &#8211; Campinas &#8211; SP, Membro do Conselho Consultivo e Cient\u00edfico do CVI &#8211; Centro de Vida Independente de Campinas &#8211; SP, Pesquisador e consultor em Novas Tecnologias, Tecnologias Assistivas, Direitos Humanos e Inclus\u00e3o\/Exclus\u00e3o Social de Pessoas com Defici\u00eancias, Fundador do DefNet &#8211; Centro de Inform\u00e1tica e Informa\u00e7\u00f5es sobre Paralisias Cerebrais.<\/p>\n<p><strong>Lia Crespo<\/strong> \u2013 Jornalista, Mestre em Comunica\u00e7\u00e3o e Doutora em Hist\u00f3ria. Uma das fundadoras e Presidente do CVI Araci Nallin\/SP. Ex-Coordenadora do site Entre Amigos e da Sorri Brasil.<\/p>\n<p><strong>Mois\u00e9s Bauer<\/strong> \u2013  Bacharel em Ci\u00eancias Jur\u00eddicas e Sociais, e especialista em Direito do Estado. Atual Presidente do CONADE. Presidente da Organiza\u00e7\u00e3o Nacional de Cegos do Brasil (ONCB). Assessor jur\u00eddico do Minist\u00e9rio P\u00fablico do RS. \u00c9 cego<\/p>\n<p><strong>Regina Atalla<\/strong> \u2013 Jornalista. Presidente da RIADIS &#8211; Rede Latinoamericana de Organiza\u00e7\u00f5es N\u00e3o-Governamentais de Pessoas com Defici\u00eancia e suas Fam\u00edlias, ex- Secret\u00e1ria da Pessoa com Defici\u00eancia do Estado da Bahia, ex-Presidente do CVI Brahia. Ex&#8217;conselheira do CONADE. Tem sequela de p\u00f3lio.<\/p>\n<p><strong>Ricardo Tadeu Marques da Fonsec<\/strong>a\u2013 Especialista e Mestre em Direito do Trabalho e Processo do Trabalho e Doutor em Direito das Rela\u00e7\u00f5es Sociais.<br \/>\nDesembargador do Tribunal Regional do Trabalho do Paran\u00e1. Foi candidato do Brasil ao Comit\u00ea de Monitoramento da Conven\u00e7\u00e3o dos Direitos das Pessoas com Defici\u00eancia na ONU. Autor de v\u00e1rios livros, artigos e colaborador na reda\u00e7\u00e3o de diversas leis, decretos e normas. Participou do Comit\u00ea da ONU que elaborou a Conven\u00e7\u00e3o sobre os Direitos das Pessoas com Defici\u00eancia. \u00c9 cego.<\/p>\n<p><strong>Rosangela Berman-Bieler<\/strong> \u2013 Jornalista e editora e Mestre em Inclus\u00e3o Social. Assessora S\u00eanior sobre Crian\u00e7as com Defici\u00eancia da Se\u00e7\u00e3o de G\u00eanero, Direitos e Engajamento C\u00edvico do UNICEF. Foi especialista em inclus\u00e3o no Banco Mundial e v\u00e1rias outras ag\u00eancias internacionais. Fundadora do Instituto Interamericano sobre Defici\u00eancia e Desenvolvimento Inclusivo (IIDI). Membro das organiza\u00e7\u00f5es de empreendedorismo social Ashoka e Synergos. Pr\u00eamio Kessler da Rehabilitation International. Pr\u00eamio de Direitos Humanos da International Services.<br \/>\nPr\u00eamio Nacional de Direitos Humanos. \u00c9 cadeirante.<\/p>\n<p><em>Os curr\u00edculos foram obtidos a partir de v\u00e1rios sites e resumidos. Podem estar desatualizados. Para qualquer corre\u00e7\u00e3o, por gentileza envie email para inclusive@inclusive.org.br.<\/em><\/p>\n<p><strong>D\u00ea o seu palpite ou sugira algum nome que n\u00e3o conste desta rela\u00e7\u00e3o.<\/strong><\/p>\n","protected":false},"excerpt":{"rendered":"<p>Cadeira vazia na Secretaria Nacional dos Direitos da Pessoa com Defici\u00eancia da Secretaria de Direitos Humanos da Presid\u00eancia. Quem voc\u00ea acha que deve ocup\u00e1-la?<\/p>\n","protected":false},"author":1,"featured_media":0,"comment_status":"closed","ping_status":"open","sticky":false,"template":"","format":"standard","meta":{"site-container-style":"default","site-container-layout":"default","site-sidebar-layout":"default","disable-article-header":"default","disable-site-header":"default","disable-site-footer":"default","disable-content-area-spacing":"default","footnotes":""},"categories":[38,48,4],"tags":[],"class_list":["post-19142","post","type-post","status-publish","format-standard","hentry","category-deficiencia","category-inclusao","category-noticias"],"yoast_head":"<!-- This site is optimized with the Yoast SEO plugin v27.4 - https:\/\/yoast.com\/product\/yoast-seo-wordpress\/ -->\n<title>Quem ser\u00e1 o(a) novo(a) Secret\u00e1rio(a)? -<\/title>\n<meta name=\"robots\" content=\"index, follow, max-snippet:-1, max-image-preview:large, max-video-preview:-1\" \/>\n<link rel=\"canonical\" href=\"https:\/\/inclusivenews.com.br\/?p=19142\" \/>\n<meta property=\"og:locale\" content=\"pt_PT\" \/>\n<meta property=\"og:type\" content=\"article\" \/>\n<meta property=\"og:title\" content=\"Quem ser\u00e1 o(a) novo(a) Secret\u00e1rio(a)? -\" \/>\n<meta property=\"og:description\" content=\"Cadeira vazia na Secretaria Nacional dos Direitos da Pessoa com Defici\u00eancia da Secretaria de Direitos Humanos da Presid\u00eancia. Quem voc\u00ea acha que deve ocup\u00e1-la?\" \/>\n<meta property=\"og:url\" content=\"https:\/\/inclusivenews.com.br\/?p=19142\" \/>\n<meta property=\"article:publisher\" content=\"https:\/\/www.facebook.com\/agenciainclusive\/\" \/>\n<meta property=\"article:published_time\" content=\"2011-04-16T03:16:18+00:00\" \/>\n<meta property=\"og:image\" content=\"http:\/\/inclusivenews.com.br\/wp-content\/uploads\/2011\/02\/duvida1-300x223.jpg\" \/>\n<meta name=\"author\" content=\"inclusivenews2024\" \/>\n<meta name=\"twitter:card\" content=\"summary_large_image\" \/>\n<meta name=\"twitter:label1\" content=\"Escrito por\" \/>\n\t<meta name=\"twitter:data1\" content=\"inclusivenews2024\" \/>\n\t<meta name=\"twitter:label2\" content=\"Tempo estimado de leitura\" \/>\n\t<meta name=\"twitter:data2\" content=\"5 minutos\" \/>\n<script type=\"application\/ld+json\" class=\"yoast-schema-graph\">{\"@context\":\"https:\\\/\\\/schema.org\",\"@graph\":[{\"@type\":\"Article\",\"@id\":\"https:\\\/\\\/inclusivenews.com.br\\\/?p=19142#article\",\"isPartOf\":{\"@id\":\"https:\\\/\\\/inclusivenews.com.br\\\/?p=19142\"},\"author\":{\"name\":\"inclusivenews2024\",\"@id\":\"https:\\\/\\\/inclusivenews.com.br\\\/#\\\/schema\\\/person\\\/ae4ec7087559b8692fb33b6fffd2273b\"},\"headline\":\"Quem ser\u00e1 o(a) novo(a) Secret\u00e1rio(a)?\",\"datePublished\":\"2011-04-16T03:16:18+00:00\",\"mainEntityOfPage\":{\"@id\":\"https:\\\/\\\/inclusivenews.com.br\\\/?p=19142\"},\"wordCount\":957,\"publisher\":{\"@id\":\"https:\\\/\\\/inclusivenews.com.br\\\/#organization\"},\"image\":{\"@id\":\"https:\\\/\\\/inclusivenews.com.br\\\/?p=19142#primaryimage\"},\"thumbnailUrl\":\"http:\\\/\\\/inclusivenews.com.br\\\/wp-content\\\/uploads\\\/2011\\\/02\\\/duvida1-300x223.jpg\",\"articleSection\":[\"Defici\u00eancia\",\"INCLUS\u00c3O SOCIAL\",\"NOT\u00cdCIAS\"],\"inLanguage\":\"pt-PT\"},{\"@type\":\"WebPage\",\"@id\":\"https:\\\/\\\/inclusivenews.com.br\\\/?p=19142\",\"url\":\"https:\\\/\\\/inclusivenews.com.br\\\/?p=19142\",\"name\":\"Quem ser\u00e1 o(a) novo(a) Secret\u00e1rio(a)? -\",\"isPartOf\":{\"@id\":\"https:\\\/\\\/inclusivenews.com.br\\\/#website\"},\"primaryImageOfPage\":{\"@id\":\"https:\\\/\\\/inclusivenews.com.br\\\/?p=19142#primaryimage\"},\"image\":{\"@id\":\"https:\\\/\\\/inclusivenews.com.br\\\/?p=19142#primaryimage\"},\"thumbnailUrl\":\"http:\\\/\\\/inclusivenews.com.br\\\/wp-content\\\/uploads\\\/2011\\\/02\\\/duvida1-300x223.jpg\",\"datePublished\":\"2011-04-16T03:16:18+00:00\",\"breadcrumb\":{\"@id\":\"https:\\\/\\\/inclusivenews.com.br\\\/?p=19142#breadcrumb\"},\"inLanguage\":\"pt-PT\",\"potentialAction\":[{\"@type\":\"ReadAction\",\"target\":[\"https:\\\/\\\/inclusivenews.com.br\\\/?p=19142\"]}]},{\"@type\":\"ImageObject\",\"inLanguage\":\"pt-PT\",\"@id\":\"https:\\\/\\\/inclusivenews.com.br\\\/?p=19142#primaryimage\",\"url\":\"\",\"contentUrl\":\"\"},{\"@type\":\"BreadcrumbList\",\"@id\":\"https:\\\/\\\/inclusivenews.com.br\\\/?p=19142#breadcrumb\",\"itemListElement\":[{\"@type\":\"ListItem\",\"position\":1,\"name\":\"In\u00edcio\",\"item\":\"https:\\\/\\\/inclusivenews.com.br\\\/\"},{\"@type\":\"ListItem\",\"position\":2,\"name\":\"Quem ser\u00e1 o(a) novo(a) Secret\u00e1rio(a)?\"}]},{\"@type\":\"WebSite\",\"@id\":\"https:\\\/\\\/inclusivenews.com.br\\\/#website\",\"url\":\"https:\\\/\\\/inclusivenews.com.br\\\/\",\"name\":\"Inclusive News\",\"description\":\"Inclusive News\",\"publisher\":{\"@id\":\"https:\\\/\\\/inclusivenews.com.br\\\/#organization\"},\"potentialAction\":[{\"@type\":\"SearchAction\",\"target\":{\"@type\":\"EntryPoint\",\"urlTemplate\":\"https:\\\/\\\/inclusivenews.com.br\\\/?s={search_term_string}\"},\"query-input\":{\"@type\":\"PropertyValueSpecification\",\"valueRequired\":true,\"valueName\":\"search_term_string\"}}],\"inLanguage\":\"pt-PT\"},{\"@type\":\"Organization\",\"@id\":\"https:\\\/\\\/inclusivenews.com.br\\\/#organization\",\"name\":\"Inclusive - inclus\u00e3o e cidadania\",\"url\":\"https:\\\/\\\/inclusivenews.com.br\\\/\",\"logo\":{\"@type\":\"ImageObject\",\"inLanguage\":\"pt-PT\",\"@id\":\"https:\\\/\\\/inclusivenews.com.br\\\/#\\\/schema\\\/logo\\\/image\\\/\",\"url\":\"https:\\\/\\\/inclusivenews.com.br\\\/wp-content\\\/uploads\\\/2024\\\/03\\\/@grandesite.png\",\"contentUrl\":\"https:\\\/\\\/inclusivenews.com.br\\\/wp-content\\\/uploads\\\/2024\\\/03\\\/@grandesite.png\",\"width\":1080,\"height\":1080,\"caption\":\"Inclusive - inclus\u00e3o e cidadania\"},\"image\":{\"@id\":\"https:\\\/\\\/inclusivenews.com.br\\\/#\\\/schema\\\/logo\\\/image\\\/\"},\"sameAs\":[\"https:\\\/\\\/www.facebook.com\\\/agenciainclusive\\\/\",\"https:\\\/\\\/www.instagram.com\\\/newsinclusive\\\/\"]},{\"@type\":\"Person\",\"@id\":\"https:\\\/\\\/inclusivenews.com.br\\\/#\\\/schema\\\/person\\\/ae4ec7087559b8692fb33b6fffd2273b\",\"name\":\"inclusivenews2024\",\"image\":{\"@type\":\"ImageObject\",\"inLanguage\":\"pt-PT\",\"@id\":\"https:\\\/\\\/secure.gravatar.com\\\/avatar\\\/c5a7ef84c66fa914f55bc4f7ce26cfa275a3b9a1c5568b907bd184fb4dde7b40?s=96&d=mm&r=g\",\"url\":\"https:\\\/\\\/secure.gravatar.com\\\/avatar\\\/c5a7ef84c66fa914f55bc4f7ce26cfa275a3b9a1c5568b907bd184fb4dde7b40?s=96&d=mm&r=g\",\"contentUrl\":\"https:\\\/\\\/secure.gravatar.com\\\/avatar\\\/c5a7ef84c66fa914f55bc4f7ce26cfa275a3b9a1c5568b907bd184fb4dde7b40?s=96&d=mm&r=g\",\"caption\":\"inclusivenews2024\"},\"sameAs\":[\"https:\\\/\\\/inclusivenews.com.br\"],\"url\":\"https:\\\/\\\/inclusivenews.com.br\\\/?author=1\"}]}<\/script>\n<!-- \/ Yoast SEO plugin. -->","yoast_head_json":{"title":"Quem ser\u00e1 o(a) novo(a) Secret\u00e1rio(a)? -","robots":{"index":"index","follow":"follow","max-snippet":"max-snippet:-1","max-image-preview":"max-image-preview:large","max-video-preview":"max-video-preview:-1"},"canonical":"https:\/\/inclusivenews.com.br\/?p=19142","og_locale":"pt_PT","og_type":"article","og_title":"Quem ser\u00e1 o(a) novo(a) Secret\u00e1rio(a)? -","og_description":"Cadeira vazia na Secretaria Nacional dos Direitos da Pessoa com Defici\u00eancia da Secretaria de Direitos Humanos da Presid\u00eancia. Quem voc\u00ea acha que deve ocup\u00e1-la?","og_url":"https:\/\/inclusivenews.com.br\/?p=19142","article_publisher":"https:\/\/www.facebook.com\/agenciainclusive\/","article_published_time":"2011-04-16T03:16:18+00:00","og_image":[{"url":"http:\/\/inclusivenews.com.br\/wp-content\/uploads\/2011\/02\/duvida1-300x223.jpg","type":"","width":"","height":""}],"author":"inclusivenews2024","twitter_card":"summary_large_image","twitter_misc":{"Escrito por":"inclusivenews2024","Tempo estimado de leitura":"5 minutos"},"schema":{"@context":"https:\/\/schema.org","@graph":[{"@type":"Article","@id":"https:\/\/inclusivenews.com.br\/?p=19142#article","isPartOf":{"@id":"https:\/\/inclusivenews.com.br\/?p=19142"},"author":{"name":"inclusivenews2024","@id":"https:\/\/inclusivenews.com.br\/#\/schema\/person\/ae4ec7087559b8692fb33b6fffd2273b"},"headline":"Quem ser\u00e1 o(a) novo(a) Secret\u00e1rio(a)?","datePublished":"2011-04-16T03:16:18+00:00","mainEntityOfPage":{"@id":"https:\/\/inclusivenews.com.br\/?p=19142"},"wordCount":957,"publisher":{"@id":"https:\/\/inclusivenews.com.br\/#organization"},"image":{"@id":"https:\/\/inclusivenews.com.br\/?p=19142#primaryimage"},"thumbnailUrl":"http:\/\/inclusivenews.com.br\/wp-content\/uploads\/2011\/02\/duvida1-300x223.jpg","articleSection":["Defici\u00eancia","INCLUS\u00c3O SOCIAL","NOT\u00cdCIAS"],"inLanguage":"pt-PT"},{"@type":"WebPage","@id":"https:\/\/inclusivenews.com.br\/?p=19142","url":"https:\/\/inclusivenews.com.br\/?p=19142","name":"Quem ser\u00e1 o(a) novo(a) Secret\u00e1rio(a)? -","isPartOf":{"@id":"https:\/\/inclusivenews.com.br\/#website"},"primaryImageOfPage":{"@id":"https:\/\/inclusivenews.com.br\/?p=19142#primaryimage"},"image":{"@id":"https:\/\/inclusivenews.com.br\/?p=19142#primaryimage"},"thumbnailUrl":"http:\/\/inclusivenews.com.br\/wp-content\/uploads\/2011\/02\/duvida1-300x223.jpg","datePublished":"2011-04-16T03:16:18+00:00","breadcrumb":{"@id":"https:\/\/inclusivenews.com.br\/?p=19142#breadcrumb"},"inLanguage":"pt-PT","potentialAction":[{"@type":"ReadAction","target":["https:\/\/inclusivenews.com.br\/?p=19142"]}]},{"@type":"ImageObject","inLanguage":"pt-PT","@id":"https:\/\/inclusivenews.com.br\/?p=19142#primaryimage","url":"","contentUrl":""},{"@type":"BreadcrumbList","@id":"https:\/\/inclusivenews.com.br\/?p=19142#breadcrumb","itemListElement":[{"@type":"ListItem","position":1,"name":"In\u00edcio","item":"https:\/\/inclusivenews.com.br\/"},{"@type":"ListItem","position":2,"name":"Quem ser\u00e1 o(a) novo(a) Secret\u00e1rio(a)?"}]},{"@type":"WebSite","@id":"https:\/\/inclusivenews.com.br\/#website","url":"https:\/\/inclusivenews.com.br\/","name":"Inclusive News","description":"Inclusive News","publisher":{"@id":"https:\/\/inclusivenews.com.br\/#organization"},"potentialAction":[{"@type":"SearchAction","target":{"@type":"EntryPoint","urlTemplate":"https:\/\/inclusivenews.com.br\/?s={search_term_string}"},"query-input":{"@type":"PropertyValueSpecification","valueRequired":true,"valueName":"search_term_string"}}],"inLanguage":"pt-PT"},{"@type":"Organization","@id":"https:\/\/inclusivenews.com.br\/#organization","name":"Inclusive - inclus\u00e3o e cidadania","url":"https:\/\/inclusivenews.com.br\/","logo":{"@type":"ImageObject","inLanguage":"pt-PT","@id":"https:\/\/inclusivenews.com.br\/#\/schema\/logo\/image\/","url":"https:\/\/inclusivenews.com.br\/wp-content\/uploads\/2024\/03\/@grandesite.png","contentUrl":"https:\/\/inclusivenews.com.br\/wp-content\/uploads\/2024\/03\/@grandesite.png","width":1080,"height":1080,"caption":"Inclusive - inclus\u00e3o e cidadania"},"image":{"@id":"https:\/\/inclusivenews.com.br\/#\/schema\/logo\/image\/"},"sameAs":["https:\/\/www.facebook.com\/agenciainclusive\/","https:\/\/www.instagram.com\/newsinclusive\/"]},{"@type":"Person","@id":"https:\/\/inclusivenews.com.br\/#\/schema\/person\/ae4ec7087559b8692fb33b6fffd2273b","name":"inclusivenews2024","image":{"@type":"ImageObject","inLanguage":"pt-PT","@id":"https:\/\/secure.gravatar.com\/avatar\/c5a7ef84c66fa914f55bc4f7ce26cfa275a3b9a1c5568b907bd184fb4dde7b40?s=96&d=mm&r=g","url":"https:\/\/secure.gravatar.com\/avatar\/c5a7ef84c66fa914f55bc4f7ce26cfa275a3b9a1c5568b907bd184fb4dde7b40?s=96&d=mm&r=g","contentUrl":"https:\/\/secure.gravatar.com\/avatar\/c5a7ef84c66fa914f55bc4f7ce26cfa275a3b9a1c5568b907bd184fb4dde7b40?s=96&d=mm&r=g","caption":"inclusivenews2024"},"sameAs":["https:\/\/inclusivenews.com.br"],"url":"https:\/\/inclusivenews.com.br\/?author=1"}]}},"_links":{"self":[{"href":"https:\/\/inclusivenews.com.br\/index.php?rest_route=\/wp\/v2\/posts\/19142","targetHints":{"allow":["GET"]}}],"collection":[{"href":"https:\/\/inclusivenews.com.br\/index.php?rest_route=\/wp\/v2\/posts"}],"about":[{"href":"https:\/\/inclusivenews.com.br\/index.php?rest_route=\/wp\/v2\/types\/post"}],"author":[{"embeddable":true,"href":"https:\/\/inclusivenews.com.br\/index.php?rest_route=\/wp\/v2\/users\/1"}],"replies":[{"embeddable":true,"href":"https:\/\/inclusivenews.com.br\/index.php?rest_route=%2Fwp%2Fv2%2Fcomments&post=19142"}],"version-history":[{"count":0,"href":"https:\/\/inclusivenews.com.br\/index.php?rest_route=\/wp\/v2\/posts\/19142\/revisions"}],"wp:attachment":[{"href":"https:\/\/inclusivenews.com.br\/index.php?rest_route=%2Fwp%2Fv2%2Fmedia&parent=19142"}],"wp:term":[{"taxonomy":"category","embeddable":true,"href":"https:\/\/inclusivenews.com.br\/index.php?rest_route=%2Fwp%2Fv2%2Fcategories&post=19142"},{"taxonomy":"post_tag","embeddable":true,"href":"https:\/\/inclusivenews.com.br\/index.php?rest_route=%2Fwp%2Fv2%2Ftags&post=19142"}],"curies":[{"name":"wp","href":"https:\/\/api.w.org\/{rel}","templated":true}]}}