{"id":19163,"date":"2011-04-21T08:57:38","date_gmt":"2011-04-21T11:57:38","guid":{"rendered":"http:\/\/www.inclusive.org.br\/?p=19163"},"modified":"2011-04-21T08:57:38","modified_gmt":"2011-04-21T11:57:38","slug":"seminario-discute-desafios-da-educacao-nas-prisoes-no-estado-de-sp-2804","status":"publish","type":"post","link":"https:\/\/inclusivenews.com.br\/?p=19163","title":{"rendered":"Semin\u00e1rio discute desafios da educa\u00e7\u00e3o nas pris\u00f5es no Estado de SP (28\/04)"},"content":{"rendered":"<div class=\"gmail_quote\">\n<p><strong><span style=\"font-size: x-small;\"><\/p>\n<figure style=\"width: 240px\" class=\"wp-caption alignleft\"><img loading=\"lazy\" decoding=\"async\" class=\" \" title=\"Presos em classe, vistos de costas\" src=\"http:\/\/www.guiame.com.br\/images_materia\/materia\/z_1554.jpg\" alt=\"Presos em classe, vistos de costas\" width=\"240\" height=\"240\" \/><figcaption class=\"wp-caption-text\"> <\/figcaption><\/figure>\n<p>Mesa de Debates<\/p>\n<p><\/span><\/strong><\/p>\n<div>\n<p><span style=\"font-family: &amp;amp;amp;\"><\/p>\n<p class=\"MsoNormal\"><strong><span style=\"font-size: x-small;\">\u201cDesafios para implementa\u00e7\u00e3o das Diretrizes Nacionais sobre Educa\u00e7\u00e3o\u00a0em Pris\u00f5es\u201d<br \/>\n<\/span><\/strong><\/p>\n<p class=\"MsoNormal\"><span style=\"font-size: x-small;\"><strong>Debatedores:<br \/>\n<\/strong>Carlos Teixeira (Minist\u00e9rio da Educa\u00e7\u00e3o)<br \/>\nFelipe Melo (Grupo de Trabalho sobre Educa\u00e7\u00e3o nas Pris\u00f5es do governo de S\u00e3o Paulo)<br \/>\nM\u00e1rio Miranda Neto (Presidente Comiss\u00e3o de Educa\u00e7\u00e3o do Conselho Penitenci\u00e1rio RJ )<br \/>\nAndrea de Lima Kravetz (Escola Penitenci\u00e1ria do Paran\u00e1\/ESPEN)<br \/>\nRoberto Catelli (A\u00e7\u00e3o Educativa) <\/span><\/p>\n<p class=\"MsoNormal\"><span style=\"font-size: x-small;\"><strong>Data 28 de abril de 2011<br \/>\nHor\u00e1rio:<\/strong> 14 horas<br \/>\nAudit\u00f3rio da A\u00e7\u00e3o Educativa<br \/>\nRua General Jardim, 660 Santa Cec\u00edlia S\u00e3o Paulo\/SP<br \/>\n<\/span><\/p>\n<p class=\"MsoNormal\"><em><span style=\"font-size: x-small;\">Transmiss\u00e3o ao vivo pelo site <\/span><\/em><a href=\"http:\/\/www.observatoriodaeducacao.org.br\/aovivo\" target=\"_blank\" rel=\"noopener\"><em><span style=\"font-size: x-small;\">www.observatoriodaeducacao.org.br\/aovivo<\/span><\/em><\/a><em><span style=\"font-size: x-small;\"> com bate-papo para participa\u00e7\u00e3o e interpreta\u00e7\u00e3o em LIBRAS<\/span><\/em><\/p>\n<p class=\"MsoNormal\"><strong><span style=\"font-size: x-small;\">Inscri\u00e7\u00f5es:<\/span><\/strong><\/p>\n<p class=\"MsoNormal\"><span style=\"color: #000000; font-size: x-small;\">Clique <a href=\"https:\/\/spreadsheets.google.com\/viewform?hl=pt_BR&amp;formkey=dHhyc0pNTHlHSUR3ZGthSTZoYVNUVkE6MA#gid=0\" target=\"_blank\" rel=\"noopener\"><strong>aqui<\/strong> <\/a>para se inscrever gratuitamente. <\/span><\/p>\n<p class=\"MsoNormal\"><span style=\"font-size: x-small;\"><strong>Realiza\u00e7\u00e3o:<br \/>\n<\/strong>A\u00e7\u00e3o Educativa<br \/>\nITTC (Instituto Terra, Trabalho e Cidadania)<br \/>\nPastoral Carcer\u00e1ria<br \/>\nIDDD (Insituto de Defesa do Direito de Defesa)<br \/>\nAPADEP (Associa\u00e7\u00e3o Paulista dos Defensores P\u00fablicos)<br \/>\nIBCCRIM (Instituto Brasileiro de Ci\u00eancias Criminais)<br \/>\nUNIFESP (Campus Baixada Santista, PET Educa\u00e7\u00e3o Popular \u2013 criando e recriando a realidade social)<br \/>\nAlfasol (Alfabetiza\u00e7\u00e3o Solid\u00e1ria)<br \/>\nConectas Direitos Humanos<br \/>\nPastoral da Juventude da Arquidiocese de S\u00e3o Paulo<br \/>\nMPd (Minist\u00e9rio P\u00fablico Democr\u00e1tico)<br \/>\nAJD (Associa\u00e7\u00e3o Ju\u00edzes para a Democracia) <\/span><\/p>\n<p><\/span><\/p>\n<\/div>\n<\/div>\n","protected":false},"excerpt":{"rendered":"<p>Mesa de Debates com o tema \u201cDesafios para implementa\u00e7\u00e3o das Diretrizes Nacionais sobre Educa\u00e7\u00e3o em Pris\u00f5es\u201d. Evento tambpem ter\u00e1 transmiss\u00e3o ao vivo via web. Da A\u00e7\u00e3o Educativa.<\/p>\n","protected":false},"author":1,"featured_media":0,"comment_status":"open","ping_status":"open","sticky":false,"template":"","format":"standard","meta":{"site-container-style":"default","site-container-layout":"default","site-sidebar-layout":"default","disable-article-header":"default","disable-site-header":"default","disable-site-footer":"default","disable-content-area-spacing":"default","footnotes":""},"categories":[12,6,48,4],"tags":[],"class_list":["post-19163","post","type-post","status-publish","format-standard","hentry","category-cursos-e-eventos","category-educacao","category-inclusao","category-noticias"],"yoast_head":"<!-- This site is optimized with the Yoast SEO plugin v27.4 - https:\/\/yoast.com\/product\/yoast-seo-wordpress\/ -->\n<title>Semin\u00e1rio discute desafios da educa\u00e7\u00e3o nas pris\u00f5es no Estado de SP (28\/04) -<\/title>\n<meta name=\"robots\" content=\"index, follow, max-snippet:-1, max-image-preview:large, max-video-preview:-1\" \/>\n<link rel=\"canonical\" href=\"https:\/\/inclusivenews.com.br\/?p=19163\" \/>\n<meta property=\"og:locale\" content=\"pt_PT\" \/>\n<meta property=\"og:type\" content=\"article\" \/>\n<meta property=\"og:title\" content=\"Semin\u00e1rio discute desafios da educa\u00e7\u00e3o nas pris\u00f5es no Estado de SP (28\/04) -\" \/>\n<meta property=\"og:description\" content=\"Mesa de Debates com o tema \u201cDesafios para implementa\u00e7\u00e3o das Diretrizes Nacionais sobre Educa\u00e7\u00e3o em Pris\u00f5es\u201d. Evento tambpem ter\u00e1 transmiss\u00e3o ao vivo via web. Da A\u00e7\u00e3o Educativa.\" \/>\n<meta property=\"og:url\" content=\"https:\/\/inclusivenews.com.br\/?p=19163\" \/>\n<meta property=\"article:publisher\" content=\"https:\/\/www.facebook.com\/agenciainclusive\/\" \/>\n<meta property=\"article:published_time\" content=\"2011-04-21T11:57:38+00:00\" \/>\n<meta property=\"og:image\" content=\"http:\/\/www.guiame.com.br\/images_materia\/materia\/z_1554.jpg\" \/>\n<meta name=\"author\" content=\"inclusivenews2024\" \/>\n<meta name=\"twitter:card\" content=\"summary_large_image\" \/>\n<meta name=\"twitter:label1\" content=\"Escrito por\" \/>\n\t<meta name=\"twitter:data1\" content=\"inclusivenews2024\" \/>\n\t<meta name=\"twitter:label2\" content=\"Tempo estimado de leitura\" \/>\n\t<meta name=\"twitter:data2\" content=\"1 minuto\" \/>\n<script type=\"application\/ld+json\" class=\"yoast-schema-graph\">{\"@context\":\"https:\\\/\\\/schema.org\",\"@graph\":[{\"@type\":\"Article\",\"@id\":\"https:\\\/\\\/inclusivenews.com.br\\\/?p=19163#article\",\"isPartOf\":{\"@id\":\"https:\\\/\\\/inclusivenews.com.br\\\/?p=19163\"},\"author\":{\"name\":\"inclusivenews2024\",\"@id\":\"https:\\\/\\\/inclusivenews.com.br\\\/#\\\/schema\\\/person\\\/ae4ec7087559b8692fb33b6fffd2273b\"},\"headline\":\"Semin\u00e1rio discute desafios da educa\u00e7\u00e3o nas pris\u00f5es no Estado de SP (28\\\/04)\",\"datePublished\":\"2011-04-21T11:57:38+00:00\",\"mainEntityOfPage\":{\"@id\":\"https:\\\/\\\/inclusivenews.com.br\\\/?p=19163\"},\"wordCount\":227,\"commentCount\":0,\"publisher\":{\"@id\":\"https:\\\/\\\/inclusivenews.com.br\\\/#organization\"},\"image\":{\"@id\":\"https:\\\/\\\/inclusivenews.com.br\\\/?p=19163#primaryimage\"},\"thumbnailUrl\":\"http:\\\/\\\/www.guiame.com.br\\\/images_materia\\\/materia\\\/z_1554.jpg\",\"articleSection\":[\"Cursos e eventos\",\"EDUCA\u00c7\u00c3O\",\"INCLUS\u00c3O SOCIAL\",\"NOT\u00cdCIAS\"],\"inLanguage\":\"pt-PT\",\"potentialAction\":[{\"@type\":\"CommentAction\",\"name\":\"Comment\",\"target\":[\"https:\\\/\\\/inclusivenews.com.br\\\/?p=19163#respond\"]}]},{\"@type\":\"WebPage\",\"@id\":\"https:\\\/\\\/inclusivenews.com.br\\\/?p=19163\",\"url\":\"https:\\\/\\\/inclusivenews.com.br\\\/?p=19163\",\"name\":\"Semin\u00e1rio discute desafios da educa\u00e7\u00e3o nas pris\u00f5es no Estado de SP (28\\\/04) -\",\"isPartOf\":{\"@id\":\"https:\\\/\\\/inclusivenews.com.br\\\/#website\"},\"primaryImageOfPage\":{\"@id\":\"https:\\\/\\\/inclusivenews.com.br\\\/?p=19163#primaryimage\"},\"image\":{\"@id\":\"https:\\\/\\\/inclusivenews.com.br\\\/?p=19163#primaryimage\"},\"thumbnailUrl\":\"http:\\\/\\\/www.guiame.com.br\\\/images_materia\\\/materia\\\/z_1554.jpg\",\"datePublished\":\"2011-04-21T11:57:38+00:00\",\"breadcrumb\":{\"@id\":\"https:\\\/\\\/inclusivenews.com.br\\\/?p=19163#breadcrumb\"},\"inLanguage\":\"pt-PT\",\"potentialAction\":[{\"@type\":\"ReadAction\",\"target\":[\"https:\\\/\\\/inclusivenews.com.br\\\/?p=19163\"]}]},{\"@type\":\"ImageObject\",\"inLanguage\":\"pt-PT\",\"@id\":\"https:\\\/\\\/inclusivenews.com.br\\\/?p=19163#primaryimage\",\"url\":\"http:\\\/\\\/www.guiame.com.br\\\/images_materia\\\/materia\\\/z_1554.jpg\",\"contentUrl\":\"http:\\\/\\\/www.guiame.com.br\\\/images_materia\\\/materia\\\/z_1554.jpg\"},{\"@type\":\"BreadcrumbList\",\"@id\":\"https:\\\/\\\/inclusivenews.com.br\\\/?p=19163#breadcrumb\",\"itemListElement\":[{\"@type\":\"ListItem\",\"position\":1,\"name\":\"In\u00edcio\",\"item\":\"https:\\\/\\\/inclusivenews.com.br\\\/\"},{\"@type\":\"ListItem\",\"position\":2,\"name\":\"Semin\u00e1rio discute desafios da educa\u00e7\u00e3o nas pris\u00f5es no Estado de SP (28\\\/04)\"}]},{\"@type\":\"WebSite\",\"@id\":\"https:\\\/\\\/inclusivenews.com.br\\\/#website\",\"url\":\"https:\\\/\\\/inclusivenews.com.br\\\/\",\"name\":\"Inclusive News\",\"description\":\"Inclusive News\",\"publisher\":{\"@id\":\"https:\\\/\\\/inclusivenews.com.br\\\/#organization\"},\"potentialAction\":[{\"@type\":\"SearchAction\",\"target\":{\"@type\":\"EntryPoint\",\"urlTemplate\":\"https:\\\/\\\/inclusivenews.com.br\\\/?s={search_term_string}\"},\"query-input\":{\"@type\":\"PropertyValueSpecification\",\"valueRequired\":true,\"valueName\":\"search_term_string\"}}],\"inLanguage\":\"pt-PT\"},{\"@type\":\"Organization\",\"@id\":\"https:\\\/\\\/inclusivenews.com.br\\\/#organization\",\"name\":\"Inclusive - inclus\u00e3o e cidadania\",\"url\":\"https:\\\/\\\/inclusivenews.com.br\\\/\",\"logo\":{\"@type\":\"ImageObject\",\"inLanguage\":\"pt-PT\",\"@id\":\"https:\\\/\\\/inclusivenews.com.br\\\/#\\\/schema\\\/logo\\\/image\\\/\",\"url\":\"https:\\\/\\\/inclusivenews.com.br\\\/wp-content\\\/uploads\\\/2024\\\/03\\\/@grandesite.png\",\"contentUrl\":\"https:\\\/\\\/inclusivenews.com.br\\\/wp-content\\\/uploads\\\/2024\\\/03\\\/@grandesite.png\",\"width\":1080,\"height\":1080,\"caption\":\"Inclusive - inclus\u00e3o e cidadania\"},\"image\":{\"@id\":\"https:\\\/\\\/inclusivenews.com.br\\\/#\\\/schema\\\/logo\\\/image\\\/\"},\"sameAs\":[\"https:\\\/\\\/www.facebook.com\\\/agenciainclusive\\\/\",\"https:\\\/\\\/www.instagram.com\\\/newsinclusive\\\/\"]},{\"@type\":\"Person\",\"@id\":\"https:\\\/\\\/inclusivenews.com.br\\\/#\\\/schema\\\/person\\\/ae4ec7087559b8692fb33b6fffd2273b\",\"name\":\"inclusivenews2024\",\"image\":{\"@type\":\"ImageObject\",\"inLanguage\":\"pt-PT\",\"@id\":\"https:\\\/\\\/secure.gravatar.com\\\/avatar\\\/c5a7ef84c66fa914f55bc4f7ce26cfa275a3b9a1c5568b907bd184fb4dde7b40?s=96&d=mm&r=g\",\"url\":\"https:\\\/\\\/secure.gravatar.com\\\/avatar\\\/c5a7ef84c66fa914f55bc4f7ce26cfa275a3b9a1c5568b907bd184fb4dde7b40?s=96&d=mm&r=g\",\"contentUrl\":\"https:\\\/\\\/secure.gravatar.com\\\/avatar\\\/c5a7ef84c66fa914f55bc4f7ce26cfa275a3b9a1c5568b907bd184fb4dde7b40?s=96&d=mm&r=g\",\"caption\":\"inclusivenews2024\"},\"sameAs\":[\"https:\\\/\\\/inclusivenews.com.br\"],\"url\":\"https:\\\/\\\/inclusivenews.com.br\\\/?author=1\"}]}<\/script>\n<!-- \/ Yoast SEO plugin. -->","yoast_head_json":{"title":"Semin\u00e1rio discute desafios da educa\u00e7\u00e3o nas pris\u00f5es no Estado de SP (28\/04) -","robots":{"index":"index","follow":"follow","max-snippet":"max-snippet:-1","max-image-preview":"max-image-preview:large","max-video-preview":"max-video-preview:-1"},"canonical":"https:\/\/inclusivenews.com.br\/?p=19163","og_locale":"pt_PT","og_type":"article","og_title":"Semin\u00e1rio discute desafios da educa\u00e7\u00e3o nas pris\u00f5es no Estado de SP (28\/04) -","og_description":"Mesa de Debates com o tema \u201cDesafios para implementa\u00e7\u00e3o das Diretrizes Nacionais sobre Educa\u00e7\u00e3o em Pris\u00f5es\u201d. Evento tambpem ter\u00e1 transmiss\u00e3o ao vivo via web. Da A\u00e7\u00e3o Educativa.","og_url":"https:\/\/inclusivenews.com.br\/?p=19163","article_publisher":"https:\/\/www.facebook.com\/agenciainclusive\/","article_published_time":"2011-04-21T11:57:38+00:00","og_image":[{"url":"http:\/\/www.guiame.com.br\/images_materia\/materia\/z_1554.jpg","type":"","width":"","height":""}],"author":"inclusivenews2024","twitter_card":"summary_large_image","twitter_misc":{"Escrito por":"inclusivenews2024","Tempo estimado de leitura":"1 minuto"},"schema":{"@context":"https:\/\/schema.org","@graph":[{"@type":"Article","@id":"https:\/\/inclusivenews.com.br\/?p=19163#article","isPartOf":{"@id":"https:\/\/inclusivenews.com.br\/?p=19163"},"author":{"name":"inclusivenews2024","@id":"https:\/\/inclusivenews.com.br\/#\/schema\/person\/ae4ec7087559b8692fb33b6fffd2273b"},"headline":"Semin\u00e1rio discute desafios da educa\u00e7\u00e3o nas pris\u00f5es no Estado de SP (28\/04)","datePublished":"2011-04-21T11:57:38+00:00","mainEntityOfPage":{"@id":"https:\/\/inclusivenews.com.br\/?p=19163"},"wordCount":227,"commentCount":0,"publisher":{"@id":"https:\/\/inclusivenews.com.br\/#organization"},"image":{"@id":"https:\/\/inclusivenews.com.br\/?p=19163#primaryimage"},"thumbnailUrl":"http:\/\/www.guiame.com.br\/images_materia\/materia\/z_1554.jpg","articleSection":["Cursos e eventos","EDUCA\u00c7\u00c3O","INCLUS\u00c3O SOCIAL","NOT\u00cdCIAS"],"inLanguage":"pt-PT","potentialAction":[{"@type":"CommentAction","name":"Comment","target":["https:\/\/inclusivenews.com.br\/?p=19163#respond"]}]},{"@type":"WebPage","@id":"https:\/\/inclusivenews.com.br\/?p=19163","url":"https:\/\/inclusivenews.com.br\/?p=19163","name":"Semin\u00e1rio discute desafios da educa\u00e7\u00e3o nas pris\u00f5es no Estado de SP (28\/04) -","isPartOf":{"@id":"https:\/\/inclusivenews.com.br\/#website"},"primaryImageOfPage":{"@id":"https:\/\/inclusivenews.com.br\/?p=19163#primaryimage"},"image":{"@id":"https:\/\/inclusivenews.com.br\/?p=19163#primaryimage"},"thumbnailUrl":"http:\/\/www.guiame.com.br\/images_materia\/materia\/z_1554.jpg","datePublished":"2011-04-21T11:57:38+00:00","breadcrumb":{"@id":"https:\/\/inclusivenews.com.br\/?p=19163#breadcrumb"},"inLanguage":"pt-PT","potentialAction":[{"@type":"ReadAction","target":["https:\/\/inclusivenews.com.br\/?p=19163"]}]},{"@type":"ImageObject","inLanguage":"pt-PT","@id":"https:\/\/inclusivenews.com.br\/?p=19163#primaryimage","url":"http:\/\/www.guiame.com.br\/images_materia\/materia\/z_1554.jpg","contentUrl":"http:\/\/www.guiame.com.br\/images_materia\/materia\/z_1554.jpg"},{"@type":"BreadcrumbList","@id":"https:\/\/inclusivenews.com.br\/?p=19163#breadcrumb","itemListElement":[{"@type":"ListItem","position":1,"name":"In\u00edcio","item":"https:\/\/inclusivenews.com.br\/"},{"@type":"ListItem","position":2,"name":"Semin\u00e1rio discute desafios da educa\u00e7\u00e3o nas pris\u00f5es no Estado de SP (28\/04)"}]},{"@type":"WebSite","@id":"https:\/\/inclusivenews.com.br\/#website","url":"https:\/\/inclusivenews.com.br\/","name":"Inclusive News","description":"Inclusive News","publisher":{"@id":"https:\/\/inclusivenews.com.br\/#organization"},"potentialAction":[{"@type":"SearchAction","target":{"@type":"EntryPoint","urlTemplate":"https:\/\/inclusivenews.com.br\/?s={search_term_string}"},"query-input":{"@type":"PropertyValueSpecification","valueRequired":true,"valueName":"search_term_string"}}],"inLanguage":"pt-PT"},{"@type":"Organization","@id":"https:\/\/inclusivenews.com.br\/#organization","name":"Inclusive - inclus\u00e3o e cidadania","url":"https:\/\/inclusivenews.com.br\/","logo":{"@type":"ImageObject","inLanguage":"pt-PT","@id":"https:\/\/inclusivenews.com.br\/#\/schema\/logo\/image\/","url":"https:\/\/inclusivenews.com.br\/wp-content\/uploads\/2024\/03\/@grandesite.png","contentUrl":"https:\/\/inclusivenews.com.br\/wp-content\/uploads\/2024\/03\/@grandesite.png","width":1080,"height":1080,"caption":"Inclusive - inclus\u00e3o e cidadania"},"image":{"@id":"https:\/\/inclusivenews.com.br\/#\/schema\/logo\/image\/"},"sameAs":["https:\/\/www.facebook.com\/agenciainclusive\/","https:\/\/www.instagram.com\/newsinclusive\/"]},{"@type":"Person","@id":"https:\/\/inclusivenews.com.br\/#\/schema\/person\/ae4ec7087559b8692fb33b6fffd2273b","name":"inclusivenews2024","image":{"@type":"ImageObject","inLanguage":"pt-PT","@id":"https:\/\/secure.gravatar.com\/avatar\/c5a7ef84c66fa914f55bc4f7ce26cfa275a3b9a1c5568b907bd184fb4dde7b40?s=96&d=mm&r=g","url":"https:\/\/secure.gravatar.com\/avatar\/c5a7ef84c66fa914f55bc4f7ce26cfa275a3b9a1c5568b907bd184fb4dde7b40?s=96&d=mm&r=g","contentUrl":"https:\/\/secure.gravatar.com\/avatar\/c5a7ef84c66fa914f55bc4f7ce26cfa275a3b9a1c5568b907bd184fb4dde7b40?s=96&d=mm&r=g","caption":"inclusivenews2024"},"sameAs":["https:\/\/inclusivenews.com.br"],"url":"https:\/\/inclusivenews.com.br\/?author=1"}]}},"_links":{"self":[{"href":"https:\/\/inclusivenews.com.br\/index.php?rest_route=\/wp\/v2\/posts\/19163","targetHints":{"allow":["GET"]}}],"collection":[{"href":"https:\/\/inclusivenews.com.br\/index.php?rest_route=\/wp\/v2\/posts"}],"about":[{"href":"https:\/\/inclusivenews.com.br\/index.php?rest_route=\/wp\/v2\/types\/post"}],"author":[{"embeddable":true,"href":"https:\/\/inclusivenews.com.br\/index.php?rest_route=\/wp\/v2\/users\/1"}],"replies":[{"embeddable":true,"href":"https:\/\/inclusivenews.com.br\/index.php?rest_route=%2Fwp%2Fv2%2Fcomments&post=19163"}],"version-history":[{"count":0,"href":"https:\/\/inclusivenews.com.br\/index.php?rest_route=\/wp\/v2\/posts\/19163\/revisions"}],"wp:attachment":[{"href":"https:\/\/inclusivenews.com.br\/index.php?rest_route=%2Fwp%2Fv2%2Fmedia&parent=19163"}],"wp:term":[{"taxonomy":"category","embeddable":true,"href":"https:\/\/inclusivenews.com.br\/index.php?rest_route=%2Fwp%2Fv2%2Fcategories&post=19163"},{"taxonomy":"post_tag","embeddable":true,"href":"https:\/\/inclusivenews.com.br\/index.php?rest_route=%2Fwp%2Fv2%2Ftags&post=19163"}],"curies":[{"name":"wp","href":"https:\/\/api.w.org\/{rel}","templated":true}]}}