{"id":19173,"date":"2011-04-21T09:29:09","date_gmt":"2011-04-21T12:29:09","guid":{"rendered":"http:\/\/www.inclusive.org.br\/?p=19173"},"modified":"2011-04-21T09:29:09","modified_gmt":"2011-04-21T12:29:09","slug":"escola-oziel-alves-pereira-presente","status":"publish","type":"post","link":"https:\/\/inclusivenews.com.br\/?p=19173","title":{"rendered":"Escola Oziel Alves Pereira, presente!"},"content":{"rendered":"<figure style=\"width: 420px\" class=\"wp-caption alignleft\"><img loading=\"lazy\" decoding=\"async\" class=\" \" title=\"Fachada da escola\" src=\"http:\/\/www.folhadobico.com.br\/wp-content\/arquivo\/2010\/02\/pa19.jpg\" alt=\"Fachada da escola\" width=\"420\" height=\"279\" \/><figcaption class=\"wp-caption-text\"> <\/figcaption><\/figure>\n<p>Institui\u00e7\u00e3o com nome de garoto assassinado no massacre \u00e9 refer\u00eancia na regi\u00e3o.<\/p>\n<p class=\"western\"><em>M\u00e1rcio Zonta<br \/>\nde Eldorado dos Caraj\u00e1s (PA)<\/em><\/p>\n<p class=\"western\">Uma escola com 12 salas equipadas com ar-condicionado, audit\u00f3rio para aproximadamente 150 pessoas, biblioteca, sala de inform\u00e1tica, laborat\u00f3rio multidisciplinar de biologia, ci\u00eancias e qu\u00edmica e sala de v\u00eddeo, com cerca de 60 funcion\u00e1rios, al\u00e9m de quatro micro\u00f4nibus que buscam e deixam os estudantes em suas casas.<\/p>\n<p class=\"western\">Engana-se quem pensa que a escola Oziel Alves Pereira, com essa estrutura, situa-se em algum bairro nobre. Ela atende mais de 1,5 mil alunos da educa\u00e7\u00e3o infantil ao ensino m\u00e9dio e est\u00e1 instalada no assentamento 17 de abril, em Eldorado dos Caraj\u00e1s (PA).<\/p>\n<p class=\"western\">A escola \u00e9 considerada por muitos como refer\u00eancia na regi\u00e3o do sul e sudeste do Par\u00e1. \u201cN\u00e3o existe escola desse n\u00edvel nessa regi\u00e3o do estado\u201d, diz Maria Suely Ferreira Gomes, coordenadora do IFPA &#8211; Instituto Federal do Par\u00e1.<\/p>\n<p class=\"western\">Projetada desde quando surgiu o acampamento, tem em seu quadro 32 docentes formados na pr\u00f3pria escola. Recentemente, a dire\u00e7\u00e3o e a coordena\u00e7\u00e3o da escola sa\u00edram do controle do munic\u00edpio de Eldorado do Caraj\u00e1s e passaram a ser da comunidade. A medida ocorreu ap\u00f3s a posse da diretora N\u00e1ldia Maria Torres e da coordenadora pedag\u00f3gica Risangela Neres de Almeida. Ambas formaram-se no curso de licenciatura em Letras, numa parceria da Universidade Federal do Par\u00e1 (UFPA), Programa Nacional de Educa\u00e7\u00e3o de Reforma Agr\u00e1ria (Pronera), Instituto Nacional de Coloniza\u00e7\u00e3o e Reforma Agr\u00e1ria (Incra) e Movimento dos Trabalhadores Rurais Sem Terra (MST). \u201cAntes as delibera\u00e7\u00f5es sobre a escola partiam do munic\u00edpio, agora somos n\u00f3s da comunidade que decidimos o que dever ser feito\u201d, diz Risangela.<\/p>\n<p class=\"western\"><strong>Educa\u00e7\u00e3o do campo<\/strong><\/p>\n<p class=\"western\">Ali\u00e1s, N\u00e1ldia e Risangela t\u00eam a preocupa\u00e7\u00e3o de estabelecer um curr\u00edculo que valorize a educa\u00e7\u00e3o no campo, em detrimento dos curr\u00edculos enviados pelo munic\u00edpio, que muitas vezes est\u00e1 fora da realidade dos alunos. \u201cAqui analisamos o material que vem da prefeitura e vemos o que pode ser utilizado, pois pensamos em uma educa\u00e7\u00e3o em que o aluno reflita sobre o seu meio circundante\u201d, reflete Risangela.<\/p>\n<p class=\"western\">Uma s\u00e9rie de mudan\u00e7as vem sendo implantada junto aos professores. \u201cRealizamos oficinas que mudam a realidade e a mentalidade dos professores, impregnada por muito tempo pelos temas da cidade\u201d, atenta a coordenadora.<\/p>\n<p class=\"western\">Em meados de setembro passado, a dire\u00e7\u00e3o do col\u00e9gio reuniu-se com os professores e organizou uma horta comunit\u00e1ria, no fundo da escola, onde os estudantes seriam os protagonistas na planta\u00e7\u00e3o, cuidados e colheita. \u201cO objetivo era colocar os alunos em contato com a terra, para mudarmos os rumos da escola, pois crian\u00e7as nascidas no campo nunca tinham tido uma experi\u00eancia e um entendimento sobre a quest\u00e3o agr\u00e1ria\u201d, conta Risangela.<\/p>\n<p class=\"western\">A dire\u00e7\u00e3o da escola tamb\u00e9m incluiu na educa\u00e7\u00e3o religiosa proposta pelo munic\u00edpio o sincretismo religioso existente no assentamento 17 de abril. \u201cTemos uma educa\u00e7\u00e3o religiosa diversa, at\u00e9 porque entre os alunos, a religi\u00e3o que seus pais seguem varia, pois temos igrejas evang\u00e9licas, cat\u00f3licas e os rituais de umbanda e candombl\u00e9, da\u00ed a import\u00e2ncia de preservamos isso tamb\u00e9m como elemento cultural\u201d, conclui Risangela.<br \/>\n_________________<\/p>\n<p class=\"western\"><strong>Fonte:<\/strong> <a href=\"http:\/\/www.brasildefato.com.br\/node\/6100\">Brasil de Fato<\/a><\/p>\n","protected":false},"excerpt":{"rendered":"<p>Institui\u00e7\u00e3o com nome de garoto assassinado no Massacre de Eldorado do Caraj\u00e1s \u00e9 refer\u00eancia na regi\u00e3o. Da Ag\u00eancia Brasil de Fato.<\/p>\n","protected":false},"author":1,"featured_media":0,"comment_status":"open","ping_status":"open","sticky":false,"template":"","format":"standard","meta":{"site-container-style":"default","site-container-layout":"default","site-sidebar-layout":"default","disable-article-header":"default","disable-site-header":"default","disable-site-footer":"default","disable-content-area-spacing":"default","footnotes":""},"categories":[6,4],"tags":[],"class_list":["post-19173","post","type-post","status-publish","format-standard","hentry","category-educacao","category-noticias"],"yoast_head":"<!-- This site is optimized with the Yoast SEO plugin v27.4 - https:\/\/yoast.com\/product\/yoast-seo-wordpress\/ -->\n<title>Escola Oziel Alves Pereira, presente! -<\/title>\n<meta name=\"robots\" content=\"index, follow, max-snippet:-1, max-image-preview:large, max-video-preview:-1\" \/>\n<link rel=\"canonical\" href=\"https:\/\/inclusivenews.com.br\/?p=19173\" \/>\n<meta property=\"og:locale\" content=\"pt_PT\" \/>\n<meta property=\"og:type\" content=\"article\" \/>\n<meta property=\"og:title\" content=\"Escola Oziel Alves Pereira, presente! -\" \/>\n<meta property=\"og:description\" content=\"Institui\u00e7\u00e3o com nome de garoto assassinado no Massacre de Eldorado do Caraj\u00e1s \u00e9 refer\u00eancia na regi\u00e3o. Da Ag\u00eancia Brasil de Fato.\" \/>\n<meta property=\"og:url\" content=\"https:\/\/inclusivenews.com.br\/?p=19173\" \/>\n<meta property=\"article:publisher\" content=\"https:\/\/www.facebook.com\/agenciainclusive\/\" \/>\n<meta property=\"article:published_time\" content=\"2011-04-21T12:29:09+00:00\" \/>\n<meta property=\"og:image\" content=\"http:\/\/www.folhadobico.com.br\/wp-content\/arquivo\/2010\/02\/pa19.jpg\" \/>\n<meta name=\"author\" content=\"inclusivenews2024\" \/>\n<meta name=\"twitter:card\" content=\"summary_large_image\" \/>\n<meta name=\"twitter:label1\" content=\"Escrito por\" \/>\n\t<meta name=\"twitter:data1\" content=\"inclusivenews2024\" \/>\n\t<meta name=\"twitter:label2\" content=\"Tempo estimado de leitura\" \/>\n\t<meta name=\"twitter:data2\" content=\"3 minutos\" \/>\n<script type=\"application\/ld+json\" class=\"yoast-schema-graph\">{\"@context\":\"https:\\\/\\\/schema.org\",\"@graph\":[{\"@type\":\"Article\",\"@id\":\"https:\\\/\\\/inclusivenews.com.br\\\/?p=19173#article\",\"isPartOf\":{\"@id\":\"https:\\\/\\\/inclusivenews.com.br\\\/?p=19173\"},\"author\":{\"name\":\"inclusivenews2024\",\"@id\":\"https:\\\/\\\/inclusivenews.com.br\\\/#\\\/schema\\\/person\\\/ae4ec7087559b8692fb33b6fffd2273b\"},\"headline\":\"Escola Oziel Alves Pereira, presente!\",\"datePublished\":\"2011-04-21T12:29:09+00:00\",\"mainEntityOfPage\":{\"@id\":\"https:\\\/\\\/inclusivenews.com.br\\\/?p=19173\"},\"wordCount\":573,\"commentCount\":0,\"publisher\":{\"@id\":\"https:\\\/\\\/inclusivenews.com.br\\\/#organization\"},\"image\":{\"@id\":\"https:\\\/\\\/inclusivenews.com.br\\\/?p=19173#primaryimage\"},\"thumbnailUrl\":\"http:\\\/\\\/www.folhadobico.com.br\\\/wp-content\\\/arquivo\\\/2010\\\/02\\\/pa19.jpg\",\"articleSection\":[\"EDUCA\u00c7\u00c3O\",\"NOT\u00cdCIAS\"],\"inLanguage\":\"pt-PT\",\"potentialAction\":[{\"@type\":\"CommentAction\",\"name\":\"Comment\",\"target\":[\"https:\\\/\\\/inclusivenews.com.br\\\/?p=19173#respond\"]}]},{\"@type\":\"WebPage\",\"@id\":\"https:\\\/\\\/inclusivenews.com.br\\\/?p=19173\",\"url\":\"https:\\\/\\\/inclusivenews.com.br\\\/?p=19173\",\"name\":\"Escola Oziel Alves Pereira, presente! -\",\"isPartOf\":{\"@id\":\"https:\\\/\\\/inclusivenews.com.br\\\/#website\"},\"primaryImageOfPage\":{\"@id\":\"https:\\\/\\\/inclusivenews.com.br\\\/?p=19173#primaryimage\"},\"image\":{\"@id\":\"https:\\\/\\\/inclusivenews.com.br\\\/?p=19173#primaryimage\"},\"thumbnailUrl\":\"http:\\\/\\\/www.folhadobico.com.br\\\/wp-content\\\/arquivo\\\/2010\\\/02\\\/pa19.jpg\",\"datePublished\":\"2011-04-21T12:29:09+00:00\",\"breadcrumb\":{\"@id\":\"https:\\\/\\\/inclusivenews.com.br\\\/?p=19173#breadcrumb\"},\"inLanguage\":\"pt-PT\",\"potentialAction\":[{\"@type\":\"ReadAction\",\"target\":[\"https:\\\/\\\/inclusivenews.com.br\\\/?p=19173\"]}]},{\"@type\":\"ImageObject\",\"inLanguage\":\"pt-PT\",\"@id\":\"https:\\\/\\\/inclusivenews.com.br\\\/?p=19173#primaryimage\",\"url\":\"http:\\\/\\\/www.folhadobico.com.br\\\/wp-content\\\/arquivo\\\/2010\\\/02\\\/pa19.jpg\",\"contentUrl\":\"http:\\\/\\\/www.folhadobico.com.br\\\/wp-content\\\/arquivo\\\/2010\\\/02\\\/pa19.jpg\"},{\"@type\":\"BreadcrumbList\",\"@id\":\"https:\\\/\\\/inclusivenews.com.br\\\/?p=19173#breadcrumb\",\"itemListElement\":[{\"@type\":\"ListItem\",\"position\":1,\"name\":\"In\u00edcio\",\"item\":\"https:\\\/\\\/inclusivenews.com.br\\\/\"},{\"@type\":\"ListItem\",\"position\":2,\"name\":\"Escola Oziel Alves Pereira, presente!\"}]},{\"@type\":\"WebSite\",\"@id\":\"https:\\\/\\\/inclusivenews.com.br\\\/#website\",\"url\":\"https:\\\/\\\/inclusivenews.com.br\\\/\",\"name\":\"Inclusive News\",\"description\":\"Inclusive News\",\"publisher\":{\"@id\":\"https:\\\/\\\/inclusivenews.com.br\\\/#organization\"},\"potentialAction\":[{\"@type\":\"SearchAction\",\"target\":{\"@type\":\"EntryPoint\",\"urlTemplate\":\"https:\\\/\\\/inclusivenews.com.br\\\/?s={search_term_string}\"},\"query-input\":{\"@type\":\"PropertyValueSpecification\",\"valueRequired\":true,\"valueName\":\"search_term_string\"}}],\"inLanguage\":\"pt-PT\"},{\"@type\":\"Organization\",\"@id\":\"https:\\\/\\\/inclusivenews.com.br\\\/#organization\",\"name\":\"Inclusive - inclus\u00e3o e cidadania\",\"url\":\"https:\\\/\\\/inclusivenews.com.br\\\/\",\"logo\":{\"@type\":\"ImageObject\",\"inLanguage\":\"pt-PT\",\"@id\":\"https:\\\/\\\/inclusivenews.com.br\\\/#\\\/schema\\\/logo\\\/image\\\/\",\"url\":\"https:\\\/\\\/inclusivenews.com.br\\\/wp-content\\\/uploads\\\/2024\\\/03\\\/@grandesite.png\",\"contentUrl\":\"https:\\\/\\\/inclusivenews.com.br\\\/wp-content\\\/uploads\\\/2024\\\/03\\\/@grandesite.png\",\"width\":1080,\"height\":1080,\"caption\":\"Inclusive - inclus\u00e3o e cidadania\"},\"image\":{\"@id\":\"https:\\\/\\\/inclusivenews.com.br\\\/#\\\/schema\\\/logo\\\/image\\\/\"},\"sameAs\":[\"https:\\\/\\\/www.facebook.com\\\/agenciainclusive\\\/\",\"https:\\\/\\\/www.instagram.com\\\/newsinclusive\\\/\"]},{\"@type\":\"Person\",\"@id\":\"https:\\\/\\\/inclusivenews.com.br\\\/#\\\/schema\\\/person\\\/ae4ec7087559b8692fb33b6fffd2273b\",\"name\":\"inclusivenews2024\",\"image\":{\"@type\":\"ImageObject\",\"inLanguage\":\"pt-PT\",\"@id\":\"https:\\\/\\\/secure.gravatar.com\\\/avatar\\\/c5a7ef84c66fa914f55bc4f7ce26cfa275a3b9a1c5568b907bd184fb4dde7b40?s=96&d=mm&r=g\",\"url\":\"https:\\\/\\\/secure.gravatar.com\\\/avatar\\\/c5a7ef84c66fa914f55bc4f7ce26cfa275a3b9a1c5568b907bd184fb4dde7b40?s=96&d=mm&r=g\",\"contentUrl\":\"https:\\\/\\\/secure.gravatar.com\\\/avatar\\\/c5a7ef84c66fa914f55bc4f7ce26cfa275a3b9a1c5568b907bd184fb4dde7b40?s=96&d=mm&r=g\",\"caption\":\"inclusivenews2024\"},\"sameAs\":[\"https:\\\/\\\/inclusivenews.com.br\"],\"url\":\"https:\\\/\\\/inclusivenews.com.br\\\/?author=1\"}]}<\/script>\n<!-- \/ Yoast SEO plugin. -->","yoast_head_json":{"title":"Escola Oziel Alves Pereira, presente! -","robots":{"index":"index","follow":"follow","max-snippet":"max-snippet:-1","max-image-preview":"max-image-preview:large","max-video-preview":"max-video-preview:-1"},"canonical":"https:\/\/inclusivenews.com.br\/?p=19173","og_locale":"pt_PT","og_type":"article","og_title":"Escola Oziel Alves Pereira, presente! -","og_description":"Institui\u00e7\u00e3o com nome de garoto assassinado no Massacre de Eldorado do Caraj\u00e1s \u00e9 refer\u00eancia na regi\u00e3o. Da Ag\u00eancia Brasil de Fato.","og_url":"https:\/\/inclusivenews.com.br\/?p=19173","article_publisher":"https:\/\/www.facebook.com\/agenciainclusive\/","article_published_time":"2011-04-21T12:29:09+00:00","og_image":[{"url":"http:\/\/www.folhadobico.com.br\/wp-content\/arquivo\/2010\/02\/pa19.jpg","type":"","width":"","height":""}],"author":"inclusivenews2024","twitter_card":"summary_large_image","twitter_misc":{"Escrito por":"inclusivenews2024","Tempo estimado de leitura":"3 minutos"},"schema":{"@context":"https:\/\/schema.org","@graph":[{"@type":"Article","@id":"https:\/\/inclusivenews.com.br\/?p=19173#article","isPartOf":{"@id":"https:\/\/inclusivenews.com.br\/?p=19173"},"author":{"name":"inclusivenews2024","@id":"https:\/\/inclusivenews.com.br\/#\/schema\/person\/ae4ec7087559b8692fb33b6fffd2273b"},"headline":"Escola Oziel Alves Pereira, presente!","datePublished":"2011-04-21T12:29:09+00:00","mainEntityOfPage":{"@id":"https:\/\/inclusivenews.com.br\/?p=19173"},"wordCount":573,"commentCount":0,"publisher":{"@id":"https:\/\/inclusivenews.com.br\/#organization"},"image":{"@id":"https:\/\/inclusivenews.com.br\/?p=19173#primaryimage"},"thumbnailUrl":"http:\/\/www.folhadobico.com.br\/wp-content\/arquivo\/2010\/02\/pa19.jpg","articleSection":["EDUCA\u00c7\u00c3O","NOT\u00cdCIAS"],"inLanguage":"pt-PT","potentialAction":[{"@type":"CommentAction","name":"Comment","target":["https:\/\/inclusivenews.com.br\/?p=19173#respond"]}]},{"@type":"WebPage","@id":"https:\/\/inclusivenews.com.br\/?p=19173","url":"https:\/\/inclusivenews.com.br\/?p=19173","name":"Escola Oziel Alves Pereira, presente! -","isPartOf":{"@id":"https:\/\/inclusivenews.com.br\/#website"},"primaryImageOfPage":{"@id":"https:\/\/inclusivenews.com.br\/?p=19173#primaryimage"},"image":{"@id":"https:\/\/inclusivenews.com.br\/?p=19173#primaryimage"},"thumbnailUrl":"http:\/\/www.folhadobico.com.br\/wp-content\/arquivo\/2010\/02\/pa19.jpg","datePublished":"2011-04-21T12:29:09+00:00","breadcrumb":{"@id":"https:\/\/inclusivenews.com.br\/?p=19173#breadcrumb"},"inLanguage":"pt-PT","potentialAction":[{"@type":"ReadAction","target":["https:\/\/inclusivenews.com.br\/?p=19173"]}]},{"@type":"ImageObject","inLanguage":"pt-PT","@id":"https:\/\/inclusivenews.com.br\/?p=19173#primaryimage","url":"http:\/\/www.folhadobico.com.br\/wp-content\/arquivo\/2010\/02\/pa19.jpg","contentUrl":"http:\/\/www.folhadobico.com.br\/wp-content\/arquivo\/2010\/02\/pa19.jpg"},{"@type":"BreadcrumbList","@id":"https:\/\/inclusivenews.com.br\/?p=19173#breadcrumb","itemListElement":[{"@type":"ListItem","position":1,"name":"In\u00edcio","item":"https:\/\/inclusivenews.com.br\/"},{"@type":"ListItem","position":2,"name":"Escola Oziel Alves Pereira, presente!"}]},{"@type":"WebSite","@id":"https:\/\/inclusivenews.com.br\/#website","url":"https:\/\/inclusivenews.com.br\/","name":"Inclusive News","description":"Inclusive News","publisher":{"@id":"https:\/\/inclusivenews.com.br\/#organization"},"potentialAction":[{"@type":"SearchAction","target":{"@type":"EntryPoint","urlTemplate":"https:\/\/inclusivenews.com.br\/?s={search_term_string}"},"query-input":{"@type":"PropertyValueSpecification","valueRequired":true,"valueName":"search_term_string"}}],"inLanguage":"pt-PT"},{"@type":"Organization","@id":"https:\/\/inclusivenews.com.br\/#organization","name":"Inclusive - inclus\u00e3o e cidadania","url":"https:\/\/inclusivenews.com.br\/","logo":{"@type":"ImageObject","inLanguage":"pt-PT","@id":"https:\/\/inclusivenews.com.br\/#\/schema\/logo\/image\/","url":"https:\/\/inclusivenews.com.br\/wp-content\/uploads\/2024\/03\/@grandesite.png","contentUrl":"https:\/\/inclusivenews.com.br\/wp-content\/uploads\/2024\/03\/@grandesite.png","width":1080,"height":1080,"caption":"Inclusive - inclus\u00e3o e cidadania"},"image":{"@id":"https:\/\/inclusivenews.com.br\/#\/schema\/logo\/image\/"},"sameAs":["https:\/\/www.facebook.com\/agenciainclusive\/","https:\/\/www.instagram.com\/newsinclusive\/"]},{"@type":"Person","@id":"https:\/\/inclusivenews.com.br\/#\/schema\/person\/ae4ec7087559b8692fb33b6fffd2273b","name":"inclusivenews2024","image":{"@type":"ImageObject","inLanguage":"pt-PT","@id":"https:\/\/secure.gravatar.com\/avatar\/c5a7ef84c66fa914f55bc4f7ce26cfa275a3b9a1c5568b907bd184fb4dde7b40?s=96&d=mm&r=g","url":"https:\/\/secure.gravatar.com\/avatar\/c5a7ef84c66fa914f55bc4f7ce26cfa275a3b9a1c5568b907bd184fb4dde7b40?s=96&d=mm&r=g","contentUrl":"https:\/\/secure.gravatar.com\/avatar\/c5a7ef84c66fa914f55bc4f7ce26cfa275a3b9a1c5568b907bd184fb4dde7b40?s=96&d=mm&r=g","caption":"inclusivenews2024"},"sameAs":["https:\/\/inclusivenews.com.br"],"url":"https:\/\/inclusivenews.com.br\/?author=1"}]}},"_links":{"self":[{"href":"https:\/\/inclusivenews.com.br\/index.php?rest_route=\/wp\/v2\/posts\/19173","targetHints":{"allow":["GET"]}}],"collection":[{"href":"https:\/\/inclusivenews.com.br\/index.php?rest_route=\/wp\/v2\/posts"}],"about":[{"href":"https:\/\/inclusivenews.com.br\/index.php?rest_route=\/wp\/v2\/types\/post"}],"author":[{"embeddable":true,"href":"https:\/\/inclusivenews.com.br\/index.php?rest_route=\/wp\/v2\/users\/1"}],"replies":[{"embeddable":true,"href":"https:\/\/inclusivenews.com.br\/index.php?rest_route=%2Fwp%2Fv2%2Fcomments&post=19173"}],"version-history":[{"count":0,"href":"https:\/\/inclusivenews.com.br\/index.php?rest_route=\/wp\/v2\/posts\/19173\/revisions"}],"wp:attachment":[{"href":"https:\/\/inclusivenews.com.br\/index.php?rest_route=%2Fwp%2Fv2%2Fmedia&parent=19173"}],"wp:term":[{"taxonomy":"category","embeddable":true,"href":"https:\/\/inclusivenews.com.br\/index.php?rest_route=%2Fwp%2Fv2%2Fcategories&post=19173"},{"taxonomy":"post_tag","embeddable":true,"href":"https:\/\/inclusivenews.com.br\/index.php?rest_route=%2Fwp%2Fv2%2Ftags&post=19173"}],"curies":[{"name":"wp","href":"https:\/\/api.w.org\/{rel}","templated":true}]}}