{"id":19175,"date":"2011-04-21T08:59:37","date_gmt":"2011-04-21T11:59:37","guid":{"rendered":"http:\/\/www.inclusive.org.br\/?p=19175"},"modified":"2011-04-21T08:59:37","modified_gmt":"2011-04-21T11:59:37","slug":"forum-da-igualdade-desafia-interesses-mercadologicos","status":"publish","type":"post","link":"https:\/\/inclusivenews.com.br\/?p=19175","title":{"rendered":"F\u00f3rum da Igualdade desafia interesses mercadol\u00f3gicos"},"content":{"rendered":"<p><em><\/p>\n<figure style=\"width: 339px\" class=\"wp-caption alignleft\"><img loading=\"lazy\" decoding=\"async\" title=\"Participantes do F\u00f3rum, em Porto Alegre\" src=\"http:\/\/sul21.com.br\/jornal\/wp-content\/uploads\/2011\/04\/Por-Ramiro-Furquim-Sul21-7903.jpg\" alt=\"Participantes do F\u00f3rum, em Porto Alegre\" width=\"339\" height=\"225\" \/><figcaption class=\"wp-caption-text\"> <\/figcaption><\/figure>\n<p>Realizado pela Central \u00danica dos Trabalhadores no Rio Grande do Sul (CUT-RS) e pela Coordena\u00e7\u00e3o dos Movimentos Sociais no RS (CMS-RS), o F\u00f3rum da Igualdade teve sua primeira edi\u00e7\u00e3o em Porto Alegre, esta semana, e refor\u00e7ou uma das principais urg\u00eancias da sociedade: um projeto de democratiza\u00e7\u00e3o dos meios de comunica\u00e7\u00e3o.<\/p>\n<p><\/em><\/p>\n<p>Realizado em contraponto ao F\u00f3rum da Liberdade \u2013 evento que h\u00e1 24 anos promove na capital ga\u00facha um debate centrado nos interesses neoliberais \u2013 e sob o tema <em>\u201cUma outra comunica\u00e7\u00e3o \u00e9 necess\u00e1ria: porque n\u00e3o h\u00e1 liberdade sem igualdade\u201d<\/em>, o F\u00f3rum da Igualdade abordou quest\u00f5es como a constru\u00e7\u00e3o do marco regulat\u00f3rio, instala\u00e7\u00e3o dos conselhos de comunica\u00e7\u00e3o, aprova\u00e7\u00e3o do Plano Nacional de Banda Larga e transpar\u00eancia das concess\u00f5es p\u00fablicas, entre outras. O evento ocorreu nos dias 11 e 12 de abril, na Assembl\u00e9ia Legislativa do Rio Grande do Sul.<\/p>\n<p>O painel <em>\u201cDemocratiza\u00e7\u00e3o dos meios de comunica\u00e7\u00e3o e Marco Regulat\u00f3rio\u201d<\/em>, que abriu os debates do F\u00f3rum, reuniu nomes como Ven\u00edcio Lima (soci\u00f3logo e professor titular de Ci\u00eancia Pol\u00edtica e Comunica\u00e7\u00e3o da Universidade de Bras\u00edlia), Leandro Fortes (rep\u00f3rter da revista Carta Capital e mantenedor do blog &#8216;Bras\u00edlia, eu vi&#8217;), Celso Schr\u00f6der (presidente da Federa\u00e7\u00e3o Nacional dos Jornalistas e coordenador geral do F\u00f3rum Nacional pela Democratiza\u00e7\u00e3o da Comunica\u00e7\u00e3o &#8211; FNDC) e Rosane Bertotti (Secret\u00e1ria de Comunica\u00e7\u00e3o da CUT e integrante da Coordena\u00e7\u00e3o Executiva do FNDC).<\/p>\n<p>Schr\u00f6der destacou, durante o evento, que o problema fundamental sobre o debate da comunica\u00e7\u00e3o no Brasil, \u00e9 de ele estar imerso numa profunda zona de sil\u00eancio. \u201cN\u00f3s temos dificuldade de atribuir \u00e0 luta da comunica\u00e7\u00e3o, a dimens\u00e3o que ela tem. Quase sempre, se n\u00e3o estamos preparados e atentos a isso, acabamos reproduzindo a l\u00f3gica que produziu a dimens\u00e3o autorit\u00e1ria da comunica\u00e7\u00e3o, que \u00e9 atribuir a ela uma dimens\u00e3o simplesmente instrumental, e n\u00e3o uma dimens\u00e3o estrat\u00e9gica para a constru\u00e7\u00e3o da democracia\u201d, apontou.<\/p>\n<p>O primeiro princ\u00edpio que precisamos ter presente, no sentido de apontar para um novo marco regulat\u00f3rio, \u00e9 o princ\u00edpio do \u201cp\u00fablico\u201d sua defini\u00e7\u00e3o, seu lugar, como se participa do que \u00e9 p\u00fablico, enfatizou Rosane Bertotti. Ela lan\u00e7ou, ainda, alguns questionamentos: o que esse instrumento p\u00fablico trar\u00e1 \u00e0s pessoas que nele se envolvem? Como garantir o processo de igualdade entre as pessoas? Para quem estar\u00e1 a servi\u00e7o, e como vai garantir a comunica\u00e7\u00e3o enquanto um bem p\u00fablico?<\/p>\n<p>Leandro Fortes lembrou que no Brasil existe uma discuss\u00e3o falaciosa sobre liberdade de imprensa e liberdade de express\u00e3o, onde \u201cas duas s\u00e3o tratadas como uma coisa s\u00f3, para que n\u00e3o sejam tratadas como nada\u201d. Ele lembrou do boicote \u00e0 Confecom (dez\/2009) pelos grandes grupos econ\u00f4micos da comunica\u00e7\u00e3o brasileira, que se revelou de forma muito intensa, justamente por esses grupos n\u00e3o quererem discutir o b\u00e1sico sobre a democratiza\u00e7\u00e3o das comunica\u00e7\u00f5es: as formas de concess\u00e3o do estado a eles pr\u00f3prios, justo quando isso \u00e9 feito de maneira obtusa e intransparente.<\/p>\n<p>Para Jos\u00e9 Maria Rodrigues Nunes, presidente do Sindicato dos Jornalistas Profissionais do RS (Sindjor-RS), o F\u00f3rum da Igualdade foi uma grande oportunidade de aproximar a sociedade do debate acerca da democratiza\u00e7\u00e3o das comunica\u00e7\u00f5es, desmistificando esse pensamento regularmente constru\u00eddo pela m\u00eddia hegem\u00f4nica, dos \u00f3rg\u00e3os reguladores enquanto \u201c\u00f3rg\u00e3os repressores\u201d da liberdade de express\u00e3o.<\/p>\n<p>O F\u00f3rum contou ainda com os pain\u00e9is \u201cA Blogosfera progressista e o AI-5 da internet\u201d com a participa\u00e7\u00e3o de Marcelo Branco (diretor da Campus Party Brasil), Concei\u00e7\u00e3o Oliveira (do blog Maria Fr\u00f4), Marco Aur\u00e9lio Weissheimer (editor da Carta Maior e do blog RS Urgente) e Eug\u00eanio de Faria Neves (ilustrador), e \u201cDemocratiza\u00e7\u00e3o da Democracia: Existe Liberdade sem Igualdade?\u201d , com os palestrantes Jo\u00e3o Pedro St\u00e9dile (dirigente do Movimento dos Trabalhadores Rurais Sem Terra &#8211; MST), Pedrinho Guareschi (fil\u00f3sofo e docente na Universidade Federal do Rio Grande do Sul &#8211; UFRGS e na Universidade Federal de Ci\u00eancias da Sa\u00fade de Porto Alegre &#8211; UFCSPA) e Vito Gianotti (escritor e fundador do N\u00facleo Piratininga de Comunica\u00e7\u00e3o &#8211; NPC).<\/p>\n<p>Encerrou o evento o painel \u201cPapel do Estado e os meios de comunica\u00e7\u00e3o\u201d, com Altamiro Borges (jornalista e coordenador do Centro de Estudos de M\u00eddia Alternativa Bar\u00e3o de Itarar\u00e9), Vera Spolidoro (Secret\u00e1ria de Comunica\u00e7\u00e3o do governo do RS), Bia Barbosa (integrante do Intervozes \u2013 Coletivo de Comunica\u00e7\u00e3o Social) e Cl\u00e1udia Cardoso (diretora de Pol\u00edticas P\u00fablicas da Secom\/RS).<\/p>\n<p>*Com colabora\u00e7\u00e3o de Ana Luiza Trindade de Melo<br \/>\n____________<\/p>\n<p><strong>Fonte:<\/strong> <a href=\"http:\/\/www.fndc.org.br\/internas.php?p=noticias&amp;cont_key=681128\">FNDC<\/a><\/p>\n","protected":false},"excerpt":{"rendered":"<p>Realizado pela Central \u00danica dos Trabalhadores no Rio Grande do Sul (CUT-RS) e pela Coordena\u00e7\u00e3o dos Movimentos Sociais no RS (CMS-RS), o F\u00f3rum da Igualdade teve sua primeira edi\u00e7\u00e3o em Porto Alegre, esta semana, e refor\u00e7ou uma das principais urg\u00eancias da sociedade: um projeto de democratiza\u00e7\u00e3o dos meios de comunica\u00e7\u00e3o.<\/p>\n","protected":false},"author":1,"featured_media":0,"comment_status":"open","ping_status":"open","sticky":false,"template":"","format":"standard","meta":{"site-container-style":"default","site-container-layout":"default","site-sidebar-layout":"default","disable-article-header":"default","disable-site-header":"default","disable-site-footer":"default","disable-content-area-spacing":"default","footnotes":""},"categories":[4],"tags":[],"class_list":["post-19175","post","type-post","status-publish","format-standard","hentry","category-noticias"],"yoast_head":"<!-- This site is optimized with the Yoast SEO plugin v27.4 - https:\/\/yoast.com\/product\/yoast-seo-wordpress\/ -->\n<title>F\u00f3rum da Igualdade desafia interesses mercadol\u00f3gicos -<\/title>\n<meta name=\"robots\" content=\"index, follow, max-snippet:-1, max-image-preview:large, max-video-preview:-1\" \/>\n<link rel=\"canonical\" href=\"https:\/\/inclusivenews.com.br\/?p=19175\" \/>\n<meta property=\"og:locale\" content=\"pt_PT\" \/>\n<meta property=\"og:type\" content=\"article\" \/>\n<meta property=\"og:title\" content=\"F\u00f3rum da Igualdade desafia interesses mercadol\u00f3gicos -\" \/>\n<meta property=\"og:description\" content=\"Realizado pela Central \u00danica dos Trabalhadores no Rio Grande do Sul (CUT-RS) e pela Coordena\u00e7\u00e3o dos Movimentos Sociais no RS (CMS-RS), o F\u00f3rum da Igualdade teve sua primeira edi\u00e7\u00e3o em Porto Alegre, esta semana, e refor\u00e7ou uma das principais urg\u00eancias da sociedade: um projeto de democratiza\u00e7\u00e3o dos meios de comunica\u00e7\u00e3o.\" \/>\n<meta property=\"og:url\" content=\"https:\/\/inclusivenews.com.br\/?p=19175\" \/>\n<meta property=\"article:publisher\" content=\"https:\/\/www.facebook.com\/agenciainclusive\/\" \/>\n<meta property=\"article:published_time\" content=\"2011-04-21T11:59:37+00:00\" \/>\n<meta property=\"og:image\" content=\"http:\/\/sul21.com.br\/jornal\/wp-content\/uploads\/2011\/04\/Por-Ramiro-Furquim-Sul21-7903.jpg\" \/>\n<meta name=\"author\" content=\"inclusivenews2024\" \/>\n<meta name=\"twitter:card\" content=\"summary_large_image\" \/>\n<meta name=\"twitter:label1\" content=\"Escrito por\" \/>\n\t<meta name=\"twitter:data1\" content=\"inclusivenews2024\" \/>\n\t<meta name=\"twitter:label2\" content=\"Tempo estimado de leitura\" \/>\n\t<meta name=\"twitter:data2\" content=\"4 minutos\" \/>\n<script type=\"application\/ld+json\" class=\"yoast-schema-graph\">{\"@context\":\"https:\\\/\\\/schema.org\",\"@graph\":[{\"@type\":\"Article\",\"@id\":\"https:\\\/\\\/inclusivenews.com.br\\\/?p=19175#article\",\"isPartOf\":{\"@id\":\"https:\\\/\\\/inclusivenews.com.br\\\/?p=19175\"},\"author\":{\"name\":\"inclusivenews2024\",\"@id\":\"https:\\\/\\\/inclusivenews.com.br\\\/#\\\/schema\\\/person\\\/ae4ec7087559b8692fb33b6fffd2273b\"},\"headline\":\"F\u00f3rum da Igualdade desafia interesses mercadol\u00f3gicos\",\"datePublished\":\"2011-04-21T11:59:37+00:00\",\"mainEntityOfPage\":{\"@id\":\"https:\\\/\\\/inclusivenews.com.br\\\/?p=19175\"},\"wordCount\":816,\"commentCount\":0,\"publisher\":{\"@id\":\"https:\\\/\\\/inclusivenews.com.br\\\/#organization\"},\"image\":{\"@id\":\"https:\\\/\\\/inclusivenews.com.br\\\/?p=19175#primaryimage\"},\"thumbnailUrl\":\"http:\\\/\\\/sul21.com.br\\\/jornal\\\/wp-content\\\/uploads\\\/2011\\\/04\\\/Por-Ramiro-Furquim-Sul21-7903.jpg\",\"articleSection\":[\"NOT\u00cdCIAS\"],\"inLanguage\":\"pt-PT\",\"potentialAction\":[{\"@type\":\"CommentAction\",\"name\":\"Comment\",\"target\":[\"https:\\\/\\\/inclusivenews.com.br\\\/?p=19175#respond\"]}]},{\"@type\":\"WebPage\",\"@id\":\"https:\\\/\\\/inclusivenews.com.br\\\/?p=19175\",\"url\":\"https:\\\/\\\/inclusivenews.com.br\\\/?p=19175\",\"name\":\"F\u00f3rum da Igualdade desafia interesses mercadol\u00f3gicos -\",\"isPartOf\":{\"@id\":\"https:\\\/\\\/inclusivenews.com.br\\\/#website\"},\"primaryImageOfPage\":{\"@id\":\"https:\\\/\\\/inclusivenews.com.br\\\/?p=19175#primaryimage\"},\"image\":{\"@id\":\"https:\\\/\\\/inclusivenews.com.br\\\/?p=19175#primaryimage\"},\"thumbnailUrl\":\"http:\\\/\\\/sul21.com.br\\\/jornal\\\/wp-content\\\/uploads\\\/2011\\\/04\\\/Por-Ramiro-Furquim-Sul21-7903.jpg\",\"datePublished\":\"2011-04-21T11:59:37+00:00\",\"breadcrumb\":{\"@id\":\"https:\\\/\\\/inclusivenews.com.br\\\/?p=19175#breadcrumb\"},\"inLanguage\":\"pt-PT\",\"potentialAction\":[{\"@type\":\"ReadAction\",\"target\":[\"https:\\\/\\\/inclusivenews.com.br\\\/?p=19175\"]}]},{\"@type\":\"ImageObject\",\"inLanguage\":\"pt-PT\",\"@id\":\"https:\\\/\\\/inclusivenews.com.br\\\/?p=19175#primaryimage\",\"url\":\"http:\\\/\\\/sul21.com.br\\\/jornal\\\/wp-content\\\/uploads\\\/2011\\\/04\\\/Por-Ramiro-Furquim-Sul21-7903.jpg\",\"contentUrl\":\"http:\\\/\\\/sul21.com.br\\\/jornal\\\/wp-content\\\/uploads\\\/2011\\\/04\\\/Por-Ramiro-Furquim-Sul21-7903.jpg\"},{\"@type\":\"BreadcrumbList\",\"@id\":\"https:\\\/\\\/inclusivenews.com.br\\\/?p=19175#breadcrumb\",\"itemListElement\":[{\"@type\":\"ListItem\",\"position\":1,\"name\":\"In\u00edcio\",\"item\":\"https:\\\/\\\/inclusivenews.com.br\\\/\"},{\"@type\":\"ListItem\",\"position\":2,\"name\":\"F\u00f3rum da Igualdade desafia interesses mercadol\u00f3gicos\"}]},{\"@type\":\"WebSite\",\"@id\":\"https:\\\/\\\/inclusivenews.com.br\\\/#website\",\"url\":\"https:\\\/\\\/inclusivenews.com.br\\\/\",\"name\":\"Inclusive News\",\"description\":\"Inclusive News\",\"publisher\":{\"@id\":\"https:\\\/\\\/inclusivenews.com.br\\\/#organization\"},\"potentialAction\":[{\"@type\":\"SearchAction\",\"target\":{\"@type\":\"EntryPoint\",\"urlTemplate\":\"https:\\\/\\\/inclusivenews.com.br\\\/?s={search_term_string}\"},\"query-input\":{\"@type\":\"PropertyValueSpecification\",\"valueRequired\":true,\"valueName\":\"search_term_string\"}}],\"inLanguage\":\"pt-PT\"},{\"@type\":\"Organization\",\"@id\":\"https:\\\/\\\/inclusivenews.com.br\\\/#organization\",\"name\":\"Inclusive - inclus\u00e3o e cidadania\",\"url\":\"https:\\\/\\\/inclusivenews.com.br\\\/\",\"logo\":{\"@type\":\"ImageObject\",\"inLanguage\":\"pt-PT\",\"@id\":\"https:\\\/\\\/inclusivenews.com.br\\\/#\\\/schema\\\/logo\\\/image\\\/\",\"url\":\"https:\\\/\\\/inclusivenews.com.br\\\/wp-content\\\/uploads\\\/2024\\\/03\\\/@grandesite.png\",\"contentUrl\":\"https:\\\/\\\/inclusivenews.com.br\\\/wp-content\\\/uploads\\\/2024\\\/03\\\/@grandesite.png\",\"width\":1080,\"height\":1080,\"caption\":\"Inclusive - inclus\u00e3o e cidadania\"},\"image\":{\"@id\":\"https:\\\/\\\/inclusivenews.com.br\\\/#\\\/schema\\\/logo\\\/image\\\/\"},\"sameAs\":[\"https:\\\/\\\/www.facebook.com\\\/agenciainclusive\\\/\",\"https:\\\/\\\/www.instagram.com\\\/newsinclusive\\\/\"]},{\"@type\":\"Person\",\"@id\":\"https:\\\/\\\/inclusivenews.com.br\\\/#\\\/schema\\\/person\\\/ae4ec7087559b8692fb33b6fffd2273b\",\"name\":\"inclusivenews2024\",\"image\":{\"@type\":\"ImageObject\",\"inLanguage\":\"pt-PT\",\"@id\":\"https:\\\/\\\/secure.gravatar.com\\\/avatar\\\/c5a7ef84c66fa914f55bc4f7ce26cfa275a3b9a1c5568b907bd184fb4dde7b40?s=96&d=mm&r=g\",\"url\":\"https:\\\/\\\/secure.gravatar.com\\\/avatar\\\/c5a7ef84c66fa914f55bc4f7ce26cfa275a3b9a1c5568b907bd184fb4dde7b40?s=96&d=mm&r=g\",\"contentUrl\":\"https:\\\/\\\/secure.gravatar.com\\\/avatar\\\/c5a7ef84c66fa914f55bc4f7ce26cfa275a3b9a1c5568b907bd184fb4dde7b40?s=96&d=mm&r=g\",\"caption\":\"inclusivenews2024\"},\"sameAs\":[\"https:\\\/\\\/inclusivenews.com.br\"],\"url\":\"https:\\\/\\\/inclusivenews.com.br\\\/?author=1\"}]}<\/script>\n<!-- \/ Yoast SEO plugin. -->","yoast_head_json":{"title":"F\u00f3rum da Igualdade desafia interesses mercadol\u00f3gicos -","robots":{"index":"index","follow":"follow","max-snippet":"max-snippet:-1","max-image-preview":"max-image-preview:large","max-video-preview":"max-video-preview:-1"},"canonical":"https:\/\/inclusivenews.com.br\/?p=19175","og_locale":"pt_PT","og_type":"article","og_title":"F\u00f3rum da Igualdade desafia interesses mercadol\u00f3gicos -","og_description":"Realizado pela Central \u00danica dos Trabalhadores no Rio Grande do Sul (CUT-RS) e pela Coordena\u00e7\u00e3o dos Movimentos Sociais no RS (CMS-RS), o F\u00f3rum da Igualdade teve sua primeira edi\u00e7\u00e3o em Porto Alegre, esta semana, e refor\u00e7ou uma das principais urg\u00eancias da sociedade: um projeto de democratiza\u00e7\u00e3o dos meios de comunica\u00e7\u00e3o.","og_url":"https:\/\/inclusivenews.com.br\/?p=19175","article_publisher":"https:\/\/www.facebook.com\/agenciainclusive\/","article_published_time":"2011-04-21T11:59:37+00:00","og_image":[{"url":"http:\/\/sul21.com.br\/jornal\/wp-content\/uploads\/2011\/04\/Por-Ramiro-Furquim-Sul21-7903.jpg","type":"","width":"","height":""}],"author":"inclusivenews2024","twitter_card":"summary_large_image","twitter_misc":{"Escrito por":"inclusivenews2024","Tempo estimado de leitura":"4 minutos"},"schema":{"@context":"https:\/\/schema.org","@graph":[{"@type":"Article","@id":"https:\/\/inclusivenews.com.br\/?p=19175#article","isPartOf":{"@id":"https:\/\/inclusivenews.com.br\/?p=19175"},"author":{"name":"inclusivenews2024","@id":"https:\/\/inclusivenews.com.br\/#\/schema\/person\/ae4ec7087559b8692fb33b6fffd2273b"},"headline":"F\u00f3rum da Igualdade desafia interesses mercadol\u00f3gicos","datePublished":"2011-04-21T11:59:37+00:00","mainEntityOfPage":{"@id":"https:\/\/inclusivenews.com.br\/?p=19175"},"wordCount":816,"commentCount":0,"publisher":{"@id":"https:\/\/inclusivenews.com.br\/#organization"},"image":{"@id":"https:\/\/inclusivenews.com.br\/?p=19175#primaryimage"},"thumbnailUrl":"http:\/\/sul21.com.br\/jornal\/wp-content\/uploads\/2011\/04\/Por-Ramiro-Furquim-Sul21-7903.jpg","articleSection":["NOT\u00cdCIAS"],"inLanguage":"pt-PT","potentialAction":[{"@type":"CommentAction","name":"Comment","target":["https:\/\/inclusivenews.com.br\/?p=19175#respond"]}]},{"@type":"WebPage","@id":"https:\/\/inclusivenews.com.br\/?p=19175","url":"https:\/\/inclusivenews.com.br\/?p=19175","name":"F\u00f3rum da Igualdade desafia interesses mercadol\u00f3gicos -","isPartOf":{"@id":"https:\/\/inclusivenews.com.br\/#website"},"primaryImageOfPage":{"@id":"https:\/\/inclusivenews.com.br\/?p=19175#primaryimage"},"image":{"@id":"https:\/\/inclusivenews.com.br\/?p=19175#primaryimage"},"thumbnailUrl":"http:\/\/sul21.com.br\/jornal\/wp-content\/uploads\/2011\/04\/Por-Ramiro-Furquim-Sul21-7903.jpg","datePublished":"2011-04-21T11:59:37+00:00","breadcrumb":{"@id":"https:\/\/inclusivenews.com.br\/?p=19175#breadcrumb"},"inLanguage":"pt-PT","potentialAction":[{"@type":"ReadAction","target":["https:\/\/inclusivenews.com.br\/?p=19175"]}]},{"@type":"ImageObject","inLanguage":"pt-PT","@id":"https:\/\/inclusivenews.com.br\/?p=19175#primaryimage","url":"http:\/\/sul21.com.br\/jornal\/wp-content\/uploads\/2011\/04\/Por-Ramiro-Furquim-Sul21-7903.jpg","contentUrl":"http:\/\/sul21.com.br\/jornal\/wp-content\/uploads\/2011\/04\/Por-Ramiro-Furquim-Sul21-7903.jpg"},{"@type":"BreadcrumbList","@id":"https:\/\/inclusivenews.com.br\/?p=19175#breadcrumb","itemListElement":[{"@type":"ListItem","position":1,"name":"In\u00edcio","item":"https:\/\/inclusivenews.com.br\/"},{"@type":"ListItem","position":2,"name":"F\u00f3rum da Igualdade desafia interesses mercadol\u00f3gicos"}]},{"@type":"WebSite","@id":"https:\/\/inclusivenews.com.br\/#website","url":"https:\/\/inclusivenews.com.br\/","name":"Inclusive News","description":"Inclusive News","publisher":{"@id":"https:\/\/inclusivenews.com.br\/#organization"},"potentialAction":[{"@type":"SearchAction","target":{"@type":"EntryPoint","urlTemplate":"https:\/\/inclusivenews.com.br\/?s={search_term_string}"},"query-input":{"@type":"PropertyValueSpecification","valueRequired":true,"valueName":"search_term_string"}}],"inLanguage":"pt-PT"},{"@type":"Organization","@id":"https:\/\/inclusivenews.com.br\/#organization","name":"Inclusive - inclus\u00e3o e cidadania","url":"https:\/\/inclusivenews.com.br\/","logo":{"@type":"ImageObject","inLanguage":"pt-PT","@id":"https:\/\/inclusivenews.com.br\/#\/schema\/logo\/image\/","url":"https:\/\/inclusivenews.com.br\/wp-content\/uploads\/2024\/03\/@grandesite.png","contentUrl":"https:\/\/inclusivenews.com.br\/wp-content\/uploads\/2024\/03\/@grandesite.png","width":1080,"height":1080,"caption":"Inclusive - inclus\u00e3o e cidadania"},"image":{"@id":"https:\/\/inclusivenews.com.br\/#\/schema\/logo\/image\/"},"sameAs":["https:\/\/www.facebook.com\/agenciainclusive\/","https:\/\/www.instagram.com\/newsinclusive\/"]},{"@type":"Person","@id":"https:\/\/inclusivenews.com.br\/#\/schema\/person\/ae4ec7087559b8692fb33b6fffd2273b","name":"inclusivenews2024","image":{"@type":"ImageObject","inLanguage":"pt-PT","@id":"https:\/\/secure.gravatar.com\/avatar\/c5a7ef84c66fa914f55bc4f7ce26cfa275a3b9a1c5568b907bd184fb4dde7b40?s=96&d=mm&r=g","url":"https:\/\/secure.gravatar.com\/avatar\/c5a7ef84c66fa914f55bc4f7ce26cfa275a3b9a1c5568b907bd184fb4dde7b40?s=96&d=mm&r=g","contentUrl":"https:\/\/secure.gravatar.com\/avatar\/c5a7ef84c66fa914f55bc4f7ce26cfa275a3b9a1c5568b907bd184fb4dde7b40?s=96&d=mm&r=g","caption":"inclusivenews2024"},"sameAs":["https:\/\/inclusivenews.com.br"],"url":"https:\/\/inclusivenews.com.br\/?author=1"}]}},"_links":{"self":[{"href":"https:\/\/inclusivenews.com.br\/index.php?rest_route=\/wp\/v2\/posts\/19175","targetHints":{"allow":["GET"]}}],"collection":[{"href":"https:\/\/inclusivenews.com.br\/index.php?rest_route=\/wp\/v2\/posts"}],"about":[{"href":"https:\/\/inclusivenews.com.br\/index.php?rest_route=\/wp\/v2\/types\/post"}],"author":[{"embeddable":true,"href":"https:\/\/inclusivenews.com.br\/index.php?rest_route=\/wp\/v2\/users\/1"}],"replies":[{"embeddable":true,"href":"https:\/\/inclusivenews.com.br\/index.php?rest_route=%2Fwp%2Fv2%2Fcomments&post=19175"}],"version-history":[{"count":0,"href":"https:\/\/inclusivenews.com.br\/index.php?rest_route=\/wp\/v2\/posts\/19175\/revisions"}],"wp:attachment":[{"href":"https:\/\/inclusivenews.com.br\/index.php?rest_route=%2Fwp%2Fv2%2Fmedia&parent=19175"}],"wp:term":[{"taxonomy":"category","embeddable":true,"href":"https:\/\/inclusivenews.com.br\/index.php?rest_route=%2Fwp%2Fv2%2Fcategories&post=19175"},{"taxonomy":"post_tag","embeddable":true,"href":"https:\/\/inclusivenews.com.br\/index.php?rest_route=%2Fwp%2Fv2%2Ftags&post=19175"}],"curies":[{"name":"wp","href":"https:\/\/api.w.org\/{rel}","templated":true}]}}