{"id":19177,"date":"2011-04-21T08:58:09","date_gmt":"2011-04-21T11:58:09","guid":{"rendered":"http:\/\/www.inclusive.org.br\/?p=19177"},"modified":"2011-04-21T08:58:09","modified_gmt":"2011-04-21T11:58:09","slug":"saiba-os-criterios-para-inscricao-dos-trabalhos-no-premio-gandhi-2011","status":"publish","type":"post","link":"https:\/\/inclusivenews.com.br\/?p=19177","title":{"rendered":"Saiba os crit\u00e9rios para inscri\u00e7\u00e3o dos trabalhos no Pr\u00eamio Gandhi 2011"},"content":{"rendered":"<figure style=\"width: 268px\" class=\"wp-caption alignleft\"><a class=\"moz-txt-link-freetext\" href=\"http:\/\/www.boanoticia.org.br\/arquivos\/Image\/noticias\/premiogandhi2011.JPG\"><img loading=\"lazy\" decoding=\"async\" title=\"Descri\u00e7\u00e3o n\u00e3o fornecida - Gandhi e o nome e chamada do Pr\u00eamio\" src=\"http:\/\/www.boanoticia.org.br\/arquivos\/Image\/noticias\/premiogandhi2011.JPG\" alt=\"Descri\u00e7\u00e3o n\u00e3o fornecida - Gandhi e o nome e chamada do Pr\u00eamio\" width=\"268\" height=\"478\" \/><\/a><figcaption class=\"wp-caption-text\"> <\/figcaption><\/figure>\n<p>Falta pouco mais de um m\u00eas para o encerramento das inscri\u00e7\u00f5es ao Pr\u00eamio Gandhi de Comunica\u00e7\u00e3o 2011. Voc\u00ea, profissional ou estudante de Jornalismo ou Publicidade e Propaganda, que ainda n\u00e3o se inscreveu, tem at\u00e9 o pr\u00f3ximo dia 13 de maio. O concurso promovido pela Ag\u00eancia da Boa Not\u00edcia vai distribuir R$ 35 mil entre os melhores trabalhos sobre Cultura de Paz. S\u00e3o nove categorias, sendo cinco voltadas para profissionais e quatro para estudantes.<\/p>\n<p>Os autores podem inscrever reportagens (TV, r\u00e1dio e jornal), fotos ou ensaios fotogr\u00e1ficos, campanhas e an\u00fancios publicit\u00e1rios veiculados no per\u00edodo de 1\u00ba de junho de 2010 a 06 de maio de 2011. J\u00e1 os Trabalhos de Conclus\u00e3o de Curso (TCCs) em Comunica\u00e7\u00e3o Social (Jornalismo e Publicidade &amp; Propaganda), defendidos e aprovados por banca da IES, devem ser relativos aos per\u00edodos letivos de 2010.1 e 2010.2. De acordo com o regulamento, cada participante poder\u00e1 concorrer com at\u00e9 tr\u00eas trabalhos, que dever\u00e3o ser in\u00e9ditos; exceto o Trabalho de Conclus\u00e3o do Curso que ter\u00e1 inscri\u00e7\u00e3o \u00fanica.<\/p>\n<p>COMO APRESENTAR OS TRABALHOS<\/p>\n<p>Jornalismo Impresso &#8211; A inscri\u00e7\u00e3o ser\u00e1 feita mediante entrega de cinco exemplares originais da reportagem ou s\u00e9rie de reportagens publicadas, em que estejam vis\u00edveis o nome do ve\u00edculo, do autor e a data de publica\u00e7\u00e3o. Nos casos de mat\u00e9rias publicadas sem assinatura ou sob pseud\u00f4nimo, a autoria dever\u00e1 ser atestada em declara\u00e7\u00e3o por escrito assinada pela dire\u00e7\u00e3o ou chefia dos ve\u00edculos;<\/p>\n<p>Telejornalismo: A inscri\u00e7\u00e3o ser\u00e1 feita mediante apresenta\u00e7\u00e3o de cinco c\u00f3pias em DVD da mat\u00e9ria exibida, com a chamada do apresentador, com suas respectivas transcri\u00e7\u00f5es impressas, tamb\u00e9m em cinco vias. O trabalho deve ser acompanhado de uma declara\u00e7\u00e3o do diretor de jornalismo respons\u00e1vel, confirmando os nomes dos componentes da equipe.<\/p>\n<p>Radiojornalismo: A inscri\u00e7\u00e3o ser\u00e1 feita mediante entrega de cinco exemplares originais da reportagem em CD, com suas respectivas transcri\u00e7\u00f5es impressas, tamb\u00e9m em\u00a0cinco vias. O trabalho deve ser acompanhado de uma declara\u00e7\u00e3o do diretor de jornalismo respons\u00e1vel, confirmando os nomes dos componentes da equipe.<\/p>\n<p>Fotojornalismo: A inscri\u00e7\u00e3o ser\u00e1 feita mediante entrega de um exemplar de cada foto ou ensaio, em papel fotogr\u00e1fico no tamanho 15x21cm, bem como cinco c\u00f3pias do jornal, revista ou outra publica\u00e7\u00e3o impressa, onde foi veiculada a fotografia, com a comprova\u00e7\u00e3o da autoria do trabalho. Vale destacar que podem ser inscritas fotografias que tenham sido publicadas em reportagens que concorram ao pr\u00eamio de Jornalismo Impresso.<\/p>\n<p>Campanha ou pe\u00e7a publicit\u00e1ria: A inscri\u00e7\u00e3o ser\u00e1 feita mediante entrega de um exemplar original e cinco c\u00f3pias das pe\u00e7as concorrentes, identificando o meio no qual foi publicizado,\u00a0 data e local da veicula\u00e7\u00e3o. O trabalho deve ser acompanhado de uma declara\u00e7\u00e3o do diretor da ag\u00eancia de propaganda, confirmando seus autores (diretor de cria\u00e7\u00e3o, atendimento e cliente). No caso de outdoors o candidato deve apresentar a arte final da pe\u00e7a e o documento comprovando sua veicula\u00e7\u00e3o.<\/p>\n<p>Trabalho de Conclus\u00e3o de Curso de Gradua\u00e7\u00e3o em Comunica\u00e7\u00e3o Social, j\u00e1 defendido e aprovado por uma banca da IES: A inscri\u00e7\u00e3o ser\u00e1 feita mediante entrega de cinco c\u00f3pias do trabalho concorrente, acompanhadas de uma declara\u00e7\u00e3o do professor orientador.<\/p>\n<p>Trabalho de m\u00eddia impressa de estudante de Jornalismo: A inscri\u00e7\u00e3o ser\u00e1 feita mediante entrega de cinco exemplares originais do trabalho concorrente, publicado em ve\u00edculo-laborat\u00f3rio (jornal ou revista). O trabalho deve ser acompanhado de uma declara\u00e7\u00e3o do professor da disciplina, confirmando a data da publica\u00e7\u00e3o, o ve\u00edculo e os nomes do seu(s) autor (es);<\/p>\n<p>Trabalho de m\u00eddia eletr\u00f4nica de estudante de Jornalismo: A inscri\u00e7\u00e3o ser\u00e1 feita mediante entrega de cinco exemplares originais do trabalho concorrente (CD ou DVD), publicado em\u00a0 ve\u00edculo-laborat\u00f3rio (emissora de televis\u00e3o universit\u00e1ria, r\u00e1dio universit\u00e1ria ou ag\u00eancia de not\u00edcias). O trabalho deve ser acompanhado de uma declara\u00e7\u00e3o do professor da disciplina, confirmando a data da publica\u00e7\u00e3o, o ve\u00edculo e seu(s) autor (es);<\/p>\n<p>Trabalho de estudante de Publicidade &amp; Propaganda: A inscri\u00e7\u00e3o ser\u00e1 feita mediante entrega de cinco exemplares originais e cinco c\u00f3pias do trabalho concorrente, em apresenta\u00e7\u00e3o impressa, CD ou DVD, conforme a veicula\u00e7\u00e3o. O trabalho deve ser acompanhado de uma declara\u00e7\u00e3o do professor da disciplina, confirmando a data da publica\u00e7\u00e3o, o ve\u00edculo e seu(s) autor(es);<\/p>\n<p>\u00c9 importante observar que os candidatos dever\u00e3o apresentar o n\u00famero do seu registro profissional, ou filia\u00e7\u00e3o a sua institui\u00e7\u00e3o representativa, com exce\u00e7\u00e3o dos estudantes, que dever\u00e3o apresentar n\u00famero de matr\u00edcula na sua IES.<\/p>\n<p>PREMIA\u00c7\u00c3O<\/p>\n<p>Os R$ 35 mil ser\u00e3o divididos da seguinte forma:<\/p>\n<p>Profissionais &#8211; Reportagem de jornal ou revista: R$ 5 mil; Reportagem para televis\u00e3o: R$ 5 mil; Reportagem para r\u00e1dio: R$ 5 mil; Fotojornalismo (foto ou ensaio): R$ 5 mil; Campanha ou pe\u00e7a publicit\u00e1ria: R$ 5 mil;<\/p>\n<p>Estudantes &#8211; Trabalho de Conclus\u00e3o de Curso (TCC) de Gradua\u00e7\u00e3o em Comunica\u00e7\u00e3o Social (Jornalismo e Publicidade e Propaganda), j\u00e1 defendido e aprovado por banca da Institui\u00e7\u00e3o de Ensino Superior, relativo aos per\u00edodos letivos de 2010.1 e 2010.2: R$ 2,5 mil;\u00a0 Trabalho em m\u00eddia impressa de estudante de Jornalismo, divulgado em jornais ou revistas-laborat\u00f3rio, de circula\u00e7\u00e3o no \u00e2mbito da IES: R$ 2,5 mil; Trabalho em m\u00eddia eletr\u00f4nica (r\u00e1dio ou TV) de estudante de Jornalismo divulgado em ve\u00edculos-laborat\u00f3rio, exibido no \u00e2mbito da IES: R$ 2,5 mil; e Trabalho de estudante de Publicidade &amp; Propaganda, tamb\u00e9m divulgado no \u00e2mbito da IES: R$ 2,5 mil.<\/p>\n<p>O Regulamento e a ficha de inscri\u00e7\u00e3o est\u00e3o dispon\u00edveis no site da ABN &#8211; <a href=\"http:\/\/www.boanoticia.org.br\">www.boanoticia.org.br<\/a> \u2013 e na sede da Ag\u00eancia da Boa Not\u00edcia, na Avenida Desembargador Moreira 2120, sala 1307 &#8211; Aldeota &#8211; CEP 60170-002 &#8211; Fortaleza \u2013 Cear\u00e1. O funcionamento \u00e9 de segunda a sexta-feira, de 8h \u00e0s 12h e de 14h \u00e0s 18h. A festa de entrega do Pr\u00eamio Gandhi de Comunica\u00e7\u00e3o 2011 acontecer\u00e1 em junho.<br \/>\n________________________<\/p>\n<p><strong>Fonte:<\/strong> <a href=\"http:\/\/www.boanoticia.org.br\/noticias_detalhes.asp?Cod=2673\">Ag\u00eancia da Boa Not\u00edcia<\/a><br \/>\n(fone: 85 3224 5509 &#8211; Jornalista Respons\u00e1vel: Carmina Dias 00629JP<\/p>\n","protected":false},"excerpt":{"rendered":"<p>O concurso promovido pela Ag\u00eancia da Boa Not\u00edcia vai distribuir R$ 35 mil entre os melhores trabalhos sobre Cultura de Paz. S\u00e3o nove categorias, sendo cinco voltadas para profissionais e quatro para estudantes.<\/p>\n","protected":false},"author":1,"featured_media":0,"comment_status":"open","ping_status":"open","sticky":false,"template":"","format":"standard","meta":{"site-container-style":"default","site-container-layout":"default","site-sidebar-layout":"default","disable-article-header":"default","disable-site-header":"default","disable-site-footer":"default","disable-content-area-spacing":"default","footnotes":""},"categories":[12,4],"tags":[],"class_list":["post-19177","post","type-post","status-publish","format-standard","hentry","category-cursos-e-eventos","category-noticias"],"yoast_head":"<!-- This site is optimized with the Yoast SEO plugin v27.4 - https:\/\/yoast.com\/product\/yoast-seo-wordpress\/ -->\n<title>Saiba os crit\u00e9rios para inscri\u00e7\u00e3o dos trabalhos no Pr\u00eamio Gandhi 2011 -<\/title>\n<meta name=\"robots\" content=\"index, follow, max-snippet:-1, max-image-preview:large, max-video-preview:-1\" \/>\n<link rel=\"canonical\" href=\"https:\/\/inclusivenews.com.br\/?p=19177\" \/>\n<meta property=\"og:locale\" content=\"pt_PT\" \/>\n<meta property=\"og:type\" content=\"article\" \/>\n<meta property=\"og:title\" content=\"Saiba os crit\u00e9rios para inscri\u00e7\u00e3o dos trabalhos no Pr\u00eamio Gandhi 2011 -\" \/>\n<meta property=\"og:description\" content=\"O concurso promovido pela Ag\u00eancia da Boa Not\u00edcia vai distribuir R$ 35 mil entre os melhores trabalhos sobre Cultura de Paz. S\u00e3o nove categorias, sendo cinco voltadas para profissionais e quatro para estudantes.\" \/>\n<meta property=\"og:url\" content=\"https:\/\/inclusivenews.com.br\/?p=19177\" \/>\n<meta property=\"article:publisher\" content=\"https:\/\/www.facebook.com\/agenciainclusive\/\" \/>\n<meta property=\"article:published_time\" content=\"2011-04-21T11:58:09+00:00\" \/>\n<meta property=\"og:image\" content=\"http:\/\/www.boanoticia.org.br\/arquivos\/Image\/noticias\/premiogandhi2011.JPG\" \/>\n<meta name=\"author\" content=\"inclusivenews2024\" \/>\n<meta name=\"twitter:card\" content=\"summary_large_image\" \/>\n<meta name=\"twitter:label1\" content=\"Escrito por\" \/>\n\t<meta name=\"twitter:data1\" content=\"inclusivenews2024\" \/>\n\t<meta name=\"twitter:label2\" content=\"Tempo estimado de leitura\" \/>\n\t<meta name=\"twitter:data2\" content=\"5 minutos\" \/>\n<script type=\"application\/ld+json\" class=\"yoast-schema-graph\">{\"@context\":\"https:\\\/\\\/schema.org\",\"@graph\":[{\"@type\":\"Article\",\"@id\":\"https:\\\/\\\/inclusivenews.com.br\\\/?p=19177#article\",\"isPartOf\":{\"@id\":\"https:\\\/\\\/inclusivenews.com.br\\\/?p=19177\"},\"author\":{\"name\":\"inclusivenews2024\",\"@id\":\"https:\\\/\\\/inclusivenews.com.br\\\/#\\\/schema\\\/person\\\/ae4ec7087559b8692fb33b6fffd2273b\"},\"headline\":\"Saiba os crit\u00e9rios para inscri\u00e7\u00e3o dos trabalhos no Pr\u00eamio Gandhi 2011\",\"datePublished\":\"2011-04-21T11:58:09+00:00\",\"mainEntityOfPage\":{\"@id\":\"https:\\\/\\\/inclusivenews.com.br\\\/?p=19177\"},\"wordCount\":1062,\"commentCount\":0,\"publisher\":{\"@id\":\"https:\\\/\\\/inclusivenews.com.br\\\/#organization\"},\"image\":{\"@id\":\"https:\\\/\\\/inclusivenews.com.br\\\/?p=19177#primaryimage\"},\"thumbnailUrl\":\"http:\\\/\\\/www.boanoticia.org.br\\\/arquivos\\\/Image\\\/noticias\\\/premiogandhi2011.JPG\",\"articleSection\":[\"Cursos e eventos\",\"NOT\u00cdCIAS\"],\"inLanguage\":\"pt-PT\",\"potentialAction\":[{\"@type\":\"CommentAction\",\"name\":\"Comment\",\"target\":[\"https:\\\/\\\/inclusivenews.com.br\\\/?p=19177#respond\"]}]},{\"@type\":\"WebPage\",\"@id\":\"https:\\\/\\\/inclusivenews.com.br\\\/?p=19177\",\"url\":\"https:\\\/\\\/inclusivenews.com.br\\\/?p=19177\",\"name\":\"Saiba os crit\u00e9rios para inscri\u00e7\u00e3o dos trabalhos no Pr\u00eamio Gandhi 2011 -\",\"isPartOf\":{\"@id\":\"https:\\\/\\\/inclusivenews.com.br\\\/#website\"},\"primaryImageOfPage\":{\"@id\":\"https:\\\/\\\/inclusivenews.com.br\\\/?p=19177#primaryimage\"},\"image\":{\"@id\":\"https:\\\/\\\/inclusivenews.com.br\\\/?p=19177#primaryimage\"},\"thumbnailUrl\":\"http:\\\/\\\/www.boanoticia.org.br\\\/arquivos\\\/Image\\\/noticias\\\/premiogandhi2011.JPG\",\"datePublished\":\"2011-04-21T11:58:09+00:00\",\"breadcrumb\":{\"@id\":\"https:\\\/\\\/inclusivenews.com.br\\\/?p=19177#breadcrumb\"},\"inLanguage\":\"pt-PT\",\"potentialAction\":[{\"@type\":\"ReadAction\",\"target\":[\"https:\\\/\\\/inclusivenews.com.br\\\/?p=19177\"]}]},{\"@type\":\"ImageObject\",\"inLanguage\":\"pt-PT\",\"@id\":\"https:\\\/\\\/inclusivenews.com.br\\\/?p=19177#primaryimage\",\"url\":\"http:\\\/\\\/www.boanoticia.org.br\\\/arquivos\\\/Image\\\/noticias\\\/premiogandhi2011.JPG\",\"contentUrl\":\"http:\\\/\\\/www.boanoticia.org.br\\\/arquivos\\\/Image\\\/noticias\\\/premiogandhi2011.JPG\"},{\"@type\":\"BreadcrumbList\",\"@id\":\"https:\\\/\\\/inclusivenews.com.br\\\/?p=19177#breadcrumb\",\"itemListElement\":[{\"@type\":\"ListItem\",\"position\":1,\"name\":\"In\u00edcio\",\"item\":\"https:\\\/\\\/inclusivenews.com.br\\\/\"},{\"@type\":\"ListItem\",\"position\":2,\"name\":\"Saiba os crit\u00e9rios para inscri\u00e7\u00e3o dos trabalhos no Pr\u00eamio Gandhi 2011\"}]},{\"@type\":\"WebSite\",\"@id\":\"https:\\\/\\\/inclusivenews.com.br\\\/#website\",\"url\":\"https:\\\/\\\/inclusivenews.com.br\\\/\",\"name\":\"Inclusive News\",\"description\":\"Inclusive News\",\"publisher\":{\"@id\":\"https:\\\/\\\/inclusivenews.com.br\\\/#organization\"},\"potentialAction\":[{\"@type\":\"SearchAction\",\"target\":{\"@type\":\"EntryPoint\",\"urlTemplate\":\"https:\\\/\\\/inclusivenews.com.br\\\/?s={search_term_string}\"},\"query-input\":{\"@type\":\"PropertyValueSpecification\",\"valueRequired\":true,\"valueName\":\"search_term_string\"}}],\"inLanguage\":\"pt-PT\"},{\"@type\":\"Organization\",\"@id\":\"https:\\\/\\\/inclusivenews.com.br\\\/#organization\",\"name\":\"Inclusive - inclus\u00e3o e cidadania\",\"url\":\"https:\\\/\\\/inclusivenews.com.br\\\/\",\"logo\":{\"@type\":\"ImageObject\",\"inLanguage\":\"pt-PT\",\"@id\":\"https:\\\/\\\/inclusivenews.com.br\\\/#\\\/schema\\\/logo\\\/image\\\/\",\"url\":\"https:\\\/\\\/inclusivenews.com.br\\\/wp-content\\\/uploads\\\/2024\\\/03\\\/@grandesite.png\",\"contentUrl\":\"https:\\\/\\\/inclusivenews.com.br\\\/wp-content\\\/uploads\\\/2024\\\/03\\\/@grandesite.png\",\"width\":1080,\"height\":1080,\"caption\":\"Inclusive - inclus\u00e3o e cidadania\"},\"image\":{\"@id\":\"https:\\\/\\\/inclusivenews.com.br\\\/#\\\/schema\\\/logo\\\/image\\\/\"},\"sameAs\":[\"https:\\\/\\\/www.facebook.com\\\/agenciainclusive\\\/\",\"https:\\\/\\\/www.instagram.com\\\/newsinclusive\\\/\"]},{\"@type\":\"Person\",\"@id\":\"https:\\\/\\\/inclusivenews.com.br\\\/#\\\/schema\\\/person\\\/ae4ec7087559b8692fb33b6fffd2273b\",\"name\":\"inclusivenews2024\",\"image\":{\"@type\":\"ImageObject\",\"inLanguage\":\"pt-PT\",\"@id\":\"https:\\\/\\\/secure.gravatar.com\\\/avatar\\\/c5a7ef84c66fa914f55bc4f7ce26cfa275a3b9a1c5568b907bd184fb4dde7b40?s=96&d=mm&r=g\",\"url\":\"https:\\\/\\\/secure.gravatar.com\\\/avatar\\\/c5a7ef84c66fa914f55bc4f7ce26cfa275a3b9a1c5568b907bd184fb4dde7b40?s=96&d=mm&r=g\",\"contentUrl\":\"https:\\\/\\\/secure.gravatar.com\\\/avatar\\\/c5a7ef84c66fa914f55bc4f7ce26cfa275a3b9a1c5568b907bd184fb4dde7b40?s=96&d=mm&r=g\",\"caption\":\"inclusivenews2024\"},\"sameAs\":[\"https:\\\/\\\/inclusivenews.com.br\"],\"url\":\"https:\\\/\\\/inclusivenews.com.br\\\/?author=1\"}]}<\/script>\n<!-- \/ Yoast SEO plugin. -->","yoast_head_json":{"title":"Saiba os crit\u00e9rios para inscri\u00e7\u00e3o dos trabalhos no Pr\u00eamio Gandhi 2011 -","robots":{"index":"index","follow":"follow","max-snippet":"max-snippet:-1","max-image-preview":"max-image-preview:large","max-video-preview":"max-video-preview:-1"},"canonical":"https:\/\/inclusivenews.com.br\/?p=19177","og_locale":"pt_PT","og_type":"article","og_title":"Saiba os crit\u00e9rios para inscri\u00e7\u00e3o dos trabalhos no Pr\u00eamio Gandhi 2011 -","og_description":"O concurso promovido pela Ag\u00eancia da Boa Not\u00edcia vai distribuir R$ 35 mil entre os melhores trabalhos sobre Cultura de Paz. S\u00e3o nove categorias, sendo cinco voltadas para profissionais e quatro para estudantes.","og_url":"https:\/\/inclusivenews.com.br\/?p=19177","article_publisher":"https:\/\/www.facebook.com\/agenciainclusive\/","article_published_time":"2011-04-21T11:58:09+00:00","og_image":[{"url":"http:\/\/www.boanoticia.org.br\/arquivos\/Image\/noticias\/premiogandhi2011.JPG","type":"","width":"","height":""}],"author":"inclusivenews2024","twitter_card":"summary_large_image","twitter_misc":{"Escrito por":"inclusivenews2024","Tempo estimado de leitura":"5 minutos"},"schema":{"@context":"https:\/\/schema.org","@graph":[{"@type":"Article","@id":"https:\/\/inclusivenews.com.br\/?p=19177#article","isPartOf":{"@id":"https:\/\/inclusivenews.com.br\/?p=19177"},"author":{"name":"inclusivenews2024","@id":"https:\/\/inclusivenews.com.br\/#\/schema\/person\/ae4ec7087559b8692fb33b6fffd2273b"},"headline":"Saiba os crit\u00e9rios para inscri\u00e7\u00e3o dos trabalhos no Pr\u00eamio Gandhi 2011","datePublished":"2011-04-21T11:58:09+00:00","mainEntityOfPage":{"@id":"https:\/\/inclusivenews.com.br\/?p=19177"},"wordCount":1062,"commentCount":0,"publisher":{"@id":"https:\/\/inclusivenews.com.br\/#organization"},"image":{"@id":"https:\/\/inclusivenews.com.br\/?p=19177#primaryimage"},"thumbnailUrl":"http:\/\/www.boanoticia.org.br\/arquivos\/Image\/noticias\/premiogandhi2011.JPG","articleSection":["Cursos e eventos","NOT\u00cdCIAS"],"inLanguage":"pt-PT","potentialAction":[{"@type":"CommentAction","name":"Comment","target":["https:\/\/inclusivenews.com.br\/?p=19177#respond"]}]},{"@type":"WebPage","@id":"https:\/\/inclusivenews.com.br\/?p=19177","url":"https:\/\/inclusivenews.com.br\/?p=19177","name":"Saiba os crit\u00e9rios para inscri\u00e7\u00e3o dos trabalhos no Pr\u00eamio Gandhi 2011 -","isPartOf":{"@id":"https:\/\/inclusivenews.com.br\/#website"},"primaryImageOfPage":{"@id":"https:\/\/inclusivenews.com.br\/?p=19177#primaryimage"},"image":{"@id":"https:\/\/inclusivenews.com.br\/?p=19177#primaryimage"},"thumbnailUrl":"http:\/\/www.boanoticia.org.br\/arquivos\/Image\/noticias\/premiogandhi2011.JPG","datePublished":"2011-04-21T11:58:09+00:00","breadcrumb":{"@id":"https:\/\/inclusivenews.com.br\/?p=19177#breadcrumb"},"inLanguage":"pt-PT","potentialAction":[{"@type":"ReadAction","target":["https:\/\/inclusivenews.com.br\/?p=19177"]}]},{"@type":"ImageObject","inLanguage":"pt-PT","@id":"https:\/\/inclusivenews.com.br\/?p=19177#primaryimage","url":"http:\/\/www.boanoticia.org.br\/arquivos\/Image\/noticias\/premiogandhi2011.JPG","contentUrl":"http:\/\/www.boanoticia.org.br\/arquivos\/Image\/noticias\/premiogandhi2011.JPG"},{"@type":"BreadcrumbList","@id":"https:\/\/inclusivenews.com.br\/?p=19177#breadcrumb","itemListElement":[{"@type":"ListItem","position":1,"name":"In\u00edcio","item":"https:\/\/inclusivenews.com.br\/"},{"@type":"ListItem","position":2,"name":"Saiba os crit\u00e9rios para inscri\u00e7\u00e3o dos trabalhos no Pr\u00eamio Gandhi 2011"}]},{"@type":"WebSite","@id":"https:\/\/inclusivenews.com.br\/#website","url":"https:\/\/inclusivenews.com.br\/","name":"Inclusive News","description":"Inclusive News","publisher":{"@id":"https:\/\/inclusivenews.com.br\/#organization"},"potentialAction":[{"@type":"SearchAction","target":{"@type":"EntryPoint","urlTemplate":"https:\/\/inclusivenews.com.br\/?s={search_term_string}"},"query-input":{"@type":"PropertyValueSpecification","valueRequired":true,"valueName":"search_term_string"}}],"inLanguage":"pt-PT"},{"@type":"Organization","@id":"https:\/\/inclusivenews.com.br\/#organization","name":"Inclusive - inclus\u00e3o e cidadania","url":"https:\/\/inclusivenews.com.br\/","logo":{"@type":"ImageObject","inLanguage":"pt-PT","@id":"https:\/\/inclusivenews.com.br\/#\/schema\/logo\/image\/","url":"https:\/\/inclusivenews.com.br\/wp-content\/uploads\/2024\/03\/@grandesite.png","contentUrl":"https:\/\/inclusivenews.com.br\/wp-content\/uploads\/2024\/03\/@grandesite.png","width":1080,"height":1080,"caption":"Inclusive - inclus\u00e3o e cidadania"},"image":{"@id":"https:\/\/inclusivenews.com.br\/#\/schema\/logo\/image\/"},"sameAs":["https:\/\/www.facebook.com\/agenciainclusive\/","https:\/\/www.instagram.com\/newsinclusive\/"]},{"@type":"Person","@id":"https:\/\/inclusivenews.com.br\/#\/schema\/person\/ae4ec7087559b8692fb33b6fffd2273b","name":"inclusivenews2024","image":{"@type":"ImageObject","inLanguage":"pt-PT","@id":"https:\/\/secure.gravatar.com\/avatar\/c5a7ef84c66fa914f55bc4f7ce26cfa275a3b9a1c5568b907bd184fb4dde7b40?s=96&d=mm&r=g","url":"https:\/\/secure.gravatar.com\/avatar\/c5a7ef84c66fa914f55bc4f7ce26cfa275a3b9a1c5568b907bd184fb4dde7b40?s=96&d=mm&r=g","contentUrl":"https:\/\/secure.gravatar.com\/avatar\/c5a7ef84c66fa914f55bc4f7ce26cfa275a3b9a1c5568b907bd184fb4dde7b40?s=96&d=mm&r=g","caption":"inclusivenews2024"},"sameAs":["https:\/\/inclusivenews.com.br"],"url":"https:\/\/inclusivenews.com.br\/?author=1"}]}},"_links":{"self":[{"href":"https:\/\/inclusivenews.com.br\/index.php?rest_route=\/wp\/v2\/posts\/19177","targetHints":{"allow":["GET"]}}],"collection":[{"href":"https:\/\/inclusivenews.com.br\/index.php?rest_route=\/wp\/v2\/posts"}],"about":[{"href":"https:\/\/inclusivenews.com.br\/index.php?rest_route=\/wp\/v2\/types\/post"}],"author":[{"embeddable":true,"href":"https:\/\/inclusivenews.com.br\/index.php?rest_route=\/wp\/v2\/users\/1"}],"replies":[{"embeddable":true,"href":"https:\/\/inclusivenews.com.br\/index.php?rest_route=%2Fwp%2Fv2%2Fcomments&post=19177"}],"version-history":[{"count":0,"href":"https:\/\/inclusivenews.com.br\/index.php?rest_route=\/wp\/v2\/posts\/19177\/revisions"}],"wp:attachment":[{"href":"https:\/\/inclusivenews.com.br\/index.php?rest_route=%2Fwp%2Fv2%2Fmedia&parent=19177"}],"wp:term":[{"taxonomy":"category","embeddable":true,"href":"https:\/\/inclusivenews.com.br\/index.php?rest_route=%2Fwp%2Fv2%2Fcategories&post=19177"},{"taxonomy":"post_tag","embeddable":true,"href":"https:\/\/inclusivenews.com.br\/index.php?rest_route=%2Fwp%2Fv2%2Ftags&post=19177"}],"curies":[{"name":"wp","href":"https:\/\/api.w.org\/{rel}","templated":true}]}}