{"id":19207,"date":"2011-04-21T09:17:58","date_gmt":"2011-04-21T12:17:58","guid":{"rendered":"http:\/\/www.inclusive.org.br\/?p=19207"},"modified":"2011-04-21T09:17:58","modified_gmt":"2011-04-21T12:17:58","slug":"cese-abre-edital-de-projetos-para-a-area-da-juventude-e-infancia-em-todo-o-brasil-2","status":"publish","type":"post","link":"https:\/\/inclusivenews.com.br\/?p=19207","title":{"rendered":"CESE abre edital de projetos para a \u00e1rea da juventude e inf\u00e2ncia em todo o Brasil"},"content":{"rendered":"<figure id=\"attachment_19208\" aria-describedby=\"caption-attachment-19208\" style=\"width: 111px\" class=\"wp-caption alignleft\"><a href=\"http:\/\/www.inclusivenews.com.br\/wp-content\/uploads\/2011\/04\/bannercese.png\"><img loading=\"lazy\" decoding=\"async\" class=\"size-full wp-image-19208\" title=\"Banner - um menino de bon\u00e9 porta um cartaz onde l\u00ea-se: CESE: uma a\u00e7\u00e3o para crian\u00e7as\" src=\"http:\/\/inclusivenews.com.br\/wp-content\/uploads\/2011\/04\/bannercese.png\" alt=\"Banner - um menino de bon\u00e9 porta um cartaz onde l\u00ea-se: CESE: uma a\u00e7\u00e3o para crian\u00e7as\" width=\"111\" height=\"112\" \/><\/a><figcaption id=\"caption-attachment-19208\" class=\"wp-caption-text\"> <\/figcaption><\/figure>\n<p><em>As propostas podem ser enviadas at\u00e9 15 de maio<\/em><\/p>\n<p>A CESE \u2013 Coordenadoria Ecum\u00eanica de Servi\u00e7o lan\u00e7ou no dia 15 de abril o edital Mobilizando Recursos Locais. Trata-se de uma chamada p\u00fablica para recebimento de projetos sociais que tenham como objetivo beneficiar direta ou indiretamente jovens, adolescentes ou crian\u00e7as. Ser\u00e3o aceitos projetos de todo o Brasil, sendo priorit\u00e1rios os recebidos das regi\u00f5es Nordeste, Norte e Centro-Oeste.<\/p>\n<p>Para se inscrever a institui\u00e7\u00e3o ou grupo de volunt\u00e1rios al\u00e9m de ter um projeto social deve propor uma mobiliza\u00e7\u00e3o junto \u00e0 comunidade para a arrecada\u00e7\u00e3o de verbas para a execu\u00e7\u00e3o do projeto, como bingos beneficentes, rifas, bazares, jantares etc. A proposta de CESE \u00e9 dobrar os recursos levantados nesta mobiliza\u00e7\u00e3o, sendo R$ 8 mil o valor m\u00e1ximo de cada projeto (R$ 4 mil do grupo e R$ 4 mil da CESE). As inscri\u00e7\u00f5es ser\u00e3o aceitas somente pela internet at\u00e9 o dia 15 de maio \u2013 o formul\u00e1rio e as orienta\u00e7\u00f5es est\u00e3o dispon\u00edveis no site www.cese.org.br.<\/p>\n<p>O edital segue o m\u00e9todo de \u201cDupla Participa\u00e7\u00e3o\u201d, criado para estimular as organiza\u00e7\u00f5es e movimentos populares a construirem auto-sustenta\u00e7\u00e3o financeira.  Seu foco \u00e9 a mobiliza\u00e7\u00e3o de recursos locais, de maneira a incentivar a criatividade e a\u00e7\u00f5es inovadoras das organiza\u00e7\u00f5es populares, bem como a sensibiliza\u00e7\u00e3o e solidariedade da popula\u00e7\u00e3o em geral para as causas defendidas por elas.<\/p>\n<p>A institui\u00e7\u00e3o organizadora do edital atua h\u00e1 38 anos com apoio a movimentos de luta pela garantia de direitos no Brasil. Em 2010, atingiu a marca de 9 milh\u00f5es de pessoas beneficiadas em 10 mil iniciativas apoiadas desde 1973. Esta experi\u00eancia da CESE poder\u00e1 ser aproveitada pelos grupos que tiverem seu projeto selecionado. As a\u00e7\u00f5es apoiadas no edital Mobilizando Recursos Locais receber\u00e3o orienta\u00e7\u00f5es da organiza\u00e7\u00e3o para a realiza\u00e7\u00e3o das a\u00e7\u00f5es de mobiliza\u00e7\u00e3o, bem como para a execu\u00e7\u00e3o do projeto.<\/p>\n<p>O Edital faz parte do programa de apoio a projetos CESE A\u00e7\u00e3o para Crian\u00e7as, que existe desde 2007. Ao total j\u00e1 foram beneficiados mais de 20 mil crian\u00e7as e adolescentes, totalizando cerca de R$ 425 mil enviados aos projetos aprovados.  Em 2011 o foco da sele\u00e7\u00e3o ser\u00e1 projetos cujos resultados incidam na melhoria de qualidade de vida de jovens, crian\u00e7as e adolescentes mais vulner\u00e1veis, especialmente iniciativas voltadas para combate \u00e0 viol\u00eancia, gera\u00e7\u00e3o de renda, preserva\u00e7\u00e3o ambiental, educa\u00e7\u00e3o, cultura, lazer, sa\u00fade, seguran\u00e7a alimentar e nutricional, acesso \u00e0 \u00e1gua, habita\u00e7\u00e3o e meio ambiente.<\/p>\n<p>Um exemplo de a\u00e7\u00e3o apoiada em edi\u00e7\u00f5es anteriores do Edital aconteceu em 2010 em Ceil\u00e2ndia, cidade sat\u00e9lite de Bras\u00edlia. O Movimento de Adolescentes e Crian\u00e7as \u2013 MAC articulado com a Par\u00f3quia S\u00e3o Francisco de Assis arrecadou recursos atrav\u00e9s de bingo, rifa e venda de alimentos na comunidade.  Nestas a\u00e7\u00f5es angariaram R$1.306,80 e com a \u201cDupla Participa\u00e7\u00e3o\u201d o recurso total do projeto foi de R$ 2.613,60. Este valor foi aplicado no projeto Bonecos Cidad\u00e3os, no qual as crian\u00e7as e adolescentes confeccionaram bonecos com materiais reciclados, estimulando a conviv\u00eancia harmoniosa com o meio ambiente por meio da arte. Em continuidade a esta a\u00e7\u00e3o, foram elaboradas hist\u00f3rias infantis fundamentadas nos estudos do Estatuto da Crian\u00e7a e do Adolescente e realizada uma a\u00e7\u00e3o educativa com Teatro de Bonecos na comunidade. O projeto foi selecionado pelo Governo Federal como uma das 50 boas praticas de projetos para a promo\u00e7\u00e3o de direitos das crian\u00e7as e adolescentes.<\/p>\n<p>Institui\u00e7\u00f5es interessadas em enviar projeto para o Edital podem tirar d\u00favidas pelo telefone (71) 2104-5459.<\/p>\n","protected":false},"excerpt":{"rendered":"<p>A CESE \u2013 Coordenadoria Ecum\u00eanica de Servi\u00e7o lan\u00e7ou no dia 15 de abril o edital Mobilizando Recursos Locais. Trata-se de uma chamada p\u00fablica para recebimento de projetos sociais que tenham como objetivo beneficiar direta ou indiretamente jovens, adolescentes ou crian\u00e7as. Leia mais.<\/p>\n","protected":false},"author":1,"featured_media":0,"comment_status":"open","ping_status":"open","sticky":false,"template":"","format":"standard","meta":{"site-container-style":"default","site-container-layout":"default","site-sidebar-layout":"default","disable-article-header":"default","disable-site-header":"default","disable-site-footer":"default","disable-content-area-spacing":"default","footnotes":""},"categories":[96,4],"tags":[60],"class_list":["post-19207","post","type-post","status-publish","format-standard","hentry","category-editais","category-noticias","tag-infancia"],"yoast_head":"<!-- This site is optimized with the Yoast SEO plugin v27.4 - https:\/\/yoast.com\/product\/yoast-seo-wordpress\/ -->\n<title>CESE abre edital de projetos para a \u00e1rea da juventude e inf\u00e2ncia em todo o Brasil -<\/title>\n<meta name=\"robots\" content=\"index, follow, max-snippet:-1, max-image-preview:large, max-video-preview:-1\" \/>\n<link rel=\"canonical\" href=\"https:\/\/inclusivenews.com.br\/?p=19207\" \/>\n<meta property=\"og:locale\" content=\"pt_PT\" \/>\n<meta property=\"og:type\" content=\"article\" \/>\n<meta property=\"og:title\" content=\"CESE abre edital de projetos para a \u00e1rea da juventude e inf\u00e2ncia em todo o Brasil -\" \/>\n<meta property=\"og:description\" content=\"A CESE \u2013 Coordenadoria Ecum\u00eanica de Servi\u00e7o lan\u00e7ou no dia 15 de abril o edital Mobilizando Recursos Locais. Trata-se de uma chamada p\u00fablica para recebimento de projetos sociais que tenham como objetivo beneficiar direta ou indiretamente jovens, adolescentes ou crian\u00e7as. Leia mais.\" \/>\n<meta property=\"og:url\" content=\"https:\/\/inclusivenews.com.br\/?p=19207\" \/>\n<meta property=\"article:publisher\" content=\"https:\/\/www.facebook.com\/agenciainclusive\/\" \/>\n<meta property=\"article:published_time\" content=\"2011-04-21T12:17:58+00:00\" \/>\n<meta property=\"og:image\" content=\"http:\/\/inclusivenews.com.br\/wp-content\/uploads\/2011\/04\/bannercese.png\" \/>\n<meta name=\"author\" content=\"inclusivenews2024\" \/>\n<meta name=\"twitter:card\" content=\"summary_large_image\" \/>\n<meta name=\"twitter:label1\" content=\"Escrito por\" \/>\n\t<meta name=\"twitter:data1\" content=\"inclusivenews2024\" \/>\n\t<meta name=\"twitter:label2\" content=\"Tempo estimado de leitura\" \/>\n\t<meta name=\"twitter:data2\" content=\"3 minutos\" \/>\n<script type=\"application\/ld+json\" class=\"yoast-schema-graph\">{\"@context\":\"https:\\\/\\\/schema.org\",\"@graph\":[{\"@type\":\"Article\",\"@id\":\"https:\\\/\\\/inclusivenews.com.br\\\/?p=19207#article\",\"isPartOf\":{\"@id\":\"https:\\\/\\\/inclusivenews.com.br\\\/?p=19207\"},\"author\":{\"name\":\"inclusivenews2024\",\"@id\":\"https:\\\/\\\/inclusivenews.com.br\\\/#\\\/schema\\\/person\\\/ae4ec7087559b8692fb33b6fffd2273b\"},\"headline\":\"CESE abre edital de projetos para a \u00e1rea da juventude e inf\u00e2ncia em todo o Brasil\",\"datePublished\":\"2011-04-21T12:17:58+00:00\",\"mainEntityOfPage\":{\"@id\":\"https:\\\/\\\/inclusivenews.com.br\\\/?p=19207\"},\"wordCount\":630,\"commentCount\":0,\"publisher\":{\"@id\":\"https:\\\/\\\/inclusivenews.com.br\\\/#organization\"},\"image\":{\"@id\":\"https:\\\/\\\/inclusivenews.com.br\\\/?p=19207#primaryimage\"},\"thumbnailUrl\":\"http:\\\/\\\/inclusivenews.com.br\\\/wp-content\\\/uploads\\\/2011\\\/04\\\/bannercese.png\",\"keywords\":[\"Inf\u00e2ncia\"],\"articleSection\":[\"Editais\",\"NOT\u00cdCIAS\"],\"inLanguage\":\"pt-PT\",\"potentialAction\":[{\"@type\":\"CommentAction\",\"name\":\"Comment\",\"target\":[\"https:\\\/\\\/inclusivenews.com.br\\\/?p=19207#respond\"]}]},{\"@type\":\"WebPage\",\"@id\":\"https:\\\/\\\/inclusivenews.com.br\\\/?p=19207\",\"url\":\"https:\\\/\\\/inclusivenews.com.br\\\/?p=19207\",\"name\":\"CESE abre edital de projetos para a \u00e1rea da juventude e inf\u00e2ncia em todo o Brasil -\",\"isPartOf\":{\"@id\":\"https:\\\/\\\/inclusivenews.com.br\\\/#website\"},\"primaryImageOfPage\":{\"@id\":\"https:\\\/\\\/inclusivenews.com.br\\\/?p=19207#primaryimage\"},\"image\":{\"@id\":\"https:\\\/\\\/inclusivenews.com.br\\\/?p=19207#primaryimage\"},\"thumbnailUrl\":\"http:\\\/\\\/inclusivenews.com.br\\\/wp-content\\\/uploads\\\/2011\\\/04\\\/bannercese.png\",\"datePublished\":\"2011-04-21T12:17:58+00:00\",\"breadcrumb\":{\"@id\":\"https:\\\/\\\/inclusivenews.com.br\\\/?p=19207#breadcrumb\"},\"inLanguage\":\"pt-PT\",\"potentialAction\":[{\"@type\":\"ReadAction\",\"target\":[\"https:\\\/\\\/inclusivenews.com.br\\\/?p=19207\"]}]},{\"@type\":\"ImageObject\",\"inLanguage\":\"pt-PT\",\"@id\":\"https:\\\/\\\/inclusivenews.com.br\\\/?p=19207#primaryimage\",\"url\":\"\",\"contentUrl\":\"\"},{\"@type\":\"BreadcrumbList\",\"@id\":\"https:\\\/\\\/inclusivenews.com.br\\\/?p=19207#breadcrumb\",\"itemListElement\":[{\"@type\":\"ListItem\",\"position\":1,\"name\":\"In\u00edcio\",\"item\":\"https:\\\/\\\/inclusivenews.com.br\\\/\"},{\"@type\":\"ListItem\",\"position\":2,\"name\":\"CESE abre edital de projetos para a \u00e1rea da juventude e inf\u00e2ncia em todo o Brasil\"}]},{\"@type\":\"WebSite\",\"@id\":\"https:\\\/\\\/inclusivenews.com.br\\\/#website\",\"url\":\"https:\\\/\\\/inclusivenews.com.br\\\/\",\"name\":\"Inclusive News\",\"description\":\"Inclusive News\",\"publisher\":{\"@id\":\"https:\\\/\\\/inclusivenews.com.br\\\/#organization\"},\"potentialAction\":[{\"@type\":\"SearchAction\",\"target\":{\"@type\":\"EntryPoint\",\"urlTemplate\":\"https:\\\/\\\/inclusivenews.com.br\\\/?s={search_term_string}\"},\"query-input\":{\"@type\":\"PropertyValueSpecification\",\"valueRequired\":true,\"valueName\":\"search_term_string\"}}],\"inLanguage\":\"pt-PT\"},{\"@type\":\"Organization\",\"@id\":\"https:\\\/\\\/inclusivenews.com.br\\\/#organization\",\"name\":\"Inclusive - inclus\u00e3o e cidadania\",\"url\":\"https:\\\/\\\/inclusivenews.com.br\\\/\",\"logo\":{\"@type\":\"ImageObject\",\"inLanguage\":\"pt-PT\",\"@id\":\"https:\\\/\\\/inclusivenews.com.br\\\/#\\\/schema\\\/logo\\\/image\\\/\",\"url\":\"https:\\\/\\\/inclusivenews.com.br\\\/wp-content\\\/uploads\\\/2024\\\/03\\\/@grandesite.png\",\"contentUrl\":\"https:\\\/\\\/inclusivenews.com.br\\\/wp-content\\\/uploads\\\/2024\\\/03\\\/@grandesite.png\",\"width\":1080,\"height\":1080,\"caption\":\"Inclusive - inclus\u00e3o e cidadania\"},\"image\":{\"@id\":\"https:\\\/\\\/inclusivenews.com.br\\\/#\\\/schema\\\/logo\\\/image\\\/\"},\"sameAs\":[\"https:\\\/\\\/www.facebook.com\\\/agenciainclusive\\\/\",\"https:\\\/\\\/www.instagram.com\\\/newsinclusive\\\/\"]},{\"@type\":\"Person\",\"@id\":\"https:\\\/\\\/inclusivenews.com.br\\\/#\\\/schema\\\/person\\\/ae4ec7087559b8692fb33b6fffd2273b\",\"name\":\"inclusivenews2024\",\"image\":{\"@type\":\"ImageObject\",\"inLanguage\":\"pt-PT\",\"@id\":\"https:\\\/\\\/secure.gravatar.com\\\/avatar\\\/c5a7ef84c66fa914f55bc4f7ce26cfa275a3b9a1c5568b907bd184fb4dde7b40?s=96&d=mm&r=g\",\"url\":\"https:\\\/\\\/secure.gravatar.com\\\/avatar\\\/c5a7ef84c66fa914f55bc4f7ce26cfa275a3b9a1c5568b907bd184fb4dde7b40?s=96&d=mm&r=g\",\"contentUrl\":\"https:\\\/\\\/secure.gravatar.com\\\/avatar\\\/c5a7ef84c66fa914f55bc4f7ce26cfa275a3b9a1c5568b907bd184fb4dde7b40?s=96&d=mm&r=g\",\"caption\":\"inclusivenews2024\"},\"sameAs\":[\"https:\\\/\\\/inclusivenews.com.br\"],\"url\":\"https:\\\/\\\/inclusivenews.com.br\\\/?author=1\"}]}<\/script>\n<!-- \/ Yoast SEO plugin. -->","yoast_head_json":{"title":"CESE abre edital de projetos para a \u00e1rea da juventude e inf\u00e2ncia em todo o Brasil -","robots":{"index":"index","follow":"follow","max-snippet":"max-snippet:-1","max-image-preview":"max-image-preview:large","max-video-preview":"max-video-preview:-1"},"canonical":"https:\/\/inclusivenews.com.br\/?p=19207","og_locale":"pt_PT","og_type":"article","og_title":"CESE abre edital de projetos para a \u00e1rea da juventude e inf\u00e2ncia em todo o Brasil -","og_description":"A CESE \u2013 Coordenadoria Ecum\u00eanica de Servi\u00e7o lan\u00e7ou no dia 15 de abril o edital Mobilizando Recursos Locais. Trata-se de uma chamada p\u00fablica para recebimento de projetos sociais que tenham como objetivo beneficiar direta ou indiretamente jovens, adolescentes ou crian\u00e7as. Leia mais.","og_url":"https:\/\/inclusivenews.com.br\/?p=19207","article_publisher":"https:\/\/www.facebook.com\/agenciainclusive\/","article_published_time":"2011-04-21T12:17:58+00:00","og_image":[{"url":"http:\/\/inclusivenews.com.br\/wp-content\/uploads\/2011\/04\/bannercese.png","type":"","width":"","height":""}],"author":"inclusivenews2024","twitter_card":"summary_large_image","twitter_misc":{"Escrito por":"inclusivenews2024","Tempo estimado de leitura":"3 minutos"},"schema":{"@context":"https:\/\/schema.org","@graph":[{"@type":"Article","@id":"https:\/\/inclusivenews.com.br\/?p=19207#article","isPartOf":{"@id":"https:\/\/inclusivenews.com.br\/?p=19207"},"author":{"name":"inclusivenews2024","@id":"https:\/\/inclusivenews.com.br\/#\/schema\/person\/ae4ec7087559b8692fb33b6fffd2273b"},"headline":"CESE abre edital de projetos para a \u00e1rea da juventude e inf\u00e2ncia em todo o Brasil","datePublished":"2011-04-21T12:17:58+00:00","mainEntityOfPage":{"@id":"https:\/\/inclusivenews.com.br\/?p=19207"},"wordCount":630,"commentCount":0,"publisher":{"@id":"https:\/\/inclusivenews.com.br\/#organization"},"image":{"@id":"https:\/\/inclusivenews.com.br\/?p=19207#primaryimage"},"thumbnailUrl":"http:\/\/inclusivenews.com.br\/wp-content\/uploads\/2011\/04\/bannercese.png","keywords":["Inf\u00e2ncia"],"articleSection":["Editais","NOT\u00cdCIAS"],"inLanguage":"pt-PT","potentialAction":[{"@type":"CommentAction","name":"Comment","target":["https:\/\/inclusivenews.com.br\/?p=19207#respond"]}]},{"@type":"WebPage","@id":"https:\/\/inclusivenews.com.br\/?p=19207","url":"https:\/\/inclusivenews.com.br\/?p=19207","name":"CESE abre edital de projetos para a \u00e1rea da juventude e inf\u00e2ncia em todo o Brasil -","isPartOf":{"@id":"https:\/\/inclusivenews.com.br\/#website"},"primaryImageOfPage":{"@id":"https:\/\/inclusivenews.com.br\/?p=19207#primaryimage"},"image":{"@id":"https:\/\/inclusivenews.com.br\/?p=19207#primaryimage"},"thumbnailUrl":"http:\/\/inclusivenews.com.br\/wp-content\/uploads\/2011\/04\/bannercese.png","datePublished":"2011-04-21T12:17:58+00:00","breadcrumb":{"@id":"https:\/\/inclusivenews.com.br\/?p=19207#breadcrumb"},"inLanguage":"pt-PT","potentialAction":[{"@type":"ReadAction","target":["https:\/\/inclusivenews.com.br\/?p=19207"]}]},{"@type":"ImageObject","inLanguage":"pt-PT","@id":"https:\/\/inclusivenews.com.br\/?p=19207#primaryimage","url":"","contentUrl":""},{"@type":"BreadcrumbList","@id":"https:\/\/inclusivenews.com.br\/?p=19207#breadcrumb","itemListElement":[{"@type":"ListItem","position":1,"name":"In\u00edcio","item":"https:\/\/inclusivenews.com.br\/"},{"@type":"ListItem","position":2,"name":"CESE abre edital de projetos para a \u00e1rea da juventude e inf\u00e2ncia em todo o Brasil"}]},{"@type":"WebSite","@id":"https:\/\/inclusivenews.com.br\/#website","url":"https:\/\/inclusivenews.com.br\/","name":"Inclusive News","description":"Inclusive News","publisher":{"@id":"https:\/\/inclusivenews.com.br\/#organization"},"potentialAction":[{"@type":"SearchAction","target":{"@type":"EntryPoint","urlTemplate":"https:\/\/inclusivenews.com.br\/?s={search_term_string}"},"query-input":{"@type":"PropertyValueSpecification","valueRequired":true,"valueName":"search_term_string"}}],"inLanguage":"pt-PT"},{"@type":"Organization","@id":"https:\/\/inclusivenews.com.br\/#organization","name":"Inclusive - inclus\u00e3o e cidadania","url":"https:\/\/inclusivenews.com.br\/","logo":{"@type":"ImageObject","inLanguage":"pt-PT","@id":"https:\/\/inclusivenews.com.br\/#\/schema\/logo\/image\/","url":"https:\/\/inclusivenews.com.br\/wp-content\/uploads\/2024\/03\/@grandesite.png","contentUrl":"https:\/\/inclusivenews.com.br\/wp-content\/uploads\/2024\/03\/@grandesite.png","width":1080,"height":1080,"caption":"Inclusive - inclus\u00e3o e cidadania"},"image":{"@id":"https:\/\/inclusivenews.com.br\/#\/schema\/logo\/image\/"},"sameAs":["https:\/\/www.facebook.com\/agenciainclusive\/","https:\/\/www.instagram.com\/newsinclusive\/"]},{"@type":"Person","@id":"https:\/\/inclusivenews.com.br\/#\/schema\/person\/ae4ec7087559b8692fb33b6fffd2273b","name":"inclusivenews2024","image":{"@type":"ImageObject","inLanguage":"pt-PT","@id":"https:\/\/secure.gravatar.com\/avatar\/c5a7ef84c66fa914f55bc4f7ce26cfa275a3b9a1c5568b907bd184fb4dde7b40?s=96&d=mm&r=g","url":"https:\/\/secure.gravatar.com\/avatar\/c5a7ef84c66fa914f55bc4f7ce26cfa275a3b9a1c5568b907bd184fb4dde7b40?s=96&d=mm&r=g","contentUrl":"https:\/\/secure.gravatar.com\/avatar\/c5a7ef84c66fa914f55bc4f7ce26cfa275a3b9a1c5568b907bd184fb4dde7b40?s=96&d=mm&r=g","caption":"inclusivenews2024"},"sameAs":["https:\/\/inclusivenews.com.br"],"url":"https:\/\/inclusivenews.com.br\/?author=1"}]}},"_links":{"self":[{"href":"https:\/\/inclusivenews.com.br\/index.php?rest_route=\/wp\/v2\/posts\/19207","targetHints":{"allow":["GET"]}}],"collection":[{"href":"https:\/\/inclusivenews.com.br\/index.php?rest_route=\/wp\/v2\/posts"}],"about":[{"href":"https:\/\/inclusivenews.com.br\/index.php?rest_route=\/wp\/v2\/types\/post"}],"author":[{"embeddable":true,"href":"https:\/\/inclusivenews.com.br\/index.php?rest_route=\/wp\/v2\/users\/1"}],"replies":[{"embeddable":true,"href":"https:\/\/inclusivenews.com.br\/index.php?rest_route=%2Fwp%2Fv2%2Fcomments&post=19207"}],"version-history":[{"count":0,"href":"https:\/\/inclusivenews.com.br\/index.php?rest_route=\/wp\/v2\/posts\/19207\/revisions"}],"wp:attachment":[{"href":"https:\/\/inclusivenews.com.br\/index.php?rest_route=%2Fwp%2Fv2%2Fmedia&parent=19207"}],"wp:term":[{"taxonomy":"category","embeddable":true,"href":"https:\/\/inclusivenews.com.br\/index.php?rest_route=%2Fwp%2Fv2%2Fcategories&post=19207"},{"taxonomy":"post_tag","embeddable":true,"href":"https:\/\/inclusivenews.com.br\/index.php?rest_route=%2Fwp%2Fv2%2Ftags&post=19207"}],"curies":[{"name":"wp","href":"https:\/\/api.w.org\/{rel}","templated":true}]}}