{"id":19209,"date":"2011-04-21T09:23:32","date_gmt":"2011-04-21T12:23:32","guid":{"rendered":"http:\/\/www.inclusive.org.br\/?p=19209"},"modified":"2011-04-21T09:23:32","modified_gmt":"2011-04-21T12:23:32","slug":"inclusao-e-sexualidade-na-voz-de-pessoas-com-deficiencia-fisica","status":"publish","type":"post","link":"https:\/\/inclusivenews.com.br\/?p=19209","title":{"rendered":"Inclus\u00e3o e sexualidade &#8211; na voz de pessoas com defici\u00eancia f\u00edsica"},"content":{"rendered":"<figure style=\"width: 135px\" class=\"wp-caption alignleft\"><img loading=\"lazy\" decoding=\"async\" title=\"Capa do livro, dois amantes abra\u00e7ados\" src=\"http:\/\/www.jurua.com.br\/shop_images\/22204.jpg\" alt=\"Capa do livro, dois amantes abra\u00e7ados\" width=\"135\" height=\"198\" \/><figcaption class=\"wp-caption-text\"> <\/figcaption><\/figure>\n<p>O tema do livro \u201cINCLUS\u00c3O E SEXUALIDADE: NA VOZ DE PESSOAS COM DEFICI\u00caNCIA F\u00cdSICA\u201d \u00e9 atual e relevante na medida em que vai ao encontro das discuss\u00f5es sobre os direitos sexuais e reprodutivos das pessoas com defici\u00eancias.<\/p>\n<p>O livro abrange discuss\u00f5es te\u00f3ricas sobre a sexualidade e a educa\u00e7\u00e3o sexual e a sexualidade de pessoas com defici\u00eancia f\u00edsica, priorizando quest\u00f5es como: o corpo estigmatizado, a rela\u00e7\u00e3o da pessoa com defici\u00eancia e seus familiares e amigos e as poss\u00edveis dificuldades sexuais, org\u00e2nicas e psicossociais daqueles que sofrem uma les\u00e3o medular. Al\u00e9m disso, a partir de relatos emocionantes das pr\u00f3prias pessoas com defici\u00eancia f\u00edsica, \u00e9 poss\u00edvel conhecer mais sobre os preconceitos sociais que impedem, muitas vezes, que o direito dessas pessoas \u00e0 sexualidade seja garantido plenamente.<\/p>\n<p>O livro pode ser \u00fatil tanto a psic\u00f3logos, educadores, profissionais da \u00e1rea da sa\u00fade, pessoas com defici\u00eancias e seus familiares, quanto para aqueles que se interessam pela constru\u00e7\u00e3o de uma sociedade realmente inclusiva.<\/p>\n<p><a href=\"http:\/\/compare.buscape.com.br\/inclusao-e-sexualidade-na-voz-de-pessoas-com-deficiencia-fisica-cod-9788536233321.html\">Compare o melhor pre\u00e7o de compra no Buscap\u00e9.<\/a><\/p>\n","protected":false},"excerpt":{"rendered":"<p>A partir de relatos emocionantes das pr\u00f3prias pessoas com defici\u00eancia f\u00edsica, \u00e9 poss\u00edvel conhecer mais sobre os preconceitos sociais que impedem, muitas vezes, que o direito dessas pessoas \u00e0 sexualidade seja garantido plenamente.<\/p>\n","protected":false},"author":1,"featured_media":0,"comment_status":"open","ping_status":"open","sticky":false,"template":"","format":"standard","meta":{"site-container-style":"default","site-container-layout":"default","site-sidebar-layout":"default","disable-article-header":"default","disable-site-header":"default","disable-site-footer":"default","disable-content-area-spacing":"default","footnotes":""},"categories":[38,48,50,4,10],"tags":[],"class_list":["post-19209","post","type-post","status-publish","format-standard","hentry","category-deficiencia","category-inclusao","category-lancamentos","category-noticias","category-publicacoes"],"yoast_head":"<!-- This site is optimized with the Yoast SEO plugin v27.4 - https:\/\/yoast.com\/product\/yoast-seo-wordpress\/ -->\n<title>Inclus\u00e3o e sexualidade - na voz de pessoas com defici\u00eancia f\u00edsica -<\/title>\n<meta name=\"robots\" content=\"index, follow, max-snippet:-1, max-image-preview:large, max-video-preview:-1\" \/>\n<link rel=\"canonical\" href=\"https:\/\/inclusivenews.com.br\/?p=19209\" \/>\n<meta property=\"og:locale\" content=\"pt_PT\" \/>\n<meta property=\"og:type\" content=\"article\" \/>\n<meta property=\"og:title\" content=\"Inclus\u00e3o e sexualidade - na voz de pessoas com defici\u00eancia f\u00edsica -\" \/>\n<meta property=\"og:description\" content=\"A partir de relatos emocionantes das pr\u00f3prias pessoas com defici\u00eancia f\u00edsica, \u00e9 poss\u00edvel conhecer mais sobre os preconceitos sociais que impedem, muitas vezes, que o direito dessas pessoas \u00e0 sexualidade seja garantido plenamente.\" \/>\n<meta property=\"og:url\" content=\"https:\/\/inclusivenews.com.br\/?p=19209\" \/>\n<meta property=\"article:publisher\" content=\"https:\/\/www.facebook.com\/agenciainclusive\/\" \/>\n<meta property=\"article:published_time\" content=\"2011-04-21T12:23:32+00:00\" \/>\n<meta property=\"og:image\" content=\"http:\/\/www.jurua.com.br\/shop_images\/22204.jpg\" \/>\n<meta name=\"author\" content=\"inclusivenews2024\" \/>\n<meta name=\"twitter:card\" content=\"summary_large_image\" \/>\n<meta name=\"twitter:label1\" content=\"Escrito por\" \/>\n\t<meta name=\"twitter:data1\" content=\"inclusivenews2024\" \/>\n\t<meta name=\"twitter:label2\" content=\"Tempo estimado de leitura\" \/>\n\t<meta name=\"twitter:data2\" content=\"1 minuto\" \/>\n<script type=\"application\/ld+json\" class=\"yoast-schema-graph\">{\"@context\":\"https:\\\/\\\/schema.org\",\"@graph\":[{\"@type\":\"Article\",\"@id\":\"https:\\\/\\\/inclusivenews.com.br\\\/?p=19209#article\",\"isPartOf\":{\"@id\":\"https:\\\/\\\/inclusivenews.com.br\\\/?p=19209\"},\"author\":{\"name\":\"inclusivenews2024\",\"@id\":\"https:\\\/\\\/inclusivenews.com.br\\\/#\\\/schema\\\/person\\\/ae4ec7087559b8692fb33b6fffd2273b\"},\"headline\":\"Inclus\u00e3o e sexualidade &#8211; na voz de pessoas com defici\u00eancia f\u00edsica\",\"datePublished\":\"2011-04-21T12:23:32+00:00\",\"mainEntityOfPage\":{\"@id\":\"https:\\\/\\\/inclusivenews.com.br\\\/?p=19209\"},\"wordCount\":208,\"commentCount\":0,\"publisher\":{\"@id\":\"https:\\\/\\\/inclusivenews.com.br\\\/#organization\"},\"image\":{\"@id\":\"https:\\\/\\\/inclusivenews.com.br\\\/?p=19209#primaryimage\"},\"thumbnailUrl\":\"http:\\\/\\\/www.jurua.com.br\\\/shop_images\\\/22204.jpg\",\"articleSection\":[\"Defici\u00eancia\",\"INCLUS\u00c3O SOCIAL\",\"Lan\u00e7amentos\",\"NOT\u00cdCIAS\",\"PUBLICA\u00c7\u00d5ES\"],\"inLanguage\":\"pt-PT\",\"potentialAction\":[{\"@type\":\"CommentAction\",\"name\":\"Comment\",\"target\":[\"https:\\\/\\\/inclusivenews.com.br\\\/?p=19209#respond\"]}]},{\"@type\":\"WebPage\",\"@id\":\"https:\\\/\\\/inclusivenews.com.br\\\/?p=19209\",\"url\":\"https:\\\/\\\/inclusivenews.com.br\\\/?p=19209\",\"name\":\"Inclus\u00e3o e sexualidade - na voz de pessoas com defici\u00eancia f\u00edsica -\",\"isPartOf\":{\"@id\":\"https:\\\/\\\/inclusivenews.com.br\\\/#website\"},\"primaryImageOfPage\":{\"@id\":\"https:\\\/\\\/inclusivenews.com.br\\\/?p=19209#primaryimage\"},\"image\":{\"@id\":\"https:\\\/\\\/inclusivenews.com.br\\\/?p=19209#primaryimage\"},\"thumbnailUrl\":\"http:\\\/\\\/www.jurua.com.br\\\/shop_images\\\/22204.jpg\",\"datePublished\":\"2011-04-21T12:23:32+00:00\",\"breadcrumb\":{\"@id\":\"https:\\\/\\\/inclusivenews.com.br\\\/?p=19209#breadcrumb\"},\"inLanguage\":\"pt-PT\",\"potentialAction\":[{\"@type\":\"ReadAction\",\"target\":[\"https:\\\/\\\/inclusivenews.com.br\\\/?p=19209\"]}]},{\"@type\":\"ImageObject\",\"inLanguage\":\"pt-PT\",\"@id\":\"https:\\\/\\\/inclusivenews.com.br\\\/?p=19209#primaryimage\",\"url\":\"http:\\\/\\\/www.jurua.com.br\\\/shop_images\\\/22204.jpg\",\"contentUrl\":\"http:\\\/\\\/www.jurua.com.br\\\/shop_images\\\/22204.jpg\"},{\"@type\":\"BreadcrumbList\",\"@id\":\"https:\\\/\\\/inclusivenews.com.br\\\/?p=19209#breadcrumb\",\"itemListElement\":[{\"@type\":\"ListItem\",\"position\":1,\"name\":\"In\u00edcio\",\"item\":\"https:\\\/\\\/inclusivenews.com.br\\\/\"},{\"@type\":\"ListItem\",\"position\":2,\"name\":\"Inclus\u00e3o e sexualidade &#8211; na voz de pessoas com defici\u00eancia f\u00edsica\"}]},{\"@type\":\"WebSite\",\"@id\":\"https:\\\/\\\/inclusivenews.com.br\\\/#website\",\"url\":\"https:\\\/\\\/inclusivenews.com.br\\\/\",\"name\":\"Inclusive News\",\"description\":\"Inclusive News\",\"publisher\":{\"@id\":\"https:\\\/\\\/inclusivenews.com.br\\\/#organization\"},\"potentialAction\":[{\"@type\":\"SearchAction\",\"target\":{\"@type\":\"EntryPoint\",\"urlTemplate\":\"https:\\\/\\\/inclusivenews.com.br\\\/?s={search_term_string}\"},\"query-input\":{\"@type\":\"PropertyValueSpecification\",\"valueRequired\":true,\"valueName\":\"search_term_string\"}}],\"inLanguage\":\"pt-PT\"},{\"@type\":\"Organization\",\"@id\":\"https:\\\/\\\/inclusivenews.com.br\\\/#organization\",\"name\":\"Inclusive - inclus\u00e3o e cidadania\",\"url\":\"https:\\\/\\\/inclusivenews.com.br\\\/\",\"logo\":{\"@type\":\"ImageObject\",\"inLanguage\":\"pt-PT\",\"@id\":\"https:\\\/\\\/inclusivenews.com.br\\\/#\\\/schema\\\/logo\\\/image\\\/\",\"url\":\"https:\\\/\\\/inclusivenews.com.br\\\/wp-content\\\/uploads\\\/2024\\\/03\\\/@grandesite.png\",\"contentUrl\":\"https:\\\/\\\/inclusivenews.com.br\\\/wp-content\\\/uploads\\\/2024\\\/03\\\/@grandesite.png\",\"width\":1080,\"height\":1080,\"caption\":\"Inclusive - inclus\u00e3o e cidadania\"},\"image\":{\"@id\":\"https:\\\/\\\/inclusivenews.com.br\\\/#\\\/schema\\\/logo\\\/image\\\/\"},\"sameAs\":[\"https:\\\/\\\/www.facebook.com\\\/agenciainclusive\\\/\",\"https:\\\/\\\/www.instagram.com\\\/newsinclusive\\\/\"]},{\"@type\":\"Person\",\"@id\":\"https:\\\/\\\/inclusivenews.com.br\\\/#\\\/schema\\\/person\\\/ae4ec7087559b8692fb33b6fffd2273b\",\"name\":\"inclusivenews2024\",\"image\":{\"@type\":\"ImageObject\",\"inLanguage\":\"pt-PT\",\"@id\":\"https:\\\/\\\/secure.gravatar.com\\\/avatar\\\/c5a7ef84c66fa914f55bc4f7ce26cfa275a3b9a1c5568b907bd184fb4dde7b40?s=96&d=mm&r=g\",\"url\":\"https:\\\/\\\/secure.gravatar.com\\\/avatar\\\/c5a7ef84c66fa914f55bc4f7ce26cfa275a3b9a1c5568b907bd184fb4dde7b40?s=96&d=mm&r=g\",\"contentUrl\":\"https:\\\/\\\/secure.gravatar.com\\\/avatar\\\/c5a7ef84c66fa914f55bc4f7ce26cfa275a3b9a1c5568b907bd184fb4dde7b40?s=96&d=mm&r=g\",\"caption\":\"inclusivenews2024\"},\"sameAs\":[\"https:\\\/\\\/inclusivenews.com.br\"],\"url\":\"https:\\\/\\\/inclusivenews.com.br\\\/?author=1\"}]}<\/script>\n<!-- \/ Yoast SEO plugin. -->","yoast_head_json":{"title":"Inclus\u00e3o e sexualidade - na voz de pessoas com defici\u00eancia f\u00edsica -","robots":{"index":"index","follow":"follow","max-snippet":"max-snippet:-1","max-image-preview":"max-image-preview:large","max-video-preview":"max-video-preview:-1"},"canonical":"https:\/\/inclusivenews.com.br\/?p=19209","og_locale":"pt_PT","og_type":"article","og_title":"Inclus\u00e3o e sexualidade - na voz de pessoas com defici\u00eancia f\u00edsica -","og_description":"A partir de relatos emocionantes das pr\u00f3prias pessoas com defici\u00eancia f\u00edsica, \u00e9 poss\u00edvel conhecer mais sobre os preconceitos sociais que impedem, muitas vezes, que o direito dessas pessoas \u00e0 sexualidade seja garantido plenamente.","og_url":"https:\/\/inclusivenews.com.br\/?p=19209","article_publisher":"https:\/\/www.facebook.com\/agenciainclusive\/","article_published_time":"2011-04-21T12:23:32+00:00","og_image":[{"url":"http:\/\/www.jurua.com.br\/shop_images\/22204.jpg","type":"","width":"","height":""}],"author":"inclusivenews2024","twitter_card":"summary_large_image","twitter_misc":{"Escrito por":"inclusivenews2024","Tempo estimado de leitura":"1 minuto"},"schema":{"@context":"https:\/\/schema.org","@graph":[{"@type":"Article","@id":"https:\/\/inclusivenews.com.br\/?p=19209#article","isPartOf":{"@id":"https:\/\/inclusivenews.com.br\/?p=19209"},"author":{"name":"inclusivenews2024","@id":"https:\/\/inclusivenews.com.br\/#\/schema\/person\/ae4ec7087559b8692fb33b6fffd2273b"},"headline":"Inclus\u00e3o e sexualidade &#8211; na voz de pessoas com defici\u00eancia f\u00edsica","datePublished":"2011-04-21T12:23:32+00:00","mainEntityOfPage":{"@id":"https:\/\/inclusivenews.com.br\/?p=19209"},"wordCount":208,"commentCount":0,"publisher":{"@id":"https:\/\/inclusivenews.com.br\/#organization"},"image":{"@id":"https:\/\/inclusivenews.com.br\/?p=19209#primaryimage"},"thumbnailUrl":"http:\/\/www.jurua.com.br\/shop_images\/22204.jpg","articleSection":["Defici\u00eancia","INCLUS\u00c3O SOCIAL","Lan\u00e7amentos","NOT\u00cdCIAS","PUBLICA\u00c7\u00d5ES"],"inLanguage":"pt-PT","potentialAction":[{"@type":"CommentAction","name":"Comment","target":["https:\/\/inclusivenews.com.br\/?p=19209#respond"]}]},{"@type":"WebPage","@id":"https:\/\/inclusivenews.com.br\/?p=19209","url":"https:\/\/inclusivenews.com.br\/?p=19209","name":"Inclus\u00e3o e sexualidade - na voz de pessoas com defici\u00eancia f\u00edsica -","isPartOf":{"@id":"https:\/\/inclusivenews.com.br\/#website"},"primaryImageOfPage":{"@id":"https:\/\/inclusivenews.com.br\/?p=19209#primaryimage"},"image":{"@id":"https:\/\/inclusivenews.com.br\/?p=19209#primaryimage"},"thumbnailUrl":"http:\/\/www.jurua.com.br\/shop_images\/22204.jpg","datePublished":"2011-04-21T12:23:32+00:00","breadcrumb":{"@id":"https:\/\/inclusivenews.com.br\/?p=19209#breadcrumb"},"inLanguage":"pt-PT","potentialAction":[{"@type":"ReadAction","target":["https:\/\/inclusivenews.com.br\/?p=19209"]}]},{"@type":"ImageObject","inLanguage":"pt-PT","@id":"https:\/\/inclusivenews.com.br\/?p=19209#primaryimage","url":"http:\/\/www.jurua.com.br\/shop_images\/22204.jpg","contentUrl":"http:\/\/www.jurua.com.br\/shop_images\/22204.jpg"},{"@type":"BreadcrumbList","@id":"https:\/\/inclusivenews.com.br\/?p=19209#breadcrumb","itemListElement":[{"@type":"ListItem","position":1,"name":"In\u00edcio","item":"https:\/\/inclusivenews.com.br\/"},{"@type":"ListItem","position":2,"name":"Inclus\u00e3o e sexualidade &#8211; na voz de pessoas com defici\u00eancia f\u00edsica"}]},{"@type":"WebSite","@id":"https:\/\/inclusivenews.com.br\/#website","url":"https:\/\/inclusivenews.com.br\/","name":"Inclusive News","description":"Inclusive News","publisher":{"@id":"https:\/\/inclusivenews.com.br\/#organization"},"potentialAction":[{"@type":"SearchAction","target":{"@type":"EntryPoint","urlTemplate":"https:\/\/inclusivenews.com.br\/?s={search_term_string}"},"query-input":{"@type":"PropertyValueSpecification","valueRequired":true,"valueName":"search_term_string"}}],"inLanguage":"pt-PT"},{"@type":"Organization","@id":"https:\/\/inclusivenews.com.br\/#organization","name":"Inclusive - inclus\u00e3o e cidadania","url":"https:\/\/inclusivenews.com.br\/","logo":{"@type":"ImageObject","inLanguage":"pt-PT","@id":"https:\/\/inclusivenews.com.br\/#\/schema\/logo\/image\/","url":"https:\/\/inclusivenews.com.br\/wp-content\/uploads\/2024\/03\/@grandesite.png","contentUrl":"https:\/\/inclusivenews.com.br\/wp-content\/uploads\/2024\/03\/@grandesite.png","width":1080,"height":1080,"caption":"Inclusive - inclus\u00e3o e cidadania"},"image":{"@id":"https:\/\/inclusivenews.com.br\/#\/schema\/logo\/image\/"},"sameAs":["https:\/\/www.facebook.com\/agenciainclusive\/","https:\/\/www.instagram.com\/newsinclusive\/"]},{"@type":"Person","@id":"https:\/\/inclusivenews.com.br\/#\/schema\/person\/ae4ec7087559b8692fb33b6fffd2273b","name":"inclusivenews2024","image":{"@type":"ImageObject","inLanguage":"pt-PT","@id":"https:\/\/secure.gravatar.com\/avatar\/c5a7ef84c66fa914f55bc4f7ce26cfa275a3b9a1c5568b907bd184fb4dde7b40?s=96&d=mm&r=g","url":"https:\/\/secure.gravatar.com\/avatar\/c5a7ef84c66fa914f55bc4f7ce26cfa275a3b9a1c5568b907bd184fb4dde7b40?s=96&d=mm&r=g","contentUrl":"https:\/\/secure.gravatar.com\/avatar\/c5a7ef84c66fa914f55bc4f7ce26cfa275a3b9a1c5568b907bd184fb4dde7b40?s=96&d=mm&r=g","caption":"inclusivenews2024"},"sameAs":["https:\/\/inclusivenews.com.br"],"url":"https:\/\/inclusivenews.com.br\/?author=1"}]}},"_links":{"self":[{"href":"https:\/\/inclusivenews.com.br\/index.php?rest_route=\/wp\/v2\/posts\/19209","targetHints":{"allow":["GET"]}}],"collection":[{"href":"https:\/\/inclusivenews.com.br\/index.php?rest_route=\/wp\/v2\/posts"}],"about":[{"href":"https:\/\/inclusivenews.com.br\/index.php?rest_route=\/wp\/v2\/types\/post"}],"author":[{"embeddable":true,"href":"https:\/\/inclusivenews.com.br\/index.php?rest_route=\/wp\/v2\/users\/1"}],"replies":[{"embeddable":true,"href":"https:\/\/inclusivenews.com.br\/index.php?rest_route=%2Fwp%2Fv2%2Fcomments&post=19209"}],"version-history":[{"count":0,"href":"https:\/\/inclusivenews.com.br\/index.php?rest_route=\/wp\/v2\/posts\/19209\/revisions"}],"wp:attachment":[{"href":"https:\/\/inclusivenews.com.br\/index.php?rest_route=%2Fwp%2Fv2%2Fmedia&parent=19209"}],"wp:term":[{"taxonomy":"category","embeddable":true,"href":"https:\/\/inclusivenews.com.br\/index.php?rest_route=%2Fwp%2Fv2%2Fcategories&post=19209"},{"taxonomy":"post_tag","embeddable":true,"href":"https:\/\/inclusivenews.com.br\/index.php?rest_route=%2Fwp%2Fv2%2Ftags&post=19209"}],"curies":[{"name":"wp","href":"https:\/\/api.w.org\/{rel}","templated":true}]}}