{"id":19211,"date":"2011-04-21T09:23:07","date_gmt":"2011-04-21T12:23:07","guid":{"rendered":"http:\/\/www.inclusive.org.br\/?p=19211"},"modified":"2011-04-21T09:23:07","modified_gmt":"2011-04-21T12:23:07","slug":"deficiencia-burocratica","status":"publish","type":"post","link":"https:\/\/inclusivenews.com.br\/?p=19211","title":{"rendered":"Defici\u00eancia burocr\u00e1tica"},"content":{"rendered":"<p><strong><\/p>\n<figure style=\"width: 164px\" class=\"wp-caption alignleft\"><img loading=\"lazy\" decoding=\"async\" class=\" \" title=\"Um homem diante de uma gigantesca pilha de papel\" src=\"http:\/\/www.casamentorj.com.br\/images\/stories\/burocracia.jpg\" alt=\"Um homem diante de uma gigantesca pilha de papel\" width=\"164\" height=\"210\" \/><figcaption class=\"wp-caption-text\"> <\/figcaption><\/figure>\n<p>Por Andrei Bastos *<\/p>\n<p><\/strong><\/p>\n<p>Hoje, muito a contragosto, requeri a renova\u00e7\u00e3o da minha \u201cAutoriza\u00e7\u00e3o Especial de Estacionamento para Portadores de Necessidades Especiais\u201d (sic). Resolvi faz\u00ea-lo por receio de protagonizar \u201cum dia de f\u00faria\u201d anti-burocr\u00e1tica ao enfrentar alguma obtusa postura da Guarda Municipal.<\/p>\n<p>Tirei o cart\u00e3o de estacionamento para deficientes, que tem o pomposo e equivocado nome acima, quando amputei a perna em 2003 e ele tinha a absurda validade de um ano. Depois, indignado pela falta de sentido em provar periodicamente que n\u00e3o havia me crescido outra perna, deixei essa coisa de maluco pra l\u00e1.<\/p>\n<p>Mas \u00e9 dif\u00edcil ser feliz com discernimento entre pessoas que vivem de carimbar pap\u00e9is. O m\u00e1ximo que conseguiram avan\u00e7ar foi aumentar a validade do cart\u00e3o para tr\u00eas anos (!).<\/p>\n<p>Como de outras vezes que usei os \u00f4nibus adaptados \u201cpara ingl\u00eas ver\u201d da m\u00e1fia do transporte coletivo carioca, consegui embarcar e seguir viagem apenas no terceiro ve\u00edculo, pois nos dois primeiros os elevadores n\u00e3o funcionaram.<\/p>\n<p>Fui at\u00e9 a reparti\u00e7\u00e3o da prefeitura na Rua Dona Mariana, em Botafogo, o que j\u00e1 se constitui na primeira idiotice. Afinal, se tal servi\u00e7o \u00e9 destinado a pessoas com defici\u00eancia, por que n\u00e3o \u00e9 oferecido em todas as subprefeituras? Se assim fosse, eu s\u00f3 precisaria ir at\u00e9 a esquina na minha cadeira de rodas.<\/p>\n<p>Mas vamos \u00e0s demais incongru\u00eancias: para requerer o famigerado cart\u00e3o, os barnab\u00e9s pedem Comprovante de Resid\u00eancia, Carteira de Identidade, CPF, Carteira Nacional de Habilita\u00e7\u00e3o, Certificado de Registro e Licenciamento do Ve\u00edculo e atestado m\u00e9dico.<\/p>\n<p>A defici\u00eancia de discernimento da burocracia n\u00e3o percebe que Identidade, CPF e atestado m\u00e9dico j\u00e1 constam na Carteira Nacional de Habilita\u00e7\u00e3o, o que dispensaria a apresenta\u00e7\u00e3o dos tr\u00eas primeiros documentos. No meu caso, por exemplo, as letras A e G nas observa\u00e7\u00f5es da minha carteira de motorista querem dizer, respectivamente, que sou obrigado a usar lentes corretivas (\u00f3culos) e a dirigir ve\u00edculos sem embreagem (n\u00e3o tenho a perna esquerda).<\/p>\n<p>Mas a defici\u00eancia burocr\u00e1tica n\u00e3o acaba a\u00ed e continua na exig\u00eancia do Certificado de Registro e Licenciamento do Ve\u00edculo, o que vincula o sempre famigerado cart\u00e3o a um ve\u00edculo e n\u00e3o \u00e0 pessoa com defici\u00eancia. Isto significa que terei que voltar \u00e0 reparti\u00e7\u00e3o se trocar de carro ou quiser dirigir o autom\u00f3vel autom\u00e1tico que meu filho poder\u00e1 comprar.<\/p>\n<p>Por \u00faltimo, embora o aumento do prazo de validade d\u00ea um sinal, apesar de fraco, de que existe alguma vida inteligente na reparti\u00e7\u00e3o, ser\u00e1 que daqui a tr\u00eas anos ter\u00e1 me crescido uma nova perna esquerda? Ser\u00e1 que a prefeitura sabe de alguma conquista tecnol\u00f3gica ou cient\u00edfica que neste prazo me devolver\u00e1 aos bailes da Estudantina? Tor\u00e7o por isso!<\/p>\n<p><em>* ANDREI BASTOS \u00e9 jornalista e integra a Comiss\u00e3o de Direitos Humanos da OAB\/RJ.<\/em><\/p>\n<p><em>____________ <\/em><\/p>\n<p><strong>Fonte:<\/strong> O autor<\/p>\n","protected":false},"excerpt":{"rendered":"<p>Por Andrei Bastos. &#8220;Hoje, muito a contragosto, requeri a renova\u00e7\u00e3o da minha \u201cAutoriza\u00e7\u00e3o Especial de Estacionamento para Portadores de Necessidades Especiais\u201d (sic). Resolvi faz\u00ea-lo por receio de protagonizar \u201cum dia de f\u00faria\u201d anti-burocr\u00e1tica ao enfrentar alguma obtusa postura da Guarda Municipal.&#8221;<\/p>\n","protected":false},"author":1,"featured_media":0,"comment_status":"open","ping_status":"open","sticky":false,"template":"","format":"standard","meta":{"site-container-style":"default","site-container-layout":"default","site-sidebar-layout":"default","disable-article-header":"default","disable-site-header":"default","disable-site-footer":"default","disable-content-area-spacing":"default","footnotes":""},"categories":[8],"tags":[],"class_list":["post-19211","post","type-post","status-publish","format-standard","hentry","category-textos-e-artigos"],"yoast_head":"<!-- This site is optimized with the Yoast SEO plugin v27.4 - https:\/\/yoast.com\/product\/yoast-seo-wordpress\/ -->\n<title>Defici\u00eancia burocr\u00e1tica -<\/title>\n<meta name=\"robots\" content=\"index, follow, max-snippet:-1, max-image-preview:large, max-video-preview:-1\" \/>\n<link rel=\"canonical\" href=\"https:\/\/inclusivenews.com.br\/?p=19211\" \/>\n<meta property=\"og:locale\" content=\"pt_PT\" \/>\n<meta property=\"og:type\" content=\"article\" \/>\n<meta property=\"og:title\" content=\"Defici\u00eancia burocr\u00e1tica -\" \/>\n<meta property=\"og:description\" content=\"Por Andrei Bastos. &quot;Hoje, muito a contragosto, requeri a renova\u00e7\u00e3o da minha \u201cAutoriza\u00e7\u00e3o Especial de Estacionamento para Portadores de Necessidades Especiais\u201d (sic). Resolvi faz\u00ea-lo por receio de protagonizar \u201cum dia de f\u00faria\u201d anti-burocr\u00e1tica ao enfrentar alguma obtusa postura da Guarda Municipal.&quot;\" \/>\n<meta property=\"og:url\" content=\"https:\/\/inclusivenews.com.br\/?p=19211\" \/>\n<meta property=\"article:publisher\" content=\"https:\/\/www.facebook.com\/agenciainclusive\/\" \/>\n<meta property=\"article:published_time\" content=\"2011-04-21T12:23:07+00:00\" \/>\n<meta property=\"og:image\" content=\"http:\/\/www.casamentorj.com.br\/images\/stories\/burocracia.jpg\" \/>\n<meta name=\"author\" content=\"inclusivenews2024\" \/>\n<meta name=\"twitter:card\" content=\"summary_large_image\" \/>\n<meta name=\"twitter:label1\" content=\"Escrito por\" \/>\n\t<meta name=\"twitter:data1\" content=\"inclusivenews2024\" \/>\n\t<meta name=\"twitter:label2\" content=\"Tempo estimado de leitura\" \/>\n\t<meta name=\"twitter:data2\" content=\"3 minutos\" \/>\n<script type=\"application\/ld+json\" class=\"yoast-schema-graph\">{\"@context\":\"https:\\\/\\\/schema.org\",\"@graph\":[{\"@type\":\"Article\",\"@id\":\"https:\\\/\\\/inclusivenews.com.br\\\/?p=19211#article\",\"isPartOf\":{\"@id\":\"https:\\\/\\\/inclusivenews.com.br\\\/?p=19211\"},\"author\":{\"name\":\"inclusivenews2024\",\"@id\":\"https:\\\/\\\/inclusivenews.com.br\\\/#\\\/schema\\\/person\\\/ae4ec7087559b8692fb33b6fffd2273b\"},\"headline\":\"Defici\u00eancia burocr\u00e1tica\",\"datePublished\":\"2011-04-21T12:23:07+00:00\",\"mainEntityOfPage\":{\"@id\":\"https:\\\/\\\/inclusivenews.com.br\\\/?p=19211\"},\"wordCount\":507,\"commentCount\":1,\"publisher\":{\"@id\":\"https:\\\/\\\/inclusivenews.com.br\\\/#organization\"},\"image\":{\"@id\":\"https:\\\/\\\/inclusivenews.com.br\\\/?p=19211#primaryimage\"},\"thumbnailUrl\":\"http:\\\/\\\/www.casamentorj.com.br\\\/images\\\/stories\\\/burocracia.jpg\",\"articleSection\":[\"OPINI\u00c3O\"],\"inLanguage\":\"pt-PT\",\"potentialAction\":[{\"@type\":\"CommentAction\",\"name\":\"Comment\",\"target\":[\"https:\\\/\\\/inclusivenews.com.br\\\/?p=19211#respond\"]}]},{\"@type\":\"WebPage\",\"@id\":\"https:\\\/\\\/inclusivenews.com.br\\\/?p=19211\",\"url\":\"https:\\\/\\\/inclusivenews.com.br\\\/?p=19211\",\"name\":\"Defici\u00eancia burocr\u00e1tica -\",\"isPartOf\":{\"@id\":\"https:\\\/\\\/inclusivenews.com.br\\\/#website\"},\"primaryImageOfPage\":{\"@id\":\"https:\\\/\\\/inclusivenews.com.br\\\/?p=19211#primaryimage\"},\"image\":{\"@id\":\"https:\\\/\\\/inclusivenews.com.br\\\/?p=19211#primaryimage\"},\"thumbnailUrl\":\"http:\\\/\\\/www.casamentorj.com.br\\\/images\\\/stories\\\/burocracia.jpg\",\"datePublished\":\"2011-04-21T12:23:07+00:00\",\"breadcrumb\":{\"@id\":\"https:\\\/\\\/inclusivenews.com.br\\\/?p=19211#breadcrumb\"},\"inLanguage\":\"pt-PT\",\"potentialAction\":[{\"@type\":\"ReadAction\",\"target\":[\"https:\\\/\\\/inclusivenews.com.br\\\/?p=19211\"]}]},{\"@type\":\"ImageObject\",\"inLanguage\":\"pt-PT\",\"@id\":\"https:\\\/\\\/inclusivenews.com.br\\\/?p=19211#primaryimage\",\"url\":\"http:\\\/\\\/www.casamentorj.com.br\\\/images\\\/stories\\\/burocracia.jpg\",\"contentUrl\":\"http:\\\/\\\/www.casamentorj.com.br\\\/images\\\/stories\\\/burocracia.jpg\"},{\"@type\":\"BreadcrumbList\",\"@id\":\"https:\\\/\\\/inclusivenews.com.br\\\/?p=19211#breadcrumb\",\"itemListElement\":[{\"@type\":\"ListItem\",\"position\":1,\"name\":\"In\u00edcio\",\"item\":\"https:\\\/\\\/inclusivenews.com.br\\\/\"},{\"@type\":\"ListItem\",\"position\":2,\"name\":\"Defici\u00eancia burocr\u00e1tica\"}]},{\"@type\":\"WebSite\",\"@id\":\"https:\\\/\\\/inclusivenews.com.br\\\/#website\",\"url\":\"https:\\\/\\\/inclusivenews.com.br\\\/\",\"name\":\"Inclusive News\",\"description\":\"Inclusive News\",\"publisher\":{\"@id\":\"https:\\\/\\\/inclusivenews.com.br\\\/#organization\"},\"potentialAction\":[{\"@type\":\"SearchAction\",\"target\":{\"@type\":\"EntryPoint\",\"urlTemplate\":\"https:\\\/\\\/inclusivenews.com.br\\\/?s={search_term_string}\"},\"query-input\":{\"@type\":\"PropertyValueSpecification\",\"valueRequired\":true,\"valueName\":\"search_term_string\"}}],\"inLanguage\":\"pt-PT\"},{\"@type\":\"Organization\",\"@id\":\"https:\\\/\\\/inclusivenews.com.br\\\/#organization\",\"name\":\"Inclusive - inclus\u00e3o e cidadania\",\"url\":\"https:\\\/\\\/inclusivenews.com.br\\\/\",\"logo\":{\"@type\":\"ImageObject\",\"inLanguage\":\"pt-PT\",\"@id\":\"https:\\\/\\\/inclusivenews.com.br\\\/#\\\/schema\\\/logo\\\/image\\\/\",\"url\":\"https:\\\/\\\/inclusivenews.com.br\\\/wp-content\\\/uploads\\\/2024\\\/03\\\/@grandesite.png\",\"contentUrl\":\"https:\\\/\\\/inclusivenews.com.br\\\/wp-content\\\/uploads\\\/2024\\\/03\\\/@grandesite.png\",\"width\":1080,\"height\":1080,\"caption\":\"Inclusive - inclus\u00e3o e cidadania\"},\"image\":{\"@id\":\"https:\\\/\\\/inclusivenews.com.br\\\/#\\\/schema\\\/logo\\\/image\\\/\"},\"sameAs\":[\"https:\\\/\\\/www.facebook.com\\\/agenciainclusive\\\/\",\"https:\\\/\\\/www.instagram.com\\\/newsinclusive\\\/\"]},{\"@type\":\"Person\",\"@id\":\"https:\\\/\\\/inclusivenews.com.br\\\/#\\\/schema\\\/person\\\/ae4ec7087559b8692fb33b6fffd2273b\",\"name\":\"inclusivenews2024\",\"image\":{\"@type\":\"ImageObject\",\"inLanguage\":\"pt-PT\",\"@id\":\"https:\\\/\\\/secure.gravatar.com\\\/avatar\\\/c5a7ef84c66fa914f55bc4f7ce26cfa275a3b9a1c5568b907bd184fb4dde7b40?s=96&d=mm&r=g\",\"url\":\"https:\\\/\\\/secure.gravatar.com\\\/avatar\\\/c5a7ef84c66fa914f55bc4f7ce26cfa275a3b9a1c5568b907bd184fb4dde7b40?s=96&d=mm&r=g\",\"contentUrl\":\"https:\\\/\\\/secure.gravatar.com\\\/avatar\\\/c5a7ef84c66fa914f55bc4f7ce26cfa275a3b9a1c5568b907bd184fb4dde7b40?s=96&d=mm&r=g\",\"caption\":\"inclusivenews2024\"},\"sameAs\":[\"https:\\\/\\\/inclusivenews.com.br\"],\"url\":\"https:\\\/\\\/inclusivenews.com.br\\\/?author=1\"}]}<\/script>\n<!-- \/ Yoast SEO plugin. -->","yoast_head_json":{"title":"Defici\u00eancia burocr\u00e1tica -","robots":{"index":"index","follow":"follow","max-snippet":"max-snippet:-1","max-image-preview":"max-image-preview:large","max-video-preview":"max-video-preview:-1"},"canonical":"https:\/\/inclusivenews.com.br\/?p=19211","og_locale":"pt_PT","og_type":"article","og_title":"Defici\u00eancia burocr\u00e1tica -","og_description":"Por Andrei Bastos. \"Hoje, muito a contragosto, requeri a renova\u00e7\u00e3o da minha \u201cAutoriza\u00e7\u00e3o Especial de Estacionamento para Portadores de Necessidades Especiais\u201d (sic). Resolvi faz\u00ea-lo por receio de protagonizar \u201cum dia de f\u00faria\u201d anti-burocr\u00e1tica ao enfrentar alguma obtusa postura da Guarda Municipal.\"","og_url":"https:\/\/inclusivenews.com.br\/?p=19211","article_publisher":"https:\/\/www.facebook.com\/agenciainclusive\/","article_published_time":"2011-04-21T12:23:07+00:00","og_image":[{"url":"http:\/\/www.casamentorj.com.br\/images\/stories\/burocracia.jpg","type":"","width":"","height":""}],"author":"inclusivenews2024","twitter_card":"summary_large_image","twitter_misc":{"Escrito por":"inclusivenews2024","Tempo estimado de leitura":"3 minutos"},"schema":{"@context":"https:\/\/schema.org","@graph":[{"@type":"Article","@id":"https:\/\/inclusivenews.com.br\/?p=19211#article","isPartOf":{"@id":"https:\/\/inclusivenews.com.br\/?p=19211"},"author":{"name":"inclusivenews2024","@id":"https:\/\/inclusivenews.com.br\/#\/schema\/person\/ae4ec7087559b8692fb33b6fffd2273b"},"headline":"Defici\u00eancia burocr\u00e1tica","datePublished":"2011-04-21T12:23:07+00:00","mainEntityOfPage":{"@id":"https:\/\/inclusivenews.com.br\/?p=19211"},"wordCount":507,"commentCount":1,"publisher":{"@id":"https:\/\/inclusivenews.com.br\/#organization"},"image":{"@id":"https:\/\/inclusivenews.com.br\/?p=19211#primaryimage"},"thumbnailUrl":"http:\/\/www.casamentorj.com.br\/images\/stories\/burocracia.jpg","articleSection":["OPINI\u00c3O"],"inLanguage":"pt-PT","potentialAction":[{"@type":"CommentAction","name":"Comment","target":["https:\/\/inclusivenews.com.br\/?p=19211#respond"]}]},{"@type":"WebPage","@id":"https:\/\/inclusivenews.com.br\/?p=19211","url":"https:\/\/inclusivenews.com.br\/?p=19211","name":"Defici\u00eancia burocr\u00e1tica -","isPartOf":{"@id":"https:\/\/inclusivenews.com.br\/#website"},"primaryImageOfPage":{"@id":"https:\/\/inclusivenews.com.br\/?p=19211#primaryimage"},"image":{"@id":"https:\/\/inclusivenews.com.br\/?p=19211#primaryimage"},"thumbnailUrl":"http:\/\/www.casamentorj.com.br\/images\/stories\/burocracia.jpg","datePublished":"2011-04-21T12:23:07+00:00","breadcrumb":{"@id":"https:\/\/inclusivenews.com.br\/?p=19211#breadcrumb"},"inLanguage":"pt-PT","potentialAction":[{"@type":"ReadAction","target":["https:\/\/inclusivenews.com.br\/?p=19211"]}]},{"@type":"ImageObject","inLanguage":"pt-PT","@id":"https:\/\/inclusivenews.com.br\/?p=19211#primaryimage","url":"http:\/\/www.casamentorj.com.br\/images\/stories\/burocracia.jpg","contentUrl":"http:\/\/www.casamentorj.com.br\/images\/stories\/burocracia.jpg"},{"@type":"BreadcrumbList","@id":"https:\/\/inclusivenews.com.br\/?p=19211#breadcrumb","itemListElement":[{"@type":"ListItem","position":1,"name":"In\u00edcio","item":"https:\/\/inclusivenews.com.br\/"},{"@type":"ListItem","position":2,"name":"Defici\u00eancia burocr\u00e1tica"}]},{"@type":"WebSite","@id":"https:\/\/inclusivenews.com.br\/#website","url":"https:\/\/inclusivenews.com.br\/","name":"Inclusive News","description":"Inclusive News","publisher":{"@id":"https:\/\/inclusivenews.com.br\/#organization"},"potentialAction":[{"@type":"SearchAction","target":{"@type":"EntryPoint","urlTemplate":"https:\/\/inclusivenews.com.br\/?s={search_term_string}"},"query-input":{"@type":"PropertyValueSpecification","valueRequired":true,"valueName":"search_term_string"}}],"inLanguage":"pt-PT"},{"@type":"Organization","@id":"https:\/\/inclusivenews.com.br\/#organization","name":"Inclusive - inclus\u00e3o e cidadania","url":"https:\/\/inclusivenews.com.br\/","logo":{"@type":"ImageObject","inLanguage":"pt-PT","@id":"https:\/\/inclusivenews.com.br\/#\/schema\/logo\/image\/","url":"https:\/\/inclusivenews.com.br\/wp-content\/uploads\/2024\/03\/@grandesite.png","contentUrl":"https:\/\/inclusivenews.com.br\/wp-content\/uploads\/2024\/03\/@grandesite.png","width":1080,"height":1080,"caption":"Inclusive - inclus\u00e3o e cidadania"},"image":{"@id":"https:\/\/inclusivenews.com.br\/#\/schema\/logo\/image\/"},"sameAs":["https:\/\/www.facebook.com\/agenciainclusive\/","https:\/\/www.instagram.com\/newsinclusive\/"]},{"@type":"Person","@id":"https:\/\/inclusivenews.com.br\/#\/schema\/person\/ae4ec7087559b8692fb33b6fffd2273b","name":"inclusivenews2024","image":{"@type":"ImageObject","inLanguage":"pt-PT","@id":"https:\/\/secure.gravatar.com\/avatar\/c5a7ef84c66fa914f55bc4f7ce26cfa275a3b9a1c5568b907bd184fb4dde7b40?s=96&d=mm&r=g","url":"https:\/\/secure.gravatar.com\/avatar\/c5a7ef84c66fa914f55bc4f7ce26cfa275a3b9a1c5568b907bd184fb4dde7b40?s=96&d=mm&r=g","contentUrl":"https:\/\/secure.gravatar.com\/avatar\/c5a7ef84c66fa914f55bc4f7ce26cfa275a3b9a1c5568b907bd184fb4dde7b40?s=96&d=mm&r=g","caption":"inclusivenews2024"},"sameAs":["https:\/\/inclusivenews.com.br"],"url":"https:\/\/inclusivenews.com.br\/?author=1"}]}},"_links":{"self":[{"href":"https:\/\/inclusivenews.com.br\/index.php?rest_route=\/wp\/v2\/posts\/19211","targetHints":{"allow":["GET"]}}],"collection":[{"href":"https:\/\/inclusivenews.com.br\/index.php?rest_route=\/wp\/v2\/posts"}],"about":[{"href":"https:\/\/inclusivenews.com.br\/index.php?rest_route=\/wp\/v2\/types\/post"}],"author":[{"embeddable":true,"href":"https:\/\/inclusivenews.com.br\/index.php?rest_route=\/wp\/v2\/users\/1"}],"replies":[{"embeddable":true,"href":"https:\/\/inclusivenews.com.br\/index.php?rest_route=%2Fwp%2Fv2%2Fcomments&post=19211"}],"version-history":[{"count":0,"href":"https:\/\/inclusivenews.com.br\/index.php?rest_route=\/wp\/v2\/posts\/19211\/revisions"}],"wp:attachment":[{"href":"https:\/\/inclusivenews.com.br\/index.php?rest_route=%2Fwp%2Fv2%2Fmedia&parent=19211"}],"wp:term":[{"taxonomy":"category","embeddable":true,"href":"https:\/\/inclusivenews.com.br\/index.php?rest_route=%2Fwp%2Fv2%2Fcategories&post=19211"},{"taxonomy":"post_tag","embeddable":true,"href":"https:\/\/inclusivenews.com.br\/index.php?rest_route=%2Fwp%2Fv2%2Ftags&post=19211"}],"curies":[{"name":"wp","href":"https:\/\/api.w.org\/{rel}","templated":true}]}}