{"id":19229,"date":"2011-04-28T07:10:00","date_gmt":"2011-04-28T10:10:00","guid":{"rendered":"http:\/\/www.inclusive.org.br\/?p=19229"},"modified":"2011-04-28T07:10:00","modified_gmt":"2011-04-28T10:10:00","slug":"onu-mulheres-brasil-e-cone-sul-abre-edital-anual-para-financiamento-de-projetos-da-sociedade-civil","status":"publish","type":"post","link":"https:\/\/inclusivenews.com.br\/?p=19229","title":{"rendered":"ONU Mulheres Brasil e Cone Sul abre edital anual para financiamento de projetos da sociedade civil"},"content":{"rendered":"<p><em><\/p>\n<figure style=\"width: 150px\" class=\"wp-caption alignleft\"><img loading=\"lazy\" decoding=\"async\" title=\"UNIFEM\" src=\"http:\/\/www.geledes.org.br\/images\/stories\/noticias\/unifem_copy_copy.gif\" alt=\"UNIFEM\" width=\"150\" height=\"180\" \/><figcaption class=\"wp-caption-text\"> <\/figcaption><\/figure>\n<p>Sele\u00e7\u00e3o destina US$ 415 mil e est\u00e1 centrada em tr\u00eas \u00e1reas tem\u00e1ticas: lideran\u00e7a e participa\u00e7\u00e3o pol\u00edtica, elimina\u00e7\u00e3o da viol\u00eancia contra as mulheres e empoderamento econ\u00f4mico das mulheres.  Propostas de projetos ser\u00e3o recebidas at\u00e9 o dia 8 de maio de 2011<\/p>\n<p><\/em><\/p>\n<p>Bras\u00edlia, 19 de abril de 2011 &#8211; A ONU Mulheres \u2013 Entidade das Na\u00e7\u00f5es Unidas para a Igualdade de G\u00eanero e Empoderamento das Mulheres abre nesta ter\u00e7a-feira (19\/4) edital anual para financiamento de projetos da sociedade civil <a href=\"http:\/\/www.unifem.org.br\/sites\/700\/710\/00001684.pdf\">http:\/\/www.unifem.org.br\/sites\/700\/710\/00001684.pdf<\/a>. A sele\u00e7\u00e3o se encerra no dia 8 de maio de 2011 e prev\u00ea o financiamento de US$ 415 mil (cerca de RS 680 mil) para iniciativas que sejam executadas na Argentina, Brasil, Chile, Paraguai e Uruguai.<\/p>\n<p>O edital est\u00e1 estruturado em tr\u00eas \u00e1reas tem\u00e1ticas: expans\u00e3o da lideran\u00e7a e participa\u00e7\u00e3o das mulheres, promovendo a igualdade de g\u00eanero nas diferentes esferas da sociedade; elimina\u00e7\u00e3o da viol\u00eancia contra as mulheres; e fomento ao empoderamento econ\u00f4mico das mulheres. Podem apresentar propostas organiza\u00e7\u00f5es da sociedade civil com experi\u00eancia m\u00ednima comprovada de um ano na execu\u00e7\u00e3o de projetos similares. Os projetos financiados dever\u00e3o ser executados no per\u00edodo de 1\u00ba de julho de 2011 a 30 de junho de 2012.<\/p>\n<p>Para o Brasil est\u00e3o destinados US$ 133 mil (cerca de R$ 220 mil) para a capacita\u00e7\u00e3o de organiza\u00e7\u00f5es da sociedade civil, especialmente de mulheres e popula\u00e7\u00e3o LGBT em situa\u00e7\u00e3o de vulnerabilidade social, para participar na formula\u00e7\u00e3o e avalia\u00e7\u00e3o de pol\u00edticas p\u00fablicas na \u00e1rea de seguran\u00e7a p\u00fablica. Os recursos tamb\u00e9m est\u00e3o direcionados para apoiar as atividades preparat\u00f3rias da 3\u00aa Confer\u00eancia Nacional de Pol\u00edticas para as Mulheres e aumentar a capacidade de lideran\u00e7a das mulheres em cargos eletivos e em esferas de tomada de decis\u00e3o.<\/p>\n<p>Na Argentina, o edital canaliza US$ 87 mil para o fortalecimento de r\u00e1dios comunit\u00e1rias; atividades de base de mulheres rurais, povos origin\u00e1rios e migrantes para incid\u00eancia nas pol\u00edticas p\u00fablicas; e produ\u00e7\u00e3o de conhecimento sobre cadeias de cuidado, uso do tempo e temas econ\u00f4micos de mulheres rurais, povos origin\u00e1rios, afrodescendentes, migrantes e em outras \u00e1reas de vulnerabilidade. Para o Chile, a sele\u00e7\u00e3o prev\u00ea US$ 55 mil para a sele\u00e7\u00e3o de projetos que aumentem a capacidade de lideran\u00e7a das mulheres e a participa\u00e7\u00e3o delas em cargos eletivos e de tomada de decis\u00e3o; e a gera\u00e7\u00e3o de renda de mulheres rurais, com enfoque especial em mulheres ind\u00edgenas.<\/p>\n<p>No Paraguai, ser\u00e3o financiados US$ 62 mil em projetos que reinstalem a discuss\u00e3o sobre cotas para mulheres na pol\u00edtica; fortale\u00e7am as capacidades institucionais da Secretaria de G\u00eanero do Poder Judici\u00e1rio; e fortale\u00e7am a capacidade de elabora\u00e7\u00e3o de or\u00e7amentos sens\u00edveis ao g\u00eanero da Secretaria da Mulher da Presid\u00eancia da Rep\u00fablica. Para o Uruguai est\u00e3o alocados US$ 78 mil para financiar iniciativas que estimulem a participa\u00e7\u00e3o pol\u00edtica das mulheres e fomento dos direitos das mulheres de minorias com discrimina\u00e7\u00f5es m\u00faltiplas; e ap\u00f3iem iniciativas relacionadas a g\u00eanero e mudan\u00e7as clim\u00e1ticas.<\/p>\n<p>_____________<\/p>\n<p><strong>Fonte:<\/strong> <a href=\"http:\/\/www.unifem.org.br\/001\/00101001.asp?ttCD_CHAVE=710&amp;btOperacao==\">UNIFEM<\/a><\/p>\n","protected":false},"excerpt":{"rendered":"<p>Sele\u00e7\u00e3o destina US$ 415 mil e est\u00e1 centrada em tr\u00eas \u00e1reas tem\u00e1ticas: lideran\u00e7a e participa\u00e7\u00e3o pol\u00edtica, elimina\u00e7\u00e3o da viol\u00eancia contra as mulheres e empoderamento econ\u00f4mico das mulheres. Propostas de projetos ser\u00e3o recebidas at\u00e9 o dia 8 de maio de 2011.<\/p>\n","protected":false},"author":1,"featured_media":0,"comment_status":"open","ping_status":"open","sticky":false,"template":"","format":"standard","meta":{"site-container-style":"default","site-container-layout":"default","site-sidebar-layout":"default","disable-article-header":"default","disable-site-header":"default","disable-site-footer":"default","disable-content-area-spacing":"default","footnotes":""},"categories":[96,4],"tags":[],"class_list":["post-19229","post","type-post","status-publish","format-standard","hentry","category-editais","category-noticias"],"yoast_head":"<!-- This site is optimized with the Yoast SEO plugin v27.4 - https:\/\/yoast.com\/product\/yoast-seo-wordpress\/ -->\n<title>ONU Mulheres Brasil e Cone Sul abre edital anual para financiamento de projetos da sociedade civil -<\/title>\n<meta name=\"robots\" content=\"index, follow, max-snippet:-1, max-image-preview:large, max-video-preview:-1\" \/>\n<link rel=\"canonical\" href=\"https:\/\/inclusivenews.com.br\/?p=19229\" \/>\n<meta property=\"og:locale\" content=\"pt_PT\" \/>\n<meta property=\"og:type\" content=\"article\" \/>\n<meta property=\"og:title\" content=\"ONU Mulheres Brasil e Cone Sul abre edital anual para financiamento de projetos da sociedade civil -\" \/>\n<meta property=\"og:description\" content=\"Sele\u00e7\u00e3o destina US$ 415 mil e est\u00e1 centrada em tr\u00eas \u00e1reas tem\u00e1ticas: lideran\u00e7a e participa\u00e7\u00e3o pol\u00edtica, elimina\u00e7\u00e3o da viol\u00eancia contra as mulheres e empoderamento econ\u00f4mico das mulheres. Propostas de projetos ser\u00e3o recebidas at\u00e9 o dia 8 de maio de 2011.\" \/>\n<meta property=\"og:url\" content=\"https:\/\/inclusivenews.com.br\/?p=19229\" \/>\n<meta property=\"article:publisher\" content=\"https:\/\/www.facebook.com\/agenciainclusive\/\" \/>\n<meta property=\"article:published_time\" content=\"2011-04-28T10:10:00+00:00\" \/>\n<meta property=\"og:image\" content=\"http:\/\/www.geledes.org.br\/images\/stories\/noticias\/unifem_copy_copy.gif\" \/>\n<meta name=\"author\" content=\"inclusivenews2024\" \/>\n<meta name=\"twitter:card\" content=\"summary_large_image\" \/>\n<meta name=\"twitter:label1\" content=\"Escrito por\" \/>\n\t<meta name=\"twitter:data1\" content=\"inclusivenews2024\" \/>\n\t<meta name=\"twitter:label2\" content=\"Tempo estimado de leitura\" \/>\n\t<meta name=\"twitter:data2\" content=\"3 minutos\" \/>\n<script type=\"application\/ld+json\" class=\"yoast-schema-graph\">{\"@context\":\"https:\\\/\\\/schema.org\",\"@graph\":[{\"@type\":\"Article\",\"@id\":\"https:\\\/\\\/inclusivenews.com.br\\\/?p=19229#article\",\"isPartOf\":{\"@id\":\"https:\\\/\\\/inclusivenews.com.br\\\/?p=19229\"},\"author\":{\"name\":\"inclusivenews2024\",\"@id\":\"https:\\\/\\\/inclusivenews.com.br\\\/#\\\/schema\\\/person\\\/ae4ec7087559b8692fb33b6fffd2273b\"},\"headline\":\"ONU Mulheres Brasil e Cone Sul abre edital anual para financiamento de projetos da sociedade civil\",\"datePublished\":\"2011-04-28T10:10:00+00:00\",\"mainEntityOfPage\":{\"@id\":\"https:\\\/\\\/inclusivenews.com.br\\\/?p=19229\"},\"wordCount\":560,\"commentCount\":0,\"publisher\":{\"@id\":\"https:\\\/\\\/inclusivenews.com.br\\\/#organization\"},\"image\":{\"@id\":\"https:\\\/\\\/inclusivenews.com.br\\\/?p=19229#primaryimage\"},\"thumbnailUrl\":\"http:\\\/\\\/www.geledes.org.br\\\/images\\\/stories\\\/noticias\\\/unifem_copy_copy.gif\",\"articleSection\":[\"Editais\",\"NOT\u00cdCIAS\"],\"inLanguage\":\"pt-PT\",\"potentialAction\":[{\"@type\":\"CommentAction\",\"name\":\"Comment\",\"target\":[\"https:\\\/\\\/inclusivenews.com.br\\\/?p=19229#respond\"]}]},{\"@type\":\"WebPage\",\"@id\":\"https:\\\/\\\/inclusivenews.com.br\\\/?p=19229\",\"url\":\"https:\\\/\\\/inclusivenews.com.br\\\/?p=19229\",\"name\":\"ONU Mulheres Brasil e Cone Sul abre edital anual para financiamento de projetos da sociedade civil -\",\"isPartOf\":{\"@id\":\"https:\\\/\\\/inclusivenews.com.br\\\/#website\"},\"primaryImageOfPage\":{\"@id\":\"https:\\\/\\\/inclusivenews.com.br\\\/?p=19229#primaryimage\"},\"image\":{\"@id\":\"https:\\\/\\\/inclusivenews.com.br\\\/?p=19229#primaryimage\"},\"thumbnailUrl\":\"http:\\\/\\\/www.geledes.org.br\\\/images\\\/stories\\\/noticias\\\/unifem_copy_copy.gif\",\"datePublished\":\"2011-04-28T10:10:00+00:00\",\"breadcrumb\":{\"@id\":\"https:\\\/\\\/inclusivenews.com.br\\\/?p=19229#breadcrumb\"},\"inLanguage\":\"pt-PT\",\"potentialAction\":[{\"@type\":\"ReadAction\",\"target\":[\"https:\\\/\\\/inclusivenews.com.br\\\/?p=19229\"]}]},{\"@type\":\"ImageObject\",\"inLanguage\":\"pt-PT\",\"@id\":\"https:\\\/\\\/inclusivenews.com.br\\\/?p=19229#primaryimage\",\"url\":\"http:\\\/\\\/www.geledes.org.br\\\/images\\\/stories\\\/noticias\\\/unifem_copy_copy.gif\",\"contentUrl\":\"http:\\\/\\\/www.geledes.org.br\\\/images\\\/stories\\\/noticias\\\/unifem_copy_copy.gif\"},{\"@type\":\"BreadcrumbList\",\"@id\":\"https:\\\/\\\/inclusivenews.com.br\\\/?p=19229#breadcrumb\",\"itemListElement\":[{\"@type\":\"ListItem\",\"position\":1,\"name\":\"In\u00edcio\",\"item\":\"https:\\\/\\\/inclusivenews.com.br\\\/\"},{\"@type\":\"ListItem\",\"position\":2,\"name\":\"ONU Mulheres Brasil e Cone Sul abre edital anual para financiamento de projetos da sociedade civil\"}]},{\"@type\":\"WebSite\",\"@id\":\"https:\\\/\\\/inclusivenews.com.br\\\/#website\",\"url\":\"https:\\\/\\\/inclusivenews.com.br\\\/\",\"name\":\"Inclusive News\",\"description\":\"Inclusive News\",\"publisher\":{\"@id\":\"https:\\\/\\\/inclusivenews.com.br\\\/#organization\"},\"potentialAction\":[{\"@type\":\"SearchAction\",\"target\":{\"@type\":\"EntryPoint\",\"urlTemplate\":\"https:\\\/\\\/inclusivenews.com.br\\\/?s={search_term_string}\"},\"query-input\":{\"@type\":\"PropertyValueSpecification\",\"valueRequired\":true,\"valueName\":\"search_term_string\"}}],\"inLanguage\":\"pt-PT\"},{\"@type\":\"Organization\",\"@id\":\"https:\\\/\\\/inclusivenews.com.br\\\/#organization\",\"name\":\"Inclusive - inclus\u00e3o e cidadania\",\"url\":\"https:\\\/\\\/inclusivenews.com.br\\\/\",\"logo\":{\"@type\":\"ImageObject\",\"inLanguage\":\"pt-PT\",\"@id\":\"https:\\\/\\\/inclusivenews.com.br\\\/#\\\/schema\\\/logo\\\/image\\\/\",\"url\":\"https:\\\/\\\/inclusivenews.com.br\\\/wp-content\\\/uploads\\\/2024\\\/03\\\/@grandesite.png\",\"contentUrl\":\"https:\\\/\\\/inclusivenews.com.br\\\/wp-content\\\/uploads\\\/2024\\\/03\\\/@grandesite.png\",\"width\":1080,\"height\":1080,\"caption\":\"Inclusive - inclus\u00e3o e cidadania\"},\"image\":{\"@id\":\"https:\\\/\\\/inclusivenews.com.br\\\/#\\\/schema\\\/logo\\\/image\\\/\"},\"sameAs\":[\"https:\\\/\\\/www.facebook.com\\\/agenciainclusive\\\/\",\"https:\\\/\\\/www.instagram.com\\\/newsinclusive\\\/\"]},{\"@type\":\"Person\",\"@id\":\"https:\\\/\\\/inclusivenews.com.br\\\/#\\\/schema\\\/person\\\/ae4ec7087559b8692fb33b6fffd2273b\",\"name\":\"inclusivenews2024\",\"image\":{\"@type\":\"ImageObject\",\"inLanguage\":\"pt-PT\",\"@id\":\"https:\\\/\\\/secure.gravatar.com\\\/avatar\\\/c5a7ef84c66fa914f55bc4f7ce26cfa275a3b9a1c5568b907bd184fb4dde7b40?s=96&d=mm&r=g\",\"url\":\"https:\\\/\\\/secure.gravatar.com\\\/avatar\\\/c5a7ef84c66fa914f55bc4f7ce26cfa275a3b9a1c5568b907bd184fb4dde7b40?s=96&d=mm&r=g\",\"contentUrl\":\"https:\\\/\\\/secure.gravatar.com\\\/avatar\\\/c5a7ef84c66fa914f55bc4f7ce26cfa275a3b9a1c5568b907bd184fb4dde7b40?s=96&d=mm&r=g\",\"caption\":\"inclusivenews2024\"},\"sameAs\":[\"https:\\\/\\\/inclusivenews.com.br\"],\"url\":\"https:\\\/\\\/inclusivenews.com.br\\\/?author=1\"}]}<\/script>\n<!-- \/ Yoast SEO plugin. -->","yoast_head_json":{"title":"ONU Mulheres Brasil e Cone Sul abre edital anual para financiamento de projetos da sociedade civil -","robots":{"index":"index","follow":"follow","max-snippet":"max-snippet:-1","max-image-preview":"max-image-preview:large","max-video-preview":"max-video-preview:-1"},"canonical":"https:\/\/inclusivenews.com.br\/?p=19229","og_locale":"pt_PT","og_type":"article","og_title":"ONU Mulheres Brasil e Cone Sul abre edital anual para financiamento de projetos da sociedade civil -","og_description":"Sele\u00e7\u00e3o destina US$ 415 mil e est\u00e1 centrada em tr\u00eas \u00e1reas tem\u00e1ticas: lideran\u00e7a e participa\u00e7\u00e3o pol\u00edtica, elimina\u00e7\u00e3o da viol\u00eancia contra as mulheres e empoderamento econ\u00f4mico das mulheres. Propostas de projetos ser\u00e3o recebidas at\u00e9 o dia 8 de maio de 2011.","og_url":"https:\/\/inclusivenews.com.br\/?p=19229","article_publisher":"https:\/\/www.facebook.com\/agenciainclusive\/","article_published_time":"2011-04-28T10:10:00+00:00","og_image":[{"url":"http:\/\/www.geledes.org.br\/images\/stories\/noticias\/unifem_copy_copy.gif","type":"","width":"","height":""}],"author":"inclusivenews2024","twitter_card":"summary_large_image","twitter_misc":{"Escrito por":"inclusivenews2024","Tempo estimado de leitura":"3 minutos"},"schema":{"@context":"https:\/\/schema.org","@graph":[{"@type":"Article","@id":"https:\/\/inclusivenews.com.br\/?p=19229#article","isPartOf":{"@id":"https:\/\/inclusivenews.com.br\/?p=19229"},"author":{"name":"inclusivenews2024","@id":"https:\/\/inclusivenews.com.br\/#\/schema\/person\/ae4ec7087559b8692fb33b6fffd2273b"},"headline":"ONU Mulheres Brasil e Cone Sul abre edital anual para financiamento de projetos da sociedade civil","datePublished":"2011-04-28T10:10:00+00:00","mainEntityOfPage":{"@id":"https:\/\/inclusivenews.com.br\/?p=19229"},"wordCount":560,"commentCount":0,"publisher":{"@id":"https:\/\/inclusivenews.com.br\/#organization"},"image":{"@id":"https:\/\/inclusivenews.com.br\/?p=19229#primaryimage"},"thumbnailUrl":"http:\/\/www.geledes.org.br\/images\/stories\/noticias\/unifem_copy_copy.gif","articleSection":["Editais","NOT\u00cdCIAS"],"inLanguage":"pt-PT","potentialAction":[{"@type":"CommentAction","name":"Comment","target":["https:\/\/inclusivenews.com.br\/?p=19229#respond"]}]},{"@type":"WebPage","@id":"https:\/\/inclusivenews.com.br\/?p=19229","url":"https:\/\/inclusivenews.com.br\/?p=19229","name":"ONU Mulheres Brasil e Cone Sul abre edital anual para financiamento de projetos da sociedade civil -","isPartOf":{"@id":"https:\/\/inclusivenews.com.br\/#website"},"primaryImageOfPage":{"@id":"https:\/\/inclusivenews.com.br\/?p=19229#primaryimage"},"image":{"@id":"https:\/\/inclusivenews.com.br\/?p=19229#primaryimage"},"thumbnailUrl":"http:\/\/www.geledes.org.br\/images\/stories\/noticias\/unifem_copy_copy.gif","datePublished":"2011-04-28T10:10:00+00:00","breadcrumb":{"@id":"https:\/\/inclusivenews.com.br\/?p=19229#breadcrumb"},"inLanguage":"pt-PT","potentialAction":[{"@type":"ReadAction","target":["https:\/\/inclusivenews.com.br\/?p=19229"]}]},{"@type":"ImageObject","inLanguage":"pt-PT","@id":"https:\/\/inclusivenews.com.br\/?p=19229#primaryimage","url":"http:\/\/www.geledes.org.br\/images\/stories\/noticias\/unifem_copy_copy.gif","contentUrl":"http:\/\/www.geledes.org.br\/images\/stories\/noticias\/unifem_copy_copy.gif"},{"@type":"BreadcrumbList","@id":"https:\/\/inclusivenews.com.br\/?p=19229#breadcrumb","itemListElement":[{"@type":"ListItem","position":1,"name":"In\u00edcio","item":"https:\/\/inclusivenews.com.br\/"},{"@type":"ListItem","position":2,"name":"ONU Mulheres Brasil e Cone Sul abre edital anual para financiamento de projetos da sociedade civil"}]},{"@type":"WebSite","@id":"https:\/\/inclusivenews.com.br\/#website","url":"https:\/\/inclusivenews.com.br\/","name":"Inclusive News","description":"Inclusive News","publisher":{"@id":"https:\/\/inclusivenews.com.br\/#organization"},"potentialAction":[{"@type":"SearchAction","target":{"@type":"EntryPoint","urlTemplate":"https:\/\/inclusivenews.com.br\/?s={search_term_string}"},"query-input":{"@type":"PropertyValueSpecification","valueRequired":true,"valueName":"search_term_string"}}],"inLanguage":"pt-PT"},{"@type":"Organization","@id":"https:\/\/inclusivenews.com.br\/#organization","name":"Inclusive - inclus\u00e3o e cidadania","url":"https:\/\/inclusivenews.com.br\/","logo":{"@type":"ImageObject","inLanguage":"pt-PT","@id":"https:\/\/inclusivenews.com.br\/#\/schema\/logo\/image\/","url":"https:\/\/inclusivenews.com.br\/wp-content\/uploads\/2024\/03\/@grandesite.png","contentUrl":"https:\/\/inclusivenews.com.br\/wp-content\/uploads\/2024\/03\/@grandesite.png","width":1080,"height":1080,"caption":"Inclusive - inclus\u00e3o e cidadania"},"image":{"@id":"https:\/\/inclusivenews.com.br\/#\/schema\/logo\/image\/"},"sameAs":["https:\/\/www.facebook.com\/agenciainclusive\/","https:\/\/www.instagram.com\/newsinclusive\/"]},{"@type":"Person","@id":"https:\/\/inclusivenews.com.br\/#\/schema\/person\/ae4ec7087559b8692fb33b6fffd2273b","name":"inclusivenews2024","image":{"@type":"ImageObject","inLanguage":"pt-PT","@id":"https:\/\/secure.gravatar.com\/avatar\/c5a7ef84c66fa914f55bc4f7ce26cfa275a3b9a1c5568b907bd184fb4dde7b40?s=96&d=mm&r=g","url":"https:\/\/secure.gravatar.com\/avatar\/c5a7ef84c66fa914f55bc4f7ce26cfa275a3b9a1c5568b907bd184fb4dde7b40?s=96&d=mm&r=g","contentUrl":"https:\/\/secure.gravatar.com\/avatar\/c5a7ef84c66fa914f55bc4f7ce26cfa275a3b9a1c5568b907bd184fb4dde7b40?s=96&d=mm&r=g","caption":"inclusivenews2024"},"sameAs":["https:\/\/inclusivenews.com.br"],"url":"https:\/\/inclusivenews.com.br\/?author=1"}]}},"_links":{"self":[{"href":"https:\/\/inclusivenews.com.br\/index.php?rest_route=\/wp\/v2\/posts\/19229","targetHints":{"allow":["GET"]}}],"collection":[{"href":"https:\/\/inclusivenews.com.br\/index.php?rest_route=\/wp\/v2\/posts"}],"about":[{"href":"https:\/\/inclusivenews.com.br\/index.php?rest_route=\/wp\/v2\/types\/post"}],"author":[{"embeddable":true,"href":"https:\/\/inclusivenews.com.br\/index.php?rest_route=\/wp\/v2\/users\/1"}],"replies":[{"embeddable":true,"href":"https:\/\/inclusivenews.com.br\/index.php?rest_route=%2Fwp%2Fv2%2Fcomments&post=19229"}],"version-history":[{"count":0,"href":"https:\/\/inclusivenews.com.br\/index.php?rest_route=\/wp\/v2\/posts\/19229\/revisions"}],"wp:attachment":[{"href":"https:\/\/inclusivenews.com.br\/index.php?rest_route=%2Fwp%2Fv2%2Fmedia&parent=19229"}],"wp:term":[{"taxonomy":"category","embeddable":true,"href":"https:\/\/inclusivenews.com.br\/index.php?rest_route=%2Fwp%2Fv2%2Fcategories&post=19229"},{"taxonomy":"post_tag","embeddable":true,"href":"https:\/\/inclusivenews.com.br\/index.php?rest_route=%2Fwp%2Fv2%2Ftags&post=19229"}],"curies":[{"name":"wp","href":"https:\/\/api.w.org\/{rel}","templated":true}]}}