{"id":19243,"date":"2011-04-28T07:14:33","date_gmt":"2011-04-28T10:14:33","guid":{"rendered":"http:\/\/www.inclusive.org.br\/?p=19243"},"modified":"2011-04-28T07:14:33","modified_gmt":"2011-04-28T10:14:33","slug":"carta-do-deputado-jean-wyllys-uma-ode-ao-estado-laico","status":"publish","type":"post","link":"https:\/\/inclusivenews.com.br\/?p=19243","title":{"rendered":"Carta do Deputado Jean Wyllys &#8211; Uma Ode ao Estado Laico"},"content":{"rendered":"<p><strong><\/p>\n<figure style=\"width: 200px\" class=\"wp-caption alignleft\"><img loading=\"lazy\" decoding=\"async\" title=\"Na foto, o deputado Jean Wyllys\" src=\"http:\/\/www.noghetto.caixadepandora.com.br\/wp-content\/uploads\/2009\/08\/jean-wyllys.jpg\" alt=\"Na foto, o deputado Jean Wyllys\" width=\"200\" height=\"250\" \/><figcaption class=\"wp-caption-text\"> <\/figcaption><\/figure>\n<p>Por\u00a0Jean Wyllys<\/p>\n<p><\/strong><\/p>\n<p>(Deputado Federal pelo PSOL Rio de Janeiro)<\/p>\n<p>Em primeiro lugar, quero lembrar que n\u00f3s vivemos em um Estado Democr\u00e1tico de Direito e laico. Para quem n\u00e3o sabe o que isso quer dizer, \u201cEstado laico\u201d, esclare\u00e7o: O Estado, al\u00e9m de separado da Igreja (de qualquer igreja), n\u00e3o tem paix\u00e3o religiosa, n\u00e3o se pauta nem deve se pautar por dogmas religiosos nem por interpreta\u00e7\u00f5es fundamentalistas de textos religiosos (quaisquer textos religiosos). Num Estado Laico e Democr\u00e1tico de Direito, a lei maior \u00e9 a Constitui\u00e7\u00e3o Federal (e n\u00e3o a B\u00edblia, ou o Cor\u00e3o, ou a Tor\u00e1).<\/p>\n<p>Logo, eu, como representante eleito deste Estado Laico e Democr\u00e1tico de Direito, n\u00e3o me pauto pelo que diz A Carta de Paulo aos Romanos, mas sim pela Carta Magna, ou seja, pelo que est\u00e1 na Constitui\u00e7\u00e3o Federal. E esta deixa claro, j\u00e1 no Artigo 1\u00ba, que um dos fundamentos da Rep\u00fablica Federativa do Brasil \u00e9 a dignidade da pessoa humana e em seu artigo 3\u00ba coloca como objetivos fundamentais a constru\u00e7\u00e3o de uma sociedade livre, justa e solid\u00e1ria e a promo\u00e7\u00e3o do bem de todos, sem preconceitos de origem, ra\u00e7a, sexo, cor, idade e quaisquer outras formas de discrimina\u00e7\u00e3o. A rep\u00fablica Federativa do Brasil rege-se nas suas rela\u00e7\u00f5es internacionais pelos princ\u00edpios da preval\u00eancia dos Direitos Humanos e rep\u00fadio ao terrorismo e ao racismo.<\/p>\n<p>Sendo a defesa da Dignidade Humana um princ\u00edpio soberano da Constitui\u00e7\u00e3o Federal e norte de todo ordenamento jur\u00eddico Brasileiro, ela deve ser tutelada pelo Estado e servir de limite \u00e0 liberdade de express\u00e3o. Ou seja, o limite da liberdade de express\u00e3o de quem quer que seja \u00e9 a dignidade da pessoa humana do outro. O que fan\u00e1ticos e fundamentalistas religiosos mais t\u00eam feito nos \u00faltimos anos \u00e9 violar a dignidade humana de homossexuais.<\/p>\n<p>Seus discursos de \u00f3dio t\u00eam servido de pano de fundo para brutais assassinatos de homossexuais, numa propor\u00e7\u00e3o assustadora de 200 por ano, segundo dados levantados pelo Grupo Gay da Bahia e da Anistia Internacional. Incitar o \u00f3dio contra os homossexuais faz, do incitador, um c\u00famplice dos brutais assassinatos de gays e l\u00e9sbicas, como o que ocorreu recentemente em Goi\u00e2nia, em que a adolescente Adriele Camacho de Almeida, 16 anos, que, segundo a m\u00eddia, foi brutalmente assassinada por parentes de sua namorada pelo fato de ser l\u00e9sbica. Ou como o que ocorreu no Rio de Janeiro, em que o adolescente Alexandre Ivo, que foi enforcado, torturado e morto aos 14 anos por ser afeminado.<\/p>\n<p>O PLC 122 , apesar de toda campanha para deturp\u00e1-lo junto \u00e0 opini\u00e3o p\u00fablica, \u00e9 um projeto que busca assegurar para os homossexuais os direitos \u00e0 dignidade humana e \u00e0 vida. O PLC 122 n\u00e3o atenta contra a liberdade de express\u00e3o de quem quer que seja, apenas assegura a dignidade da pessoa humana de homossexuais, o que necessariamente p\u00f5e limite aos abusos de liberdade de express\u00e3o que fan\u00e1ticos e fundamentalistas v\u00eam praticando em sua cruzada contra LGBTs.<\/p>\n<p>Assim como o trecho da Carta de Paulo aos Romanos que diz que o \u201chomossexualismo \u00e9 uma aberra\u00e7\u00e3o\u201d [sic] s\u00e3o os trechos da B\u00edblia em apologia \u00e0 escravid\u00e3o e \u00e0 venda de pessoas (Lev\u00edtico 25:44-46 \u2013 \u201cE, quanto a teu escravo ou a tua escrava que tiveres, ser\u00e3o das gentes que est\u00e3o ao redor de v\u00f3s; deles comprareis escravos e escravas\u2026\u201d), e apedrejamento de mulheres ad\u00falteras (Lev\u00edtico 20:27 \u2013 \u201cO homem ou mulher que consultar os mortos ou for feiticeiro, certamente ser\u00e1 morto. Ser\u00e3o apedrejados, e o seu sangue ser\u00e1 sobre eles\u2026\u201d) e viol\u00eancia em geral (Deuteron\u00f4mio 20:13:14 \u2013 \u201cE o SENHOR, teu Deus, a dar\u00e1 na tua m\u00e3o; e todo var\u00e3o que houver nela passar\u00e1s ao fio da espada, salvo as mulheres, e as crian\u00e7as, e os animais; e tudo o que houver na cidade, todo o seu despojo, tomar\u00e1s para ti; e comer\u00e1s o despojo dos teus inimigos, que te deu o SENHOR, teu Deus\u2026\u201d).<\/p>\n<p>A leitura da B\u00edblia deve ensejar uma religiosidade sadia e tolerante, livre de fundamentalismos. Ou seja, se n\u00e3o pratica a escravid\u00e3o e o assassinato de ad\u00falteras como recomenda a B\u00edblia, ent\u00e3o n\u00e3o tem por que perseguir e ofender os homossexuais s\u00f3 por que h\u00e1 nela um trecho que os fundamentalistas interpretam como aval para sua homofobia odiosa.<\/p>\n<p>N\u00e3o declarei guerra aos crist\u00e3os. Declarei meu amor \u00e0 vida dos injusti\u00e7ados e oprimidos e ao outro. Se essa postura \u00e9 interpretada como declara\u00e7\u00e3o de guerra aos crist\u00e3os, eu j\u00e1 n\u00e3o sei mais o que \u00e9 o cristianismo. O cristianismo no qual fui formado \u2013 e do qual minha m\u00e3e, irm\u00e3os e muitos amigos fazem parte \u2013 valoriza a vida humana, prega o respeito aos diferentes e se dedica \u00e0 prote\u00e7\u00e3o dos fracos e oprimidos. \u201cEu vim para que TODOS tenham vida; que TODOS tenham vida plenamente\u201d, disse Jesus de Nazar\u00e9.<\/p>\n<p>N\u00e3o, eu n\u00e3o persigo crist\u00e3os. Essa \u00e9 a inj\u00faria mais odiosa que se pode fazer em rela\u00e7\u00e3o \u00e0 minha atua\u00e7\u00e3o parlamentar. Mas os fundamentalistas e fan\u00e1ticos crist\u00e3os v\u00eam perseguindo sistematicamente os adeptos da Umbanda e do Candombl\u00e9, inclusive com invas\u00f5es de terreiros e viol\u00eancias f\u00edsicas contra lalorix\u00e1s e babalorix\u00e1s como denunciaram v\u00e1rias mat\u00e9rias de jornais: \u00e9 o caso do ataque, por quatro integrantes de uma igreja evang\u00e9lica, a um centro de Umbanda no Catete, no Rio de Janeiro; ou o de Bernadete Souza Ferreira dos Santos, Ialorix\u00e1 e l\u00edder comunit\u00e1ria, que foi alvo de tortura, em Ilh\u00e9us, ao ser arrastada pelo cabelo e colocada em cima de um formigueiro por policiais evang\u00e9licos que pretendiam \u201cexorciz\u00e1-la\u201d do \u201cdem\u00f4nio\u201d.<\/p>\n<p>O que se tem a dizer? Ou ser\u00e1 que a liberdade de cren\u00e7a \u00e9 um direito s\u00f3 dos crist\u00e3os?<\/p>\n<p>Talvez n\u00e3o se saiba, mas quem garantiu, na Constitui\u00e7\u00e3o Federal, o direito \u00e0 liberdade de cren\u00e7a foi um ateu Ob\u00e1 de Xang\u00f4 do Il\u00ea Ax\u00e9 Op\u00f4 Aforj\u00e1, Jorge Amado. Entretanto, fundamentalistas crist\u00e3os querem fazer uso dessa liberdade para perseguir religi\u00f5es minorit\u00e1rias e ateus.<\/p>\n<p>Repito: eu n\u00e3o declarei guerra aos crist\u00e3os. Coloco-me contra o fanatismo e o fundamentalismo religioso \u2013 fanatismo que est\u00e1 presente inclusive na carta deixada pelo assassino das 13 crian\u00e7as em Realengo, no Rio de Janeiro.<\/p>\n<p>Reitero que n\u00e3o vou deixar que inimigos do Estado Democr\u00e1tico de Direito tente destruir minha imagem com inj\u00farias como as que fazem parte da mat\u00e9ria enviada para o Jornal do Brasil. Trata-se de uma a\u00e7\u00e3o orquestrada para me impedir de contribuir para uma sociedade justa e solid\u00e1ria. Reitero que inj\u00faria e difama\u00e7\u00e3o s\u00e3o crimes previstos no C\u00f3digo Penal. Eu declaro amor \u00e0 vida, ao bem de todos sem preconceito de cor, ra\u00e7a, sexo, idade e quaisquer outras formas de preconceito. Essa \u00e9 a minha miss\u00e3o.<\/p>\n<p>____________<\/p>\n<p><strong>Fonte:<\/strong> O autor<\/p>\n","protected":false},"excerpt":{"rendered":"<p>Em carta aberta, o Deputado Federal pelo PSOL do RJ, Jean Wyllys, faz a sua ode ao estado laico.<\/p>\n","protected":false},"author":1,"featured_media":0,"comment_status":"open","ping_status":"open","sticky":false,"template":"","format":"standard","meta":{"site-container-style":"default","site-container-layout":"default","site-sidebar-layout":"default","disable-article-header":"default","disable-site-header":"default","disable-site-footer":"default","disable-content-area-spacing":"default","footnotes":""},"categories":[36,8],"tags":[],"class_list":["post-19243","post","type-post","status-publish","format-standard","hentry","category-colunas-especiais","category-textos-e-artigos"],"yoast_head":"<!-- This site is optimized with the Yoast SEO plugin v27.4 - https:\/\/yoast.com\/product\/yoast-seo-wordpress\/ -->\n<title>Carta do Deputado Jean Wyllys - Uma Ode ao Estado Laico -<\/title>\n<meta name=\"robots\" content=\"index, follow, max-snippet:-1, max-image-preview:large, max-video-preview:-1\" \/>\n<link rel=\"canonical\" href=\"https:\/\/inclusivenews.com.br\/?p=19243\" \/>\n<meta property=\"og:locale\" content=\"pt_PT\" \/>\n<meta property=\"og:type\" content=\"article\" \/>\n<meta property=\"og:title\" content=\"Carta do Deputado Jean Wyllys - Uma Ode ao Estado Laico -\" \/>\n<meta property=\"og:description\" content=\"Em carta aberta, o Deputado Federal pelo PSOL do RJ, Jean Wyllys, faz a sua ode ao estado laico.\" \/>\n<meta property=\"og:url\" content=\"https:\/\/inclusivenews.com.br\/?p=19243\" \/>\n<meta property=\"article:publisher\" content=\"https:\/\/www.facebook.com\/agenciainclusive\/\" \/>\n<meta property=\"article:published_time\" content=\"2011-04-28T10:14:33+00:00\" \/>\n<meta property=\"og:image\" content=\"http:\/\/www.noghetto.caixadepandora.com.br\/wp-content\/uploads\/2009\/08\/jean-wyllys.jpg\" \/>\n<meta name=\"author\" content=\"inclusivenews2024\" \/>\n<meta name=\"twitter:card\" content=\"summary_large_image\" \/>\n<meta name=\"twitter:label1\" content=\"Escrito por\" \/>\n\t<meta name=\"twitter:data1\" content=\"inclusivenews2024\" \/>\n\t<meta name=\"twitter:label2\" content=\"Tempo estimado de leitura\" \/>\n\t<meta name=\"twitter:data2\" content=\"6 minutos\" \/>\n<script type=\"application\/ld+json\" class=\"yoast-schema-graph\">{\"@context\":\"https:\\\/\\\/schema.org\",\"@graph\":[{\"@type\":\"Article\",\"@id\":\"https:\\\/\\\/inclusivenews.com.br\\\/?p=19243#article\",\"isPartOf\":{\"@id\":\"https:\\\/\\\/inclusivenews.com.br\\\/?p=19243\"},\"author\":{\"name\":\"inclusivenews2024\",\"@id\":\"https:\\\/\\\/inclusivenews.com.br\\\/#\\\/schema\\\/person\\\/ae4ec7087559b8692fb33b6fffd2273b\"},\"headline\":\"Carta do Deputado Jean Wyllys &#8211; Uma Ode ao Estado Laico\",\"datePublished\":\"2011-04-28T10:14:33+00:00\",\"mainEntityOfPage\":{\"@id\":\"https:\\\/\\\/inclusivenews.com.br\\\/?p=19243\"},\"wordCount\":1199,\"commentCount\":1,\"publisher\":{\"@id\":\"https:\\\/\\\/inclusivenews.com.br\\\/#organization\"},\"image\":{\"@id\":\"https:\\\/\\\/inclusivenews.com.br\\\/?p=19243#primaryimage\"},\"thumbnailUrl\":\"http:\\\/\\\/www.noghetto.caixadepandora.com.br\\\/wp-content\\\/uploads\\\/2009\\\/08\\\/jean-wyllys.jpg\",\"articleSection\":[\"Colunas especiais\",\"OPINI\u00c3O\"],\"inLanguage\":\"pt-PT\",\"potentialAction\":[{\"@type\":\"CommentAction\",\"name\":\"Comment\",\"target\":[\"https:\\\/\\\/inclusivenews.com.br\\\/?p=19243#respond\"]}]},{\"@type\":\"WebPage\",\"@id\":\"https:\\\/\\\/inclusivenews.com.br\\\/?p=19243\",\"url\":\"https:\\\/\\\/inclusivenews.com.br\\\/?p=19243\",\"name\":\"Carta do Deputado Jean Wyllys - Uma Ode ao Estado Laico -\",\"isPartOf\":{\"@id\":\"https:\\\/\\\/inclusivenews.com.br\\\/#website\"},\"primaryImageOfPage\":{\"@id\":\"https:\\\/\\\/inclusivenews.com.br\\\/?p=19243#primaryimage\"},\"image\":{\"@id\":\"https:\\\/\\\/inclusivenews.com.br\\\/?p=19243#primaryimage\"},\"thumbnailUrl\":\"http:\\\/\\\/www.noghetto.caixadepandora.com.br\\\/wp-content\\\/uploads\\\/2009\\\/08\\\/jean-wyllys.jpg\",\"datePublished\":\"2011-04-28T10:14:33+00:00\",\"breadcrumb\":{\"@id\":\"https:\\\/\\\/inclusivenews.com.br\\\/?p=19243#breadcrumb\"},\"inLanguage\":\"pt-PT\",\"potentialAction\":[{\"@type\":\"ReadAction\",\"target\":[\"https:\\\/\\\/inclusivenews.com.br\\\/?p=19243\"]}]},{\"@type\":\"ImageObject\",\"inLanguage\":\"pt-PT\",\"@id\":\"https:\\\/\\\/inclusivenews.com.br\\\/?p=19243#primaryimage\",\"url\":\"http:\\\/\\\/www.noghetto.caixadepandora.com.br\\\/wp-content\\\/uploads\\\/2009\\\/08\\\/jean-wyllys.jpg\",\"contentUrl\":\"http:\\\/\\\/www.noghetto.caixadepandora.com.br\\\/wp-content\\\/uploads\\\/2009\\\/08\\\/jean-wyllys.jpg\"},{\"@type\":\"BreadcrumbList\",\"@id\":\"https:\\\/\\\/inclusivenews.com.br\\\/?p=19243#breadcrumb\",\"itemListElement\":[{\"@type\":\"ListItem\",\"position\":1,\"name\":\"In\u00edcio\",\"item\":\"https:\\\/\\\/inclusivenews.com.br\\\/\"},{\"@type\":\"ListItem\",\"position\":2,\"name\":\"Carta do Deputado Jean Wyllys &#8211; Uma Ode ao Estado Laico\"}]},{\"@type\":\"WebSite\",\"@id\":\"https:\\\/\\\/inclusivenews.com.br\\\/#website\",\"url\":\"https:\\\/\\\/inclusivenews.com.br\\\/\",\"name\":\"Inclusive News\",\"description\":\"Inclusive News\",\"publisher\":{\"@id\":\"https:\\\/\\\/inclusivenews.com.br\\\/#organization\"},\"potentialAction\":[{\"@type\":\"SearchAction\",\"target\":{\"@type\":\"EntryPoint\",\"urlTemplate\":\"https:\\\/\\\/inclusivenews.com.br\\\/?s={search_term_string}\"},\"query-input\":{\"@type\":\"PropertyValueSpecification\",\"valueRequired\":true,\"valueName\":\"search_term_string\"}}],\"inLanguage\":\"pt-PT\"},{\"@type\":\"Organization\",\"@id\":\"https:\\\/\\\/inclusivenews.com.br\\\/#organization\",\"name\":\"Inclusive - inclus\u00e3o e cidadania\",\"url\":\"https:\\\/\\\/inclusivenews.com.br\\\/\",\"logo\":{\"@type\":\"ImageObject\",\"inLanguage\":\"pt-PT\",\"@id\":\"https:\\\/\\\/inclusivenews.com.br\\\/#\\\/schema\\\/logo\\\/image\\\/\",\"url\":\"https:\\\/\\\/inclusivenews.com.br\\\/wp-content\\\/uploads\\\/2024\\\/03\\\/@grandesite.png\",\"contentUrl\":\"https:\\\/\\\/inclusivenews.com.br\\\/wp-content\\\/uploads\\\/2024\\\/03\\\/@grandesite.png\",\"width\":1080,\"height\":1080,\"caption\":\"Inclusive - inclus\u00e3o e cidadania\"},\"image\":{\"@id\":\"https:\\\/\\\/inclusivenews.com.br\\\/#\\\/schema\\\/logo\\\/image\\\/\"},\"sameAs\":[\"https:\\\/\\\/www.facebook.com\\\/agenciainclusive\\\/\",\"https:\\\/\\\/www.instagram.com\\\/newsinclusive\\\/\"]},{\"@type\":\"Person\",\"@id\":\"https:\\\/\\\/inclusivenews.com.br\\\/#\\\/schema\\\/person\\\/ae4ec7087559b8692fb33b6fffd2273b\",\"name\":\"inclusivenews2024\",\"image\":{\"@type\":\"ImageObject\",\"inLanguage\":\"pt-PT\",\"@id\":\"https:\\\/\\\/secure.gravatar.com\\\/avatar\\\/c5a7ef84c66fa914f55bc4f7ce26cfa275a3b9a1c5568b907bd184fb4dde7b40?s=96&d=mm&r=g\",\"url\":\"https:\\\/\\\/secure.gravatar.com\\\/avatar\\\/c5a7ef84c66fa914f55bc4f7ce26cfa275a3b9a1c5568b907bd184fb4dde7b40?s=96&d=mm&r=g\",\"contentUrl\":\"https:\\\/\\\/secure.gravatar.com\\\/avatar\\\/c5a7ef84c66fa914f55bc4f7ce26cfa275a3b9a1c5568b907bd184fb4dde7b40?s=96&d=mm&r=g\",\"caption\":\"inclusivenews2024\"},\"sameAs\":[\"https:\\\/\\\/inclusivenews.com.br\"],\"url\":\"https:\\\/\\\/inclusivenews.com.br\\\/?author=1\"}]}<\/script>\n<!-- \/ Yoast SEO plugin. -->","yoast_head_json":{"title":"Carta do Deputado Jean Wyllys - Uma Ode ao Estado Laico -","robots":{"index":"index","follow":"follow","max-snippet":"max-snippet:-1","max-image-preview":"max-image-preview:large","max-video-preview":"max-video-preview:-1"},"canonical":"https:\/\/inclusivenews.com.br\/?p=19243","og_locale":"pt_PT","og_type":"article","og_title":"Carta do Deputado Jean Wyllys - Uma Ode ao Estado Laico -","og_description":"Em carta aberta, o Deputado Federal pelo PSOL do RJ, Jean Wyllys, faz a sua ode ao estado laico.","og_url":"https:\/\/inclusivenews.com.br\/?p=19243","article_publisher":"https:\/\/www.facebook.com\/agenciainclusive\/","article_published_time":"2011-04-28T10:14:33+00:00","og_image":[{"url":"http:\/\/www.noghetto.caixadepandora.com.br\/wp-content\/uploads\/2009\/08\/jean-wyllys.jpg","type":"","width":"","height":""}],"author":"inclusivenews2024","twitter_card":"summary_large_image","twitter_misc":{"Escrito por":"inclusivenews2024","Tempo estimado de leitura":"6 minutos"},"schema":{"@context":"https:\/\/schema.org","@graph":[{"@type":"Article","@id":"https:\/\/inclusivenews.com.br\/?p=19243#article","isPartOf":{"@id":"https:\/\/inclusivenews.com.br\/?p=19243"},"author":{"name":"inclusivenews2024","@id":"https:\/\/inclusivenews.com.br\/#\/schema\/person\/ae4ec7087559b8692fb33b6fffd2273b"},"headline":"Carta do Deputado Jean Wyllys &#8211; Uma Ode ao Estado Laico","datePublished":"2011-04-28T10:14:33+00:00","mainEntityOfPage":{"@id":"https:\/\/inclusivenews.com.br\/?p=19243"},"wordCount":1199,"commentCount":1,"publisher":{"@id":"https:\/\/inclusivenews.com.br\/#organization"},"image":{"@id":"https:\/\/inclusivenews.com.br\/?p=19243#primaryimage"},"thumbnailUrl":"http:\/\/www.noghetto.caixadepandora.com.br\/wp-content\/uploads\/2009\/08\/jean-wyllys.jpg","articleSection":["Colunas especiais","OPINI\u00c3O"],"inLanguage":"pt-PT","potentialAction":[{"@type":"CommentAction","name":"Comment","target":["https:\/\/inclusivenews.com.br\/?p=19243#respond"]}]},{"@type":"WebPage","@id":"https:\/\/inclusivenews.com.br\/?p=19243","url":"https:\/\/inclusivenews.com.br\/?p=19243","name":"Carta do Deputado Jean Wyllys - Uma Ode ao Estado Laico -","isPartOf":{"@id":"https:\/\/inclusivenews.com.br\/#website"},"primaryImageOfPage":{"@id":"https:\/\/inclusivenews.com.br\/?p=19243#primaryimage"},"image":{"@id":"https:\/\/inclusivenews.com.br\/?p=19243#primaryimage"},"thumbnailUrl":"http:\/\/www.noghetto.caixadepandora.com.br\/wp-content\/uploads\/2009\/08\/jean-wyllys.jpg","datePublished":"2011-04-28T10:14:33+00:00","breadcrumb":{"@id":"https:\/\/inclusivenews.com.br\/?p=19243#breadcrumb"},"inLanguage":"pt-PT","potentialAction":[{"@type":"ReadAction","target":["https:\/\/inclusivenews.com.br\/?p=19243"]}]},{"@type":"ImageObject","inLanguage":"pt-PT","@id":"https:\/\/inclusivenews.com.br\/?p=19243#primaryimage","url":"http:\/\/www.noghetto.caixadepandora.com.br\/wp-content\/uploads\/2009\/08\/jean-wyllys.jpg","contentUrl":"http:\/\/www.noghetto.caixadepandora.com.br\/wp-content\/uploads\/2009\/08\/jean-wyllys.jpg"},{"@type":"BreadcrumbList","@id":"https:\/\/inclusivenews.com.br\/?p=19243#breadcrumb","itemListElement":[{"@type":"ListItem","position":1,"name":"In\u00edcio","item":"https:\/\/inclusivenews.com.br\/"},{"@type":"ListItem","position":2,"name":"Carta do Deputado Jean Wyllys &#8211; Uma Ode ao Estado Laico"}]},{"@type":"WebSite","@id":"https:\/\/inclusivenews.com.br\/#website","url":"https:\/\/inclusivenews.com.br\/","name":"Inclusive News","description":"Inclusive News","publisher":{"@id":"https:\/\/inclusivenews.com.br\/#organization"},"potentialAction":[{"@type":"SearchAction","target":{"@type":"EntryPoint","urlTemplate":"https:\/\/inclusivenews.com.br\/?s={search_term_string}"},"query-input":{"@type":"PropertyValueSpecification","valueRequired":true,"valueName":"search_term_string"}}],"inLanguage":"pt-PT"},{"@type":"Organization","@id":"https:\/\/inclusivenews.com.br\/#organization","name":"Inclusive - inclus\u00e3o e cidadania","url":"https:\/\/inclusivenews.com.br\/","logo":{"@type":"ImageObject","inLanguage":"pt-PT","@id":"https:\/\/inclusivenews.com.br\/#\/schema\/logo\/image\/","url":"https:\/\/inclusivenews.com.br\/wp-content\/uploads\/2024\/03\/@grandesite.png","contentUrl":"https:\/\/inclusivenews.com.br\/wp-content\/uploads\/2024\/03\/@grandesite.png","width":1080,"height":1080,"caption":"Inclusive - inclus\u00e3o e cidadania"},"image":{"@id":"https:\/\/inclusivenews.com.br\/#\/schema\/logo\/image\/"},"sameAs":["https:\/\/www.facebook.com\/agenciainclusive\/","https:\/\/www.instagram.com\/newsinclusive\/"]},{"@type":"Person","@id":"https:\/\/inclusivenews.com.br\/#\/schema\/person\/ae4ec7087559b8692fb33b6fffd2273b","name":"inclusivenews2024","image":{"@type":"ImageObject","inLanguage":"pt-PT","@id":"https:\/\/secure.gravatar.com\/avatar\/c5a7ef84c66fa914f55bc4f7ce26cfa275a3b9a1c5568b907bd184fb4dde7b40?s=96&d=mm&r=g","url":"https:\/\/secure.gravatar.com\/avatar\/c5a7ef84c66fa914f55bc4f7ce26cfa275a3b9a1c5568b907bd184fb4dde7b40?s=96&d=mm&r=g","contentUrl":"https:\/\/secure.gravatar.com\/avatar\/c5a7ef84c66fa914f55bc4f7ce26cfa275a3b9a1c5568b907bd184fb4dde7b40?s=96&d=mm&r=g","caption":"inclusivenews2024"},"sameAs":["https:\/\/inclusivenews.com.br"],"url":"https:\/\/inclusivenews.com.br\/?author=1"}]}},"_links":{"self":[{"href":"https:\/\/inclusivenews.com.br\/index.php?rest_route=\/wp\/v2\/posts\/19243","targetHints":{"allow":["GET"]}}],"collection":[{"href":"https:\/\/inclusivenews.com.br\/index.php?rest_route=\/wp\/v2\/posts"}],"about":[{"href":"https:\/\/inclusivenews.com.br\/index.php?rest_route=\/wp\/v2\/types\/post"}],"author":[{"embeddable":true,"href":"https:\/\/inclusivenews.com.br\/index.php?rest_route=\/wp\/v2\/users\/1"}],"replies":[{"embeddable":true,"href":"https:\/\/inclusivenews.com.br\/index.php?rest_route=%2Fwp%2Fv2%2Fcomments&post=19243"}],"version-history":[{"count":0,"href":"https:\/\/inclusivenews.com.br\/index.php?rest_route=\/wp\/v2\/posts\/19243\/revisions"}],"wp:attachment":[{"href":"https:\/\/inclusivenews.com.br\/index.php?rest_route=%2Fwp%2Fv2%2Fmedia&parent=19243"}],"wp:term":[{"taxonomy":"category","embeddable":true,"href":"https:\/\/inclusivenews.com.br\/index.php?rest_route=%2Fwp%2Fv2%2Fcategories&post=19243"},{"taxonomy":"post_tag","embeddable":true,"href":"https:\/\/inclusivenews.com.br\/index.php?rest_route=%2Fwp%2Fv2%2Ftags&post=19243"}],"curies":[{"name":"wp","href":"https:\/\/api.w.org\/{rel}","templated":true}]}}