{"id":19249,"date":"2011-04-26T13:51:21","date_gmt":"2011-04-26T16:51:21","guid":{"rendered":"http:\/\/www.inclusive.org.br\/?p=19249"},"modified":"2011-04-26T13:51:21","modified_gmt":"2011-04-26T16:51:21","slug":"indicacoes-para-o-cargo-de-secretaria-nacional-da-pessoa-com-deficiencia","status":"publish","type":"post","link":"https:\/\/inclusivenews.com.br\/?p=19249","title":{"rendered":"Indica\u00e7\u00f5es para o cargo de Secretaria Nacional da Pessoa com Defici\u00eancia"},"content":{"rendered":"<figure id=\"attachment_18455\" aria-describedby=\"caption-attachment-18455\" style=\"width: 253px\" class=\"wp-caption alignleft\"><a href=\"http:\/\/www.inclusivenews.com.br\/wp-content\/uploads\/2011\/02\/REVISTA-INCLUSIVE.jpg\"><img loading=\"lazy\" decoding=\"async\" class=\"size-full wp-image-18455\" title=\"REVISTA INCLUSIVE\" src=\"http:\/\/inclusivenews.com.br\/wp-content\/uploads\/2011\/02\/REVISTA-INCLUSIVE.jpg\" alt=\"Logotipo da revista eletr\u00f4nica Inclusive - inclus\u00e3o e cidadania\" width=\"253\" height=\"109\" \/><\/a><figcaption id=\"caption-attachment-18455\" class=\"wp-caption-text\">Logotipo da revista eletr\u00f4nica Inclusive - inclus\u00e3o e cidadania<\/figcaption><\/figure>\n<p>Abaixo, texto integral da carta enviada esta manh\u00e3 pela Inclusive \u00e0 Ministra de Direitos Humanos da Presid\u00eancia da Rep\u00fablica, Maria do Ros\u00e1rio.<\/p>\n<p>Prezada Ministra Maria do Ros\u00e1rio,<\/p>\n<p>A Inclusive \u2013Inclus\u00e3o e Cidadania, \u00e9 uma revista digital que nasceu h\u00e1 3 anos, da necessidade de articula\u00e7\u00e3o do movimento das pessoas com defici\u00eancia para mobiliza\u00e7\u00e3o pela ratifica\u00e7\u00e3o da Conven\u00e7\u00e3o sobre os Direitos das Pessoas com Defici\u00eancia. Esta sempre foi uma \u00e1rea invis\u00edvel e, como n\u00e3o v\u00edamos nossas not\u00edcias chegando \u00e0 m\u00eddia, decidimos produz\u00ed-las n\u00f3s mesmos.<\/p>\n<p>De l\u00e1 para c\u00e1 abrimos o canal a outros segmentos exclu\u00eddos, fomos convidados para apresenta\u00e7\u00f5es em eventos nacionais e recebemos dois pr\u00eamios \u2013 Educa\u00e7\u00e3o em Direitos Humanos, otorgado pela pr\u00f3pria SDH, MEC e OEI e Orgulho Autista. Temos um p\u00fablico seguidor fiel com interesse em assuntos ligados aos direitos humanos e especialmente \u00e0 defici\u00eancia. Recebemos cerca de 60 mil visitas no site por m\u00eas. Nosso projeto \u00e9 volunt\u00e1rio, apartid\u00e1rio e muito democr\u00e1tico, j\u00e1 que recebemos textos em colabora\u00e7\u00e3o e postamos todos os coment\u00e1rios que recebemos.<\/p>\n<p>Muito nos preocupou a prematura sa\u00edda de Humberto Lippo da Secretaria Nacional de Promo\u00e7\u00e3o dos Direitos da Pessoa com Defici\u00eancia (SNPD) pois, como a senhora sabe, apesar do grande trabalho realizado pela equipe anterior, os desafios na \u00e1rea ainda s\u00e3o imensos e n\u00e3o podemos perder tempo sob o risco de enfrentar retrocessos. A ocupa\u00e7\u00e3o do cargo se faz ainda mais urgente em raz\u00e3o das discuss\u00f5es ora ocorridas no Congresso Nacional acerca da legisla\u00e7\u00e3o sobre as pessoas com defici\u00eancia, assunto que divide e causa pol\u00eamica.<\/p>\n<p>Com a inten\u00e7\u00e3o de subsidiar e promover o debate acerca do(a) pr\u00f3ximo(a) secret\u00e1rio(a), a Inclusive publicou uma s\u00e9rie de perfis de ativistas destacados do movimento das pessoas com defici\u00eancia que poderiam ser candidatos ao cargo e convocou ativistas a fazerem suas contribui\u00e7\u00f5es. Apresentamos abaixo, na \u00edntegra e sem edi\u00e7\u00e3o (apenas um grifo nosso para destacar os candidatos), os coment\u00e1rios e indica\u00e7\u00f5es feitas em nosso site ou enviadas por meio do Facebook ou em grupos de discuss\u00e3o.<\/p>\n<p>Esperamos que a rela\u00e7\u00e3o seja \u00fatil e que o nome do(a) novo(a) Secret\u00e1rio seja logo anunciado.<\/p>\n<p>Respeitosamente,<\/p>\n<p>Patricia Almeida e Lucio Carvalho<\/p>\n<p>Equipe Inclusive<\/p>\n<p><strong>Alexandre Baroni<\/strong> \u2013 Engenheiro Qu\u00edmico P\u00f3s-Gradua\u00e7\u00e3o em Educa\u00e7\u00e3o Especial Infantil. Coordenador dos Direitos da Pessoa com Defici\u00eancia da Bahia. Ex-Presidente do CVI Brasil e do CONADE. \u00c9 cadeirante.<\/p>\n<p><strong>Ana Paula Crosara<\/strong> \u2013 Advogada, Especialista em Direito<br \/>\nAdministrativo e Empresarial. Mestre em Geografia. Diretora de Pol\u00edticas Tem\u00e1ticas da SNPD. Ex-Conselheira do CONADE. \u00c9 cadeirante.<\/p>\n<p><strong>Ana Rita de Paula<\/strong> \u2013 Mestre e Doutora em Psicologia. Consultora do Minist\u00e9rio da Sa\u00fade. Fundadora do NID \u2013 N\u00facleo de Integra\u00e7\u00e3o do Deficiente, nos anos 80 e do CVI Aracy Anallin. \u00c9 cadeirante.<\/p>\n<p><strong>Antonio Campos de Abreu<\/strong> \u2013 Um dos criadores e ex-Presidente da FENEIS, ex-conselheiro do CONADE, membro da Federa\u00e7\u00e3o Mundial de Surdos. \u00c9 surdo.<\/p>\n<p><strong>Ethel Rosenfeld<\/strong> \u2013 Bacharel em Letras, professora especializada na educa\u00e7\u00e3o de estudantes com defici\u00eancia visual. Consultora na \u00e1rea da defici\u00eancia. Inspirou personagem usu\u00e1rio de c\u00e3o-guia em novela e foi uma das respons\u00e1veis pela lei do c\u00e3o-guia.<\/p>\n<p><strong>Fl\u00e1via Vital<\/strong> \u2013 Bacharel em Comunica\u00e7\u00e3o Social. Analista de Gest\u00e3o da Companhia de Engenharia de Tr\u00e1fego \u2013 CET de S\u00e3o Paulo. Ex-Coordenadora Geral da SNPD. Ex-Presidente do MVI Brasil e do CVI Araci Nallin. Participou do Comit\u00ea da ONU que elaborou a Conven\u00e7\u00e3o sobre os Direitos das Pessoas com Defici\u00eancia.<\/p>\n<p><strong>Fl\u00e1via Cintra<\/strong> \u2013 Jornalista, Consultora de Empresas e Ativista de Direitos Humanos e Desenvolvimento Inclusivo. Ex-diretora do Instituto Paradigma. Participou do Comit\u00ea da ONU que elaborou a Conven\u00e7\u00e3o sobre os Direitos das Pessoas com Defici\u00eancia.<\/p>\n<p><strong>Geraldo Nogueira<\/strong> \u2013 Advogado com p\u00f3s-gradua\u00e7\u00e3o em Direito e doutorando em Ci\u00eancia Jur\u00eddicas e Sociais. Presidente da comiss\u00e3o de defesa dos direitos das pessoas com defici\u00eancia OAB\/RJ. Ex-Subsecret\u00e1rio de Trabalho e Emprego do Rio de Janeiro. Fundador e Diretor Jur\u00eddico volunt\u00e1rio do Conselho Nacional dos Centros de Vida Independentes \u2013 CVI-Brasil e Vice-Presidente para a Am\u00e9rica Latina da Rehabilitation International.<\/p>\n<p><strong>Izabel Maior \u2013 <\/strong>M\u00e9dica Fisiatra com p\u00f3s-gradua\u00e7\u00e3o em medicina f\u00edsica e reabilita\u00e7\u00e3o), Mestre em Medicina F\u00edsica, Doutora em Cl\u00ednica M\u00e9dica. Especialista em Pol\u00edtica P\u00fablica e Gest\u00e3o Governamental. Titular da SNPD por 8 anos. Professora da UFRJ. Titular da Academia Brasileira de Medicina de Reabilita\u00e7\u00e3o da UFRJ. Ex-Conselheira do CONADE. Recebeu o Pr\u00eamio Cidadania 2006. Participou, do Comit\u00ea da ONU que elaborou a Conven\u00e7\u00e3o sobre os Direitos das Pessoas com Defici\u00eancia.<\/p>\n<p><strong>Jorge M\u00e1rcio Pereira de Andrade<\/strong> \u2013 M\u00e9dico Psiquiatra do CAPS Esta\u00e7\u00e3o \u2013 Servi\u00e7o de Sa\u00fade Mental \u2013 Campinas \u2013 SP, Membro do Conselho Consultivo e Cient\u00edfico do CVI \u2013 Centro de Vida Independente de Campinas \u2013 SP, Pesquisador e consultor em Novas Tecnologias, Tecnologias Assistivas, Direitos Humanos e Inclus\u00e3o\/Exclus\u00e3o Social de Pessoas com Defici\u00eancias, Fundador do DefNet \u2013 Centro de Inform\u00e1tica e Informa\u00e7\u00f5es sobre Paralisias Cerebrais.<\/p>\n<p><strong>Lia Crespo<\/strong> \u2013 Jornalista, Mestre em Comunica\u00e7\u00e3o e Doutora em Hist\u00f3ria. Uma das fundadoras e Presidente do CVI Araci Nallin\/SP. Ex-Coordenadora do site Entre Amigos e da Sorri Brasil.<\/p>\n<p><strong>Mois\u00e9s Bauer<\/strong> \u2013 Bacharel em Ci\u00eancias Jur\u00eddicas e Sociais, e especialista em Direito do Estado. Atual Presidente do CONADE. Presidente da Organiza\u00e7\u00e3o Nacional de Cegos do Brasil (ONCB). Assessor jur\u00eddico do Minist\u00e9rio P\u00fablico do RS. \u00c9 cego<\/p>\n<p><strong>Regina Atalla<\/strong> \u2013 Jornalista. Presidente da RIADIS \u2013 Rede Latinoamericana de Organiza\u00e7\u00f5es N\u00e3o-Governamentais de Pessoas com Defici\u00eancia e suas Fam\u00edlias, ex- Secret\u00e1ria da Pessoa com Defici\u00eancia do Estado da Bahia, ex-Presidente do CVI Brahia. Ex\u2019conselheira do CONADE. Tem sequela de p\u00f3lio.<\/p>\n<p><strong>Ricardo Tadeu Marques da Fonsec<\/strong>a\u2013 Especialista e Mestre em Direito do Trabalho e Processo do Trabalho e Doutor em Direito das Rela\u00e7\u00f5es Sociais.<br \/>\nDesembargador do Tribunal Regional do Trabalho do Paran\u00e1. Foi candidato do Brasil ao Comit\u00ea de Monitoramento da Conven\u00e7\u00e3o dos Direitos das Pessoas com Defici\u00eancia na ONU. Autor de v\u00e1rios livros, artigos e colaborador na reda\u00e7\u00e3o de diversas leis, decretos e normas. Participou do Comit\u00ea da ONU que elaborou a Conven\u00e7\u00e3o sobre os Direitos das Pessoas com Defici\u00eancia. \u00c9 cego.<\/p>\n<p><strong>Rosangela Berman-Bieler<\/strong> \u2013 Jornalista e editora e Mestre em Inclus\u00e3o Social. Assessora S\u00eanior sobre Crian\u00e7as com Defici\u00eancia da Se\u00e7\u00e3o de G\u00eanero, Direitos e Engajamento C\u00edvico do UNICEF. Foi especialista em inclus\u00e3o no Banco Mundial e v\u00e1rias outras ag\u00eancias internacionais. Fundadora do Instituto Interamericano sobre Defici\u00eancia e Desenvolvimento Inclusivo (IIDI). Membro das organiza\u00e7\u00f5es de empreendedorismo social Ashoka e Synergos. Pr\u00eamio Kessler da Rehabilitation International. Pr\u00eamio de Direitos Humanos da International Services.<br \/>\nPr\u00eamio Nacional de Direitos Humanos. \u00c9 cadeirante.<\/p>\n<p><em>Os curr\u00edculos foram obtidos a partir de v\u00e1rios sites e resumidos. Podem estar desatualizados. Para qualquer corre\u00e7\u00e3o, por gentileza envie email para inclusive@inclusive.org.br.<\/em><\/p>\n<p><strong>D\u00ea o seu palpite ou sugira algum nome que n\u00e3o conste desta rela\u00e7\u00e3o.<\/strong><\/p>\n<p>Publicado em s\u00e1bado, abril 16<\/p>\n<p><strong>24 coment\u00e1rios em \u201cQuem ser\u00e1 o(a) novo(a) Secret\u00e1rio(a)?\u201d<\/strong><\/p>\n<p>Luiz Baggio Neto on 16 de abril de 2011 at 16:30<\/p>\n<p>Interessante essa especula\u00e7\u00e3o, mas o perfil de um secret\u00e1rio deve reunir mais do que defici\u00eancia e milit\u00e2ncia. E bom que conhecimento t\u00e9cnico, reconhecimento un\u00e2nime pelo envolvimento com a causa e capacidade de gerir projetos estejam associados.<\/p>\n<p>Para mim, um nome \u00e9 <strong>Romeu Kazumi Sassaki<\/strong>, entre v\u00e1rios outros.<\/p>\n<p><a href=\"..\/\">Equipe Inclusive<\/a> on 16 de abril de 2011 at 19:55<\/p>\n<p>Nossa! Quantos nomes! Lendo a lista, lembrei de <strong>Luiz Cl\u00e1udio Pereira<\/strong>, do<strong> Ant\u00f4nio Jos\u00e9<\/strong> que j\u00e1 est\u00e1 l\u00e1, do <strong>Cl\u00e1udio Veresa<\/strong>, do <strong>Isaias Dias<\/strong>, da<strong> Martinha<\/strong>, <strong>Ant\u00f4nio Muniz<\/strong>, enfim\u2026 Todos militantes qualificados pol\u00edtica e tecnicamente. Penso que, mais que nomes, precisamos de proposta pol\u00edtica. \u00c9 necess\u00e1rio um nome que possa contemplar os diversos n\u00facleos ideol\u00f3gicos. Um nome que seja capaz de articular a transversalidade e que seja capaz de trabalhar pela efetiva\u00e7\u00e3o das pol\u00edt\u00edcas p\u00fablicas garantidas na nossa vasta e poderosa legisla\u00e7\u00e3o. Algu\u00e9m que atue pelo fortalecimento da Rede de Prote\u00e7\u00e3o dos Direitos das Pessoas com Defici\u00eancia. Mais que nomes, precisamos de algu\u00e9m que tenha for\u00e7a e que favore\u00e7a uma unidade. Precisamos de unidade para n\u00e3o sermos atropelados por pessoas estranhas ao segmento. Aten\u00e7\u00e3o: pessoas que podem surgir no cen\u00e1rio para contemplar Parlamentares somente n\u00e3o servem<br \/>\nAbra\u00e7os,<\/p>\n<p>Marcio Aguiar<\/p>\n<p>Regina Cohen on 17 de abril de 2011 at 12:17<\/p>\n<p>Bom pessoal,<br \/>\nMuitos nomes, mas ainda nenhum consenso.<br \/>\nO debate est\u00e1 tomando um rumo bastante saud\u00e1vel para nosso movimento.<br \/>\nPrecisamos ter toda a cautela que a escolha exige porque possuimos muitas lideran\u00e7as em potencial com bagagem e hist\u00f3ria. Diante de alguns fatos bem recentes e de alguns retrocessos que estamos vendo surgir, precisamos de muita lucidez para definir um nome que nos represente longe de todo fisiologismo pol\u00edtico, mas com muito comprometimento.<br \/>\nGistei da sugest\u00e3o feita pelo Baggio do <strong>Romeu Sassaki<\/strong>.<br \/>\nMas tamb\u00e9m teria muitos outros nomes.<br \/>\nAbra\u00e7os,<br \/>\nRegina Cohen<br \/>\nN\u00facleo Pr\u00f3-Acesso \u2013 UFRJ<\/p>\n<p><a href=\"..\/\">Equipe Inclusive<\/a> on 17 de abril de 2011 at 16:01<\/p>\n<p>Novas sugest\u00f5es da lista MVI Brasil<br \/>\n<strong>Antonio Jose<br \/>\nAntonio Muniz<br \/>\nCarlos Vereza<br \/>\nClaudia Grabois<br \/>\nIsaias Dias<br \/>\nLuiz Claudio Pereira<br \/>\nMaria Aparecida Gugel<br \/>\nMarta Gil<br \/>\nMartinha Clarete<br \/>\nRomeu Sassaki<\/strong><\/p>\n<p>Isaura Maria Rodrigues on 17 de abril de 2011 at 20:48<\/p>\n<p>Parab\u00e9ns bons nomes eu sugiro <strong>Isabel Maior<\/strong> pelas conquistas durante a sua gest\u00e3o.<\/p>\n<p>Ricardo on 17 de abril de 2011 at 22:58<\/p>\n<p>O nome certo, para renovar e crescer na causa \u00e9 <strong>CAROLINA SANCHEZ<\/strong>. J\u00e1 trabalhou na CORDE e tem total conhecimento e ampla forma\u00e7\u00e3o para suprir as necessidades que o cargo requer.<\/p>\n<p>Jose Antonio Figueiredo on 18 de abril de 2011 at 23:26<\/p>\n<p>S\u00f3 de Brasilia, muitos militantes em condi\u00e7\u00f5es de ocupar esta cadeira:<\/p>\n<p><strong>&#8211; Fernando Cota<br \/>\n&#8211; Marcia Muniz<br \/>\n&#8211; Maria de Lourdes Marques<br \/>\n&#8211; Glaucia Aguiar<br \/>\n&#8211; Luiz Mauricio<br \/>\n&#8211; Paulo Victor<\/strong><\/p>\n<p><a href=\"http:\/\/serumdeficiente.wordpress.com\/\">Amauri Nolasco Sanches Junior<\/a> on 19 de abril de 2011 at 10:59<\/p>\n<p>Penso que deveria se pensar em um nome forte e que tenha for\u00e7a de levar mudan\u00e7as, o mais importante \u00e9, ser deficiente por nascen\u00e7a. Nada contra, mas s\u00f3 quem nasce com qualquer defici\u00eancia sabe o que estou dizendo\u2026n\u00e3o sei de nenhum deles, como digo, nem o CONADE e nem o CORDE me responderam nenhum e-mail. O pr\u00f5ximo secretario (a) deveria rever a Lei de Cotas, tem muita gente n\u00e3o cumprindo ou mascarando. s\u00f3 isso<\/p>\n<p>A Imandade da Pessoa Deficiente (<a href=\"http:\/\/irmandadedef.wordpress.com\/\">http:\/\/irmandadedef.wordpress.com\/<\/a>) est\u00e1 de olho e como eu e minha noiva somos coordenadores e sentimos na pele esse tipo de abuso, vamos cobrar do secretario que entrar. Ou se faz algo, ou a Irmandade votar\u00e1 nulo.<\/p>\n<p><a href=\"http:\/\/leandramigottocerteza.blogspot.com\/\">Leandra Migotto Certeza<\/a> on 19 de abril de 2011 at 15:42<\/p>\n<p>Em primeiro lugar, o que diz a lei quando o secret\u00e1rio abandona a pasta? Quem deve escolher outro representante?<\/p>\n<p>Acredito que \u00e9 muito cedo (e indelicado!!!) para qualquer ve\u00edculo listar nomes, sem se quer perguntar aos respectivos profissionais se t\u00eam ou n\u00e3o interesse pelo cargo!<\/p>\n<p>Cabe somente aos pr\u00f3prios interessados lan\u00e7arem seus nomes publicamente, ou somente, entrarem em contato diretamente com a SNPD se candidatando!<\/p>\n<p>A discuss\u00e3o mais saud\u00e1vel que a sociedade em geral precisa fazer \u00e9 sobre o perfil e as propostas detalhadas desse futuro candidato, j\u00e1 quem ningu\u00e9m tem poder de escolher o secret\u00e1rio (a).<\/p>\n<p>Sinceramente, \u00e9 uma grande falta de respeito listarem nomes aleatoriamente, pois muitas pessoas que desejam o cargo ficar\u00e3o de fora, e outras podem ter o direito de n\u00e3o divulgarem seus interesses!<\/p>\n<p><a href=\"..\/\">Equipe Inclusive<\/a> on 20 de abril de 2011 at 16:33<\/p>\n<p>Leandra<\/p>\n<p>A prerrogativa \u00e9 exclusiva da Ministra Maria do Ros\u00e1rio, o que n\u00e3o significa que o assunto n\u00e3o possa ser debatido \u201ca portas abertas\u201d. Os nomes elencados n\u00e3o s\u00e3o de candidatos mas de pessoas que <strong>poderiam<\/strong> ser lembradas por sua trajet\u00f3ria. Qualquer pessoa que n\u00e3o desejar se candidatar e quiser retirar seu nome dos \u201cposs\u00edveis candidatos\u201d tem total liberdade para isso e aqueles que n\u00e3o foram citados podem indicar seu nome, ou n\u00e3o, caso queiram tornar isso p\u00fablico, ou n\u00e3o. Novos nomes est\u00e3o sendo incorporados por sugest\u00e3o de terceiros ou por indica\u00e7\u00e3o, o que demonstra n\u00e3o se tratar de uma lista fechada, mas apenas um modo de trazer a p\u00fablico a discuss\u00e3o sobre a composi\u00e7\u00e3o do governo, mesmo que pare\u00e7a incomum debater abertamente assuntos normalmente reservados aos \u201cbastidores pol\u00edticos\u201d. Infelizmente debater abertamente composi\u00e7\u00f5es pol\u00edticas e transpar\u00eancia p\u00fablica ainda \u00e9 considerado algo indelicado. Provavelmente n\u00e3o temos mesmo democracia suficiente para tanto, mas queremos acreditar que vale \u00e0 pena tentar mudar um pouco essa perspectiva obtusa que acaba jogando para \u201cbaixo dos panos\u201d indica\u00e7\u00f5es e discuss\u00f5es que est\u00e3o na mente e na boca de todos, de uma maneira mais democr\u00e1tica e saud\u00e1vel.<\/p>\n<p>Um abra\u00e7o<br \/>\nLucio Carvalho<br \/>\nEquipe Inclusive<\/p>\n<p>Leandro Garuffe on 23 de abril de 2011 at 11:47<\/p>\n<p>Gostaria que meu coment\u00e1rio e sugest\u00e3o fosse agregado aos coment\u00e1rios da not\u00edcia cujo tema \u00e9 : \u201cQuem ser\u00e1 o novo Secret\u00e1rio (a) \u201c, obrigado e parab\u00e9ns pelo site<br \/>\nLeandro Garufe<br \/>\nAo verificar a lista dos nomes indicados para ocupar o cargo de Secret\u00e1rio verifiquei que h\u00e1 nomes de pessoas com e sem defici\u00eancia e que merecem o cargo mas ao mesmo tempo existem outros que n\u00e3o faz o menor sentido estar ocupando a cadeira de Secret\u00e1rio, o que \u00e9 importante avaliar \u00e9 a hist\u00f3ria o compromisso e a \u00e9tica profissional com a \u00e1rea, seja pessoa com defici\u00eancia ou n\u00e3o. Afinal estamos numa democracia e n\u00e3o necessariamente \u00e9 preciso discriminar.<br \/>\nLembrei de um nome que muitos conhecem pelo Brasil a fora pelo seu empenho e dedica\u00e7\u00e3o de muitos anos e que conhe\u00e7o bem sua trajet\u00f3ria, <strong>Prof. Jos\u00e9 Rafael Miranda<\/strong> que tem um tr\u00e2mite entre v\u00e1rios setores e que admiro muito pela sua simplicidade e capacidade t\u00e9cnica diante a sua dedica\u00e7\u00e3o de muitos anos na \u00e1rea.<br \/>\nO professor Rafael pelo que conhe\u00e7o e cujo curr\u00edculo pode ser acessado pela Plataforma Lattes \u00e9 Mestre em Educa\u00e7\u00e3o, professor pesquisador da Universidade de Tsukuba no Jap\u00e3o, foi professor e Diretor do Ensino Especial da Secretaria de Educa\u00e7\u00e3o do Distrito Federal, foi Coordenador da \u00e1rea da Educa\u00e7\u00e3o Especial da Faculdade de Educa\u00e7\u00e3o da Universidade de Bras\u00edlia, foi coordenador da \u00e1rea pedag\u00f3gica da Secretaria de Educa\u00e7\u00e3o Especial do Minist\u00e9rio da Educa\u00e7\u00e3o, foi assessor, chefe de gabinete e secret\u00e1rio substituto da Dr\u00aa Izabel Maior outra excelente profissional pautada dentro da \u00e9tica e do profissionalismo da Secretaria Nacional de Promo\u00e7\u00e3o dos Direitos da Pessoa com Defici\u00eancia da Secretaria de Direitos Humanos da Presid\u00eancia da Rep\u00fablica. Atualmente est\u00e1 como assessor do Gabinete da Secretaria Nacional de Promo\u00e7\u00e3o e Defesa dos Direitos Humanos da Presid\u00eancia da Rep\u00fablica , portanto este \u00e9 um nome que deve fazer parte daqueles que lutam pela pessoa com defici\u00eancia no Brasil. Fica minha sugest\u00e3o<\/p>\n<p><a href=\"..\/\">Equipe Inclusive<\/a> on 23 de abril de 2011 at 12:55<\/p>\n<p>Obrigada a todos pelas sugestoes feitas ate agora. Receberemos comentarios ate a segunda-feira, dia 25\/4, quando encaminharemos todos a Ministra Maria do Rosario como forma de auxliar sua decisao de apontar novo titular a SNPD.<br \/>\nAtt,<br \/>\nPatricia Almeida<br \/>\nEquipe Inclusive<\/p>\n<p><a href=\"..\/\">Equipe Inclusive<\/a> on 23 de abril de 2011 at 14:58<\/p>\n<p>Gostar\u00edamos de sugerir um nome que tem feito muita diferen\u00e7a principalmente no Amazonas, sua milit\u00e2ncia \u00e9 incans\u00e1vel e consegue trabalhar de forma transversal as Pol\u00edticas P\u00fablicas.<\/p>\n<p><strong>Ronaldo Andre B\u00e1cry Brasil<\/strong><\/p>\n<p>Presidente do Conselho Municipal dos Direitos da Pessoa com Defici\u00eancia de Manaus;<\/p>\n<p>Fundador do Centro de Vida Independente do Amazonas;<\/p>\n<p>Foi Coordenador da Comiss\u00e3o Estadual de Apoio as Pessoas com Defici\u00eancia do Amazonas\u2013CEPADE-AM;<\/p>\n<p>Fundador do F\u00f3rum Estadual Permanente de Apoio a Pessoa com Defici\u00eancia do Amazonas;<\/p>\n<p>Presidente da Comiss\u00e3o Permanente de Acessibilidade do CMDPD (Termo de Coopera\u00e7\u00e3o T\u00e9cnica com o Minist\u00e9rio Publico do Amazonas);<\/p>\n<p>Coordenou a comiss\u00e3o de cria\u00e7\u00e3o do Conselho Municipal e Estadual da Pessoa com Defici\u00eancia do Amazonas;<\/p>\n<p>Participa dos seguintes conselhos:<\/p>\n<p>Conselho Estadual de Esporte \u2013 Vice-Presidente<\/p>\n<p>Conselho Estadual dos Direitos da Pessoa com Defici\u00eancia \u2013 Titular<\/p>\n<p>Conselho Municipal de Sa\u00fade de Manaus \u2013 Membro da Diretoria<\/p>\n<p>Conselho Municipal de Assist\u00eancia Social \u2013 Titular<\/p>\n<p>Conselho Municipal dos Direitos da Pessoa com Defici\u00eancia de Manaus \u2013 Presidente<\/p>\n<p>Conselho Municipal de Alimenta\u00e7\u00e3o Escolar \u2013 Suplente<\/p>\n<p>De suas significativas contribui\u00e7\u00f5es, destacamos ainda, a participa\u00e7\u00e3o na elabora\u00e7\u00e3o e aprova\u00e7\u00e3o do Plano Municipal de Sa\u00fade da Pessoa com Defici\u00eancia, Manaus, Setembro\/09 e a inser\u00e7\u00e3o no sistema de informa\u00e7\u00e3o de todas as Pol\u00edticas P\u00fablicas, campos de registros sobre a defici\u00eancia como forma de contribuir na constru\u00e7\u00e3o de indicadores para o monitoramento e avalia\u00e7\u00e3o destas, proposta apresentada e aprovada na Plen\u00e1ria Nacional de Sa\u00fade, Bras\u00edlia, 2008.<\/p>\n<p>Certos de estar contribuindo com o processo de constru\u00e7\u00e3o.<\/p>\n<p>Att.<\/p>\n<p>\u00c2ngela Maria Nunes de Castro<\/p>\n<p>Secretaria Municipal de Sa\u00fade-SEMSA<\/p>\n<p><a href=\"..\/\">Equipe Inclusive<\/a> on 23 de abril de 2011 at 15:08<\/p>\n<p>Espero que seja algu\u00e9m que aja de maneira firme pela inclus\u00e3o e acessibilidade de todas as pessoas com defici\u00eancia. Atualizada quanto \u00e0 legisla\u00e7\u00e3o e conceitos, \u00e9tica, \u00e1vida por novos caminhos, livre de r\u00e9deas e de absoluta transpar\u00eancia, especialmente quanto \u00e0 destina\u00e7\u00e3o e controle de repasses de recursos.<br \/>\nQuem tiver esse perfil, deve ter todo o nosso apoio.<\/p>\n<p>Fl\u00e1vio Scavasin<\/p>\n<p>Heloisa on 23 de abril de 2011 at 16:40<\/p>\n<p>Meu voto vai para <strong>DR RICARDO TADEU<\/strong> (vide curriculum acima)<br \/>\nJUSTIFICATIVA<br \/>\nA pessoa a ocupar o cargo de \u201cSecret\u00e1rio\u201d deve reunir as seguintes caracteristicas:<\/p>\n<p>1.Ser pessoa com defic\u00eancia, cumprindo \u201cnada de nos sem nos\u201d , demonstrando que pessoas com defici\u00eancia s\u00e2o capazes de se representar. Colocar uma pessoa sem defici\u00eancia e um retrocesso nos avan\u00e7os ate hoje alcan\u00e7ados.<br \/>\n2.Engajamento com as diversas \u00e1reas de deficiencia.<br \/>\n3.Conhecimento e experiencia com Politicas Publicas<br \/>\n4.Lideran\u00e7a e persist\u00eancia em dire\u00e7\u00e3o a acessibilidade<\/p>\n<p>Luiz Baggio Neto on 23 de abril de 2011 at 17:39<\/p>\n<p>Essa lista continua refletindo, salvo um nome ou outro, aquelas pessoas que gravitaram em torno da CORDE nesses anos.Posso dizer por experi\u00eancia pr\u00f3pria: na pr\u00e1tica da gest\u00e3o p\u00fablica, a teoria \u00e9 outra.<br \/>\nBoa sorte a todos n\u00f3s.<\/p>\n<p>Baggio<\/p>\n<p>janilton lima on 23 de abril de 2011 at 19:41<\/p>\n<p>Leandra Migoto est\u00e1 certa, como sempre..o que garante que essas pessoas querem e podem?? se eu pudess escolhreria <strong>Alexandre<\/strong>, pois, copiando o Luiz Baggio, get\u00e3o publica \u00e9 outra coisa\u2026<\/p>\n<p><a href=\"..\/\">Equipe Inclusive<\/a> on 23 de abril de 2011 at 20:57<\/p>\n<p>N\u00e3o sei porque a cadeira ainda est\u00e1 vazia, temos tantos nomes competentes para ocup\u00e1-la! Se n\u00e3o tiverem ninguem, sento eu l\u00e1\u2026. mas, para n\u00e3on advogar em causa pr\u00f3pria, que tal a <strong>Dra. Lais Figueiredo Lopes,<\/strong> participou integralmente da CDPD, comp\u00f5e o CONADE, tem amplo conhecimento da causa\u2026<\/p>\n<p>Adelino Ozores<\/p>\n<p>Socorro Cavalcante on 25 de abril de 2011 at 16:45<\/p>\n<p>Gostaria de incluir nesta lista a psic\u00f3loga cearense <strong>Ana Beatriz Silva Th\u00e9 Praxedes<\/strong>, que escolheu desde cedo trilhar e militar a favor dos direitos humanos. Atuando na \u00e1rea social em sua cidade, Fortaleza, desde a \u00e9poca dos est\u00e1gios na universidade por escolha profissional e pessoal, \u00e9 uma pessoa pr\u00f3-ativa, \u00e9tica e comprometida.<\/p>\n<p>S\u00e3o fruto de seu talento e ativa participa\u00e7\u00e3o a funda\u00e7\u00e3o de duas ONGs, o Instituto Ra\u00edzes e o Movimento VIDA \u2013 Vida, Independ\u00eancia, Dignidade, Direito e A\u00e7\u00e3o, e uma vasta atua\u00e7\u00e3o na \u00e1rea governamental que tem repercuss\u00e3o no \u00e2mbito regional, nacional e internacional.<\/p>\n<p>Para exemplificar melhor o que digo, segue abaixo um pouco de sua experi\u00eancia profissional:<\/p>\n<p>Psic\u00f3loga com especializa\u00e7\u00e3o em Psicologia Cl\u00ednica, com atua\u00e7\u00e3o em Psicoterapia Junguiana e Gestalt-terapia. Atendimento cl\u00ednico em psicoterapia individual e grupal a pessoas com e sem defici\u00eancia<\/p>\n<p>&#8211; \u00c1rea governamental<\/p>\n<p>Assessora Especial da Secret\u00e1ria Nacional de Promo\u00e7\u00e3o dos Direitos da Pessoa com Defici\u00eancia da Secretaria Nacional de Promo\u00e7\u00e3o dos Direitos da Pessoa com Defici\u00eancia da Secretaria de Direitos Humanos da Presid\u00eancia da Rep\u00fablica<\/p>\n<p>Assessorou a Secret\u00e1ria Nacional de Promo\u00e7\u00e3o dos Direitos da Pessoa com Defici\u00eancia, no que diz respeito \u00e0 gest\u00e3o da pol\u00edtica p\u00fablica nacional da pessoa com defici\u00eancia, no sentido de articula\u00e7\u00e3o, acompanhamento e implementa\u00e7\u00e3o das diversas pol\u00edticas existentes na esfera federal de forma intersetorial e transversal.<\/p>\n<p>Co-coordenadora do projeto Cidade Acess\u00edvel \u00e9 Direitos Humanos, lan\u00e7ado em 1\u00ba. de julho de 2010. Participou da Reuni\u00e3o da SEDISCAP\/OEA em Buenos Aires, Argentina, em agosto de 2010.<\/p>\n<p>Conselheira suplente representado a SDH no Conselho Nacional dos Direitos das Pessoas com Defici\u00eancia \u2013 Conade e membro da Comiss\u00e3o de Articula\u00e7\u00e3o de Conselhos.<\/p>\n<p>Coordenadora Adjunta da Coordenadoria de Pol\u00edticas P\u00fablicas para Pessoas com Defici\u00eancia \u2013 Copedef \u2013 da Secretaria de Direitos Humanos de Fortaleza \u2013 SDH<\/p>\n<p>Assessorou a Secretaria de Direitos Humanos de Fortaleza \u2013 SDH, no que diz respeito \u00e0 gest\u00e3o de pol\u00edticas p\u00fablicas voltadas \u00e0 inclus\u00e3o da pessoa com defici\u00eancia, no sentido de implementa\u00e7\u00e3o, orienta\u00e7\u00e3o a sua atua\u00e7\u00e3o. Tamb\u00e9m desempenhando uma fun\u00e7\u00e3o articuladora de pol\u00edticas p\u00fablicas existentes na esfera municipal.<\/p>\n<p>1\u00aa Coordenadora do Centro de Refer\u00eancia Especializado da Assist\u00eancia Social \u2013 CREAS \u2013 Secretaria Municipal da Assist\u00eancia Social \u2013 SEMAS<\/p>\n<p>Implanta\u00e7\u00e3o do 1\u00ba CREAS Municipal \u2013 Atendimento \u00e0 popula\u00e7\u00e3o de Fortaleza na \u00e1rea de viol\u00eancia e de viola\u00e7\u00e3o de direitos, tendo como p\u00fablicos priorit\u00e1rios: a pessoa idosa, as pessoas com defici\u00eancia, a popula\u00e7\u00e3o LGBTT, crian\u00e7as e adolescentes, e a diversidade \u00e9tnica racial.<\/p>\n<p>&#8211; \u00c1rea n\u00e3o governamental:<\/p>\n<p>Mais Diferen\u00e7as, S\u00e3o Paulo<br \/>\nConsultora na \u00e1rea de forma\u00e7\u00e3o de inclus\u00e3o educacional e econ\u00f4mica de pessoas com defici\u00eancia. Forma\u00e7\u00e3o de Grupos de Fam\u00edlias e alunos. Defesa de Direitos Humanos. Pol\u00edticas p\u00fablicas.<\/p>\n<p>Instituto Paradigma, S\u00e3o Paulo<br \/>\nCoordenadora do Programa de Inclus\u00e3o Educacional. Direitos humanos. Inclus\u00e3o Educacional das pessoas com defici\u00eancia e pol\u00edticas p\u00fablicas.<\/p>\n<p>Instituto VIDA em Movimento<br \/>\nPresidente e fundadora da organiza\u00e7\u00e3o que atua em prol da cidadania aut\u00f4noma, da inclus\u00e3o social e da legitima\u00e7\u00e3o dos direitos das pessoas com defici\u00eancia. Direitos humanos, Inclus\u00e3o Social das pessoas com defici\u00eancia e Pol\u00edticas P\u00fablicas.<\/p>\n<p>Instituto de Desenvolvimento Integrado Ra\u00edzes<br \/>\nPresidente, fundadora e Gerente de Projetos da \u00e1rea de Inclus\u00e3o social da pessoa com defici\u00eancia. Elabora\u00e7\u00e3o, coordena\u00e7\u00e3o e execu\u00e7\u00e3o do Projeto Capacita\u00e7\u00e3o Solid\u00e1ria para cuidadores de pessoas com defici\u00eancia motora, 2000. Coordenadora e formadora do Curso: Aprendendo a Conviver com as Diferen\u00e7as e as Diversidades \u2013 Enfocando a quest\u00e3o da Defici\u00eancia \u2013 para profissionais, estudantes, pessoas com defici\u00eancia e interessados na tem\u00e1tica da defici\u00eancia.<\/p>\n<p>3 \u2013 Atividades de Pesquisa:<\/p>\n<p>Centro Internacional de Reabilita\u00e7\u00e3o (CIR) Investigadora respons\u00e1vel no Brasil pelo Monitoramento Internacional dos Direitos das Pessoas com Defici\u00eancia \u2013 IDRM 2003, para documentar, em cada pa\u00eds, o progresso, os problemas e as barreiras que experimentam as pessoas com defici\u00eancia nos pa\u00edses das Am\u00e9ricas. Direitos humanos, Inclus\u00e3o Social das pessoas com defici\u00eancia. Entre 2003 e 2004. Publica\u00e7\u00e3o: International Disability Rights Monitor (IDRM) Regional Report of the Americas, 2004.<\/p>\n<p>Esta pesquisa conferiu ao Brasil e ao Presidente Luiz In\u00e1cio Lula da Silva o pr\u00eamio de Pol\u00edticas P\u00fablicas para as Pessoas com Defici\u00eancia. O Brasil foi classificado entre os cinco pa\u00edses mais inclusivos das Am\u00e9ricas.<\/p>\n<p>Ag\u00eancia de Not\u00edcias dos Direitos da Inf\u00e2ncia \u2013 ANDI<br \/>\nConsultora do projeto M\u00eddia e Defici\u00eancia, promovido pela Rede ANDI e a Funda\u00e7\u00e3o Banco do Brasil. Direitos humanos, Inclus\u00e3o Social das pessoas com defici\u00eancia e m\u00eddia, que deu origem \u00e0 publica\u00e7\u00e3o M\u00eddia e Diversidade. Durante 2003,<\/p>\n<p>4 \u2013 Participa\u00e7\u00e3o em Conselhos<\/p>\n<p>Conselho Nacional dos Direitos das Pessoas com Defici\u00eancia \u2013 Conade<br \/>\nConselheira suplente representando a SDH.<br \/>\nConselho Estadual dos Direitos das Pessoas com Defici\u00eancia do Cear\u00e1<br \/>\nConselheira Titular representado as Pessoas com Defici\u00eancia M\u00faltipla.<br \/>\nConselho Estadual de Sa\u00fade \u2013 CESAU, Fortaleza<br \/>\nConselheira Titular representado as Pessoas com Defici\u00eancia.<br \/>\nN\u00facleo Estadual de Capacita\u00e7\u00e3o de Conselheiros Municipais e Estaduais de Sa\u00fade, Cear\u00e1<br \/>\nX Confer\u00eancia Cient\u00edfica Latino-Americana para Educa\u00e7\u00e3o Especial, Havana, Cuba \u2013 2002<br \/>\nDelegada representando as pessoas com defici\u00eancia atrav\u00e9s do Conselho Estadual de Sa\u00fade \u2013 CESAU do Cear\u00e1. Em 2002.<br \/>\nParticipa\u00e7\u00e3o nas reuni\u00f5es preparat\u00f3rias da Conven\u00e7\u00e3o sobre os direitos das Pessoas com Defici\u00eancia da ONU<br \/>\nConectas Direitos Humanos, S\u00e3o Paulo<br \/>\nParticipa\u00e7\u00e3o no III Col\u00f3quio Internacional de Direitos Humanos \u2013 Rede Di\u00e1logo DH com mais de 40 pa\u00edses da Am\u00e9rica Latina, \u00c1sia e \u00c1frica. Em 2003.<\/p>\n<p>6 \u2013 Publica\u00e7\u00e3o relevante<\/p>\n<p>1\u00ba Informe do Monitoramento Internacional dos Direitos das Pessoas com Defici\u00eancia \u2013 IDRM 2003, dedicado em sua primeira fase aos pa\u00edses das Am\u00e9ricas \u2013 referente ao Brasil, uma iniciativa do Centro Internacional de Reabilita\u00e7\u00e3o (CIR).<\/p>\n<p>7 \u2013 Expertise em Inclus\u00e3o e Defici\u00eancia<\/p>\n<p>Reconhecida com um dos 50 talentos do livro 50 Talentos para a Inclus\u00e3o, lan\u00e7ado em 15\/10\/2003, pela \u00c1urea Editora, em comemora\u00e7\u00e3o ao anivers\u00e1rio de tr\u00eas anos do projeto da Revista Sentidos.<\/p>\n<p>Agrade\u00e7o a aten\u00e7\u00e3o.<\/p>\n<p><a href=\"..\/\">Equipe Inclusive<\/a> on 25 de abril de 2011 at 17:43<\/p>\n<p><strong>Marco Antonio de Queiroz (MAQ)<\/strong><\/p>\n<p>Indicado por \u201cFATIMA\u201d , da lista MVIBRASIL<\/p>\n<p>Valeska Th\u00e9 on 25 de abril de 2011 at 17:44<\/p>\n<p>Concordo plenamente com a sugest\u00e3o de Socorro Cavalcante, por ser <strong>Ana Beatriz Praxedes<\/strong>, uma profissional \u00e9tica e comprometida com os direitos humanos, em especial com relevante trabalho na \u00e1rea dos direitos das pessoas com defici\u00eancia. A qual recentemente integrou a equipe da SNPD, onde p\u00f4de contribuir com a solidifica\u00e7\u00e3o da pol\u00edca nacional, agora com status de secretaria. Precisamos de algu\u00e9m que realize um trabalho s\u00e9rio e competente no intuito da amplia\u00e7\u00e3o e fortalecimento das conquistas realizadas at\u00e9 ent\u00e3o,<\/p>\n<p><a href=\"..\/\">Equipe Inclusive<\/a> on 26 de abril de 2011 at 0:30<\/p>\n<p>Eu sujiroo nome da conceituada <strong>Dr.\u00aa Regina Cohen<\/strong>, falo antes mesmo de saber a opini\u00e3o dela pr\u00f3pria, j\u00e1 que outros nomes est\u00e3o sendo sugeridos e tamb\u00e9m por saber de sua hist\u00f3ria como militante da ACESSIBILIDADE! Dr.\u00aa Regina \u00e9 arquiteta, cadeirante,, mestra da UFRJ. Tem uma cartilha junto com a Dr.\u00aa Cristiane Rose, tamb\u00e9m mestra e arquiteta da FAU sobre acessibilidade. Sou f\u00e3 dela como pessoa e como profissional, pela preocupa\u00e7\u00e3o e pelo trabalho de conscientiza\u00e7\u00e3o, pesquisa e orienta\u00e7\u00e3o que faz com os alunos da UFRJ sobre o desenho universal aqui no Rio de Janeiro! Minha preocupa\u00e7\u00e3o constante com a acessibilidade me faz sugerir este nome. Ela \u00e9 nossa amiga aqui. Acho que seria um nome de peso e de efici\u00eancia para n\u00f3s. Precisamos estar nas esferas das Secretarias, Minist\u00e9rios, Governos\u2026 Somos competentes e \u00e9 ideal que DEFICIENTES COM FORMA\u00c7\u00c3O, OCUPEM SUAS \u00c1REAS. L\u00f3gico que n\u00e3o quero aqui exigir, mas \u00e9 imprescid\u00edvel que estejamos \u00e0 frente, com compet\u00eancia tra\u00e7ando nossa hist\u00f3ria e nossos melhores caminhos\u2026<br \/>\nElizabeth Marge (via Facebook)<\/p>\n<p><a href=\"..\/\">Equipe Inclusive<\/a> on 26 de abril de 2011 at 0:31<\/p>\n<p>Sugiro <strong>Alex Garcia<\/strong>, Formado Pela UFSM\/RS em educa\u00e7\u00e3o especial, surdocego com vasta experi\u00eancia no tema da Inclus\u00e3o. Ganhador de v\u00e1rios pr\u00eamios pela luta dos direitos da Pessoa com Defici\u00eancia. Pessoa de atitude e carater exemplar! Tambem deve ser lembrado.<br \/>\nMichel Inacio Schlindwein Salguero (via Facebook)<\/p>\n<p><a href=\"http:\/\/www.todosnos.unicamp.br:8080\/lab\/\">Deise Tallarico Pupo<\/a> on 26 de abril de 2011 at 11:15<\/p>\n<p>Sugiro <strong>Vinicius Gaspar Garcia<\/strong>, doutor em Economia pela UNICAMP (Tese de doutorado: \u201cPessoas com defici\u00eancia e Mercado de Trabalho \u2013 Hist\u00f3rico e Contexto Contempor\u00e2neo\u201d<br \/>\nOrientador: Waldir Jos\u00e9 de Quadros<br \/>\nUnidade: Instituto de Economia (IE); Vinicius \u00e9 presidente do Centro de Vida Independente de Campinas e cadeirante \ufeff<\/p>\n","protected":false},"excerpt":{"rendered":"<p>Esperamos que a rela\u00e7\u00e3o seja \u00fatil e que o nome do(a) novo(a) Secret\u00e1rio(a) seja logo anunciado.<\/p>\n","protected":false},"author":1,"featured_media":0,"comment_status":"closed","ping_status":"open","sticky":false,"template":"","format":"standard","meta":{"site-container-style":"default","site-container-layout":"default","site-sidebar-layout":"default","disable-article-header":"default","disable-site-header":"default","disable-site-footer":"default","disable-content-area-spacing":"default","footnotes":""},"categories":[35,38,4,49],"tags":[],"class_list":["post-19249","post","type-post","status-publish","format-standard","hentry","category-de-nossa-parte","category-deficiencia","category-noticias","category-politicas-publicas"],"yoast_head":"<!-- This site is optimized with the Yoast SEO plugin v27.4 - https:\/\/yoast.com\/product\/yoast-seo-wordpress\/ -->\n<title>Indica\u00e7\u00f5es para o cargo de Secretaria Nacional da Pessoa com Defici\u00eancia -<\/title>\n<meta name=\"robots\" content=\"index, follow, max-snippet:-1, max-image-preview:large, max-video-preview:-1\" \/>\n<link rel=\"canonical\" href=\"https:\/\/inclusivenews.com.br\/?p=19249\" \/>\n<meta property=\"og:locale\" content=\"pt_PT\" \/>\n<meta property=\"og:type\" content=\"article\" \/>\n<meta property=\"og:title\" content=\"Indica\u00e7\u00f5es para o cargo de Secretaria Nacional da Pessoa com Defici\u00eancia -\" \/>\n<meta property=\"og:description\" content=\"Esperamos que a rela\u00e7\u00e3o seja \u00fatil e que o nome do(a) novo(a) Secret\u00e1rio(a) seja logo anunciado.\" \/>\n<meta property=\"og:url\" content=\"https:\/\/inclusivenews.com.br\/?p=19249\" \/>\n<meta property=\"article:publisher\" content=\"https:\/\/www.facebook.com\/agenciainclusive\/\" \/>\n<meta property=\"article:published_time\" content=\"2011-04-26T16:51:21+00:00\" \/>\n<meta property=\"og:image\" content=\"http:\/\/inclusivenews.com.br\/wp-content\/uploads\/2011\/02\/REVISTA-INCLUSIVE.jpg\" \/>\n<meta name=\"author\" content=\"inclusivenews2024\" \/>\n<meta name=\"twitter:card\" content=\"summary_large_image\" \/>\n<meta name=\"twitter:label1\" content=\"Escrito por\" \/>\n\t<meta name=\"twitter:data1\" content=\"inclusivenews2024\" \/>\n\t<meta name=\"twitter:label2\" content=\"Tempo estimado de leitura\" \/>\n\t<meta name=\"twitter:data2\" content=\"24 minutos\" \/>\n<script type=\"application\/ld+json\" class=\"yoast-schema-graph\">{\"@context\":\"https:\\\/\\\/schema.org\",\"@graph\":[{\"@type\":\"Article\",\"@id\":\"https:\\\/\\\/inclusivenews.com.br\\\/?p=19249#article\",\"isPartOf\":{\"@id\":\"https:\\\/\\\/inclusivenews.com.br\\\/?p=19249\"},\"author\":{\"name\":\"inclusivenews2024\",\"@id\":\"https:\\\/\\\/inclusivenews.com.br\\\/#\\\/schema\\\/person\\\/ae4ec7087559b8692fb33b6fffd2273b\"},\"headline\":\"Indica\u00e7\u00f5es para o cargo de Secretaria Nacional da Pessoa com Defici\u00eancia\",\"datePublished\":\"2011-04-26T16:51:21+00:00\",\"mainEntityOfPage\":{\"@id\":\"https:\\\/\\\/inclusivenews.com.br\\\/?p=19249\"},\"wordCount\":4741,\"publisher\":{\"@id\":\"https:\\\/\\\/inclusivenews.com.br\\\/#organization\"},\"image\":{\"@id\":\"https:\\\/\\\/inclusivenews.com.br\\\/?p=19249#primaryimage\"},\"thumbnailUrl\":\"http:\\\/\\\/inclusivenews.com.br\\\/wp-content\\\/uploads\\\/2011\\\/02\\\/REVISTA-INCLUSIVE.jpg\",\"articleSection\":[\"+ De nossa parte\",\"Defici\u00eancia\",\"NOT\u00cdCIAS\",\"Pol\u00edticas p\u00fablicas\"],\"inLanguage\":\"pt-PT\"},{\"@type\":\"WebPage\",\"@id\":\"https:\\\/\\\/inclusivenews.com.br\\\/?p=19249\",\"url\":\"https:\\\/\\\/inclusivenews.com.br\\\/?p=19249\",\"name\":\"Indica\u00e7\u00f5es para o cargo de Secretaria Nacional da Pessoa com Defici\u00eancia -\",\"isPartOf\":{\"@id\":\"https:\\\/\\\/inclusivenews.com.br\\\/#website\"},\"primaryImageOfPage\":{\"@id\":\"https:\\\/\\\/inclusivenews.com.br\\\/?p=19249#primaryimage\"},\"image\":{\"@id\":\"https:\\\/\\\/inclusivenews.com.br\\\/?p=19249#primaryimage\"},\"thumbnailUrl\":\"http:\\\/\\\/inclusivenews.com.br\\\/wp-content\\\/uploads\\\/2011\\\/02\\\/REVISTA-INCLUSIVE.jpg\",\"datePublished\":\"2011-04-26T16:51:21+00:00\",\"breadcrumb\":{\"@id\":\"https:\\\/\\\/inclusivenews.com.br\\\/?p=19249#breadcrumb\"},\"inLanguage\":\"pt-PT\",\"potentialAction\":[{\"@type\":\"ReadAction\",\"target\":[\"https:\\\/\\\/inclusivenews.com.br\\\/?p=19249\"]}]},{\"@type\":\"ImageObject\",\"inLanguage\":\"pt-PT\",\"@id\":\"https:\\\/\\\/inclusivenews.com.br\\\/?p=19249#primaryimage\",\"url\":\"\",\"contentUrl\":\"\"},{\"@type\":\"BreadcrumbList\",\"@id\":\"https:\\\/\\\/inclusivenews.com.br\\\/?p=19249#breadcrumb\",\"itemListElement\":[{\"@type\":\"ListItem\",\"position\":1,\"name\":\"In\u00edcio\",\"item\":\"https:\\\/\\\/inclusivenews.com.br\\\/\"},{\"@type\":\"ListItem\",\"position\":2,\"name\":\"Indica\u00e7\u00f5es para o cargo de Secretaria Nacional da Pessoa com Defici\u00eancia\"}]},{\"@type\":\"WebSite\",\"@id\":\"https:\\\/\\\/inclusivenews.com.br\\\/#website\",\"url\":\"https:\\\/\\\/inclusivenews.com.br\\\/\",\"name\":\"Inclusive News\",\"description\":\"Inclusive News\",\"publisher\":{\"@id\":\"https:\\\/\\\/inclusivenews.com.br\\\/#organization\"},\"potentialAction\":[{\"@type\":\"SearchAction\",\"target\":{\"@type\":\"EntryPoint\",\"urlTemplate\":\"https:\\\/\\\/inclusivenews.com.br\\\/?s={search_term_string}\"},\"query-input\":{\"@type\":\"PropertyValueSpecification\",\"valueRequired\":true,\"valueName\":\"search_term_string\"}}],\"inLanguage\":\"pt-PT\"},{\"@type\":\"Organization\",\"@id\":\"https:\\\/\\\/inclusivenews.com.br\\\/#organization\",\"name\":\"Inclusive - inclus\u00e3o e cidadania\",\"url\":\"https:\\\/\\\/inclusivenews.com.br\\\/\",\"logo\":{\"@type\":\"ImageObject\",\"inLanguage\":\"pt-PT\",\"@id\":\"https:\\\/\\\/inclusivenews.com.br\\\/#\\\/schema\\\/logo\\\/image\\\/\",\"url\":\"https:\\\/\\\/inclusivenews.com.br\\\/wp-content\\\/uploads\\\/2024\\\/03\\\/@grandesite.png\",\"contentUrl\":\"https:\\\/\\\/inclusivenews.com.br\\\/wp-content\\\/uploads\\\/2024\\\/03\\\/@grandesite.png\",\"width\":1080,\"height\":1080,\"caption\":\"Inclusive - inclus\u00e3o e cidadania\"},\"image\":{\"@id\":\"https:\\\/\\\/inclusivenews.com.br\\\/#\\\/schema\\\/logo\\\/image\\\/\"},\"sameAs\":[\"https:\\\/\\\/www.facebook.com\\\/agenciainclusive\\\/\",\"https:\\\/\\\/www.instagram.com\\\/newsinclusive\\\/\"]},{\"@type\":\"Person\",\"@id\":\"https:\\\/\\\/inclusivenews.com.br\\\/#\\\/schema\\\/person\\\/ae4ec7087559b8692fb33b6fffd2273b\",\"name\":\"inclusivenews2024\",\"image\":{\"@type\":\"ImageObject\",\"inLanguage\":\"pt-PT\",\"@id\":\"https:\\\/\\\/secure.gravatar.com\\\/avatar\\\/c5a7ef84c66fa914f55bc4f7ce26cfa275a3b9a1c5568b907bd184fb4dde7b40?s=96&d=mm&r=g\",\"url\":\"https:\\\/\\\/secure.gravatar.com\\\/avatar\\\/c5a7ef84c66fa914f55bc4f7ce26cfa275a3b9a1c5568b907bd184fb4dde7b40?s=96&d=mm&r=g\",\"contentUrl\":\"https:\\\/\\\/secure.gravatar.com\\\/avatar\\\/c5a7ef84c66fa914f55bc4f7ce26cfa275a3b9a1c5568b907bd184fb4dde7b40?s=96&d=mm&r=g\",\"caption\":\"inclusivenews2024\"},\"sameAs\":[\"https:\\\/\\\/inclusivenews.com.br\"],\"url\":\"https:\\\/\\\/inclusivenews.com.br\\\/?author=1\"}]}<\/script>\n<!-- \/ Yoast SEO plugin. -->","yoast_head_json":{"title":"Indica\u00e7\u00f5es para o cargo de Secretaria Nacional da Pessoa com Defici\u00eancia -","robots":{"index":"index","follow":"follow","max-snippet":"max-snippet:-1","max-image-preview":"max-image-preview:large","max-video-preview":"max-video-preview:-1"},"canonical":"https:\/\/inclusivenews.com.br\/?p=19249","og_locale":"pt_PT","og_type":"article","og_title":"Indica\u00e7\u00f5es para o cargo de Secretaria Nacional da Pessoa com Defici\u00eancia -","og_description":"Esperamos que a rela\u00e7\u00e3o seja \u00fatil e que o nome do(a) novo(a) Secret\u00e1rio(a) seja logo anunciado.","og_url":"https:\/\/inclusivenews.com.br\/?p=19249","article_publisher":"https:\/\/www.facebook.com\/agenciainclusive\/","article_published_time":"2011-04-26T16:51:21+00:00","og_image":[{"url":"http:\/\/inclusivenews.com.br\/wp-content\/uploads\/2011\/02\/REVISTA-INCLUSIVE.jpg","type":"","width":"","height":""}],"author":"inclusivenews2024","twitter_card":"summary_large_image","twitter_misc":{"Escrito por":"inclusivenews2024","Tempo estimado de leitura":"24 minutos"},"schema":{"@context":"https:\/\/schema.org","@graph":[{"@type":"Article","@id":"https:\/\/inclusivenews.com.br\/?p=19249#article","isPartOf":{"@id":"https:\/\/inclusivenews.com.br\/?p=19249"},"author":{"name":"inclusivenews2024","@id":"https:\/\/inclusivenews.com.br\/#\/schema\/person\/ae4ec7087559b8692fb33b6fffd2273b"},"headline":"Indica\u00e7\u00f5es para o cargo de Secretaria Nacional da Pessoa com Defici\u00eancia","datePublished":"2011-04-26T16:51:21+00:00","mainEntityOfPage":{"@id":"https:\/\/inclusivenews.com.br\/?p=19249"},"wordCount":4741,"publisher":{"@id":"https:\/\/inclusivenews.com.br\/#organization"},"image":{"@id":"https:\/\/inclusivenews.com.br\/?p=19249#primaryimage"},"thumbnailUrl":"http:\/\/inclusivenews.com.br\/wp-content\/uploads\/2011\/02\/REVISTA-INCLUSIVE.jpg","articleSection":["+ De nossa parte","Defici\u00eancia","NOT\u00cdCIAS","Pol\u00edticas p\u00fablicas"],"inLanguage":"pt-PT"},{"@type":"WebPage","@id":"https:\/\/inclusivenews.com.br\/?p=19249","url":"https:\/\/inclusivenews.com.br\/?p=19249","name":"Indica\u00e7\u00f5es para o cargo de Secretaria Nacional da Pessoa com Defici\u00eancia -","isPartOf":{"@id":"https:\/\/inclusivenews.com.br\/#website"},"primaryImageOfPage":{"@id":"https:\/\/inclusivenews.com.br\/?p=19249#primaryimage"},"image":{"@id":"https:\/\/inclusivenews.com.br\/?p=19249#primaryimage"},"thumbnailUrl":"http:\/\/inclusivenews.com.br\/wp-content\/uploads\/2011\/02\/REVISTA-INCLUSIVE.jpg","datePublished":"2011-04-26T16:51:21+00:00","breadcrumb":{"@id":"https:\/\/inclusivenews.com.br\/?p=19249#breadcrumb"},"inLanguage":"pt-PT","potentialAction":[{"@type":"ReadAction","target":["https:\/\/inclusivenews.com.br\/?p=19249"]}]},{"@type":"ImageObject","inLanguage":"pt-PT","@id":"https:\/\/inclusivenews.com.br\/?p=19249#primaryimage","url":"","contentUrl":""},{"@type":"BreadcrumbList","@id":"https:\/\/inclusivenews.com.br\/?p=19249#breadcrumb","itemListElement":[{"@type":"ListItem","position":1,"name":"In\u00edcio","item":"https:\/\/inclusivenews.com.br\/"},{"@type":"ListItem","position":2,"name":"Indica\u00e7\u00f5es para o cargo de Secretaria Nacional da Pessoa com Defici\u00eancia"}]},{"@type":"WebSite","@id":"https:\/\/inclusivenews.com.br\/#website","url":"https:\/\/inclusivenews.com.br\/","name":"Inclusive News","description":"Inclusive News","publisher":{"@id":"https:\/\/inclusivenews.com.br\/#organization"},"potentialAction":[{"@type":"SearchAction","target":{"@type":"EntryPoint","urlTemplate":"https:\/\/inclusivenews.com.br\/?s={search_term_string}"},"query-input":{"@type":"PropertyValueSpecification","valueRequired":true,"valueName":"search_term_string"}}],"inLanguage":"pt-PT"},{"@type":"Organization","@id":"https:\/\/inclusivenews.com.br\/#organization","name":"Inclusive - inclus\u00e3o e cidadania","url":"https:\/\/inclusivenews.com.br\/","logo":{"@type":"ImageObject","inLanguage":"pt-PT","@id":"https:\/\/inclusivenews.com.br\/#\/schema\/logo\/image\/","url":"https:\/\/inclusivenews.com.br\/wp-content\/uploads\/2024\/03\/@grandesite.png","contentUrl":"https:\/\/inclusivenews.com.br\/wp-content\/uploads\/2024\/03\/@grandesite.png","width":1080,"height":1080,"caption":"Inclusive - inclus\u00e3o e cidadania"},"image":{"@id":"https:\/\/inclusivenews.com.br\/#\/schema\/logo\/image\/"},"sameAs":["https:\/\/www.facebook.com\/agenciainclusive\/","https:\/\/www.instagram.com\/newsinclusive\/"]},{"@type":"Person","@id":"https:\/\/inclusivenews.com.br\/#\/schema\/person\/ae4ec7087559b8692fb33b6fffd2273b","name":"inclusivenews2024","image":{"@type":"ImageObject","inLanguage":"pt-PT","@id":"https:\/\/secure.gravatar.com\/avatar\/c5a7ef84c66fa914f55bc4f7ce26cfa275a3b9a1c5568b907bd184fb4dde7b40?s=96&d=mm&r=g","url":"https:\/\/secure.gravatar.com\/avatar\/c5a7ef84c66fa914f55bc4f7ce26cfa275a3b9a1c5568b907bd184fb4dde7b40?s=96&d=mm&r=g","contentUrl":"https:\/\/secure.gravatar.com\/avatar\/c5a7ef84c66fa914f55bc4f7ce26cfa275a3b9a1c5568b907bd184fb4dde7b40?s=96&d=mm&r=g","caption":"inclusivenews2024"},"sameAs":["https:\/\/inclusivenews.com.br"],"url":"https:\/\/inclusivenews.com.br\/?author=1"}]}},"_links":{"self":[{"href":"https:\/\/inclusivenews.com.br\/index.php?rest_route=\/wp\/v2\/posts\/19249","targetHints":{"allow":["GET"]}}],"collection":[{"href":"https:\/\/inclusivenews.com.br\/index.php?rest_route=\/wp\/v2\/posts"}],"about":[{"href":"https:\/\/inclusivenews.com.br\/index.php?rest_route=\/wp\/v2\/types\/post"}],"author":[{"embeddable":true,"href":"https:\/\/inclusivenews.com.br\/index.php?rest_route=\/wp\/v2\/users\/1"}],"replies":[{"embeddable":true,"href":"https:\/\/inclusivenews.com.br\/index.php?rest_route=%2Fwp%2Fv2%2Fcomments&post=19249"}],"version-history":[{"count":0,"href":"https:\/\/inclusivenews.com.br\/index.php?rest_route=\/wp\/v2\/posts\/19249\/revisions"}],"wp:attachment":[{"href":"https:\/\/inclusivenews.com.br\/index.php?rest_route=%2Fwp%2Fv2%2Fmedia&parent=19249"}],"wp:term":[{"taxonomy":"category","embeddable":true,"href":"https:\/\/inclusivenews.com.br\/index.php?rest_route=%2Fwp%2Fv2%2Fcategories&post=19249"},{"taxonomy":"post_tag","embeddable":true,"href":"https:\/\/inclusivenews.com.br\/index.php?rest_route=%2Fwp%2Fv2%2Ftags&post=19249"}],"curies":[{"name":"wp","href":"https:\/\/api.w.org\/{rel}","templated":true}]}}