{"id":19253,"date":"2011-04-28T07:10:39","date_gmt":"2011-04-28T10:10:39","guid":{"rendered":"http:\/\/www.inclusive.org.br\/?p=19253"},"modified":"2011-04-28T07:10:39","modified_gmt":"2011-04-28T10:10:39","slug":"vantagens-em-cooperar","status":"publish","type":"post","link":"https:\/\/inclusivenews.com.br\/?p=19253","title":{"rendered":"Vantagens em cooperar"},"content":{"rendered":"<p><strong><\/p>\n<figure style=\"width: 354px\" class=\"wp-caption alignleft\"><img loading=\"lazy\" decoding=\"async\" class=\" \" title=\"Duas m\u00e3os sobrepostas e pintadas formando o mundo\" src=\"http:\/\/blogsimpa.zip.net\/images\/paz_mundo590.jpg\" alt=\"Duas m\u00e3os sobrepostas e pintadas formando o mundo\" width=\"354\" height=\"266\" \/><figcaption class=\"wp-caption-text\"> <\/figcaption><\/figure>\n<p>Por Nei Alberto Pies *<\/p>\n<p><\/strong><\/p>\n<p><em>\u201cAquele que alivia o fardo do mundo para o outro n\u00e3o \u00e9 in\u00fatil neste mundo\u201d (Charles Dickens) <\/em><\/p>\n<p>A nossa civiliza\u00e7\u00e3o construiu um ide\u00e1rio de conviv\u00eancia social com base na competi\u00e7\u00e3o. Somos impelidos a ver todas as vantagens em competir e nenhuma vantagem em cooperar, o que nos d\u00e1 a falsa impress\u00e3o de que cada um e cada uma se basta a si mesmo. Se cada um se basta a si mesmo, estamos liberados para ser, pensar e agir deliberadamente, sem medir quaisquer conseq\u00fc\u00eancias que possam envolver ou atingir os outros. Deste modo, ao desaprendermos a coopera\u00e7\u00e3o, empobrecemos as nossas rela\u00e7\u00f5es sociais e a nossa pr\u00f3pria condi\u00e7\u00e3o de humanidade, que se realiza a partir da interdepend\u00eancia com os outros. Ao abrirmos m\u00e3os da intr\u00ednseca rela\u00e7\u00e3o entre o eu e o outro, perdemos a dimens\u00e3o da constru\u00e7\u00e3o social que \u00e9 sempre coletiva; que nos faz humanidade em movimento.<\/p>\n<p>Nossa cultura alimenta-se de ide\u00e1rios individualistas na medida em que estimula, ao m\u00e1ximo, a busca da supera\u00e7\u00e3o pessoal, a partir de nossa autodetermina\u00e7\u00e3o. A m\u00e1xima express\u00e3o do modo de levar a vida hoje, para muitos, foi cunhada pelos romanos: \u201cse queres paz, prepara-te para a guerra\u201d. Outra m\u00e1xima: \u201cminha liberdade termina onde come\u00e7a a liberdade do outro\u201d, prop\u00f5e, igualmente, a constru\u00e7\u00e3o de uma liberdade individualista, supondo haver uma linha lim\u00edtrofe entre a minha a\u00e7\u00e3o e a a\u00e7\u00e3o dos outros. No entanto, a liberdade pressup\u00f5e um pacto de coopera\u00e7\u00e3o m\u00fatua para ambos alcan\u00e7a-la. Dito de outro jeito: somos sempre condi\u00e7\u00e3o para a liberdade, nossa e dos outros.<\/p>\n<p>Preocupa que, mesmo sem perceber, temos sido muito permissivos na constru\u00e7\u00e3o de um modo de vida extremamente individualista, que prega o uso de todos os meios para a constru\u00e7\u00e3o do sujeito social, inclusive o uso da viol\u00eancia, do deboche e da competi\u00e7\u00e3o desmedida. Neste contexto, n\u00e3o h\u00e1 preocupa\u00e7\u00e3o com a resolu\u00e7\u00e3o dos conflitos, com os contextos e as condi\u00e7\u00f5es em que vivem os outros; busca-se somente consolidar uma situa\u00e7\u00e3o em que os vencedores se afirmam a partir do sufoco, supera\u00e7\u00e3o ou \u201cabafamento\u201d dos vencidos.<\/p>\n<p>O que caracteriza nossos tempos \u00e9 que refinamos cada vez mais nossos instintos competitivos, dando-lhes uma forma e um conte\u00fado mais definido. Al\u00e9m de estar mais claro, este ide\u00e1rio est\u00e1 agora dispon\u00edvel \u00e0s novas gera\u00e7\u00f5es. E em tempos em que tudo o que \u00e9 assimilado deve ser aplicado, muitos desejam coloc\u00e1-lo em pr\u00e1tica, sem escr\u00fapulos, sem reflex\u00e3o. Afirmam-se pela arrog\u00e2ncia de vencedores.<\/p>\n<p>E a coopera\u00e7\u00e3o? Bem, a coopera\u00e7\u00e3o parece n\u00e3o trazer vantagens suficientemente consistentes para inspirar um ide\u00e1rio ou um modo de vida. \u00c9 geralmente tratada como solu\u00e7\u00e3o em situa\u00e7\u00f5es limites da vida como os conflitos interpessoais, as rela\u00e7\u00f5es de m\u00e9dico-paciente, as situa\u00e7\u00f5es que envolvem assaltos e roubos, na ajuda humanit\u00e1ria e solid\u00e1ria a pessoas em iminente risco de vida.<\/p>\n<p>As vantagens da coopera\u00e7\u00e3o est\u00e3o em promover a vida na dignidade, em qualificar as nossas rela\u00e7\u00f5es sociais. A coopera\u00e7\u00e3o \u00e9 uma ferramenta para nos fazermos gente, em comunidade. \u00c9 a possibilidade de vivermos em condi\u00e7\u00f5es menos estressantes, capazes de reconhecimento m\u00fatuo e rec\u00edproco, capazes de aceitar que ningu\u00e9m se basta a si mesmo. Quem pensa assim, nos acompanhe!<\/p>\n<p>* professor e ativista de direitos humanos.<br \/>\n____________<br \/>\n<strong><br \/>\nFonte:<\/strong> O autor<\/p>\n","protected":false},"excerpt":{"rendered":"<p>Por Nei Alberto Pies. &#8220;Somos impelidos a ver todas as vantagens em competir e nenhuma vantagem em cooperar, o que nos d\u00e1 a falsa impress\u00e3o de que cada um e cada uma se basta a si mesmo.&#8221;<\/p>\n","protected":false},"author":1,"featured_media":0,"comment_status":"open","ping_status":"open","sticky":false,"template":"","format":"standard","meta":{"site-container-style":"default","site-container-layout":"default","site-sidebar-layout":"default","disable-article-header":"default","disable-site-header":"default","disable-site-footer":"default","disable-content-area-spacing":"default","footnotes":""},"categories":[8],"tags":[],"class_list":["post-19253","post","type-post","status-publish","format-standard","hentry","category-textos-e-artigos"],"yoast_head":"<!-- This site is optimized with the Yoast SEO plugin v27.4 - https:\/\/yoast.com\/product\/yoast-seo-wordpress\/ -->\n<title>Vantagens em cooperar -<\/title>\n<meta name=\"robots\" content=\"index, follow, max-snippet:-1, max-image-preview:large, max-video-preview:-1\" \/>\n<link rel=\"canonical\" href=\"https:\/\/inclusivenews.com.br\/?p=19253\" \/>\n<meta property=\"og:locale\" content=\"pt_PT\" \/>\n<meta property=\"og:type\" content=\"article\" \/>\n<meta property=\"og:title\" content=\"Vantagens em cooperar -\" \/>\n<meta property=\"og:description\" content=\"Por Nei Alberto Pies. &quot;Somos impelidos a ver todas as vantagens em competir e nenhuma vantagem em cooperar, o que nos d\u00e1 a falsa impress\u00e3o de que cada um e cada uma se basta a si mesmo.&quot;\" \/>\n<meta property=\"og:url\" content=\"https:\/\/inclusivenews.com.br\/?p=19253\" \/>\n<meta property=\"article:publisher\" content=\"https:\/\/www.facebook.com\/agenciainclusive\/\" \/>\n<meta property=\"article:published_time\" content=\"2011-04-28T10:10:39+00:00\" \/>\n<meta property=\"og:image\" content=\"http:\/\/blogsimpa.zip.net\/images\/paz_mundo590.jpg\" \/>\n<meta name=\"author\" content=\"inclusivenews2024\" \/>\n<meta name=\"twitter:card\" content=\"summary_large_image\" \/>\n<meta name=\"twitter:label1\" content=\"Escrito por\" \/>\n\t<meta name=\"twitter:data1\" content=\"inclusivenews2024\" \/>\n\t<meta name=\"twitter:label2\" content=\"Tempo estimado de leitura\" \/>\n\t<meta name=\"twitter:data2\" content=\"3 minutos\" \/>\n<script type=\"application\/ld+json\" class=\"yoast-schema-graph\">{\"@context\":\"https:\\\/\\\/schema.org\",\"@graph\":[{\"@type\":\"Article\",\"@id\":\"https:\\\/\\\/inclusivenews.com.br\\\/?p=19253#article\",\"isPartOf\":{\"@id\":\"https:\\\/\\\/inclusivenews.com.br\\\/?p=19253\"},\"author\":{\"name\":\"inclusivenews2024\",\"@id\":\"https:\\\/\\\/inclusivenews.com.br\\\/#\\\/schema\\\/person\\\/ae4ec7087559b8692fb33b6fffd2273b\"},\"headline\":\"Vantagens em cooperar\",\"datePublished\":\"2011-04-28T10:10:39+00:00\",\"mainEntityOfPage\":{\"@id\":\"https:\\\/\\\/inclusivenews.com.br\\\/?p=19253\"},\"wordCount\":605,\"commentCount\":0,\"publisher\":{\"@id\":\"https:\\\/\\\/inclusivenews.com.br\\\/#organization\"},\"image\":{\"@id\":\"https:\\\/\\\/inclusivenews.com.br\\\/?p=19253#primaryimage\"},\"thumbnailUrl\":\"http:\\\/\\\/blogsimpa.zip.net\\\/images\\\/paz_mundo590.jpg\",\"articleSection\":[\"OPINI\u00c3O\"],\"inLanguage\":\"pt-PT\",\"potentialAction\":[{\"@type\":\"CommentAction\",\"name\":\"Comment\",\"target\":[\"https:\\\/\\\/inclusivenews.com.br\\\/?p=19253#respond\"]}]},{\"@type\":\"WebPage\",\"@id\":\"https:\\\/\\\/inclusivenews.com.br\\\/?p=19253\",\"url\":\"https:\\\/\\\/inclusivenews.com.br\\\/?p=19253\",\"name\":\"Vantagens em cooperar -\",\"isPartOf\":{\"@id\":\"https:\\\/\\\/inclusivenews.com.br\\\/#website\"},\"primaryImageOfPage\":{\"@id\":\"https:\\\/\\\/inclusivenews.com.br\\\/?p=19253#primaryimage\"},\"image\":{\"@id\":\"https:\\\/\\\/inclusivenews.com.br\\\/?p=19253#primaryimage\"},\"thumbnailUrl\":\"http:\\\/\\\/blogsimpa.zip.net\\\/images\\\/paz_mundo590.jpg\",\"datePublished\":\"2011-04-28T10:10:39+00:00\",\"breadcrumb\":{\"@id\":\"https:\\\/\\\/inclusivenews.com.br\\\/?p=19253#breadcrumb\"},\"inLanguage\":\"pt-PT\",\"potentialAction\":[{\"@type\":\"ReadAction\",\"target\":[\"https:\\\/\\\/inclusivenews.com.br\\\/?p=19253\"]}]},{\"@type\":\"ImageObject\",\"inLanguage\":\"pt-PT\",\"@id\":\"https:\\\/\\\/inclusivenews.com.br\\\/?p=19253#primaryimage\",\"url\":\"http:\\\/\\\/blogsimpa.zip.net\\\/images\\\/paz_mundo590.jpg\",\"contentUrl\":\"http:\\\/\\\/blogsimpa.zip.net\\\/images\\\/paz_mundo590.jpg\"},{\"@type\":\"BreadcrumbList\",\"@id\":\"https:\\\/\\\/inclusivenews.com.br\\\/?p=19253#breadcrumb\",\"itemListElement\":[{\"@type\":\"ListItem\",\"position\":1,\"name\":\"In\u00edcio\",\"item\":\"https:\\\/\\\/inclusivenews.com.br\\\/\"},{\"@type\":\"ListItem\",\"position\":2,\"name\":\"Vantagens em cooperar\"}]},{\"@type\":\"WebSite\",\"@id\":\"https:\\\/\\\/inclusivenews.com.br\\\/#website\",\"url\":\"https:\\\/\\\/inclusivenews.com.br\\\/\",\"name\":\"Inclusive News\",\"description\":\"Inclusive News\",\"publisher\":{\"@id\":\"https:\\\/\\\/inclusivenews.com.br\\\/#organization\"},\"potentialAction\":[{\"@type\":\"SearchAction\",\"target\":{\"@type\":\"EntryPoint\",\"urlTemplate\":\"https:\\\/\\\/inclusivenews.com.br\\\/?s={search_term_string}\"},\"query-input\":{\"@type\":\"PropertyValueSpecification\",\"valueRequired\":true,\"valueName\":\"search_term_string\"}}],\"inLanguage\":\"pt-PT\"},{\"@type\":\"Organization\",\"@id\":\"https:\\\/\\\/inclusivenews.com.br\\\/#organization\",\"name\":\"Inclusive - inclus\u00e3o e cidadania\",\"url\":\"https:\\\/\\\/inclusivenews.com.br\\\/\",\"logo\":{\"@type\":\"ImageObject\",\"inLanguage\":\"pt-PT\",\"@id\":\"https:\\\/\\\/inclusivenews.com.br\\\/#\\\/schema\\\/logo\\\/image\\\/\",\"url\":\"https:\\\/\\\/inclusivenews.com.br\\\/wp-content\\\/uploads\\\/2024\\\/03\\\/@grandesite.png\",\"contentUrl\":\"https:\\\/\\\/inclusivenews.com.br\\\/wp-content\\\/uploads\\\/2024\\\/03\\\/@grandesite.png\",\"width\":1080,\"height\":1080,\"caption\":\"Inclusive - inclus\u00e3o e cidadania\"},\"image\":{\"@id\":\"https:\\\/\\\/inclusivenews.com.br\\\/#\\\/schema\\\/logo\\\/image\\\/\"},\"sameAs\":[\"https:\\\/\\\/www.facebook.com\\\/agenciainclusive\\\/\",\"https:\\\/\\\/www.instagram.com\\\/newsinclusive\\\/\"]},{\"@type\":\"Person\",\"@id\":\"https:\\\/\\\/inclusivenews.com.br\\\/#\\\/schema\\\/person\\\/ae4ec7087559b8692fb33b6fffd2273b\",\"name\":\"inclusivenews2024\",\"image\":{\"@type\":\"ImageObject\",\"inLanguage\":\"pt-PT\",\"@id\":\"https:\\\/\\\/secure.gravatar.com\\\/avatar\\\/c5a7ef84c66fa914f55bc4f7ce26cfa275a3b9a1c5568b907bd184fb4dde7b40?s=96&d=mm&r=g\",\"url\":\"https:\\\/\\\/secure.gravatar.com\\\/avatar\\\/c5a7ef84c66fa914f55bc4f7ce26cfa275a3b9a1c5568b907bd184fb4dde7b40?s=96&d=mm&r=g\",\"contentUrl\":\"https:\\\/\\\/secure.gravatar.com\\\/avatar\\\/c5a7ef84c66fa914f55bc4f7ce26cfa275a3b9a1c5568b907bd184fb4dde7b40?s=96&d=mm&r=g\",\"caption\":\"inclusivenews2024\"},\"sameAs\":[\"https:\\\/\\\/inclusivenews.com.br\"],\"url\":\"https:\\\/\\\/inclusivenews.com.br\\\/?author=1\"}]}<\/script>\n<!-- \/ Yoast SEO plugin. -->","yoast_head_json":{"title":"Vantagens em cooperar -","robots":{"index":"index","follow":"follow","max-snippet":"max-snippet:-1","max-image-preview":"max-image-preview:large","max-video-preview":"max-video-preview:-1"},"canonical":"https:\/\/inclusivenews.com.br\/?p=19253","og_locale":"pt_PT","og_type":"article","og_title":"Vantagens em cooperar -","og_description":"Por Nei Alberto Pies. \"Somos impelidos a ver todas as vantagens em competir e nenhuma vantagem em cooperar, o que nos d\u00e1 a falsa impress\u00e3o de que cada um e cada uma se basta a si mesmo.\"","og_url":"https:\/\/inclusivenews.com.br\/?p=19253","article_publisher":"https:\/\/www.facebook.com\/agenciainclusive\/","article_published_time":"2011-04-28T10:10:39+00:00","og_image":[{"url":"http:\/\/blogsimpa.zip.net\/images\/paz_mundo590.jpg","type":"","width":"","height":""}],"author":"inclusivenews2024","twitter_card":"summary_large_image","twitter_misc":{"Escrito por":"inclusivenews2024","Tempo estimado de leitura":"3 minutos"},"schema":{"@context":"https:\/\/schema.org","@graph":[{"@type":"Article","@id":"https:\/\/inclusivenews.com.br\/?p=19253#article","isPartOf":{"@id":"https:\/\/inclusivenews.com.br\/?p=19253"},"author":{"name":"inclusivenews2024","@id":"https:\/\/inclusivenews.com.br\/#\/schema\/person\/ae4ec7087559b8692fb33b6fffd2273b"},"headline":"Vantagens em cooperar","datePublished":"2011-04-28T10:10:39+00:00","mainEntityOfPage":{"@id":"https:\/\/inclusivenews.com.br\/?p=19253"},"wordCount":605,"commentCount":0,"publisher":{"@id":"https:\/\/inclusivenews.com.br\/#organization"},"image":{"@id":"https:\/\/inclusivenews.com.br\/?p=19253#primaryimage"},"thumbnailUrl":"http:\/\/blogsimpa.zip.net\/images\/paz_mundo590.jpg","articleSection":["OPINI\u00c3O"],"inLanguage":"pt-PT","potentialAction":[{"@type":"CommentAction","name":"Comment","target":["https:\/\/inclusivenews.com.br\/?p=19253#respond"]}]},{"@type":"WebPage","@id":"https:\/\/inclusivenews.com.br\/?p=19253","url":"https:\/\/inclusivenews.com.br\/?p=19253","name":"Vantagens em cooperar -","isPartOf":{"@id":"https:\/\/inclusivenews.com.br\/#website"},"primaryImageOfPage":{"@id":"https:\/\/inclusivenews.com.br\/?p=19253#primaryimage"},"image":{"@id":"https:\/\/inclusivenews.com.br\/?p=19253#primaryimage"},"thumbnailUrl":"http:\/\/blogsimpa.zip.net\/images\/paz_mundo590.jpg","datePublished":"2011-04-28T10:10:39+00:00","breadcrumb":{"@id":"https:\/\/inclusivenews.com.br\/?p=19253#breadcrumb"},"inLanguage":"pt-PT","potentialAction":[{"@type":"ReadAction","target":["https:\/\/inclusivenews.com.br\/?p=19253"]}]},{"@type":"ImageObject","inLanguage":"pt-PT","@id":"https:\/\/inclusivenews.com.br\/?p=19253#primaryimage","url":"http:\/\/blogsimpa.zip.net\/images\/paz_mundo590.jpg","contentUrl":"http:\/\/blogsimpa.zip.net\/images\/paz_mundo590.jpg"},{"@type":"BreadcrumbList","@id":"https:\/\/inclusivenews.com.br\/?p=19253#breadcrumb","itemListElement":[{"@type":"ListItem","position":1,"name":"In\u00edcio","item":"https:\/\/inclusivenews.com.br\/"},{"@type":"ListItem","position":2,"name":"Vantagens em cooperar"}]},{"@type":"WebSite","@id":"https:\/\/inclusivenews.com.br\/#website","url":"https:\/\/inclusivenews.com.br\/","name":"Inclusive News","description":"Inclusive News","publisher":{"@id":"https:\/\/inclusivenews.com.br\/#organization"},"potentialAction":[{"@type":"SearchAction","target":{"@type":"EntryPoint","urlTemplate":"https:\/\/inclusivenews.com.br\/?s={search_term_string}"},"query-input":{"@type":"PropertyValueSpecification","valueRequired":true,"valueName":"search_term_string"}}],"inLanguage":"pt-PT"},{"@type":"Organization","@id":"https:\/\/inclusivenews.com.br\/#organization","name":"Inclusive - inclus\u00e3o e cidadania","url":"https:\/\/inclusivenews.com.br\/","logo":{"@type":"ImageObject","inLanguage":"pt-PT","@id":"https:\/\/inclusivenews.com.br\/#\/schema\/logo\/image\/","url":"https:\/\/inclusivenews.com.br\/wp-content\/uploads\/2024\/03\/@grandesite.png","contentUrl":"https:\/\/inclusivenews.com.br\/wp-content\/uploads\/2024\/03\/@grandesite.png","width":1080,"height":1080,"caption":"Inclusive - inclus\u00e3o e cidadania"},"image":{"@id":"https:\/\/inclusivenews.com.br\/#\/schema\/logo\/image\/"},"sameAs":["https:\/\/www.facebook.com\/agenciainclusive\/","https:\/\/www.instagram.com\/newsinclusive\/"]},{"@type":"Person","@id":"https:\/\/inclusivenews.com.br\/#\/schema\/person\/ae4ec7087559b8692fb33b6fffd2273b","name":"inclusivenews2024","image":{"@type":"ImageObject","inLanguage":"pt-PT","@id":"https:\/\/secure.gravatar.com\/avatar\/c5a7ef84c66fa914f55bc4f7ce26cfa275a3b9a1c5568b907bd184fb4dde7b40?s=96&d=mm&r=g","url":"https:\/\/secure.gravatar.com\/avatar\/c5a7ef84c66fa914f55bc4f7ce26cfa275a3b9a1c5568b907bd184fb4dde7b40?s=96&d=mm&r=g","contentUrl":"https:\/\/secure.gravatar.com\/avatar\/c5a7ef84c66fa914f55bc4f7ce26cfa275a3b9a1c5568b907bd184fb4dde7b40?s=96&d=mm&r=g","caption":"inclusivenews2024"},"sameAs":["https:\/\/inclusivenews.com.br"],"url":"https:\/\/inclusivenews.com.br\/?author=1"}]}},"_links":{"self":[{"href":"https:\/\/inclusivenews.com.br\/index.php?rest_route=\/wp\/v2\/posts\/19253","targetHints":{"allow":["GET"]}}],"collection":[{"href":"https:\/\/inclusivenews.com.br\/index.php?rest_route=\/wp\/v2\/posts"}],"about":[{"href":"https:\/\/inclusivenews.com.br\/index.php?rest_route=\/wp\/v2\/types\/post"}],"author":[{"embeddable":true,"href":"https:\/\/inclusivenews.com.br\/index.php?rest_route=\/wp\/v2\/users\/1"}],"replies":[{"embeddable":true,"href":"https:\/\/inclusivenews.com.br\/index.php?rest_route=%2Fwp%2Fv2%2Fcomments&post=19253"}],"version-history":[{"count":0,"href":"https:\/\/inclusivenews.com.br\/index.php?rest_route=\/wp\/v2\/posts\/19253\/revisions"}],"wp:attachment":[{"href":"https:\/\/inclusivenews.com.br\/index.php?rest_route=%2Fwp%2Fv2%2Fmedia&parent=19253"}],"wp:term":[{"taxonomy":"category","embeddable":true,"href":"https:\/\/inclusivenews.com.br\/index.php?rest_route=%2Fwp%2Fv2%2Fcategories&post=19253"},{"taxonomy":"post_tag","embeddable":true,"href":"https:\/\/inclusivenews.com.br\/index.php?rest_route=%2Fwp%2Fv2%2Ftags&post=19253"}],"curies":[{"name":"wp","href":"https:\/\/api.w.org\/{rel}","templated":true}]}}