{"id":19268,"date":"2011-04-28T07:07:58","date_gmt":"2011-04-28T10:07:58","guid":{"rendered":"http:\/\/www.inclusive.org.br\/?p=19268"},"modified":"2011-04-28T07:07:58","modified_gmt":"2011-04-28T10:07:58","slug":"seminario-e-mostra-cultural-discutem-as-esteticas-da-periferia","status":"publish","type":"post","link":"https:\/\/inclusivenews.com.br\/?p=19268","title":{"rendered":"Semin\u00e1rio e Mostra Cultural discutem a(s) est\u00e9tica(s) da periferia"},"content":{"rendered":"<figure style=\"width: 360px\" class=\"wp-caption alignleft\"><img loading=\"lazy\" decoding=\"async\" class=\" \" title=\"Grafiti, arte de rua\" src=\"http:\/\/fc08.deviantart.net\/fs7\/i\/2006\/165\/4\/c\/Grafiti_by_xthrownawayx.jpg\" alt=\"Grafiti, arte de rua\" width=\"360\" height=\"270\" \/><figcaption class=\"wp-caption-text\"> <\/figcaption><\/figure>\n<p>Entre os dias 2 e 8 de maio acontece em S\u00e3o Paulo, o Semin\u00e1rio e Mostra Cultural Est\u00e9tica da Periferia: arte e cultura nas bordas da Metr\u00f3pole. O semin\u00e1rio e a mostra re\u00fanem artistas, pesquisadores, acad\u00eamicos, gestores, pensadores da cultura, jornalistas, promotores culturais e ativistas que atuam direta ou indiretamente com a cultura da periferia. O objetivo \u00e9 fazer uma profunda reflex\u00e3o sobre a arte produzida no entorno das metr\u00f3poles brasileiras.<\/p>\n<p>A ideia do Semin\u00e1rio e Mostra Cultural Est\u00e9tica da Periferia surgiu ap\u00f3s uma reflex\u00e3o realizada pela A\u00e7\u00e3o Educativa, a partir de seu programa de Cultura, de que as iniciativas de difus\u00e3o da arte perif\u00e9rica eram pertinentes, especialmente a Agenda Cultural da Periferia, por\u00e9m eram necess\u00e1rias \u201ca\u00e7\u00f5es de apoio aos grupos culturais para acesso a pol\u00edticas voltadas para o segmento e um investimento institucional no sentido de se refletir sobre a arte que se produz nos arrabaldes das metr\u00f3poles\u201d, explica Eleilson Leite, historiador e coordenador da \u00e1rea de Cultura da A\u00e7\u00e3o Educativa.<\/p>\n<p>Al\u00e9m disso, o Semin\u00e1rio e Mostra Cultural Est\u00e9tica da Periferia, marca a exist\u00eancia de uma proposta est\u00e9tica, cuja fundamenta\u00e7\u00e3o est\u00e1 na forma de vida nas periferias. \u201cCreio que a periferia produz uma est\u00e9tica distinta e muito interessante em todas as linguagens art\u00edsticas: cinema, teatro, m\u00fasica, dan\u00e7a, literatura e artes visuais. E n\u00e3o existe apenas uma. Existem est\u00e9ticas\u201d, afirma Eleilson.<\/p>\n<p>Segundo o coordenador, o Jardim Miriam Arte Clube (JAMAC) nas artes pl\u00e1sticas; o Grupo Clari\u00f4, no Teatro; as Capulanas e o Umoj\u00e1, na dan\u00e7a; o Cine Becos e Vielas, no v\u00eddeo; e os poetas Sergio Vaz e Ferr\u00e9z na literatura, al\u00e9m dos sambas das rodas de samba de comunidade, na m\u00fasica, s\u00e3o exemplos disso. Assim, conclui ele, \u201cqueremos observar toda a produ\u00e7\u00e3o art\u00edstica da periferia buscando a est\u00e9tica da express\u00e3o, livre de qualquer vi\u00e9s social que condiciona o olhar sobre a arte da periferia apenas como uma forma de inclus\u00e3o\u201d.<\/p>\n<p>Concebido desde 2008, esta primeira edi\u00e7\u00e3o do Semin\u00e1rio Est\u00e9tica da Periferia conta com a realiza\u00e7\u00e3o da A\u00e7\u00e3o Educativa, Secretaria Municipal de Cultura de S\u00e3o Paulo, SESC S\u00e3o Paulo, e Centro Cultural da Espanha. Al\u00e9m disso, conta com a parceria do N\u00facleo de Antropologia Urbana (NAU) da USP, do Programa Avan\u00e7ado de Cultura Contempor\u00e2nea (PACC) da UFRJ, coordenados, respectivamente, pelos professores Jos\u00e9 Guilherme Magnani e Heloisa Buarque de Hollanda e da Secretaria de Cidadania e Diversidade Cultural do Minist\u00e9rio da Cultura (MinC).<\/p>\n<p>O Semin\u00e1rio ser\u00e1 realizado no Pavilh\u00e3o das Culturas Brasileiras, um novo espa\u00e7o cultural da cidade instalado no antigo Pr\u00e9dio da Prodam no Parque do Ibirapuera, ao lado do Museu Afro, nos dia 2, 3 e 4, e a Mostra nos dias 5, 6, 7 e 8 no SESC Belenzinho.  O evento \u00e9 gratuito, por\u00e9m o espa\u00e7o presencial ser\u00e1 restrito aos convidados.<\/p>\n<p>Para os que desejarem acompanhar os debates, haver\u00e1 uma transmiss\u00e3o simult\u00e2nea via Internet. A transmiss\u00e3o acontecer\u00e1 para as mesas de debate do dia 3 e 4 (mesas 1 a 4), mas n\u00e3o para a mesa de abertura, que acontece dia 2. Ser\u00e1 garantido espa\u00e7o para os internautas apresentarem perguntas aos expositores e participarem do debate via twitter. Para isso, eles devem utilizar a hashtag #esteticadaperiferia. E haver\u00e1 um link na home do site do semin\u00e1rio que ir\u00e1 remeter ao site em que a transmiss\u00e3o ira acontecer.<\/p>\n<p>Conhecimento da periferia<\/p>\n<p>Historicamente, as a\u00e7\u00f5es e os programas desenvolvidos pela A\u00e7\u00e3o Educativa t\u00eam como uma de suas bases \u2013 al\u00e9m da atua\u00e7\u00e3o junto a grupos e da interven\u00e7\u00e3o nas pol\u00edticas p\u00fablicas \u2013 a produ\u00e7\u00e3o de conhecimento. Isso n\u00e3o poderia ser diferente no caso da cultura produzida na periferia. \u00c9 assim, com a premissa de garantir o acesso \u00e0 produ\u00e7\u00e3o de conhecimento e tamb\u00e9m de produzi-lo, que se criou o Blog do Semin\u00e1rio e Mostra Cultural Est\u00e9tica da Periferia. L\u00e1 est\u00e3o disponibilizadas 293 disserta\u00e7\u00f5es e teses sobre cultura de periferia, al\u00e9m de textos produzidos para o Semin\u00e1rio e outros artigos dos debatedores e outras pessoas.<\/p>\n<p>__________________<\/p>\n<p><strong>Fonte:<\/strong> <a href=\"http:\/\/www.acaoeducativa.org.br\/portal\/index.php?option=com_content&amp;task=view&amp;id=2583&amp;Itemid=2\">A\u00e7\u00e3o Educativa <\/a><\/p>\n","protected":false},"excerpt":{"rendered":"<p>Observar a produ\u00e7\u00e3o art\u00edstica da periferia, buscando a est\u00e9tica da express\u00e3o \u00e9 um dos objetivos do evento. Encontro ser\u00e1 transmitido pela Internet.<\/p>\n","protected":false},"author":1,"featured_media":0,"comment_status":"open","ping_status":"open","sticky":false,"template":"","format":"standard","meta":{"site-container-style":"default","site-container-layout":"default","site-sidebar-layout":"default","disable-article-header":"default","disable-site-header":"default","disable-site-footer":"default","disable-content-area-spacing":"default","footnotes":""},"categories":[12,4],"tags":[],"class_list":["post-19268","post","type-post","status-publish","format-standard","hentry","category-cursos-e-eventos","category-noticias"],"yoast_head":"<!-- This site is optimized with the Yoast SEO plugin v27.4 - https:\/\/yoast.com\/product\/yoast-seo-wordpress\/ -->\n<title>Semin\u00e1rio e Mostra Cultural discutem a(s) est\u00e9tica(s) da periferia -<\/title>\n<meta name=\"robots\" content=\"index, follow, max-snippet:-1, max-image-preview:large, max-video-preview:-1\" \/>\n<link rel=\"canonical\" href=\"https:\/\/inclusivenews.com.br\/?p=19268\" \/>\n<meta property=\"og:locale\" content=\"pt_PT\" \/>\n<meta property=\"og:type\" content=\"article\" \/>\n<meta property=\"og:title\" content=\"Semin\u00e1rio e Mostra Cultural discutem a(s) est\u00e9tica(s) da periferia -\" \/>\n<meta property=\"og:description\" content=\"Observar a produ\u00e7\u00e3o art\u00edstica da periferia, buscando a est\u00e9tica da express\u00e3o \u00e9 um dos objetivos do evento. Encontro ser\u00e1 transmitido pela Internet.\" \/>\n<meta property=\"og:url\" content=\"https:\/\/inclusivenews.com.br\/?p=19268\" \/>\n<meta property=\"article:publisher\" content=\"https:\/\/www.facebook.com\/agenciainclusive\/\" \/>\n<meta property=\"article:published_time\" content=\"2011-04-28T10:07:58+00:00\" \/>\n<meta property=\"og:image\" content=\"http:\/\/fc08.deviantart.net\/fs7\/i\/2006\/165\/4\/c\/Grafiti_by_xthrownawayx.jpg\" \/>\n<meta name=\"author\" content=\"inclusivenews2024\" \/>\n<meta name=\"twitter:card\" content=\"summary_large_image\" \/>\n<meta name=\"twitter:label1\" content=\"Escrito por\" \/>\n\t<meta name=\"twitter:data1\" content=\"inclusivenews2024\" \/>\n\t<meta name=\"twitter:label2\" content=\"Tempo estimado de leitura\" \/>\n\t<meta name=\"twitter:data2\" content=\"4 minutos\" \/>\n<script type=\"application\/ld+json\" class=\"yoast-schema-graph\">{\"@context\":\"https:\\\/\\\/schema.org\",\"@graph\":[{\"@type\":\"Article\",\"@id\":\"https:\\\/\\\/inclusivenews.com.br\\\/?p=19268#article\",\"isPartOf\":{\"@id\":\"https:\\\/\\\/inclusivenews.com.br\\\/?p=19268\"},\"author\":{\"name\":\"inclusivenews2024\",\"@id\":\"https:\\\/\\\/inclusivenews.com.br\\\/#\\\/schema\\\/person\\\/ae4ec7087559b8692fb33b6fffd2273b\"},\"headline\":\"Semin\u00e1rio e Mostra Cultural discutem a(s) est\u00e9tica(s) da periferia\",\"datePublished\":\"2011-04-28T10:07:58+00:00\",\"mainEntityOfPage\":{\"@id\":\"https:\\\/\\\/inclusivenews.com.br\\\/?p=19268\"},\"wordCount\":736,\"commentCount\":0,\"publisher\":{\"@id\":\"https:\\\/\\\/inclusivenews.com.br\\\/#organization\"},\"image\":{\"@id\":\"https:\\\/\\\/inclusivenews.com.br\\\/?p=19268#primaryimage\"},\"thumbnailUrl\":\"http:\\\/\\\/fc08.deviantart.net\\\/fs7\\\/i\\\/2006\\\/165\\\/4\\\/c\\\/Grafiti_by_xthrownawayx.jpg\",\"articleSection\":[\"Cursos e eventos\",\"NOT\u00cdCIAS\"],\"inLanguage\":\"pt-PT\",\"potentialAction\":[{\"@type\":\"CommentAction\",\"name\":\"Comment\",\"target\":[\"https:\\\/\\\/inclusivenews.com.br\\\/?p=19268#respond\"]}]},{\"@type\":\"WebPage\",\"@id\":\"https:\\\/\\\/inclusivenews.com.br\\\/?p=19268\",\"url\":\"https:\\\/\\\/inclusivenews.com.br\\\/?p=19268\",\"name\":\"Semin\u00e1rio e Mostra Cultural discutem a(s) est\u00e9tica(s) da periferia -\",\"isPartOf\":{\"@id\":\"https:\\\/\\\/inclusivenews.com.br\\\/#website\"},\"primaryImageOfPage\":{\"@id\":\"https:\\\/\\\/inclusivenews.com.br\\\/?p=19268#primaryimage\"},\"image\":{\"@id\":\"https:\\\/\\\/inclusivenews.com.br\\\/?p=19268#primaryimage\"},\"thumbnailUrl\":\"http:\\\/\\\/fc08.deviantart.net\\\/fs7\\\/i\\\/2006\\\/165\\\/4\\\/c\\\/Grafiti_by_xthrownawayx.jpg\",\"datePublished\":\"2011-04-28T10:07:58+00:00\",\"breadcrumb\":{\"@id\":\"https:\\\/\\\/inclusivenews.com.br\\\/?p=19268#breadcrumb\"},\"inLanguage\":\"pt-PT\",\"potentialAction\":[{\"@type\":\"ReadAction\",\"target\":[\"https:\\\/\\\/inclusivenews.com.br\\\/?p=19268\"]}]},{\"@type\":\"ImageObject\",\"inLanguage\":\"pt-PT\",\"@id\":\"https:\\\/\\\/inclusivenews.com.br\\\/?p=19268#primaryimage\",\"url\":\"http:\\\/\\\/fc08.deviantart.net\\\/fs7\\\/i\\\/2006\\\/165\\\/4\\\/c\\\/Grafiti_by_xthrownawayx.jpg\",\"contentUrl\":\"http:\\\/\\\/fc08.deviantart.net\\\/fs7\\\/i\\\/2006\\\/165\\\/4\\\/c\\\/Grafiti_by_xthrownawayx.jpg\"},{\"@type\":\"BreadcrumbList\",\"@id\":\"https:\\\/\\\/inclusivenews.com.br\\\/?p=19268#breadcrumb\",\"itemListElement\":[{\"@type\":\"ListItem\",\"position\":1,\"name\":\"In\u00edcio\",\"item\":\"https:\\\/\\\/inclusivenews.com.br\\\/\"},{\"@type\":\"ListItem\",\"position\":2,\"name\":\"Semin\u00e1rio e Mostra Cultural discutem a(s) est\u00e9tica(s) da periferia\"}]},{\"@type\":\"WebSite\",\"@id\":\"https:\\\/\\\/inclusivenews.com.br\\\/#website\",\"url\":\"https:\\\/\\\/inclusivenews.com.br\\\/\",\"name\":\"Inclusive News\",\"description\":\"Inclusive News\",\"publisher\":{\"@id\":\"https:\\\/\\\/inclusivenews.com.br\\\/#organization\"},\"potentialAction\":[{\"@type\":\"SearchAction\",\"target\":{\"@type\":\"EntryPoint\",\"urlTemplate\":\"https:\\\/\\\/inclusivenews.com.br\\\/?s={search_term_string}\"},\"query-input\":{\"@type\":\"PropertyValueSpecification\",\"valueRequired\":true,\"valueName\":\"search_term_string\"}}],\"inLanguage\":\"pt-PT\"},{\"@type\":\"Organization\",\"@id\":\"https:\\\/\\\/inclusivenews.com.br\\\/#organization\",\"name\":\"Inclusive - inclus\u00e3o e cidadania\",\"url\":\"https:\\\/\\\/inclusivenews.com.br\\\/\",\"logo\":{\"@type\":\"ImageObject\",\"inLanguage\":\"pt-PT\",\"@id\":\"https:\\\/\\\/inclusivenews.com.br\\\/#\\\/schema\\\/logo\\\/image\\\/\",\"url\":\"https:\\\/\\\/inclusivenews.com.br\\\/wp-content\\\/uploads\\\/2024\\\/03\\\/@grandesite.png\",\"contentUrl\":\"https:\\\/\\\/inclusivenews.com.br\\\/wp-content\\\/uploads\\\/2024\\\/03\\\/@grandesite.png\",\"width\":1080,\"height\":1080,\"caption\":\"Inclusive - inclus\u00e3o e cidadania\"},\"image\":{\"@id\":\"https:\\\/\\\/inclusivenews.com.br\\\/#\\\/schema\\\/logo\\\/image\\\/\"},\"sameAs\":[\"https:\\\/\\\/www.facebook.com\\\/agenciainclusive\\\/\",\"https:\\\/\\\/www.instagram.com\\\/newsinclusive\\\/\"]},{\"@type\":\"Person\",\"@id\":\"https:\\\/\\\/inclusivenews.com.br\\\/#\\\/schema\\\/person\\\/ae4ec7087559b8692fb33b6fffd2273b\",\"name\":\"inclusivenews2024\",\"image\":{\"@type\":\"ImageObject\",\"inLanguage\":\"pt-PT\",\"@id\":\"https:\\\/\\\/secure.gravatar.com\\\/avatar\\\/c5a7ef84c66fa914f55bc4f7ce26cfa275a3b9a1c5568b907bd184fb4dde7b40?s=96&d=mm&r=g\",\"url\":\"https:\\\/\\\/secure.gravatar.com\\\/avatar\\\/c5a7ef84c66fa914f55bc4f7ce26cfa275a3b9a1c5568b907bd184fb4dde7b40?s=96&d=mm&r=g\",\"contentUrl\":\"https:\\\/\\\/secure.gravatar.com\\\/avatar\\\/c5a7ef84c66fa914f55bc4f7ce26cfa275a3b9a1c5568b907bd184fb4dde7b40?s=96&d=mm&r=g\",\"caption\":\"inclusivenews2024\"},\"sameAs\":[\"https:\\\/\\\/inclusivenews.com.br\"],\"url\":\"https:\\\/\\\/inclusivenews.com.br\\\/?author=1\"}]}<\/script>\n<!-- \/ Yoast SEO plugin. -->","yoast_head_json":{"title":"Semin\u00e1rio e Mostra Cultural discutem a(s) est\u00e9tica(s) da periferia -","robots":{"index":"index","follow":"follow","max-snippet":"max-snippet:-1","max-image-preview":"max-image-preview:large","max-video-preview":"max-video-preview:-1"},"canonical":"https:\/\/inclusivenews.com.br\/?p=19268","og_locale":"pt_PT","og_type":"article","og_title":"Semin\u00e1rio e Mostra Cultural discutem a(s) est\u00e9tica(s) da periferia -","og_description":"Observar a produ\u00e7\u00e3o art\u00edstica da periferia, buscando a est\u00e9tica da express\u00e3o \u00e9 um dos objetivos do evento. Encontro ser\u00e1 transmitido pela Internet.","og_url":"https:\/\/inclusivenews.com.br\/?p=19268","article_publisher":"https:\/\/www.facebook.com\/agenciainclusive\/","article_published_time":"2011-04-28T10:07:58+00:00","og_image":[{"url":"http:\/\/fc08.deviantart.net\/fs7\/i\/2006\/165\/4\/c\/Grafiti_by_xthrownawayx.jpg","type":"","width":"","height":""}],"author":"inclusivenews2024","twitter_card":"summary_large_image","twitter_misc":{"Escrito por":"inclusivenews2024","Tempo estimado de leitura":"4 minutos"},"schema":{"@context":"https:\/\/schema.org","@graph":[{"@type":"Article","@id":"https:\/\/inclusivenews.com.br\/?p=19268#article","isPartOf":{"@id":"https:\/\/inclusivenews.com.br\/?p=19268"},"author":{"name":"inclusivenews2024","@id":"https:\/\/inclusivenews.com.br\/#\/schema\/person\/ae4ec7087559b8692fb33b6fffd2273b"},"headline":"Semin\u00e1rio e Mostra Cultural discutem a(s) est\u00e9tica(s) da periferia","datePublished":"2011-04-28T10:07:58+00:00","mainEntityOfPage":{"@id":"https:\/\/inclusivenews.com.br\/?p=19268"},"wordCount":736,"commentCount":0,"publisher":{"@id":"https:\/\/inclusivenews.com.br\/#organization"},"image":{"@id":"https:\/\/inclusivenews.com.br\/?p=19268#primaryimage"},"thumbnailUrl":"http:\/\/fc08.deviantart.net\/fs7\/i\/2006\/165\/4\/c\/Grafiti_by_xthrownawayx.jpg","articleSection":["Cursos e eventos","NOT\u00cdCIAS"],"inLanguage":"pt-PT","potentialAction":[{"@type":"CommentAction","name":"Comment","target":["https:\/\/inclusivenews.com.br\/?p=19268#respond"]}]},{"@type":"WebPage","@id":"https:\/\/inclusivenews.com.br\/?p=19268","url":"https:\/\/inclusivenews.com.br\/?p=19268","name":"Semin\u00e1rio e Mostra Cultural discutem a(s) est\u00e9tica(s) da periferia -","isPartOf":{"@id":"https:\/\/inclusivenews.com.br\/#website"},"primaryImageOfPage":{"@id":"https:\/\/inclusivenews.com.br\/?p=19268#primaryimage"},"image":{"@id":"https:\/\/inclusivenews.com.br\/?p=19268#primaryimage"},"thumbnailUrl":"http:\/\/fc08.deviantart.net\/fs7\/i\/2006\/165\/4\/c\/Grafiti_by_xthrownawayx.jpg","datePublished":"2011-04-28T10:07:58+00:00","breadcrumb":{"@id":"https:\/\/inclusivenews.com.br\/?p=19268#breadcrumb"},"inLanguage":"pt-PT","potentialAction":[{"@type":"ReadAction","target":["https:\/\/inclusivenews.com.br\/?p=19268"]}]},{"@type":"ImageObject","inLanguage":"pt-PT","@id":"https:\/\/inclusivenews.com.br\/?p=19268#primaryimage","url":"http:\/\/fc08.deviantart.net\/fs7\/i\/2006\/165\/4\/c\/Grafiti_by_xthrownawayx.jpg","contentUrl":"http:\/\/fc08.deviantart.net\/fs7\/i\/2006\/165\/4\/c\/Grafiti_by_xthrownawayx.jpg"},{"@type":"BreadcrumbList","@id":"https:\/\/inclusivenews.com.br\/?p=19268#breadcrumb","itemListElement":[{"@type":"ListItem","position":1,"name":"In\u00edcio","item":"https:\/\/inclusivenews.com.br\/"},{"@type":"ListItem","position":2,"name":"Semin\u00e1rio e Mostra Cultural discutem a(s) est\u00e9tica(s) da periferia"}]},{"@type":"WebSite","@id":"https:\/\/inclusivenews.com.br\/#website","url":"https:\/\/inclusivenews.com.br\/","name":"Inclusive News","description":"Inclusive News","publisher":{"@id":"https:\/\/inclusivenews.com.br\/#organization"},"potentialAction":[{"@type":"SearchAction","target":{"@type":"EntryPoint","urlTemplate":"https:\/\/inclusivenews.com.br\/?s={search_term_string}"},"query-input":{"@type":"PropertyValueSpecification","valueRequired":true,"valueName":"search_term_string"}}],"inLanguage":"pt-PT"},{"@type":"Organization","@id":"https:\/\/inclusivenews.com.br\/#organization","name":"Inclusive - inclus\u00e3o e cidadania","url":"https:\/\/inclusivenews.com.br\/","logo":{"@type":"ImageObject","inLanguage":"pt-PT","@id":"https:\/\/inclusivenews.com.br\/#\/schema\/logo\/image\/","url":"https:\/\/inclusivenews.com.br\/wp-content\/uploads\/2024\/03\/@grandesite.png","contentUrl":"https:\/\/inclusivenews.com.br\/wp-content\/uploads\/2024\/03\/@grandesite.png","width":1080,"height":1080,"caption":"Inclusive - inclus\u00e3o e cidadania"},"image":{"@id":"https:\/\/inclusivenews.com.br\/#\/schema\/logo\/image\/"},"sameAs":["https:\/\/www.facebook.com\/agenciainclusive\/","https:\/\/www.instagram.com\/newsinclusive\/"]},{"@type":"Person","@id":"https:\/\/inclusivenews.com.br\/#\/schema\/person\/ae4ec7087559b8692fb33b6fffd2273b","name":"inclusivenews2024","image":{"@type":"ImageObject","inLanguage":"pt-PT","@id":"https:\/\/secure.gravatar.com\/avatar\/c5a7ef84c66fa914f55bc4f7ce26cfa275a3b9a1c5568b907bd184fb4dde7b40?s=96&d=mm&r=g","url":"https:\/\/secure.gravatar.com\/avatar\/c5a7ef84c66fa914f55bc4f7ce26cfa275a3b9a1c5568b907bd184fb4dde7b40?s=96&d=mm&r=g","contentUrl":"https:\/\/secure.gravatar.com\/avatar\/c5a7ef84c66fa914f55bc4f7ce26cfa275a3b9a1c5568b907bd184fb4dde7b40?s=96&d=mm&r=g","caption":"inclusivenews2024"},"sameAs":["https:\/\/inclusivenews.com.br"],"url":"https:\/\/inclusivenews.com.br\/?author=1"}]}},"_links":{"self":[{"href":"https:\/\/inclusivenews.com.br\/index.php?rest_route=\/wp\/v2\/posts\/19268","targetHints":{"allow":["GET"]}}],"collection":[{"href":"https:\/\/inclusivenews.com.br\/index.php?rest_route=\/wp\/v2\/posts"}],"about":[{"href":"https:\/\/inclusivenews.com.br\/index.php?rest_route=\/wp\/v2\/types\/post"}],"author":[{"embeddable":true,"href":"https:\/\/inclusivenews.com.br\/index.php?rest_route=\/wp\/v2\/users\/1"}],"replies":[{"embeddable":true,"href":"https:\/\/inclusivenews.com.br\/index.php?rest_route=%2Fwp%2Fv2%2Fcomments&post=19268"}],"version-history":[{"count":0,"href":"https:\/\/inclusivenews.com.br\/index.php?rest_route=\/wp\/v2\/posts\/19268\/revisions"}],"wp:attachment":[{"href":"https:\/\/inclusivenews.com.br\/index.php?rest_route=%2Fwp%2Fv2%2Fmedia&parent=19268"}],"wp:term":[{"taxonomy":"category","embeddable":true,"href":"https:\/\/inclusivenews.com.br\/index.php?rest_route=%2Fwp%2Fv2%2Fcategories&post=19268"},{"taxonomy":"post_tag","embeddable":true,"href":"https:\/\/inclusivenews.com.br\/index.php?rest_route=%2Fwp%2Fv2%2Ftags&post=19268"}],"curies":[{"name":"wp","href":"https:\/\/api.w.org\/{rel}","templated":true}]}}