{"id":19270,"date":"2011-04-28T07:12:02","date_gmt":"2011-04-28T10:12:02","guid":{"rendered":"http:\/\/www.inclusive.org.br\/?p=19270"},"modified":"2011-04-28T07:12:02","modified_gmt":"2011-04-28T10:12:02","slug":"para-prr5-colegios-militares-devem-aceitar-alunos-com-deficiencia","status":"publish","type":"post","link":"https:\/\/inclusivenews.com.br\/?p=19270","title":{"rendered":"Para PRR5, col\u00e9gios militares devem aceitar alunos com defici\u00eancia"},"content":{"rendered":"<p><a href=\"http:\/\/www.inclusivenews.com.br\/wp-content\/uploads\/2011\/03\/discrimanacao_e_preconceito.jpg\"><img loading=\"lazy\" decoding=\"async\" class=\"alignleft size-medium wp-image-18714\" title=\"Inclusive - Discrimina\u00e7\u00e3o - Preconceito - Um boneco em vermelho aparece diante de dois grupos de bonecos grandes.\" src=\"http:\/\/inclusivenews.com.br\/wp-content\/uploads\/2011\/03\/discrimanacao_e_preconceito-300x180.jpg\" alt=\"Inclusive - Discrimina\u00e7\u00e3o - Preconceito - Um boneco em vermelho aparece diante de dois grupos de bonecos grandes.\" width=\"240\" height=\"144\" \/><\/a>A Procuradoria Regional da Rep\u00fablica da 5.\u00aa Regi\u00e3o, \u00f3rg\u00e3o do Minist\u00e9rio P\u00fablico Federal (MPF) que atua perante o Tribunal Regional Federal da 5.\u00aa Regi\u00e3o (TRF5), emitiu parecer em que defende o direito de alunos deficientes de estudar em col\u00e9gios militares. Para o MPF, recusar a matr\u00edcula desses estudantes \u00e9 uma afronta ao direito \u00e0 educa\u00e7\u00e3o e aos princ\u00edpios da isonomia e da dignidade da pessoa humana previstos na Constitui\u00e7\u00e3o Federal.<\/p>\n<p>Em junho de 2010, ap\u00f3s ter sido procurado pelo pai de um estudante que enxerga apenas por um olho e teve sua matr\u00edcula negada pelo Col\u00e9gio Militar do Recife, o MPF \u2013 por meio da Procuradoria da Rep\u00fablica em Pernambuco \u2013 entrou com uma a\u00e7\u00e3o civil p\u00fablica contra a Uni\u00e3o para que os Col\u00e9gios Militares em todo o Brasil deixassem de recusar a matr\u00edcula de alunos deficientes. A 10.\u00aa Vara da Justi\u00e7a Federal em Pernambuco n\u00e3o acatou o pedido do MPF, que recorreu ao TRF5. A apela\u00e7\u00e3o ser\u00e1 julgada pela Primeira Turma do Tribunal.<\/p>\n<p>Em seu parecer, o MPF contesta a legalidade do Anexo C, da Portaria n.\u00ba 41 de 17 de maio de 2005, do Departamento de Educa\u00e7\u00e3o e Cultura do Ex\u00e9rcito, que exclui as pessoas com defici\u00eancia do direito \u00e0 matr\u00edcula nos col\u00e9gios militares. \u201cEm nenhum momento a Constitui\u00e7\u00e3o Federal faz restri\u00e7\u00f5es o acesso dos portadores de necessidades especiais ao ensino nos Col\u00e9gios Militares\u201d, explica o procurador regional da Rep\u00fablica Uairandyr Ten\u00f3rio de Oliveira.<\/p>\n<p>O MPF ressalta que as mat\u00e9rias oferecidas pelos Col\u00e9gios Militares s\u00e3o, em sua maioria, de ci\u00eancias humanas e naturais, e as atividades f\u00edsicas que eventualmente n\u00e3o podem ser praticadas por portadores de defici\u00eancia comp\u00f5em uma parcela bem pequena da grade curricular. Al\u00e9m disso, mesmo que a proposta pedag\u00f3gica dessas escolas fosse consideravelmente incompat\u00edvel com as aptid\u00f5es dos deficientes, eles deveriam ser dispensados das disciplinas que, em tese, n\u00e3o pudessem cursar.<\/p>\n<p>\u201cEntre os portadores de necessidades especiais h\u00e1 cidad\u00e3os com capacidade cognitiva equivalente ou at\u00e9 mesmo superior \u00e0 dos alunos aparentemente saud\u00e1veis, capazes de atender \u00e0s exig\u00eancias pedag\u00f3gicas da matriz curricular do Col\u00e9gio Militar\u201d, argumenta o MPF.<\/p>\n<p><a href=\"http:\/\/www.trf5.jus.br\/processo\/0007821-59.2010.4.05.8300\">N.\u00ba do processo no TRF-5: 0007821-59.2010.4.05.8300 (AC 518131 PE)<\/a><\/p>\n<p><a href=\"http:\/\/www2.prr5.mpf.gov.br\/manifestacoes\/PAR\/AC\/2011\/0785.doc\" target=\"_blank\" rel=\"noopener\">Veja aqui a \u00edntegra da manifesta\u00e7\u00e3o da PRR5.<\/a><\/p>\n<p>A Procuradoria Regional da Rep\u00fablica da 5.\u00aa Regi\u00e3o (PRR5) \u00e9 a unidade do Minist\u00e9rio P\u00fablico Federal que atua perante o Tribunal Regional Federal da 5.\u00aa Regi\u00e3o (TRF5), a segunda inst\u00e2ncia do Poder Judici\u00e1rio Federal para os estados de Alagoas, Cear\u00e1, Para\u00edba, Pernambuco, Rio Grande do Norte e Sergipe.<\/p>\n<p>__________<\/p>\n<p><strong>Fonte:<\/strong> <a href=\"http:\/\/noticias.pgr.mpf.gov.br\/noticias\/noticias-do-site\/copy_of_direitos-do-cidadao\/inclusao-para-mpf-colegios-militares-devem-aceitar-alunos-deficientes\">PFDC <\/a><\/p>\n","protected":false},"excerpt":{"rendered":"<p>Minist\u00e9rio P\u00fablico Federal entende que portaria que limita acesso de estudantes a essas institui\u00e7\u00f5es de ensino \u00e9 discriminat\u00f3ria e fere a Constitui\u00e7\u00e3o Federal.<\/p>\n","protected":false},"author":1,"featured_media":0,"comment_status":"open","ping_status":"open","sticky":false,"template":"","format":"standard","meta":{"site-container-style":"default","site-container-layout":"default","site-sidebar-layout":"default","disable-article-header":"default","disable-site-header":"default","disable-site-footer":"default","disable-content-area-spacing":"default","footnotes":""},"categories":[38,6,48,4],"tags":[],"class_list":["post-19270","post","type-post","status-publish","format-standard","hentry","category-deficiencia","category-educacao","category-inclusao","category-noticias"],"yoast_head":"<!-- This site is optimized with the Yoast SEO plugin v27.4 - https:\/\/yoast.com\/product\/yoast-seo-wordpress\/ -->\n<title>Para PRR5, col\u00e9gios militares devem aceitar alunos com defici\u00eancia -<\/title>\n<meta name=\"robots\" content=\"index, follow, max-snippet:-1, max-image-preview:large, max-video-preview:-1\" \/>\n<link rel=\"canonical\" href=\"https:\/\/inclusivenews.com.br\/?p=19270\" \/>\n<meta property=\"og:locale\" content=\"pt_PT\" \/>\n<meta property=\"og:type\" content=\"article\" \/>\n<meta property=\"og:title\" content=\"Para PRR5, col\u00e9gios militares devem aceitar alunos com defici\u00eancia -\" \/>\n<meta property=\"og:description\" content=\"Minist\u00e9rio P\u00fablico Federal entende que portaria que limita acesso de estudantes a essas institui\u00e7\u00f5es de ensino \u00e9 discriminat\u00f3ria e fere a Constitui\u00e7\u00e3o Federal.\" \/>\n<meta property=\"og:url\" content=\"https:\/\/inclusivenews.com.br\/?p=19270\" \/>\n<meta property=\"article:publisher\" content=\"https:\/\/www.facebook.com\/agenciainclusive\/\" \/>\n<meta property=\"article:published_time\" content=\"2011-04-28T10:12:02+00:00\" \/>\n<meta property=\"og:image\" content=\"http:\/\/inclusivenews.com.br\/wp-content\/uploads\/2011\/03\/discrimanacao_e_preconceito-300x180.jpg\" \/>\n<meta name=\"author\" content=\"inclusivenews2024\" \/>\n<meta name=\"twitter:card\" content=\"summary_large_image\" \/>\n<meta name=\"twitter:label1\" content=\"Escrito por\" \/>\n\t<meta name=\"twitter:data1\" content=\"inclusivenews2024\" \/>\n\t<meta name=\"twitter:label2\" content=\"Tempo estimado de leitura\" \/>\n\t<meta name=\"twitter:data2\" content=\"2 minutos\" \/>\n<script type=\"application\/ld+json\" class=\"yoast-schema-graph\">{\"@context\":\"https:\\\/\\\/schema.org\",\"@graph\":[{\"@type\":\"Article\",\"@id\":\"https:\\\/\\\/inclusivenews.com.br\\\/?p=19270#article\",\"isPartOf\":{\"@id\":\"https:\\\/\\\/inclusivenews.com.br\\\/?p=19270\"},\"author\":{\"name\":\"inclusivenews2024\",\"@id\":\"https:\\\/\\\/inclusivenews.com.br\\\/#\\\/schema\\\/person\\\/ae4ec7087559b8692fb33b6fffd2273b\"},\"headline\":\"Para PRR5, col\u00e9gios militares devem aceitar alunos com defici\u00eancia\",\"datePublished\":\"2011-04-28T10:12:02+00:00\",\"mainEntityOfPage\":{\"@id\":\"https:\\\/\\\/inclusivenews.com.br\\\/?p=19270\"},\"wordCount\":463,\"commentCount\":1,\"publisher\":{\"@id\":\"https:\\\/\\\/inclusivenews.com.br\\\/#organization\"},\"image\":{\"@id\":\"https:\\\/\\\/inclusivenews.com.br\\\/?p=19270#primaryimage\"},\"thumbnailUrl\":\"http:\\\/\\\/inclusivenews.com.br\\\/wp-content\\\/uploads\\\/2011\\\/03\\\/discrimanacao_e_preconceito-300x180.jpg\",\"articleSection\":[\"Defici\u00eancia\",\"EDUCA\u00c7\u00c3O\",\"INCLUS\u00c3O SOCIAL\",\"NOT\u00cdCIAS\"],\"inLanguage\":\"pt-PT\",\"potentialAction\":[{\"@type\":\"CommentAction\",\"name\":\"Comment\",\"target\":[\"https:\\\/\\\/inclusivenews.com.br\\\/?p=19270#respond\"]}]},{\"@type\":\"WebPage\",\"@id\":\"https:\\\/\\\/inclusivenews.com.br\\\/?p=19270\",\"url\":\"https:\\\/\\\/inclusivenews.com.br\\\/?p=19270\",\"name\":\"Para PRR5, col\u00e9gios militares devem aceitar alunos com defici\u00eancia -\",\"isPartOf\":{\"@id\":\"https:\\\/\\\/inclusivenews.com.br\\\/#website\"},\"primaryImageOfPage\":{\"@id\":\"https:\\\/\\\/inclusivenews.com.br\\\/?p=19270#primaryimage\"},\"image\":{\"@id\":\"https:\\\/\\\/inclusivenews.com.br\\\/?p=19270#primaryimage\"},\"thumbnailUrl\":\"http:\\\/\\\/inclusivenews.com.br\\\/wp-content\\\/uploads\\\/2011\\\/03\\\/discrimanacao_e_preconceito-300x180.jpg\",\"datePublished\":\"2011-04-28T10:12:02+00:00\",\"breadcrumb\":{\"@id\":\"https:\\\/\\\/inclusivenews.com.br\\\/?p=19270#breadcrumb\"},\"inLanguage\":\"pt-PT\",\"potentialAction\":[{\"@type\":\"ReadAction\",\"target\":[\"https:\\\/\\\/inclusivenews.com.br\\\/?p=19270\"]}]},{\"@type\":\"ImageObject\",\"inLanguage\":\"pt-PT\",\"@id\":\"https:\\\/\\\/inclusivenews.com.br\\\/?p=19270#primaryimage\",\"url\":\"\",\"contentUrl\":\"\"},{\"@type\":\"BreadcrumbList\",\"@id\":\"https:\\\/\\\/inclusivenews.com.br\\\/?p=19270#breadcrumb\",\"itemListElement\":[{\"@type\":\"ListItem\",\"position\":1,\"name\":\"In\u00edcio\",\"item\":\"https:\\\/\\\/inclusivenews.com.br\\\/\"},{\"@type\":\"ListItem\",\"position\":2,\"name\":\"Para PRR5, col\u00e9gios militares devem aceitar alunos com defici\u00eancia\"}]},{\"@type\":\"WebSite\",\"@id\":\"https:\\\/\\\/inclusivenews.com.br\\\/#website\",\"url\":\"https:\\\/\\\/inclusivenews.com.br\\\/\",\"name\":\"Inclusive News\",\"description\":\"Inclusive News\",\"publisher\":{\"@id\":\"https:\\\/\\\/inclusivenews.com.br\\\/#organization\"},\"potentialAction\":[{\"@type\":\"SearchAction\",\"target\":{\"@type\":\"EntryPoint\",\"urlTemplate\":\"https:\\\/\\\/inclusivenews.com.br\\\/?s={search_term_string}\"},\"query-input\":{\"@type\":\"PropertyValueSpecification\",\"valueRequired\":true,\"valueName\":\"search_term_string\"}}],\"inLanguage\":\"pt-PT\"},{\"@type\":\"Organization\",\"@id\":\"https:\\\/\\\/inclusivenews.com.br\\\/#organization\",\"name\":\"Inclusive - inclus\u00e3o e cidadania\",\"url\":\"https:\\\/\\\/inclusivenews.com.br\\\/\",\"logo\":{\"@type\":\"ImageObject\",\"inLanguage\":\"pt-PT\",\"@id\":\"https:\\\/\\\/inclusivenews.com.br\\\/#\\\/schema\\\/logo\\\/image\\\/\",\"url\":\"https:\\\/\\\/inclusivenews.com.br\\\/wp-content\\\/uploads\\\/2024\\\/03\\\/@grandesite.png\",\"contentUrl\":\"https:\\\/\\\/inclusivenews.com.br\\\/wp-content\\\/uploads\\\/2024\\\/03\\\/@grandesite.png\",\"width\":1080,\"height\":1080,\"caption\":\"Inclusive - inclus\u00e3o e cidadania\"},\"image\":{\"@id\":\"https:\\\/\\\/inclusivenews.com.br\\\/#\\\/schema\\\/logo\\\/image\\\/\"},\"sameAs\":[\"https:\\\/\\\/www.facebook.com\\\/agenciainclusive\\\/\",\"https:\\\/\\\/www.instagram.com\\\/newsinclusive\\\/\"]},{\"@type\":\"Person\",\"@id\":\"https:\\\/\\\/inclusivenews.com.br\\\/#\\\/schema\\\/person\\\/ae4ec7087559b8692fb33b6fffd2273b\",\"name\":\"inclusivenews2024\",\"image\":{\"@type\":\"ImageObject\",\"inLanguage\":\"pt-PT\",\"@id\":\"https:\\\/\\\/secure.gravatar.com\\\/avatar\\\/c5a7ef84c66fa914f55bc4f7ce26cfa275a3b9a1c5568b907bd184fb4dde7b40?s=96&d=mm&r=g\",\"url\":\"https:\\\/\\\/secure.gravatar.com\\\/avatar\\\/c5a7ef84c66fa914f55bc4f7ce26cfa275a3b9a1c5568b907bd184fb4dde7b40?s=96&d=mm&r=g\",\"contentUrl\":\"https:\\\/\\\/secure.gravatar.com\\\/avatar\\\/c5a7ef84c66fa914f55bc4f7ce26cfa275a3b9a1c5568b907bd184fb4dde7b40?s=96&d=mm&r=g\",\"caption\":\"inclusivenews2024\"},\"sameAs\":[\"https:\\\/\\\/inclusivenews.com.br\"],\"url\":\"https:\\\/\\\/inclusivenews.com.br\\\/?author=1\"}]}<\/script>\n<!-- \/ Yoast SEO plugin. -->","yoast_head_json":{"title":"Para PRR5, col\u00e9gios militares devem aceitar alunos com defici\u00eancia -","robots":{"index":"index","follow":"follow","max-snippet":"max-snippet:-1","max-image-preview":"max-image-preview:large","max-video-preview":"max-video-preview:-1"},"canonical":"https:\/\/inclusivenews.com.br\/?p=19270","og_locale":"pt_PT","og_type":"article","og_title":"Para PRR5, col\u00e9gios militares devem aceitar alunos com defici\u00eancia -","og_description":"Minist\u00e9rio P\u00fablico Federal entende que portaria que limita acesso de estudantes a essas institui\u00e7\u00f5es de ensino \u00e9 discriminat\u00f3ria e fere a Constitui\u00e7\u00e3o Federal.","og_url":"https:\/\/inclusivenews.com.br\/?p=19270","article_publisher":"https:\/\/www.facebook.com\/agenciainclusive\/","article_published_time":"2011-04-28T10:12:02+00:00","og_image":[{"url":"http:\/\/inclusivenews.com.br\/wp-content\/uploads\/2011\/03\/discrimanacao_e_preconceito-300x180.jpg","type":"","width":"","height":""}],"author":"inclusivenews2024","twitter_card":"summary_large_image","twitter_misc":{"Escrito por":"inclusivenews2024","Tempo estimado de leitura":"2 minutos"},"schema":{"@context":"https:\/\/schema.org","@graph":[{"@type":"Article","@id":"https:\/\/inclusivenews.com.br\/?p=19270#article","isPartOf":{"@id":"https:\/\/inclusivenews.com.br\/?p=19270"},"author":{"name":"inclusivenews2024","@id":"https:\/\/inclusivenews.com.br\/#\/schema\/person\/ae4ec7087559b8692fb33b6fffd2273b"},"headline":"Para PRR5, col\u00e9gios militares devem aceitar alunos com defici\u00eancia","datePublished":"2011-04-28T10:12:02+00:00","mainEntityOfPage":{"@id":"https:\/\/inclusivenews.com.br\/?p=19270"},"wordCount":463,"commentCount":1,"publisher":{"@id":"https:\/\/inclusivenews.com.br\/#organization"},"image":{"@id":"https:\/\/inclusivenews.com.br\/?p=19270#primaryimage"},"thumbnailUrl":"http:\/\/inclusivenews.com.br\/wp-content\/uploads\/2011\/03\/discrimanacao_e_preconceito-300x180.jpg","articleSection":["Defici\u00eancia","EDUCA\u00c7\u00c3O","INCLUS\u00c3O SOCIAL","NOT\u00cdCIAS"],"inLanguage":"pt-PT","potentialAction":[{"@type":"CommentAction","name":"Comment","target":["https:\/\/inclusivenews.com.br\/?p=19270#respond"]}]},{"@type":"WebPage","@id":"https:\/\/inclusivenews.com.br\/?p=19270","url":"https:\/\/inclusivenews.com.br\/?p=19270","name":"Para PRR5, col\u00e9gios militares devem aceitar alunos com defici\u00eancia -","isPartOf":{"@id":"https:\/\/inclusivenews.com.br\/#website"},"primaryImageOfPage":{"@id":"https:\/\/inclusivenews.com.br\/?p=19270#primaryimage"},"image":{"@id":"https:\/\/inclusivenews.com.br\/?p=19270#primaryimage"},"thumbnailUrl":"http:\/\/inclusivenews.com.br\/wp-content\/uploads\/2011\/03\/discrimanacao_e_preconceito-300x180.jpg","datePublished":"2011-04-28T10:12:02+00:00","breadcrumb":{"@id":"https:\/\/inclusivenews.com.br\/?p=19270#breadcrumb"},"inLanguage":"pt-PT","potentialAction":[{"@type":"ReadAction","target":["https:\/\/inclusivenews.com.br\/?p=19270"]}]},{"@type":"ImageObject","inLanguage":"pt-PT","@id":"https:\/\/inclusivenews.com.br\/?p=19270#primaryimage","url":"","contentUrl":""},{"@type":"BreadcrumbList","@id":"https:\/\/inclusivenews.com.br\/?p=19270#breadcrumb","itemListElement":[{"@type":"ListItem","position":1,"name":"In\u00edcio","item":"https:\/\/inclusivenews.com.br\/"},{"@type":"ListItem","position":2,"name":"Para PRR5, col\u00e9gios militares devem aceitar alunos com defici\u00eancia"}]},{"@type":"WebSite","@id":"https:\/\/inclusivenews.com.br\/#website","url":"https:\/\/inclusivenews.com.br\/","name":"Inclusive News","description":"Inclusive News","publisher":{"@id":"https:\/\/inclusivenews.com.br\/#organization"},"potentialAction":[{"@type":"SearchAction","target":{"@type":"EntryPoint","urlTemplate":"https:\/\/inclusivenews.com.br\/?s={search_term_string}"},"query-input":{"@type":"PropertyValueSpecification","valueRequired":true,"valueName":"search_term_string"}}],"inLanguage":"pt-PT"},{"@type":"Organization","@id":"https:\/\/inclusivenews.com.br\/#organization","name":"Inclusive - inclus\u00e3o e cidadania","url":"https:\/\/inclusivenews.com.br\/","logo":{"@type":"ImageObject","inLanguage":"pt-PT","@id":"https:\/\/inclusivenews.com.br\/#\/schema\/logo\/image\/","url":"https:\/\/inclusivenews.com.br\/wp-content\/uploads\/2024\/03\/@grandesite.png","contentUrl":"https:\/\/inclusivenews.com.br\/wp-content\/uploads\/2024\/03\/@grandesite.png","width":1080,"height":1080,"caption":"Inclusive - inclus\u00e3o e cidadania"},"image":{"@id":"https:\/\/inclusivenews.com.br\/#\/schema\/logo\/image\/"},"sameAs":["https:\/\/www.facebook.com\/agenciainclusive\/","https:\/\/www.instagram.com\/newsinclusive\/"]},{"@type":"Person","@id":"https:\/\/inclusivenews.com.br\/#\/schema\/person\/ae4ec7087559b8692fb33b6fffd2273b","name":"inclusivenews2024","image":{"@type":"ImageObject","inLanguage":"pt-PT","@id":"https:\/\/secure.gravatar.com\/avatar\/c5a7ef84c66fa914f55bc4f7ce26cfa275a3b9a1c5568b907bd184fb4dde7b40?s=96&d=mm&r=g","url":"https:\/\/secure.gravatar.com\/avatar\/c5a7ef84c66fa914f55bc4f7ce26cfa275a3b9a1c5568b907bd184fb4dde7b40?s=96&d=mm&r=g","contentUrl":"https:\/\/secure.gravatar.com\/avatar\/c5a7ef84c66fa914f55bc4f7ce26cfa275a3b9a1c5568b907bd184fb4dde7b40?s=96&d=mm&r=g","caption":"inclusivenews2024"},"sameAs":["https:\/\/inclusivenews.com.br"],"url":"https:\/\/inclusivenews.com.br\/?author=1"}]}},"_links":{"self":[{"href":"https:\/\/inclusivenews.com.br\/index.php?rest_route=\/wp\/v2\/posts\/19270","targetHints":{"allow":["GET"]}}],"collection":[{"href":"https:\/\/inclusivenews.com.br\/index.php?rest_route=\/wp\/v2\/posts"}],"about":[{"href":"https:\/\/inclusivenews.com.br\/index.php?rest_route=\/wp\/v2\/types\/post"}],"author":[{"embeddable":true,"href":"https:\/\/inclusivenews.com.br\/index.php?rest_route=\/wp\/v2\/users\/1"}],"replies":[{"embeddable":true,"href":"https:\/\/inclusivenews.com.br\/index.php?rest_route=%2Fwp%2Fv2%2Fcomments&post=19270"}],"version-history":[{"count":0,"href":"https:\/\/inclusivenews.com.br\/index.php?rest_route=\/wp\/v2\/posts\/19270\/revisions"}],"wp:attachment":[{"href":"https:\/\/inclusivenews.com.br\/index.php?rest_route=%2Fwp%2Fv2%2Fmedia&parent=19270"}],"wp:term":[{"taxonomy":"category","embeddable":true,"href":"https:\/\/inclusivenews.com.br\/index.php?rest_route=%2Fwp%2Fv2%2Fcategories&post=19270"},{"taxonomy":"post_tag","embeddable":true,"href":"https:\/\/inclusivenews.com.br\/index.php?rest_route=%2Fwp%2Fv2%2Ftags&post=19270"}],"curies":[{"name":"wp","href":"https:\/\/api.w.org\/{rel}","templated":true}]}}