{"id":19272,"date":"2011-04-27T16:46:51","date_gmt":"2011-04-27T19:46:51","guid":{"rendered":"http:\/\/www.inclusive.org.br\/?p=19272"},"modified":"2011-04-27T16:46:51","modified_gmt":"2011-04-27T19:46:51","slug":"mtv-piada-de-pessimo-gosto","status":"publish","type":"post","link":"https:\/\/inclusivenews.com.br\/?p=19272","title":{"rendered":"MTV \u2013 Piada de p\u00e9ssimo gosto"},"content":{"rendered":"<figure id=\"attachment_19274\" aria-describedby=\"caption-attachment-19274\" style=\"width: 300px\" class=\"wp-caption alignleft\"><a href=\"http:\/\/www.inclusivenews.com.br\/wp-content\/uploads\/2011\/04\/casa-dos-autistas.jpg\"><img loading=\"lazy\" decoding=\"async\" class=\"size-medium wp-image-19274\" title=\"casa dos autistas\" src=\"http:\/\/inclusivenews.com.br\/wp-content\/uploads\/2011\/04\/casa-dos-autistas-300x225.jpg\" alt=\"O &quot;comediante&quot; Marcelo Adnet em frente ao logo do programa Casa dos Autistas, uma casa azul com uma cara sorridente amarela\" width=\"300\" height=\"225\" \/><\/a><figcaption id=\"caption-attachment-19274\" class=\"wp-caption-text\">O &quot;comediante&quot; Marcelo Adnet em frente ao logo do programa Casa dos Autistas, uma casa azul com uma cara sorridente amarela<\/figcaption><\/figure>\n<p>Em 22 de mar\u00e7o a MTV levou ao ar o esquete intitulado &#8220;Casa dos Autistas&#8221;, como parte do programa Com\u00e9dia MTV.\u00a0 Nele, atores dentro de uma casa encenavam movimentos esteriotipados caracter\u00edsticos deste dist\u00farbio do desenvolvimento. O v\u00eddeo tamb\u00e9m foi postado no YouTube e come\u00e7ou a circular no Facebook e outras m\u00eddias sociais.<\/p>\n<p>Indignados, ativistas do movimento autista organizaram uma peti\u00e7\u00e3o p\u00fablica contra o quadro, que j\u00e1 ultrapassou 6.700 assinaturas.<\/p>\n<p><strong><em>Abaixo assinado contra o Programa da MTV &#8220;Casa dos Autistas&#8221; <\/em><\/strong><\/p>\n<p><em>Um programa preconceituoso, onde domina o desrespeito contra todos que t\u00eam o diagn\u00f3stico de Autismo.<br \/>\nCasa dos autistas MTV: <a href=\"http:\/\/www.youtube.com\/watch?v=-1sFU_b9bt0\">http:\/\/www.youtube.com\/watch?v=-1sFU_b9bt0<\/a><\/em><\/p>\n<p><em>Este programa deve ser tirado do ar imediatamente, e ainda formalizar um pedido de desculpas ao p\u00fablico, pelo atos de desrespeito, imoralidade e preconceito expl\u00edcitos em seu programa mencionado.<\/em><\/p>\n<p><em>Lament\u00e1vel que tenha sido colocado no ar. S\u00f3 quem tem crian\u00e7as com a s\u00edndrome do autismo conhece essa luta regada a muitas l\u00e1grimas, dificuldades e impedimentos, ainda mais em um pa\u00eds despreparado como o Brasil, que lamentavelmente \u00e9 cheio de preconceito e irracionalidade humana.<\/em><\/p>\n<p><em>Mas n\u00e3o vamos desistir nunca.<\/em><\/p>\n<p><em>Prezados senhores, acredito podemos fazer mais e melhor sempre, sem ofender ou agredir ningu\u00e9m.<\/em><\/p>\n<p><a href=\"http:\/\/www.peticaopublica.com.br\/PeticaoVer.aspx?pi=P2011N9211\">http:\/\/www.peticaopublica.com.br\/PeticaoVer.aspx?pi=P2011N9211<\/a><br \/>\nRapidamente a MTV retirou a Casa dos Autistas de seu site, mas o v\u00eddeo do YouTube permaneceu.<\/p>\n<p>Na segunda, 25-4, a Deputada Federal Rosinha da Adefal, Presidenta da Frente Parlamentar do Congresso Nacional\u00a0dos Direitos da Pessoa com Defici\u00eancia, foi a primeira a se pronunciar na tribuna da C\u00e2mara dos Deputados contra o quadro.<\/p>\n<p><strong><em>Pronunciamento da Deputada Rosinha da Adefal sobre o v\u00eddeo que vem circulando pelo youtube, da MTV, intitulado como &#8220;Casa dos Autistas&#8221;<\/em><\/strong><\/p>\n<p><em>Como Presidenta da Frente Parlamentar do Congresso Nacional\u00a0dos Direitos da Pessoa com Defici\u00eancia, aderi ao\u00a0abaixo assinado contra o programa &#8220;Casa dos Autistas&#8221; e\u00a0me coloco \u00e0 disposi\u00e7\u00e3o do Movimento de Inclus\u00e3o Social das Pessoas com Defici\u00eancia para facilitar o encaminhamento de qualquer requerimento, representa\u00e7\u00e3o ou outros encaminhamentos necess\u00e1rios \u00e0 devida reprimenda desta conduta discriminat\u00f3ria. <\/em><\/p>\n<p><em>Entendo que al\u00e9m da\u00a0comunica\u00e7\u00e3o aos \u00f3rg\u00e3os p\u00fablicos competentes para as medidas cab\u00edveis,\u00e9 igualmente importante\u00a0que seja\u00a0comunicado o Minist\u00e9rio P\u00fablico, que al\u00e9m de investigar o caso\u00a0pode ajuizar a\u00e7\u00e3o civil p\u00fablica com pedido de indeniza\u00e7\u00e3o por danos morais causados\u00a0\u00e0 coletividade. Na atualidade,\u00a0\u00e9 incab\u00edvel\u00a0a veicula\u00e7\u00e3o de programas que, com a suposta inten\u00e7\u00e3o de divertir, depreciam e ridicularizam a imagem das pessoas com autismo, ou com qualquer outra defici\u00eancia. <\/em><\/p>\n<p><em>Comunico, por fim,\u00a0que o fato\u00a0foi inclu\u00eddo como\u00a0ponto de pauta da pr\u00f3xima reuni\u00e3o da Frente Parlamentar, a ser realizada\u00a0ainda esta semana, e que os\u00a0deputados e senadores\u00a0integrantes\u00a0foram comunicados\u00a0do ocorrido por email, para que\u00a0possam se pronunciar, elaborar notas de rep\u00fadio e aderir \u00e0s mais diversas formas\u00a0de demonstra\u00e7\u00e3o de\u00a0reprova\u00e7\u00e3o ao fato. <\/em><\/p>\n<p><em>Um bom dia para todos. <\/em><\/p>\n<p><em>Cordialmente. <\/em><\/p>\n<p><em>Rosinha da Adefal<\/em><\/p>\n<p><em>Deputada Federal por Alagoas <\/em><\/p>\n<p><a href=\"http:\/\/www.rosinhadaadefal.com.br\/index.php?option=com_content&amp;view=article&amp;id=401:pronunciamento-da-deputada-rosinha-da-adefal-sobre-o-video-que-vem-circulando-pelo-youtube-da-mtv-intitulado-como-qcasa-dos-autistasq&amp;catid=34:ultimas-noticias\">http:\/\/www.rosinhadaadefal.com.br\/index.php?option=com_content&amp;view=article&amp;id=401:pronunciamento-da-deputada-rosinha-da-adefal-sobre-o-video-que-vem-circulando-pelo-youtube-da-mtv-intitulado-como-qcasa-dos-autistasq&amp;catid=34:ultimas-noticias<\/a><\/p>\n<p>E o deputado Paulo Pimenta entrou com representa\u00e7\u00e3o no Minist\u00e9rio P\u00fablico.<\/p>\n<p><strong><em> <\/em><\/strong><\/p>\n<p><strong><em>Pimenta aciona MPF contra programa da MTV Brasil<\/em><\/strong><\/p>\n<p><em>O deputado federal Paulo Pimenta (PT-RS) ingressou, nesta segunda-feira (25), com uma representa\u00e7\u00e3o no Minist\u00e9rio P\u00fablico Federal para que sejam tomadas provid\u00eancias com rela\u00e7\u00e3o a um quadro do Programa Com\u00e9dia MTV, chamado \u201cCasa dos Autistas\u201d. Na <\/em><em>sketch<\/em><em>, que busca ser uma s\u00e1tira do Casa dos Artistas do SBT, o dia-a-dia as pessoas com disfun\u00e7\u00e3o global do desenvolvimento \u00e9 retratado, a partir de uma vis\u00e3o particular dos humoristas do canal musical.<\/em><\/p>\n<p><em>No documento, o deputado classifica o \u201cCasa dos Autistas\u201d como um programa discriminat\u00f3rio que explora de maneira preconceituosa a imagem das pessoas com transtornos globais do desenvolvimento. \u201cEssa par\u00f3dia de p\u00e9ssimo gosto e conte\u00fado nada tem de humor, pelo contr\u00e1rio, dissemina uma cultura conden\u00e1vel, que \u00e9 a da tentativa de inferioriza\u00e7\u00e3o das pessoas pela diferen\u00e7a. Refor\u00e7a a id\u00e9ia segregadora de um modelo \u00fanico de sociedade, em que aqueles que n\u00e3o se enquadram no r\u00f3tulo de normais devem ser motivo de piadas e discrimina\u00e7\u00e3o\u201d, afirma o parlamentar.<\/em><\/p>\n<p><em>A representa\u00e7\u00e3o do deputado Pimenta est\u00e1 baseada na Conven\u00e7\u00e3o sobre os Direitos das Pessoas com Defici\u00eancia, da qual o Brasil \u00e9 signat\u00e1rio. O texto da Declara\u00e7\u00e3o diz que \u201cos Estados Partes proibir\u00e3o qualquer discrimina\u00e7\u00e3o baseada na defici\u00eancia e garantir\u00e3o as pessoas com defici\u00eancia igual e efetiva prote\u00e7\u00e3o legal contra a discrimina\u00e7\u00e3o por qualquer motivo\u201d.<\/em><strong><em> <\/em><\/strong><\/p>\n<p><a href=\"http:\/\/paulopimenta.com.br\/index.php?option=com_content&amp;view=article&amp;id=3872%3Ampf&amp;catid=18%3Areleases&amp;Itemid=219\">http:\/\/paulopimenta.com.br\/index.php?option=com_content&amp;view=article&amp;id=3872%3Ampf&amp;catid=18%3Areleases&amp;Itemid=219<\/a><\/p>\n<p>Por sua vez, o comediante Marcelo Adnet, apresentador do programa, ao receber uma enxurrada de cr\u00edticas no Twitter pediu desculpas e disse que foi contra o quadro. Tamb\u00e9m falou que far\u00e1 o poss\u00edvel para ajudar a causa e j\u00e1 come\u00e7ou a divulgar informa\u00e7\u00f5es a pedido de integrantes do movimento autista.<\/p>\n<p><em>Rog\u00e9rio Marques &#8211; Caro Marcelo, Fico muito triste, em ver o qto vc \u00e9 muito baixo! Vc sabe o q \u00e9 autismo? Vc tem filho autista? Cara eu tenho!<\/em><\/p>\n<p><em>Vc perdeu uma grande chance de ficar calado! Vc se acha o cara n\u00e9? Vc \u00e9 um pobre coitado! Apelou! Sua imagem est\u00e1 bem desgastada no meio da comunidade autista! pobre coitado! Vc poder ter um filho assim!<\/em><\/p>\n<p><em> <\/em><\/p>\n<p><strong><em>Marcelo Adnet &#8211; sempre fui contra esta cena. Fui voto vencido. Uma pena, tou t\u00e3o triste quanto vc&#8230;<\/em><\/strong><\/p>\n<p><strong><em> <\/em><\/strong><\/p>\n<p><em>Alba Milena &#8211; Me forcei a assistir at\u00e9 o fim, e a cada cena eu ficava mais horrorizada. Um deles imitando um surto foi DEGRADANTE!<\/em><\/p>\n<p><em>Houve estudo de maneirismos? Por parte dos &#8220;comediantes&#8221;? Tenho um filho autista e fiquei CHOCADA!<\/em><\/p>\n<p><em>O problema \u00e9 o desservi\u00e7o prestado, na semana mundial de Conscientiza\u00e7\u00e3o do Autismo!<\/em><\/p>\n<p><strong><em> <\/em><\/strong><\/p>\n<p><strong><em>Marcelo Adnet &#8211; desculpe, sempre fui contra esta cena, mas fui voto vencido. N\u00e3o escrevi esta cena e n\u00e3o sou o diretor do pgm. Uma pena mesmo<\/em><\/strong><\/p>\n<p><em> <\/em><\/p>\n<p><em>Alba Milena &#8211; valeu pela resposta, @<a href=\"http:\/\/twitter.com\/marceloadnet0\">marceloadnet0<\/a>. mas o estrago est\u00e1 feito. milhares assistiram e t\u00eam mais motivo ainda para tirar sarro de doentes<\/em><\/p>\n<p><em> <\/em><\/p>\n<p><strong><em>Marcelo Adnet &#8211; Desculpe, concordo com vcs&#8230;<\/em><\/strong><\/p>\n<p><strong><em>J\u00e1 avisei e tou muito puto por ser culpado por uma cena que ODEIO. Mas vc tem raz\u00e3o e contra isto n\u00e3o h\u00e1 argumento. At\u00e9 breve<\/em><\/strong><\/p>\n<p><strong><em>Gostaria de ajud\u00e1-los com alguma campanha ou divulga\u00e7\u00e3o. Sei q n\u00e3o apaga a tal cena, mas sinta-se \u00e0 vontade para qualquer ajuda!<\/em><\/strong><\/p>\n<p><strong><em>Obrigado! Ajudarei, com certeza, a causa! Abra\u00e7o!<\/em><\/strong><em> <\/em><\/p>\n<p><strong><em>Pra j\u00e1! Pesquisa sobre Diagn\u00f3stico de crian\u00e7as com Autismo: ajude a divulgar o trab do<\/em><\/strong><em> @<a href=\"http:\/\/twitter.com\/rodrigomcs\">rodrigomcs<\/a><\/em><\/p>\n<p><em><a href=\"http:\/\/rodrigomcsouza.wordpress.com\/2011\/03\/18\/pesquisa-sobre-diagnostico-de-criancas-com-autismo\/\">http:\/\/rodrigomcsouza.wordpress.com\/2011\/03\/18\/pesquisa-sobre-diagnostico-de-criancas-com-autismo\/<\/a><\/em><\/p>\n<p>Ontem, 26\/4, \u00a0a MTV pediu desculpas em Nota.<\/p>\n<p><em>\u00c9 de total responsabilidade da MTV a exibi\u00e7\u00e3o da esquete &#8216;Casa dos Autistas&#8217;, exibida no dia 22\/03\/2011 no programa <a href=\"http:\/\/mtv.uol.com.br\/programas\/comedia\">Com\u00e9dia MTV<\/a>.Todo o elenco do programa, assim como sua equipe de roteiristas e produ\u00e7\u00e3o, s\u00e3o contratados da emissora e a ela prestam servi\u00e7o, inclusive o humorista Marcelo Adnet, que vem sendo apontado por alguns como \u00fanico respons\u00e1vel pelo conte\u00fado do programa.A MTV Brasil entende que a esquete &#8216;Casa dos autistas&#8217; ultrapassou limites aceit\u00e1veis do humor. Portanto, pedimos desculpas a quem quer que tenha se sentido ofendido pelo conte\u00fado exibido.J\u00e1 estamos articulando poss\u00edveis a\u00e7\u00f5es conjuntas com associa\u00e7\u00f5es ligadas ao autismo para dar ao assunto o devido encaminhamento.A MTV refor\u00e7a ainda que, independentemente desse epis\u00f3dio, ao longo dos \u00faltimos 20 anos a emissora vem defendendo a inser\u00e7\u00e3o social de pessoas com defici\u00eancia de maneira s\u00e9ria e informativa.<br \/>\n<\/em><a href=\"http:\/\/mtv.uol.com.br\/memo\/mtv-brasil-nota-oficial-comedia-mtv-esquete-casa-dos-autistas\">http:\/\/mtv.uol.com.br\/memo\/mtv-brasil-nota-oficial-comedia-mtv-esquete-casa-dos-autistas<\/a><em> <\/em><\/p>\n<p>Hoje a emissora convocou uma reuni\u00e3o com lideran\u00e7as do movimento autista e das pessoas com defici\u00eancia na MTV em SP para tentar mediar a situa\u00e7\u00e3o.<\/p>\n<p>______________<\/p>\n<p><strong>Fonte:<\/strong><em> <\/em>Inclusive<\/p>\n","protected":false},"excerpt":{"rendered":"<p>Esquete em programa da emissora desrespeita e discrimina pessoas com autismo.<\/p>\n","protected":false},"author":1,"featured_media":0,"comment_status":"open","ping_status":"open","sticky":false,"template":"","format":"standard","meta":{"site-container-style":"default","site-container-layout":"default","site-sidebar-layout":"default","disable-article-header":"default","disable-site-header":"default","disable-site-footer":"default","disable-content-area-spacing":"default","footnotes":""},"categories":[29,38,39,4,41],"tags":[],"class_list":["post-19272","post","type-post","status-publish","format-standard","hentry","category-cultura","category-deficiencia","category-discriminacao","category-noticias","category-preconceito"],"yoast_head":"<!-- This site is optimized with the Yoast SEO plugin v27.4 - https:\/\/yoast.com\/product\/yoast-seo-wordpress\/ -->\n<title>MTV \u2013 Piada de p\u00e9ssimo gosto -<\/title>\n<meta name=\"robots\" content=\"index, follow, max-snippet:-1, max-image-preview:large, max-video-preview:-1\" \/>\n<link rel=\"canonical\" href=\"https:\/\/inclusivenews.com.br\/?p=19272\" \/>\n<meta property=\"og:locale\" content=\"pt_PT\" \/>\n<meta property=\"og:type\" content=\"article\" \/>\n<meta property=\"og:title\" content=\"MTV \u2013 Piada de p\u00e9ssimo gosto -\" \/>\n<meta property=\"og:description\" content=\"Esquete em programa da emissora desrespeita e discrimina pessoas com autismo.\" \/>\n<meta property=\"og:url\" content=\"https:\/\/inclusivenews.com.br\/?p=19272\" \/>\n<meta property=\"article:publisher\" content=\"https:\/\/www.facebook.com\/agenciainclusive\/\" \/>\n<meta property=\"article:published_time\" content=\"2011-04-27T19:46:51+00:00\" \/>\n<meta property=\"og:image\" content=\"http:\/\/inclusivenews.com.br\/wp-content\/uploads\/2011\/04\/casa-dos-autistas-300x225.jpg\" \/>\n<meta name=\"author\" content=\"inclusivenews2024\" \/>\n<meta name=\"twitter:card\" content=\"summary_large_image\" \/>\n<meta name=\"twitter:label1\" content=\"Escrito por\" \/>\n\t<meta name=\"twitter:data1\" content=\"inclusivenews2024\" \/>\n\t<meta name=\"twitter:label2\" content=\"Tempo estimado de leitura\" \/>\n\t<meta name=\"twitter:data2\" content=\"7 minutos\" \/>\n<script type=\"application\/ld+json\" class=\"yoast-schema-graph\">{\"@context\":\"https:\\\/\\\/schema.org\",\"@graph\":[{\"@type\":\"Article\",\"@id\":\"https:\\\/\\\/inclusivenews.com.br\\\/?p=19272#article\",\"isPartOf\":{\"@id\":\"https:\\\/\\\/inclusivenews.com.br\\\/?p=19272\"},\"author\":{\"name\":\"inclusivenews2024\",\"@id\":\"https:\\\/\\\/inclusivenews.com.br\\\/#\\\/schema\\\/person\\\/ae4ec7087559b8692fb33b6fffd2273b\"},\"headline\":\"MTV \u2013 Piada de p\u00e9ssimo gosto\",\"datePublished\":\"2011-04-27T19:46:51+00:00\",\"mainEntityOfPage\":{\"@id\":\"https:\\\/\\\/inclusivenews.com.br\\\/?p=19272\"},\"wordCount\":1401,\"commentCount\":2,\"publisher\":{\"@id\":\"https:\\\/\\\/inclusivenews.com.br\\\/#organization\"},\"image\":{\"@id\":\"https:\\\/\\\/inclusivenews.com.br\\\/?p=19272#primaryimage\"},\"thumbnailUrl\":\"http:\\\/\\\/inclusivenews.com.br\\\/wp-content\\\/uploads\\\/2011\\\/04\\\/casa-dos-autistas-300x225.jpg\",\"articleSection\":[\"Cultura\",\"Defici\u00eancia\",\"Discrimina\u00e7\u00e3o\",\"NOT\u00cdCIAS\",\"Preconceito\"],\"inLanguage\":\"pt-PT\",\"potentialAction\":[{\"@type\":\"CommentAction\",\"name\":\"Comment\",\"target\":[\"https:\\\/\\\/inclusivenews.com.br\\\/?p=19272#respond\"]}]},{\"@type\":\"WebPage\",\"@id\":\"https:\\\/\\\/inclusivenews.com.br\\\/?p=19272\",\"url\":\"https:\\\/\\\/inclusivenews.com.br\\\/?p=19272\",\"name\":\"MTV \u2013 Piada de p\u00e9ssimo gosto -\",\"isPartOf\":{\"@id\":\"https:\\\/\\\/inclusivenews.com.br\\\/#website\"},\"primaryImageOfPage\":{\"@id\":\"https:\\\/\\\/inclusivenews.com.br\\\/?p=19272#primaryimage\"},\"image\":{\"@id\":\"https:\\\/\\\/inclusivenews.com.br\\\/?p=19272#primaryimage\"},\"thumbnailUrl\":\"http:\\\/\\\/inclusivenews.com.br\\\/wp-content\\\/uploads\\\/2011\\\/04\\\/casa-dos-autistas-300x225.jpg\",\"datePublished\":\"2011-04-27T19:46:51+00:00\",\"breadcrumb\":{\"@id\":\"https:\\\/\\\/inclusivenews.com.br\\\/?p=19272#breadcrumb\"},\"inLanguage\":\"pt-PT\",\"potentialAction\":[{\"@type\":\"ReadAction\",\"target\":[\"https:\\\/\\\/inclusivenews.com.br\\\/?p=19272\"]}]},{\"@type\":\"ImageObject\",\"inLanguage\":\"pt-PT\",\"@id\":\"https:\\\/\\\/inclusivenews.com.br\\\/?p=19272#primaryimage\",\"url\":\"\",\"contentUrl\":\"\"},{\"@type\":\"BreadcrumbList\",\"@id\":\"https:\\\/\\\/inclusivenews.com.br\\\/?p=19272#breadcrumb\",\"itemListElement\":[{\"@type\":\"ListItem\",\"position\":1,\"name\":\"In\u00edcio\",\"item\":\"https:\\\/\\\/inclusivenews.com.br\\\/\"},{\"@type\":\"ListItem\",\"position\":2,\"name\":\"MTV \u2013 Piada de p\u00e9ssimo gosto\"}]},{\"@type\":\"WebSite\",\"@id\":\"https:\\\/\\\/inclusivenews.com.br\\\/#website\",\"url\":\"https:\\\/\\\/inclusivenews.com.br\\\/\",\"name\":\"Inclusive News\",\"description\":\"Inclusive News\",\"publisher\":{\"@id\":\"https:\\\/\\\/inclusivenews.com.br\\\/#organization\"},\"potentialAction\":[{\"@type\":\"SearchAction\",\"target\":{\"@type\":\"EntryPoint\",\"urlTemplate\":\"https:\\\/\\\/inclusivenews.com.br\\\/?s={search_term_string}\"},\"query-input\":{\"@type\":\"PropertyValueSpecification\",\"valueRequired\":true,\"valueName\":\"search_term_string\"}}],\"inLanguage\":\"pt-PT\"},{\"@type\":\"Organization\",\"@id\":\"https:\\\/\\\/inclusivenews.com.br\\\/#organization\",\"name\":\"Inclusive - inclus\u00e3o e cidadania\",\"url\":\"https:\\\/\\\/inclusivenews.com.br\\\/\",\"logo\":{\"@type\":\"ImageObject\",\"inLanguage\":\"pt-PT\",\"@id\":\"https:\\\/\\\/inclusivenews.com.br\\\/#\\\/schema\\\/logo\\\/image\\\/\",\"url\":\"https:\\\/\\\/inclusivenews.com.br\\\/wp-content\\\/uploads\\\/2024\\\/03\\\/@grandesite.png\",\"contentUrl\":\"https:\\\/\\\/inclusivenews.com.br\\\/wp-content\\\/uploads\\\/2024\\\/03\\\/@grandesite.png\",\"width\":1080,\"height\":1080,\"caption\":\"Inclusive - inclus\u00e3o e cidadania\"},\"image\":{\"@id\":\"https:\\\/\\\/inclusivenews.com.br\\\/#\\\/schema\\\/logo\\\/image\\\/\"},\"sameAs\":[\"https:\\\/\\\/www.facebook.com\\\/agenciainclusive\\\/\",\"https:\\\/\\\/www.instagram.com\\\/newsinclusive\\\/\"]},{\"@type\":\"Person\",\"@id\":\"https:\\\/\\\/inclusivenews.com.br\\\/#\\\/schema\\\/person\\\/ae4ec7087559b8692fb33b6fffd2273b\",\"name\":\"inclusivenews2024\",\"image\":{\"@type\":\"ImageObject\",\"inLanguage\":\"pt-PT\",\"@id\":\"https:\\\/\\\/secure.gravatar.com\\\/avatar\\\/c5a7ef84c66fa914f55bc4f7ce26cfa275a3b9a1c5568b907bd184fb4dde7b40?s=96&d=mm&r=g\",\"url\":\"https:\\\/\\\/secure.gravatar.com\\\/avatar\\\/c5a7ef84c66fa914f55bc4f7ce26cfa275a3b9a1c5568b907bd184fb4dde7b40?s=96&d=mm&r=g\",\"contentUrl\":\"https:\\\/\\\/secure.gravatar.com\\\/avatar\\\/c5a7ef84c66fa914f55bc4f7ce26cfa275a3b9a1c5568b907bd184fb4dde7b40?s=96&d=mm&r=g\",\"caption\":\"inclusivenews2024\"},\"sameAs\":[\"https:\\\/\\\/inclusivenews.com.br\"],\"url\":\"https:\\\/\\\/inclusivenews.com.br\\\/?author=1\"}]}<\/script>\n<!-- \/ Yoast SEO plugin. -->","yoast_head_json":{"title":"MTV \u2013 Piada de p\u00e9ssimo gosto -","robots":{"index":"index","follow":"follow","max-snippet":"max-snippet:-1","max-image-preview":"max-image-preview:large","max-video-preview":"max-video-preview:-1"},"canonical":"https:\/\/inclusivenews.com.br\/?p=19272","og_locale":"pt_PT","og_type":"article","og_title":"MTV \u2013 Piada de p\u00e9ssimo gosto -","og_description":"Esquete em programa da emissora desrespeita e discrimina pessoas com autismo.","og_url":"https:\/\/inclusivenews.com.br\/?p=19272","article_publisher":"https:\/\/www.facebook.com\/agenciainclusive\/","article_published_time":"2011-04-27T19:46:51+00:00","og_image":[{"url":"http:\/\/inclusivenews.com.br\/wp-content\/uploads\/2011\/04\/casa-dos-autistas-300x225.jpg","type":"","width":"","height":""}],"author":"inclusivenews2024","twitter_card":"summary_large_image","twitter_misc":{"Escrito por":"inclusivenews2024","Tempo estimado de leitura":"7 minutos"},"schema":{"@context":"https:\/\/schema.org","@graph":[{"@type":"Article","@id":"https:\/\/inclusivenews.com.br\/?p=19272#article","isPartOf":{"@id":"https:\/\/inclusivenews.com.br\/?p=19272"},"author":{"name":"inclusivenews2024","@id":"https:\/\/inclusivenews.com.br\/#\/schema\/person\/ae4ec7087559b8692fb33b6fffd2273b"},"headline":"MTV \u2013 Piada de p\u00e9ssimo gosto","datePublished":"2011-04-27T19:46:51+00:00","mainEntityOfPage":{"@id":"https:\/\/inclusivenews.com.br\/?p=19272"},"wordCount":1401,"commentCount":2,"publisher":{"@id":"https:\/\/inclusivenews.com.br\/#organization"},"image":{"@id":"https:\/\/inclusivenews.com.br\/?p=19272#primaryimage"},"thumbnailUrl":"http:\/\/inclusivenews.com.br\/wp-content\/uploads\/2011\/04\/casa-dos-autistas-300x225.jpg","articleSection":["Cultura","Defici\u00eancia","Discrimina\u00e7\u00e3o","NOT\u00cdCIAS","Preconceito"],"inLanguage":"pt-PT","potentialAction":[{"@type":"CommentAction","name":"Comment","target":["https:\/\/inclusivenews.com.br\/?p=19272#respond"]}]},{"@type":"WebPage","@id":"https:\/\/inclusivenews.com.br\/?p=19272","url":"https:\/\/inclusivenews.com.br\/?p=19272","name":"MTV \u2013 Piada de p\u00e9ssimo gosto -","isPartOf":{"@id":"https:\/\/inclusivenews.com.br\/#website"},"primaryImageOfPage":{"@id":"https:\/\/inclusivenews.com.br\/?p=19272#primaryimage"},"image":{"@id":"https:\/\/inclusivenews.com.br\/?p=19272#primaryimage"},"thumbnailUrl":"http:\/\/inclusivenews.com.br\/wp-content\/uploads\/2011\/04\/casa-dos-autistas-300x225.jpg","datePublished":"2011-04-27T19:46:51+00:00","breadcrumb":{"@id":"https:\/\/inclusivenews.com.br\/?p=19272#breadcrumb"},"inLanguage":"pt-PT","potentialAction":[{"@type":"ReadAction","target":["https:\/\/inclusivenews.com.br\/?p=19272"]}]},{"@type":"ImageObject","inLanguage":"pt-PT","@id":"https:\/\/inclusivenews.com.br\/?p=19272#primaryimage","url":"","contentUrl":""},{"@type":"BreadcrumbList","@id":"https:\/\/inclusivenews.com.br\/?p=19272#breadcrumb","itemListElement":[{"@type":"ListItem","position":1,"name":"In\u00edcio","item":"https:\/\/inclusivenews.com.br\/"},{"@type":"ListItem","position":2,"name":"MTV \u2013 Piada de p\u00e9ssimo gosto"}]},{"@type":"WebSite","@id":"https:\/\/inclusivenews.com.br\/#website","url":"https:\/\/inclusivenews.com.br\/","name":"Inclusive News","description":"Inclusive News","publisher":{"@id":"https:\/\/inclusivenews.com.br\/#organization"},"potentialAction":[{"@type":"SearchAction","target":{"@type":"EntryPoint","urlTemplate":"https:\/\/inclusivenews.com.br\/?s={search_term_string}"},"query-input":{"@type":"PropertyValueSpecification","valueRequired":true,"valueName":"search_term_string"}}],"inLanguage":"pt-PT"},{"@type":"Organization","@id":"https:\/\/inclusivenews.com.br\/#organization","name":"Inclusive - inclus\u00e3o e cidadania","url":"https:\/\/inclusivenews.com.br\/","logo":{"@type":"ImageObject","inLanguage":"pt-PT","@id":"https:\/\/inclusivenews.com.br\/#\/schema\/logo\/image\/","url":"https:\/\/inclusivenews.com.br\/wp-content\/uploads\/2024\/03\/@grandesite.png","contentUrl":"https:\/\/inclusivenews.com.br\/wp-content\/uploads\/2024\/03\/@grandesite.png","width":1080,"height":1080,"caption":"Inclusive - inclus\u00e3o e cidadania"},"image":{"@id":"https:\/\/inclusivenews.com.br\/#\/schema\/logo\/image\/"},"sameAs":["https:\/\/www.facebook.com\/agenciainclusive\/","https:\/\/www.instagram.com\/newsinclusive\/"]},{"@type":"Person","@id":"https:\/\/inclusivenews.com.br\/#\/schema\/person\/ae4ec7087559b8692fb33b6fffd2273b","name":"inclusivenews2024","image":{"@type":"ImageObject","inLanguage":"pt-PT","@id":"https:\/\/secure.gravatar.com\/avatar\/c5a7ef84c66fa914f55bc4f7ce26cfa275a3b9a1c5568b907bd184fb4dde7b40?s=96&d=mm&r=g","url":"https:\/\/secure.gravatar.com\/avatar\/c5a7ef84c66fa914f55bc4f7ce26cfa275a3b9a1c5568b907bd184fb4dde7b40?s=96&d=mm&r=g","contentUrl":"https:\/\/secure.gravatar.com\/avatar\/c5a7ef84c66fa914f55bc4f7ce26cfa275a3b9a1c5568b907bd184fb4dde7b40?s=96&d=mm&r=g","caption":"inclusivenews2024"},"sameAs":["https:\/\/inclusivenews.com.br"],"url":"https:\/\/inclusivenews.com.br\/?author=1"}]}},"_links":{"self":[{"href":"https:\/\/inclusivenews.com.br\/index.php?rest_route=\/wp\/v2\/posts\/19272","targetHints":{"allow":["GET"]}}],"collection":[{"href":"https:\/\/inclusivenews.com.br\/index.php?rest_route=\/wp\/v2\/posts"}],"about":[{"href":"https:\/\/inclusivenews.com.br\/index.php?rest_route=\/wp\/v2\/types\/post"}],"author":[{"embeddable":true,"href":"https:\/\/inclusivenews.com.br\/index.php?rest_route=\/wp\/v2\/users\/1"}],"replies":[{"embeddable":true,"href":"https:\/\/inclusivenews.com.br\/index.php?rest_route=%2Fwp%2Fv2%2Fcomments&post=19272"}],"version-history":[{"count":0,"href":"https:\/\/inclusivenews.com.br\/index.php?rest_route=\/wp\/v2\/posts\/19272\/revisions"}],"wp:attachment":[{"href":"https:\/\/inclusivenews.com.br\/index.php?rest_route=%2Fwp%2Fv2%2Fmedia&parent=19272"}],"wp:term":[{"taxonomy":"category","embeddable":true,"href":"https:\/\/inclusivenews.com.br\/index.php?rest_route=%2Fwp%2Fv2%2Fcategories&post=19272"},{"taxonomy":"post_tag","embeddable":true,"href":"https:\/\/inclusivenews.com.br\/index.php?rest_route=%2Fwp%2Fv2%2Ftags&post=19272"}],"curies":[{"name":"wp","href":"https:\/\/api.w.org\/{rel}","templated":true}]}}