{"id":19280,"date":"2011-04-28T07:15:49","date_gmt":"2011-04-28T10:15:49","guid":{"rendered":"http:\/\/www.inclusive.org.br\/?p=19280"},"modified":"2011-04-28T07:15:49","modified_gmt":"2011-04-28T10:15:49","slug":"aendimento-aos-doentes-dever-do-estado","status":"publish","type":"post","link":"https:\/\/inclusivenews.com.br\/?p=19280","title":{"rendered":"Atendimento aos doentes, dever do Estado"},"content":{"rendered":"<figure style=\"width: 160px\" class=\"wp-caption alignleft\"><img loading=\"lazy\" decoding=\"async\" title=\"Cruz s\u00edmbolo do SUS\" src=\"http:\/\/2.bp.blogspot.com\/_Nib6FqkLCZY\/SVg8MwBcn0I\/AAAAAAAAAAM\/Wyy2vymoRn8\/S220\/S\u00edmbolo+do+SUS.png\" alt=\"Cruz s\u00edmbolo do SUS\" width=\"160\" height=\"160\" \/><figcaption class=\"wp-caption-text\"> <\/figcaption><\/figure>\n<p><strong>Por H\u00e9lio Bicudo<\/strong><strong><em><a href=\"http:\/\/twitter.com\/Heliobicudo\"><br \/>\nTwitter<\/a> \/<a href=\"http:\/\/pt-br.facebook.com\/people\/Helio-Bicudo\/100000805737553\">Facebook<\/a><\/em><\/strong><\/p>\n<p><strong> <\/strong><\/p>\n<p>O Conselho Nacional de Justi\u00e7a (CNJ) recomendou aos judici\u00e1rios dos estados do Pa\u00eds, e por igual aos federais, que mantenham um plant\u00e3o m\u00e9dico para atendimento, sem burocracia, quer dizer, imediato, daqueles que pleiteiam justi\u00e7a, mas correm o risco de n\u00e3o a alcan\u00e7arem, por quest\u00f5es de sa\u00fade que ocorrem muitas vezes nas salas dos ju\u00edzes ou nas portas dos tribunais.<\/p>\n<p>A quest\u00e3o do atendimento aos doentes n\u00e3o \u00e9 apenas daqueles que em semelhante situa\u00e7\u00e3o sentem a necessidade de um socorro m\u00e9dico imediato, mas se estende, igualmente, \u00e0queles que dependem de medicamentos cujos pre\u00e7os elevados v\u00e3o al\u00e9m de seus or\u00e7amentos.<\/p>\n<p>\u00c9 da maior relev\u00e2ncia que os judici\u00e1rios estaduais, a exemplo do que j\u00e1 fez o governo baiano, cumpram as determina\u00e7\u00f5es do Conselho Nacional de Justi\u00e7a, a fim de que, tantos quantos, pela imin\u00eancia das crises, ou que dependem de tratamento ao longo do tempo, obtenham do poder p\u00fablico o necess\u00e1rio apoio, n\u00e3o s\u00f3 para o atendimento m\u00e9dico imediato, mas que se possam socorrer dos medicamentos que sustentam o seu bem estar f\u00edsico ou ps\u00edquico.<\/p>\n<p>Destarte, por insufici\u00eancia burocr\u00e1tica n\u00e3o podem, os doentes, interromper o tratamento a que se submetem porque falta &#8211; o que frequentemente acontece \u2013 o medicamento que lhe \u00e9 devido.<\/p>\n<p>N\u00e3o pode, o Estado, negar medicamento aos necessitados sob a alega\u00e7\u00e3o de que n\u00e3o est\u00e1 ele na lista do \u201cSUS\u201d. Essa lista deve ser entendida como exemplificativa e n\u00e3o como uma lista fechada, pois ningu\u00e9m ignora que a ind\u00fastria farmac\u00eautica, ao produzir rem\u00e9dios, frequentemente, em virtude mesmo do progresso das pesquisas, introduz no mercado marcas novas que n\u00e3o conseguiram ser transcritas nas listas dos \u201cSUS\u201d.<\/p>\n<p>E n\u00e3o deve ser por esse motivo que lhes seja negado o acesso ao rem\u00e9dio.<\/p>\n<p>A sa\u00fade n\u00e3o pode submeter-se \u00e0 burocracia do pr\u00f3prio sistema \u2013 \u201cSUS\u201d \u2013 mas deve ser respeitada a fim de que todos a ela tenham acesso.<\/p>\n<p>Uma pessoa com grave mal que s\u00f3 pode ser equacionado por uma droga nova e cara, a qual n\u00e3o est\u00e1 relacionada na lista mencionada, n\u00e3o pode, por esse \u00fanico motivo, receber uma negativa que ponha em risco sua integridade f\u00edsica.<\/p>\n<p>Muitas vezes, a interrup\u00e7\u00e3o de um tratamento por falta de atendimento do Estado pode provocar a morte de uma pessoa, quando sua vida \u00e9 assegurada pela pr\u00f3pria Constitui\u00e7\u00e3o.<\/p>\n<p>____________<\/p>\n<p><strong>Fonte:<\/strong> <a href=\"http:\/\/helio-bicudo.blogspot.com\/2011\/04\/atendimento-aos-doentes-dever-do-estado.html\">O autor<\/a><\/p>\n","protected":false},"excerpt":{"rendered":"<p>A quest\u00e3o do atendimento aos doentes n\u00e3o \u00e9 apenas daqueles que em semelhante situa\u00e7\u00e3o sentem a necessidade de um socorro m\u00e9dico imediato, mas se estende, igualmente, \u00e0queles que dependem de medicamentos cujos pre\u00e7os elevados v\u00e3o al\u00e9m de seus or\u00e7amentos. Por H\u00e9lio Bicudo.<\/p>\n","protected":false},"author":1,"featured_media":0,"comment_status":"open","ping_status":"open","sticky":false,"template":"","format":"standard","meta":{"site-container-style":"default","site-container-layout":"default","site-sidebar-layout":"default","disable-article-header":"default","disable-site-header":"default","disable-site-footer":"default","disable-content-area-spacing":"default","footnotes":""},"categories":[36,8],"tags":[],"class_list":["post-19280","post","type-post","status-publish","format-standard","hentry","category-colunas-especiais","category-textos-e-artigos"],"yoast_head":"<!-- This site is optimized with the Yoast SEO plugin v27.4 - https:\/\/yoast.com\/product\/yoast-seo-wordpress\/ -->\n<title>Atendimento aos doentes, dever do Estado -<\/title>\n<meta name=\"robots\" content=\"index, follow, max-snippet:-1, max-image-preview:large, max-video-preview:-1\" \/>\n<link rel=\"canonical\" href=\"https:\/\/inclusivenews.com.br\/?p=19280\" \/>\n<meta property=\"og:locale\" content=\"pt_PT\" \/>\n<meta property=\"og:type\" content=\"article\" \/>\n<meta property=\"og:title\" content=\"Atendimento aos doentes, dever do Estado -\" \/>\n<meta property=\"og:description\" content=\"A quest\u00e3o do atendimento aos doentes n\u00e3o \u00e9 apenas daqueles que em semelhante situa\u00e7\u00e3o sentem a necessidade de um socorro m\u00e9dico imediato, mas se estende, igualmente, \u00e0queles que dependem de medicamentos cujos pre\u00e7os elevados v\u00e3o al\u00e9m de seus or\u00e7amentos. Por H\u00e9lio Bicudo.\" \/>\n<meta property=\"og:url\" content=\"https:\/\/inclusivenews.com.br\/?p=19280\" \/>\n<meta property=\"article:publisher\" content=\"https:\/\/www.facebook.com\/agenciainclusive\/\" \/>\n<meta property=\"article:published_time\" content=\"2011-04-28T10:15:49+00:00\" \/>\n<meta name=\"author\" content=\"inclusivenews2024\" \/>\n<meta name=\"twitter:card\" content=\"summary_large_image\" \/>\n<meta name=\"twitter:label1\" content=\"Escrito por\" \/>\n\t<meta name=\"twitter:data1\" content=\"inclusivenews2024\" \/>\n\t<meta name=\"twitter:label2\" content=\"Tempo estimado de leitura\" \/>\n\t<meta name=\"twitter:data2\" content=\"2 minutos\" \/>\n<script type=\"application\/ld+json\" class=\"yoast-schema-graph\">{\"@context\":\"https:\\\/\\\/schema.org\",\"@graph\":[{\"@type\":\"Article\",\"@id\":\"https:\\\/\\\/inclusivenews.com.br\\\/?p=19280#article\",\"isPartOf\":{\"@id\":\"https:\\\/\\\/inclusivenews.com.br\\\/?p=19280\"},\"author\":{\"name\":\"inclusivenews2024\",\"@id\":\"https:\\\/\\\/inclusivenews.com.br\\\/#\\\/schema\\\/person\\\/ae4ec7087559b8692fb33b6fffd2273b\"},\"headline\":\"Atendimento aos doentes, dever do Estado\",\"datePublished\":\"2011-04-28T10:15:49+00:00\",\"mainEntityOfPage\":{\"@id\":\"https:\\\/\\\/inclusivenews.com.br\\\/?p=19280\"},\"wordCount\":442,\"commentCount\":2,\"publisher\":{\"@id\":\"https:\\\/\\\/inclusivenews.com.br\\\/#organization\"},\"articleSection\":[\"Colunas especiais\",\"OPINI\u00c3O\"],\"inLanguage\":\"pt-PT\",\"potentialAction\":[{\"@type\":\"CommentAction\",\"name\":\"Comment\",\"target\":[\"https:\\\/\\\/inclusivenews.com.br\\\/?p=19280#respond\"]}]},{\"@type\":\"WebPage\",\"@id\":\"https:\\\/\\\/inclusivenews.com.br\\\/?p=19280\",\"url\":\"https:\\\/\\\/inclusivenews.com.br\\\/?p=19280\",\"name\":\"Atendimento aos doentes, dever do Estado -\",\"isPartOf\":{\"@id\":\"https:\\\/\\\/inclusivenews.com.br\\\/#website\"},\"datePublished\":\"2011-04-28T10:15:49+00:00\",\"breadcrumb\":{\"@id\":\"https:\\\/\\\/inclusivenews.com.br\\\/?p=19280#breadcrumb\"},\"inLanguage\":\"pt-PT\",\"potentialAction\":[{\"@type\":\"ReadAction\",\"target\":[\"https:\\\/\\\/inclusivenews.com.br\\\/?p=19280\"]}]},{\"@type\":\"BreadcrumbList\",\"@id\":\"https:\\\/\\\/inclusivenews.com.br\\\/?p=19280#breadcrumb\",\"itemListElement\":[{\"@type\":\"ListItem\",\"position\":1,\"name\":\"In\u00edcio\",\"item\":\"https:\\\/\\\/inclusivenews.com.br\\\/\"},{\"@type\":\"ListItem\",\"position\":2,\"name\":\"Atendimento aos doentes, dever do Estado\"}]},{\"@type\":\"WebSite\",\"@id\":\"https:\\\/\\\/inclusivenews.com.br\\\/#website\",\"url\":\"https:\\\/\\\/inclusivenews.com.br\\\/\",\"name\":\"Inclusive News\",\"description\":\"Inclusive News\",\"publisher\":{\"@id\":\"https:\\\/\\\/inclusivenews.com.br\\\/#organization\"},\"potentialAction\":[{\"@type\":\"SearchAction\",\"target\":{\"@type\":\"EntryPoint\",\"urlTemplate\":\"https:\\\/\\\/inclusivenews.com.br\\\/?s={search_term_string}\"},\"query-input\":{\"@type\":\"PropertyValueSpecification\",\"valueRequired\":true,\"valueName\":\"search_term_string\"}}],\"inLanguage\":\"pt-PT\"},{\"@type\":\"Organization\",\"@id\":\"https:\\\/\\\/inclusivenews.com.br\\\/#organization\",\"name\":\"Inclusive - inclus\u00e3o e cidadania\",\"url\":\"https:\\\/\\\/inclusivenews.com.br\\\/\",\"logo\":{\"@type\":\"ImageObject\",\"inLanguage\":\"pt-PT\",\"@id\":\"https:\\\/\\\/inclusivenews.com.br\\\/#\\\/schema\\\/logo\\\/image\\\/\",\"url\":\"https:\\\/\\\/inclusivenews.com.br\\\/wp-content\\\/uploads\\\/2024\\\/03\\\/@grandesite.png\",\"contentUrl\":\"https:\\\/\\\/inclusivenews.com.br\\\/wp-content\\\/uploads\\\/2024\\\/03\\\/@grandesite.png\",\"width\":1080,\"height\":1080,\"caption\":\"Inclusive - inclus\u00e3o e cidadania\"},\"image\":{\"@id\":\"https:\\\/\\\/inclusivenews.com.br\\\/#\\\/schema\\\/logo\\\/image\\\/\"},\"sameAs\":[\"https:\\\/\\\/www.facebook.com\\\/agenciainclusive\\\/\",\"https:\\\/\\\/www.instagram.com\\\/newsinclusive\\\/\"]},{\"@type\":\"Person\",\"@id\":\"https:\\\/\\\/inclusivenews.com.br\\\/#\\\/schema\\\/person\\\/ae4ec7087559b8692fb33b6fffd2273b\",\"name\":\"inclusivenews2024\",\"image\":{\"@type\":\"ImageObject\",\"inLanguage\":\"pt-PT\",\"@id\":\"https:\\\/\\\/secure.gravatar.com\\\/avatar\\\/c5a7ef84c66fa914f55bc4f7ce26cfa275a3b9a1c5568b907bd184fb4dde7b40?s=96&d=mm&r=g\",\"url\":\"https:\\\/\\\/secure.gravatar.com\\\/avatar\\\/c5a7ef84c66fa914f55bc4f7ce26cfa275a3b9a1c5568b907bd184fb4dde7b40?s=96&d=mm&r=g\",\"contentUrl\":\"https:\\\/\\\/secure.gravatar.com\\\/avatar\\\/c5a7ef84c66fa914f55bc4f7ce26cfa275a3b9a1c5568b907bd184fb4dde7b40?s=96&d=mm&r=g\",\"caption\":\"inclusivenews2024\"},\"sameAs\":[\"https:\\\/\\\/inclusivenews.com.br\"],\"url\":\"https:\\\/\\\/inclusivenews.com.br\\\/?author=1\"}]}<\/script>\n<!-- \/ Yoast SEO plugin. -->","yoast_head_json":{"title":"Atendimento aos doentes, dever do Estado -","robots":{"index":"index","follow":"follow","max-snippet":"max-snippet:-1","max-image-preview":"max-image-preview:large","max-video-preview":"max-video-preview:-1"},"canonical":"https:\/\/inclusivenews.com.br\/?p=19280","og_locale":"pt_PT","og_type":"article","og_title":"Atendimento aos doentes, dever do Estado -","og_description":"A quest\u00e3o do atendimento aos doentes n\u00e3o \u00e9 apenas daqueles que em semelhante situa\u00e7\u00e3o sentem a necessidade de um socorro m\u00e9dico imediato, mas se estende, igualmente, \u00e0queles que dependem de medicamentos cujos pre\u00e7os elevados v\u00e3o al\u00e9m de seus or\u00e7amentos. Por H\u00e9lio Bicudo.","og_url":"https:\/\/inclusivenews.com.br\/?p=19280","article_publisher":"https:\/\/www.facebook.com\/agenciainclusive\/","article_published_time":"2011-04-28T10:15:49+00:00","author":"inclusivenews2024","twitter_card":"summary_large_image","twitter_misc":{"Escrito por":"inclusivenews2024","Tempo estimado de leitura":"2 minutos"},"schema":{"@context":"https:\/\/schema.org","@graph":[{"@type":"Article","@id":"https:\/\/inclusivenews.com.br\/?p=19280#article","isPartOf":{"@id":"https:\/\/inclusivenews.com.br\/?p=19280"},"author":{"name":"inclusivenews2024","@id":"https:\/\/inclusivenews.com.br\/#\/schema\/person\/ae4ec7087559b8692fb33b6fffd2273b"},"headline":"Atendimento aos doentes, dever do Estado","datePublished":"2011-04-28T10:15:49+00:00","mainEntityOfPage":{"@id":"https:\/\/inclusivenews.com.br\/?p=19280"},"wordCount":442,"commentCount":2,"publisher":{"@id":"https:\/\/inclusivenews.com.br\/#organization"},"articleSection":["Colunas especiais","OPINI\u00c3O"],"inLanguage":"pt-PT","potentialAction":[{"@type":"CommentAction","name":"Comment","target":["https:\/\/inclusivenews.com.br\/?p=19280#respond"]}]},{"@type":"WebPage","@id":"https:\/\/inclusivenews.com.br\/?p=19280","url":"https:\/\/inclusivenews.com.br\/?p=19280","name":"Atendimento aos doentes, dever do Estado -","isPartOf":{"@id":"https:\/\/inclusivenews.com.br\/#website"},"datePublished":"2011-04-28T10:15:49+00:00","breadcrumb":{"@id":"https:\/\/inclusivenews.com.br\/?p=19280#breadcrumb"},"inLanguage":"pt-PT","potentialAction":[{"@type":"ReadAction","target":["https:\/\/inclusivenews.com.br\/?p=19280"]}]},{"@type":"BreadcrumbList","@id":"https:\/\/inclusivenews.com.br\/?p=19280#breadcrumb","itemListElement":[{"@type":"ListItem","position":1,"name":"In\u00edcio","item":"https:\/\/inclusivenews.com.br\/"},{"@type":"ListItem","position":2,"name":"Atendimento aos doentes, dever do Estado"}]},{"@type":"WebSite","@id":"https:\/\/inclusivenews.com.br\/#website","url":"https:\/\/inclusivenews.com.br\/","name":"Inclusive News","description":"Inclusive News","publisher":{"@id":"https:\/\/inclusivenews.com.br\/#organization"},"potentialAction":[{"@type":"SearchAction","target":{"@type":"EntryPoint","urlTemplate":"https:\/\/inclusivenews.com.br\/?s={search_term_string}"},"query-input":{"@type":"PropertyValueSpecification","valueRequired":true,"valueName":"search_term_string"}}],"inLanguage":"pt-PT"},{"@type":"Organization","@id":"https:\/\/inclusivenews.com.br\/#organization","name":"Inclusive - inclus\u00e3o e cidadania","url":"https:\/\/inclusivenews.com.br\/","logo":{"@type":"ImageObject","inLanguage":"pt-PT","@id":"https:\/\/inclusivenews.com.br\/#\/schema\/logo\/image\/","url":"https:\/\/inclusivenews.com.br\/wp-content\/uploads\/2024\/03\/@grandesite.png","contentUrl":"https:\/\/inclusivenews.com.br\/wp-content\/uploads\/2024\/03\/@grandesite.png","width":1080,"height":1080,"caption":"Inclusive - inclus\u00e3o e cidadania"},"image":{"@id":"https:\/\/inclusivenews.com.br\/#\/schema\/logo\/image\/"},"sameAs":["https:\/\/www.facebook.com\/agenciainclusive\/","https:\/\/www.instagram.com\/newsinclusive\/"]},{"@type":"Person","@id":"https:\/\/inclusivenews.com.br\/#\/schema\/person\/ae4ec7087559b8692fb33b6fffd2273b","name":"inclusivenews2024","image":{"@type":"ImageObject","inLanguage":"pt-PT","@id":"https:\/\/secure.gravatar.com\/avatar\/c5a7ef84c66fa914f55bc4f7ce26cfa275a3b9a1c5568b907bd184fb4dde7b40?s=96&d=mm&r=g","url":"https:\/\/secure.gravatar.com\/avatar\/c5a7ef84c66fa914f55bc4f7ce26cfa275a3b9a1c5568b907bd184fb4dde7b40?s=96&d=mm&r=g","contentUrl":"https:\/\/secure.gravatar.com\/avatar\/c5a7ef84c66fa914f55bc4f7ce26cfa275a3b9a1c5568b907bd184fb4dde7b40?s=96&d=mm&r=g","caption":"inclusivenews2024"},"sameAs":["https:\/\/inclusivenews.com.br"],"url":"https:\/\/inclusivenews.com.br\/?author=1"}]}},"_links":{"self":[{"href":"https:\/\/inclusivenews.com.br\/index.php?rest_route=\/wp\/v2\/posts\/19280","targetHints":{"allow":["GET"]}}],"collection":[{"href":"https:\/\/inclusivenews.com.br\/index.php?rest_route=\/wp\/v2\/posts"}],"about":[{"href":"https:\/\/inclusivenews.com.br\/index.php?rest_route=\/wp\/v2\/types\/post"}],"author":[{"embeddable":true,"href":"https:\/\/inclusivenews.com.br\/index.php?rest_route=\/wp\/v2\/users\/1"}],"replies":[{"embeddable":true,"href":"https:\/\/inclusivenews.com.br\/index.php?rest_route=%2Fwp%2Fv2%2Fcomments&post=19280"}],"version-history":[{"count":0,"href":"https:\/\/inclusivenews.com.br\/index.php?rest_route=\/wp\/v2\/posts\/19280\/revisions"}],"wp:attachment":[{"href":"https:\/\/inclusivenews.com.br\/index.php?rest_route=%2Fwp%2Fv2%2Fmedia&parent=19280"}],"wp:term":[{"taxonomy":"category","embeddable":true,"href":"https:\/\/inclusivenews.com.br\/index.php?rest_route=%2Fwp%2Fv2%2Fcategories&post=19280"},{"taxonomy":"post_tag","embeddable":true,"href":"https:\/\/inclusivenews.com.br\/index.php?rest_route=%2Fwp%2Fv2%2Ftags&post=19280"}],"curies":[{"name":"wp","href":"https:\/\/api.w.org\/{rel}","templated":true}]}}