{"id":19282,"date":"2011-04-28T07:15:30","date_gmt":"2011-04-28T10:15:30","guid":{"rendered":"http:\/\/www.inclusive.org.br\/?p=19282"},"modified":"2011-04-28T07:15:30","modified_gmt":"2011-04-28T10:15:30","slug":"salafrarice-e-sucia-descendo-a-ladeira-da-saude-do-sus-as-organizacoes-sociais","status":"publish","type":"post","link":"https:\/\/inclusivenews.com.br\/?p=19282","title":{"rendered":"Salafrarice e s\u00facia. Descendo a ladeira da sa\u00fade: do SUS \u00e0s Organiza\u00e7\u00f5es Sociais"},"content":{"rendered":"<p><strong><a href=\"http:\/\/www.inclusivenews.com.br\/wp-content\/uploads\/2011\/04\/saude.jpg\"><img loading=\"lazy\" decoding=\"async\" class=\"alignleft size-medium wp-image-19281\" title=\"Sa\u00fade - uma cruz vermelha feita por band-aids vermelhos.\" src=\"http:\/\/inclusivenews.com.br\/wp-content\/uploads\/2011\/04\/saude-300x225.jpg\" alt=\"Sa\u00fade - uma cruz vermelha feita por band-aids vermelhos.\" width=\"210\" height=\"158\" \/><\/a><\/strong><\/p>\n<p><strong>Por Daniel Chutorianscy<br \/>\nno Correio da Cidadania<\/strong><\/p>\n<p>A montanha russa de parquinho mambembe, que \u00e9 a sa\u00fade (em min\u00fasculo mesmo) no Brasil, mal escorada, com grandes e \u00edngremes descidas em que sentimos &#8220;dor na barriga&#8221;, com pequen\u00edssimas e m\u00ednimas subidas, oferece uma hist\u00f3ria frequente de enormes riscos de quedas e mortes.<\/p>\n<p>Do in\u00edcio do s\u00e9culo XX at\u00e9 mais ou menos a d\u00e9cada de 60, este nosso pa\u00eds n\u00e3o tinha um projeto ou planejamento de Sa\u00fade. Anterior a esse per\u00edodo, apareceram os &#8220;institutos&#8221; com todas aquelas letras: I, B, C, M, TEC etc. etc. e o paternalismo corria solto para l\u00e1 e para c\u00e1.<\/p>\n<p>Era a \u00e9poca do capitalismo selvagem, atrasado, brutal. Pode deixar morrer \u00e0 vontade que o &#8220;ex\u00e9rcito de reserva&#8221; de trabalhadores \u00e9 muito grande&#8230; O primeiro esbo\u00e7o de um projeto nacional de sa\u00fade aconteceu durante a primeira Confer\u00eancia Nacional de Sa\u00fade (1963).<\/p>\n<p>A\u00ed, n\u00e3o por acaso, o pa\u00eds come\u00e7ou a industrializar-se, o &#8220;mercado&#8221; come\u00e7ou a se expandir, as elites perceberam que o modelo capitalista teria que ser mudado, para um mais &#8220;moderno&#8221;, &#8220;mais humano&#8221;, como se o modelo capitalista pudesse ser, alguma vez, mais moderno e humano. Teriam que mudar a forma sem mudar o conte\u00fado: o lucro, cada vez mais lucro. Tornava-se necess\u00e1rio manter a produ\u00e7\u00e3o &#8220;sadia&#8221;, sem interrup\u00e7\u00f5es.<\/p>\n<p>N\u00e3o foi \u00e0 toa que nesse per\u00edodo a ditadura militar, em associa\u00e7\u00e3o com a elite burguesa p\u00e1tria, foram os grandes e fi\u00e9is fiadores de tal modelo, todo bem orquestrado, com a &#8220;doen\u00e7a&#8221; do capitalismo juntando-se \u00e0 &#8220;doen\u00e7a&#8221; do autoritarismo, sob a batuta da &#8220;doen\u00e7a&#8221; da for\u00e7a das armas. A repress\u00e3o imperou com a aus\u00eancia total de sa\u00fade social sob qualquer aspecto. Mais um per\u00edodo de ladeira abaixo, e que ladeira abaixo! A ditadura \u2018morreu&#8221;, mas as suas leis continuaram a existir, como um &#8220;fantasma&#8221; vivo e atuante. O modelo capitalista, cuja evita\u00e7\u00e3o maior \u00e9 a luta de classes, e que por interesses pr\u00f3prios muda os servi\u00e7ais, n\u00e3o muda o comando de suas a\u00e7\u00f5es.<\/p>\n<p>Na d\u00e9cada de 80, nascia o SUS com apoio da direita \u00e0 esquerda. Era uma m\u00e1gica amb\u00edgua, paradoxal. Algo estava errado, a elite p\u00e1tria apoiando o novo &#8220;modelo&#8221;, sei l\u00e1, a\u00ed tem coisa&#8230; Que belo nome: Sistema \u00danico de Sa\u00fade. Lindo, lindo nome, mas que nunca foi um sistema \u00fanico de sal\u00e1rios, nunca teve um sistema \u00fanico de servi\u00e7os e nem um sistema \u00fanico de situa\u00e7\u00f5es.<\/p>\n<p>Os milhares de munic\u00edpios, os estados e o governo federal nunca se entenderam, cada qual fazia ao seu modo e jeito a pol\u00edtica de &#8220;sa\u00fade&#8221;. Sempre um &#8220;passa adiante, sen\u00e3o vira elefante&#8221;, um &#8220;empurr\u00f4metro&#8221;. O famoso mosquito da incompet\u00eancia, cuja picada tira o sangue da popula\u00e7\u00e3o, do tipo dengoso e inoperante, \u00e9 federal, estadual ou municipal?<\/p>\n<p>Todos sabemos a dor que nos causa. Mais uma forma de retroceder e descer mais ainda a ladeira, com verbas cada vez menores, e a institui\u00e7\u00e3o p\u00fablica ficando como o rabo do burro, que s\u00f3 cresce para baixo. Para cima, sempre rolam as nossas eternas d\u00edvidas com banqueiros, multinacionais e outros &#8220;neg\u00f3cios&#8221;. Nada \u00e9 por acaso, cada vez mais surgiam magicamente, do nada, num verdadeiro &#8220;plim-plim&#8221;, as institui\u00e7\u00f5es privadas nacionais, multinacionais, planos de sa\u00fade, enquanto as institui\u00e7\u00f5es p\u00fablicas come\u00e7avam a ficar an\u00eamicas, cada vez mais fraquinhas.<\/p>\n<p>A fal\u00eancia era vis\u00edvel: diminui\u00e7\u00e3o brutal do or\u00e7amento da Sa\u00fade, Educa\u00e7\u00e3o, para pagamentos das d\u00edvidas externas, internas, intermedi\u00e1rias\u3000; falta de concursos, baix\u00edssimos sal\u00e1rios, falta de recursos, &#8220;dinossauriza\u00e7\u00e3o&#8221;, incentivada pela m\u00eddia amestrada e adestrada&#8230;\u3000&#8221;Progn\u00f3stico reservado&#8221;, como dizem os meus colegas m\u00e9dicos nos casos grav\u00edssimos de pacientes \u00e0 beira da morte, fato mais do que comum nos hospitais p\u00fablicos.<\/p>\n<p>Nasce o SUS e ao mesmo tempo nasce \u2013 finalmente, em parto &#8220;a termo&#8221; &#8211; a privatiza\u00e7\u00e3o da sa\u00fade, que de sa\u00fade n\u00e3o tem nada, somente a doen\u00e7a e o lucro. Nasce um para come\u00e7ar a morrer o outro. Dificuldades mil e &#8220;doen\u00e7a&#8221; nos servi\u00e7os de sa\u00fade p\u00fablica, facilidades mil e &#8220;sa\u00fade&#8221; nas empresas particulares de sa\u00fade (sa\u00fade?). Cr\u00e9dito f\u00e1cil, libera\u00e7\u00e3o sem demora, nenhum controle de gastos e da &#8220;grana&#8221;. Pois \u00e9, quando o gato finge que dorme, os ratos se multiplicam e tomam conta, o gato tamb\u00e9m vira rato, muita corrup\u00e7\u00e3o e nenhuma provid\u00eancia, descontrole e &#8220;sempre dando um jeitinho&#8221;. Para os &#8220;amigos&#8221; tudo, nada \u00e9 por acaso. E vamos ladeira abaixo&#8230;<\/p>\n<p>Ent\u00e3o, continuando esta triste hist\u00f3ria, duas d\u00e9cadas ap\u00f3s o seu in\u00edcio, o moribundo SUS, agora denominado Sistema \u00danico de Salafrarices, sai reabilitado pelo modelo &#8220;liberal-capital&#8221;, como se fosse mais uma novidade. O coelho sai gordo da cartola num novo passe de m\u00e1gica: o novo modelo de OSs (Organiza\u00e7\u00f5es Sociais), as chamadas de Oscip (Organiza\u00e7\u00e3o Social da Sociedade Civil de Interesse P\u00fablico), as OSS (organiza\u00e7\u00e3o social de sa\u00fade)&#8230; Tudo bem a gosto do &#8220;modelito&#8221; capitalista, ou seja, a privatiza\u00e7\u00e3o das unidades de sa\u00fade p\u00fablicas, que passam a servir como empresas lucrativas e que desregulamentam tudo o que o trabalhador brasileiro construiu com enorme esfor\u00e7o, apesar de todas as dificuldades, &#8220;pulando a cerca&#8221;, superando cotidianamente os in\u00fameros obst\u00e1culos.<\/p>\n<p>Somente num modelo mercantilista a doen\u00e7a das pessoas \u00e9 objeto de lucro &#8211; a famosa e muito conhecida industrializa\u00e7\u00e3o da doen\u00e7a. Quanto mais a popula\u00e7\u00e3o adoecer, maiores e mais f\u00e1ceis os ganhos. Quanto mais doen\u00e7a, mais lucro. A &#8220;Organiza\u00e7\u00e3o Social&#8221; passa a ser doravante denominada &#8220;Organiza\u00e7\u00e3o Sucial&#8221;, que no vern\u00e1culo p\u00e1trio remete \u00e0 s\u00facia, coletivo de pessoas mal afamadas ou de m\u00e1 \u00edndole. N\u00e3o por acaso, juntemos num mesmo tacho: capitalismo, elites, ditaduras, autoritarismo, lucros, planos maquiav\u00e9licos, desqualifica\u00e7\u00e3o, m\u00eddia adestrada e amestrada, tudo muito bem misturado, e veremos o que \u00e9 a formula da sa\u00fade (sa\u00fade?) da popula\u00e7\u00e3o.<\/p>\n<p>Esta triste hist\u00f3ria de doen\u00e7a se passou em menos de trinta anos, gra\u00e7as \u00e0 complac\u00eancia e obedi\u00eancia de quem? Dos mesmos &#8220;gatinhos de armaz\u00e9m&#8221;, que &#8220;dormem&#8221; o dia todo em cima do saco&#8230; Imagine s\u00f3 que perigo a popula\u00e7\u00e3o tendo sa\u00fade cl\u00ednica e social! &#8220;Mulambo&#8221;, que \u00e9 a forma de se referir ao &#8220;pov\u00e3o&#8221;, tem que continuar a ser &#8220;mulambo&#8221; a vida toda, eis a proposi\u00e7\u00e3o e pensamento das elites neoliberais.<\/p>\n<p>Vamos assistir a este espet\u00e1culo cruel de &#8220;bico calado&#8221;? Vamos nos deixar &#8220;adoecer&#8221;? Vamos nos deixar privatizar? Vamos nos deixar desregulamentar? Vamos nos deixar desqualificar? Vamos deixar o servi\u00e7o p\u00fablico ir para o brejo e descer ladeira abaixo?<\/p>\n<p>N\u00e3o foi essa a organiza\u00e7\u00e3o social que a popula\u00e7\u00e3o brasileira desejou. A que exigimos \u00e9 saud\u00e1vel, justa, libert\u00e1ria. Sem lucros atrav\u00e9s da doen\u00e7a, estando coletiva e prazerosamente participando da sa\u00fade de um pa\u00eds, onde, a\u00ed sim, o lema justo seja sempre &#8220;Sa\u00fade: direito de todos, dever do Estado&#8221;. E que possa ser dito e assumido livremente, sem golpismos, manipula\u00e7\u00f5es, mercantilismos, a plenos pulm\u00f5es e com toda sa\u00fade, sem as venenosas salafrarices ou s\u00facias.<\/p>\n<p>A doen\u00e7a \u00e9 o impedimento, a paralisia das transforma\u00e7\u00f5es. A Sa\u00fade \u00e9 o florescimento das transforma\u00e7\u00f5es. A medicina trata das doen\u00e7as. A justi\u00e7a social trata da Sa\u00fade.<\/p>\n<p>A nossa montanha russa precisa da vertigem da subida. Chega das quedas bruscas que embrulham e envenenam o est\u00f4mago da popula\u00e7\u00e3o brasileira. Coloquemos os trilhos alinhados e seguros. O nosso caminho n\u00e3o \u00e9 a conforma\u00e7\u00e3o, mas a transforma\u00e7\u00e3o. Sa\u00fade \u00e9 transformar, e n\u00e3o transtornar, como sempre quis o modelo capitalista, o modelo do medo, da morte, da exclus\u00e3o, da aliena\u00e7\u00e3o, enfim, da exclusividade da doen\u00e7a.<\/p>\n<p>Parece uma utopia, mas n\u00e3o \u00e9. Acredito nela para que tudo n\u00e3o seja transformado numa imensa barb\u00e1rie, desde o meu pensamento at\u00e9 a minha exist\u00eancia. Conto sempre com suas magias e encantamentos para revolucionarmos juntos a nossa sociedade. Sa\u00fade!<\/p>\n<p>* Daniel Chutorianscy \u00e9 m\u00e9dico. \u00a0E-mail: <a href=\"mailto:Daniel Chutorianscy \u00e9 m\u00e9dico.     E-mail:trenzinhocaipira@vnet.com.br\">trenzinhocaipira@vnet.com.br<\/a><\/p>\n<p>_______________________<\/p>\n<p><strong>Fonte:<\/strong> <a href=\"http:\/\/www.correiocidadania.com.br\/content\/view\/5748\/9\/\">Correio da Cidadania <\/a><\/p>\n","protected":false},"excerpt":{"rendered":"<p>Por Daniel Chutorianscy, no Correio da Cidadania. &#8220;O nosso caminho n\u00e3o \u00e9 a conforma\u00e7\u00e3o, mas a transforma\u00e7\u00e3o. Sa\u00fade \u00e9 transformar, e n\u00e3o transtornar, como sempre quis o modelo capitalista, o modelo do medo, da morte, da exclus\u00e3o, da aliena\u00e7\u00e3o, enfim, da exclusividade da doen\u00e7a.&#8221; <\/p>\n","protected":false},"author":1,"featured_media":0,"comment_status":"open","ping_status":"open","sticky":false,"template":"","format":"standard","meta":{"site-container-style":"default","site-container-layout":"default","site-sidebar-layout":"default","disable-article-header":"default","disable-site-header":"default","disable-site-footer":"default","disable-content-area-spacing":"default","footnotes":""},"categories":[8,37],"tags":[],"class_list":["post-19282","post","type-post","status-publish","format-standard","hentry","category-textos-e-artigos","category-saude"],"yoast_head":"<!-- This site is optimized with the Yoast SEO plugin v27.4 - https:\/\/yoast.com\/product\/yoast-seo-wordpress\/ -->\n<title>Salafrarice e s\u00facia. Descendo a ladeira da sa\u00fade: do SUS \u00e0s Organiza\u00e7\u00f5es Sociais -<\/title>\n<meta name=\"robots\" content=\"index, follow, max-snippet:-1, max-image-preview:large, max-video-preview:-1\" \/>\n<link rel=\"canonical\" href=\"https:\/\/inclusivenews.com.br\/?p=19282\" \/>\n<meta property=\"og:locale\" content=\"pt_PT\" \/>\n<meta property=\"og:type\" content=\"article\" \/>\n<meta property=\"og:title\" content=\"Salafrarice e s\u00facia. Descendo a ladeira da sa\u00fade: do SUS \u00e0s Organiza\u00e7\u00f5es Sociais -\" \/>\n<meta property=\"og:description\" content=\"Por Daniel Chutorianscy, no Correio da Cidadania. &quot;O nosso caminho n\u00e3o \u00e9 a conforma\u00e7\u00e3o, mas a transforma\u00e7\u00e3o. Sa\u00fade \u00e9 transformar, e n\u00e3o transtornar, como sempre quis o modelo capitalista, o modelo do medo, da morte, da exclus\u00e3o, da aliena\u00e7\u00e3o, enfim, da exclusividade da doen\u00e7a.&quot;\" \/>\n<meta property=\"og:url\" content=\"https:\/\/inclusivenews.com.br\/?p=19282\" \/>\n<meta property=\"article:publisher\" content=\"https:\/\/www.facebook.com\/agenciainclusive\/\" \/>\n<meta property=\"article:published_time\" content=\"2011-04-28T10:15:30+00:00\" \/>\n<meta property=\"og:image\" content=\"http:\/\/inclusivenews.com.br\/wp-content\/uploads\/2011\/04\/saude-300x225.jpg\" \/>\n<meta name=\"author\" content=\"inclusivenews2024\" \/>\n<meta name=\"twitter:card\" content=\"summary_large_image\" \/>\n<meta name=\"twitter:label1\" content=\"Escrito por\" \/>\n\t<meta name=\"twitter:data1\" content=\"inclusivenews2024\" \/>\n\t<meta name=\"twitter:label2\" content=\"Tempo estimado de leitura\" \/>\n\t<meta name=\"twitter:data2\" content=\"7 minutos\" \/>\n<script type=\"application\/ld+json\" class=\"yoast-schema-graph\">{\"@context\":\"https:\\\/\\\/schema.org\",\"@graph\":[{\"@type\":\"Article\",\"@id\":\"https:\\\/\\\/inclusivenews.com.br\\\/?p=19282#article\",\"isPartOf\":{\"@id\":\"https:\\\/\\\/inclusivenews.com.br\\\/?p=19282\"},\"author\":{\"name\":\"inclusivenews2024\",\"@id\":\"https:\\\/\\\/inclusivenews.com.br\\\/#\\\/schema\\\/person\\\/ae4ec7087559b8692fb33b6fffd2273b\"},\"headline\":\"Salafrarice e s\u00facia. Descendo a ladeira da sa\u00fade: do SUS \u00e0s Organiza\u00e7\u00f5es Sociais\",\"datePublished\":\"2011-04-28T10:15:30+00:00\",\"mainEntityOfPage\":{\"@id\":\"https:\\\/\\\/inclusivenews.com.br\\\/?p=19282\"},\"wordCount\":1421,\"commentCount\":0,\"publisher\":{\"@id\":\"https:\\\/\\\/inclusivenews.com.br\\\/#organization\"},\"image\":{\"@id\":\"https:\\\/\\\/inclusivenews.com.br\\\/?p=19282#primaryimage\"},\"thumbnailUrl\":\"http:\\\/\\\/inclusivenews.com.br\\\/wp-content\\\/uploads\\\/2011\\\/04\\\/saude-300x225.jpg\",\"articleSection\":[\"OPINI\u00c3O\",\"Sa\u00fade\"],\"inLanguage\":\"pt-PT\",\"potentialAction\":[{\"@type\":\"CommentAction\",\"name\":\"Comment\",\"target\":[\"https:\\\/\\\/inclusivenews.com.br\\\/?p=19282#respond\"]}]},{\"@type\":\"WebPage\",\"@id\":\"https:\\\/\\\/inclusivenews.com.br\\\/?p=19282\",\"url\":\"https:\\\/\\\/inclusivenews.com.br\\\/?p=19282\",\"name\":\"Salafrarice e s\u00facia. Descendo a ladeira da sa\u00fade: do SUS \u00e0s Organiza\u00e7\u00f5es Sociais -\",\"isPartOf\":{\"@id\":\"https:\\\/\\\/inclusivenews.com.br\\\/#website\"},\"primaryImageOfPage\":{\"@id\":\"https:\\\/\\\/inclusivenews.com.br\\\/?p=19282#primaryimage\"},\"image\":{\"@id\":\"https:\\\/\\\/inclusivenews.com.br\\\/?p=19282#primaryimage\"},\"thumbnailUrl\":\"http:\\\/\\\/inclusivenews.com.br\\\/wp-content\\\/uploads\\\/2011\\\/04\\\/saude-300x225.jpg\",\"datePublished\":\"2011-04-28T10:15:30+00:00\",\"breadcrumb\":{\"@id\":\"https:\\\/\\\/inclusivenews.com.br\\\/?p=19282#breadcrumb\"},\"inLanguage\":\"pt-PT\",\"potentialAction\":[{\"@type\":\"ReadAction\",\"target\":[\"https:\\\/\\\/inclusivenews.com.br\\\/?p=19282\"]}]},{\"@type\":\"ImageObject\",\"inLanguage\":\"pt-PT\",\"@id\":\"https:\\\/\\\/inclusivenews.com.br\\\/?p=19282#primaryimage\",\"url\":\"\",\"contentUrl\":\"\"},{\"@type\":\"BreadcrumbList\",\"@id\":\"https:\\\/\\\/inclusivenews.com.br\\\/?p=19282#breadcrumb\",\"itemListElement\":[{\"@type\":\"ListItem\",\"position\":1,\"name\":\"In\u00edcio\",\"item\":\"https:\\\/\\\/inclusivenews.com.br\\\/\"},{\"@type\":\"ListItem\",\"position\":2,\"name\":\"Salafrarice e s\u00facia. Descendo a ladeira da sa\u00fade: do SUS \u00e0s Organiza\u00e7\u00f5es Sociais\"}]},{\"@type\":\"WebSite\",\"@id\":\"https:\\\/\\\/inclusivenews.com.br\\\/#website\",\"url\":\"https:\\\/\\\/inclusivenews.com.br\\\/\",\"name\":\"Inclusive News\",\"description\":\"Inclusive News\",\"publisher\":{\"@id\":\"https:\\\/\\\/inclusivenews.com.br\\\/#organization\"},\"potentialAction\":[{\"@type\":\"SearchAction\",\"target\":{\"@type\":\"EntryPoint\",\"urlTemplate\":\"https:\\\/\\\/inclusivenews.com.br\\\/?s={search_term_string}\"},\"query-input\":{\"@type\":\"PropertyValueSpecification\",\"valueRequired\":true,\"valueName\":\"search_term_string\"}}],\"inLanguage\":\"pt-PT\"},{\"@type\":\"Organization\",\"@id\":\"https:\\\/\\\/inclusivenews.com.br\\\/#organization\",\"name\":\"Inclusive - inclus\u00e3o e cidadania\",\"url\":\"https:\\\/\\\/inclusivenews.com.br\\\/\",\"logo\":{\"@type\":\"ImageObject\",\"inLanguage\":\"pt-PT\",\"@id\":\"https:\\\/\\\/inclusivenews.com.br\\\/#\\\/schema\\\/logo\\\/image\\\/\",\"url\":\"https:\\\/\\\/inclusivenews.com.br\\\/wp-content\\\/uploads\\\/2024\\\/03\\\/@grandesite.png\",\"contentUrl\":\"https:\\\/\\\/inclusivenews.com.br\\\/wp-content\\\/uploads\\\/2024\\\/03\\\/@grandesite.png\",\"width\":1080,\"height\":1080,\"caption\":\"Inclusive - inclus\u00e3o e cidadania\"},\"image\":{\"@id\":\"https:\\\/\\\/inclusivenews.com.br\\\/#\\\/schema\\\/logo\\\/image\\\/\"},\"sameAs\":[\"https:\\\/\\\/www.facebook.com\\\/agenciainclusive\\\/\",\"https:\\\/\\\/www.instagram.com\\\/newsinclusive\\\/\"]},{\"@type\":\"Person\",\"@id\":\"https:\\\/\\\/inclusivenews.com.br\\\/#\\\/schema\\\/person\\\/ae4ec7087559b8692fb33b6fffd2273b\",\"name\":\"inclusivenews2024\",\"image\":{\"@type\":\"ImageObject\",\"inLanguage\":\"pt-PT\",\"@id\":\"https:\\\/\\\/secure.gravatar.com\\\/avatar\\\/c5a7ef84c66fa914f55bc4f7ce26cfa275a3b9a1c5568b907bd184fb4dde7b40?s=96&d=mm&r=g\",\"url\":\"https:\\\/\\\/secure.gravatar.com\\\/avatar\\\/c5a7ef84c66fa914f55bc4f7ce26cfa275a3b9a1c5568b907bd184fb4dde7b40?s=96&d=mm&r=g\",\"contentUrl\":\"https:\\\/\\\/secure.gravatar.com\\\/avatar\\\/c5a7ef84c66fa914f55bc4f7ce26cfa275a3b9a1c5568b907bd184fb4dde7b40?s=96&d=mm&r=g\",\"caption\":\"inclusivenews2024\"},\"sameAs\":[\"https:\\\/\\\/inclusivenews.com.br\"],\"url\":\"https:\\\/\\\/inclusivenews.com.br\\\/?author=1\"}]}<\/script>\n<!-- \/ Yoast SEO plugin. -->","yoast_head_json":{"title":"Salafrarice e s\u00facia. Descendo a ladeira da sa\u00fade: do SUS \u00e0s Organiza\u00e7\u00f5es Sociais -","robots":{"index":"index","follow":"follow","max-snippet":"max-snippet:-1","max-image-preview":"max-image-preview:large","max-video-preview":"max-video-preview:-1"},"canonical":"https:\/\/inclusivenews.com.br\/?p=19282","og_locale":"pt_PT","og_type":"article","og_title":"Salafrarice e s\u00facia. Descendo a ladeira da sa\u00fade: do SUS \u00e0s Organiza\u00e7\u00f5es Sociais -","og_description":"Por Daniel Chutorianscy, no Correio da Cidadania. \"O nosso caminho n\u00e3o \u00e9 a conforma\u00e7\u00e3o, mas a transforma\u00e7\u00e3o. Sa\u00fade \u00e9 transformar, e n\u00e3o transtornar, como sempre quis o modelo capitalista, o modelo do medo, da morte, da exclus\u00e3o, da aliena\u00e7\u00e3o, enfim, da exclusividade da doen\u00e7a.\"","og_url":"https:\/\/inclusivenews.com.br\/?p=19282","article_publisher":"https:\/\/www.facebook.com\/agenciainclusive\/","article_published_time":"2011-04-28T10:15:30+00:00","og_image":[{"url":"http:\/\/inclusivenews.com.br\/wp-content\/uploads\/2011\/04\/saude-300x225.jpg","type":"","width":"","height":""}],"author":"inclusivenews2024","twitter_card":"summary_large_image","twitter_misc":{"Escrito por":"inclusivenews2024","Tempo estimado de leitura":"7 minutos"},"schema":{"@context":"https:\/\/schema.org","@graph":[{"@type":"Article","@id":"https:\/\/inclusivenews.com.br\/?p=19282#article","isPartOf":{"@id":"https:\/\/inclusivenews.com.br\/?p=19282"},"author":{"name":"inclusivenews2024","@id":"https:\/\/inclusivenews.com.br\/#\/schema\/person\/ae4ec7087559b8692fb33b6fffd2273b"},"headline":"Salafrarice e s\u00facia. Descendo a ladeira da sa\u00fade: do SUS \u00e0s Organiza\u00e7\u00f5es Sociais","datePublished":"2011-04-28T10:15:30+00:00","mainEntityOfPage":{"@id":"https:\/\/inclusivenews.com.br\/?p=19282"},"wordCount":1421,"commentCount":0,"publisher":{"@id":"https:\/\/inclusivenews.com.br\/#organization"},"image":{"@id":"https:\/\/inclusivenews.com.br\/?p=19282#primaryimage"},"thumbnailUrl":"http:\/\/inclusivenews.com.br\/wp-content\/uploads\/2011\/04\/saude-300x225.jpg","articleSection":["OPINI\u00c3O","Sa\u00fade"],"inLanguage":"pt-PT","potentialAction":[{"@type":"CommentAction","name":"Comment","target":["https:\/\/inclusivenews.com.br\/?p=19282#respond"]}]},{"@type":"WebPage","@id":"https:\/\/inclusivenews.com.br\/?p=19282","url":"https:\/\/inclusivenews.com.br\/?p=19282","name":"Salafrarice e s\u00facia. Descendo a ladeira da sa\u00fade: do SUS \u00e0s Organiza\u00e7\u00f5es Sociais -","isPartOf":{"@id":"https:\/\/inclusivenews.com.br\/#website"},"primaryImageOfPage":{"@id":"https:\/\/inclusivenews.com.br\/?p=19282#primaryimage"},"image":{"@id":"https:\/\/inclusivenews.com.br\/?p=19282#primaryimage"},"thumbnailUrl":"http:\/\/inclusivenews.com.br\/wp-content\/uploads\/2011\/04\/saude-300x225.jpg","datePublished":"2011-04-28T10:15:30+00:00","breadcrumb":{"@id":"https:\/\/inclusivenews.com.br\/?p=19282#breadcrumb"},"inLanguage":"pt-PT","potentialAction":[{"@type":"ReadAction","target":["https:\/\/inclusivenews.com.br\/?p=19282"]}]},{"@type":"ImageObject","inLanguage":"pt-PT","@id":"https:\/\/inclusivenews.com.br\/?p=19282#primaryimage","url":"","contentUrl":""},{"@type":"BreadcrumbList","@id":"https:\/\/inclusivenews.com.br\/?p=19282#breadcrumb","itemListElement":[{"@type":"ListItem","position":1,"name":"In\u00edcio","item":"https:\/\/inclusivenews.com.br\/"},{"@type":"ListItem","position":2,"name":"Salafrarice e s\u00facia. Descendo a ladeira da sa\u00fade: do SUS \u00e0s Organiza\u00e7\u00f5es Sociais"}]},{"@type":"WebSite","@id":"https:\/\/inclusivenews.com.br\/#website","url":"https:\/\/inclusivenews.com.br\/","name":"Inclusive News","description":"Inclusive News","publisher":{"@id":"https:\/\/inclusivenews.com.br\/#organization"},"potentialAction":[{"@type":"SearchAction","target":{"@type":"EntryPoint","urlTemplate":"https:\/\/inclusivenews.com.br\/?s={search_term_string}"},"query-input":{"@type":"PropertyValueSpecification","valueRequired":true,"valueName":"search_term_string"}}],"inLanguage":"pt-PT"},{"@type":"Organization","@id":"https:\/\/inclusivenews.com.br\/#organization","name":"Inclusive - inclus\u00e3o e cidadania","url":"https:\/\/inclusivenews.com.br\/","logo":{"@type":"ImageObject","inLanguage":"pt-PT","@id":"https:\/\/inclusivenews.com.br\/#\/schema\/logo\/image\/","url":"https:\/\/inclusivenews.com.br\/wp-content\/uploads\/2024\/03\/@grandesite.png","contentUrl":"https:\/\/inclusivenews.com.br\/wp-content\/uploads\/2024\/03\/@grandesite.png","width":1080,"height":1080,"caption":"Inclusive - inclus\u00e3o e cidadania"},"image":{"@id":"https:\/\/inclusivenews.com.br\/#\/schema\/logo\/image\/"},"sameAs":["https:\/\/www.facebook.com\/agenciainclusive\/","https:\/\/www.instagram.com\/newsinclusive\/"]},{"@type":"Person","@id":"https:\/\/inclusivenews.com.br\/#\/schema\/person\/ae4ec7087559b8692fb33b6fffd2273b","name":"inclusivenews2024","image":{"@type":"ImageObject","inLanguage":"pt-PT","@id":"https:\/\/secure.gravatar.com\/avatar\/c5a7ef84c66fa914f55bc4f7ce26cfa275a3b9a1c5568b907bd184fb4dde7b40?s=96&d=mm&r=g","url":"https:\/\/secure.gravatar.com\/avatar\/c5a7ef84c66fa914f55bc4f7ce26cfa275a3b9a1c5568b907bd184fb4dde7b40?s=96&d=mm&r=g","contentUrl":"https:\/\/secure.gravatar.com\/avatar\/c5a7ef84c66fa914f55bc4f7ce26cfa275a3b9a1c5568b907bd184fb4dde7b40?s=96&d=mm&r=g","caption":"inclusivenews2024"},"sameAs":["https:\/\/inclusivenews.com.br"],"url":"https:\/\/inclusivenews.com.br\/?author=1"}]}},"_links":{"self":[{"href":"https:\/\/inclusivenews.com.br\/index.php?rest_route=\/wp\/v2\/posts\/19282","targetHints":{"allow":["GET"]}}],"collection":[{"href":"https:\/\/inclusivenews.com.br\/index.php?rest_route=\/wp\/v2\/posts"}],"about":[{"href":"https:\/\/inclusivenews.com.br\/index.php?rest_route=\/wp\/v2\/types\/post"}],"author":[{"embeddable":true,"href":"https:\/\/inclusivenews.com.br\/index.php?rest_route=\/wp\/v2\/users\/1"}],"replies":[{"embeddable":true,"href":"https:\/\/inclusivenews.com.br\/index.php?rest_route=%2Fwp%2Fv2%2Fcomments&post=19282"}],"version-history":[{"count":0,"href":"https:\/\/inclusivenews.com.br\/index.php?rest_route=\/wp\/v2\/posts\/19282\/revisions"}],"wp:attachment":[{"href":"https:\/\/inclusivenews.com.br\/index.php?rest_route=%2Fwp%2Fv2%2Fmedia&parent=19282"}],"wp:term":[{"taxonomy":"category","embeddable":true,"href":"https:\/\/inclusivenews.com.br\/index.php?rest_route=%2Fwp%2Fv2%2Fcategories&post=19282"},{"taxonomy":"post_tag","embeddable":true,"href":"https:\/\/inclusivenews.com.br\/index.php?rest_route=%2Fwp%2Fv2%2Ftags&post=19282"}],"curies":[{"name":"wp","href":"https:\/\/api.w.org\/{rel}","templated":true}]}}