{"id":19286,"date":"2011-04-29T14:20:53","date_gmt":"2011-04-29T17:20:53","guid":{"rendered":"http:\/\/www.inclusive.org.br\/?p=19286"},"modified":"2011-04-29T14:20:53","modified_gmt":"2011-04-29T17:20:53","slug":"o-preco-da-exclusao","status":"publish","type":"post","link":"https:\/\/inclusivenews.com.br\/?p=19286","title":{"rendered":"O pre\u00e7o da exclus\u00e3o"},"content":{"rendered":"<p><strong> <\/strong><\/p>\n<figure id=\"attachment_19287\" aria-describedby=\"caption-attachment-19287\" style=\"width: 187px\" class=\"wp-caption alignleft\"><a href=\"http:\/\/www.inclusivenews.com.br\/wp-content\/uploads\/2011\/04\/cifrao.bmp\"><img loading=\"lazy\" decoding=\"async\" class=\"size-full wp-image-19287\" title=\"cifrao\" src=\"http:\/\/inclusivenews.com.br\/wp-content\/uploads\/2011\/04\/cifrao.bmp\" alt=\"Imagem iluminada de um cifr\u00e3o amarelo com sua sombra aparecendo por tr\u00e1s\" width=\"187\" height=\"153\" \/><\/a><figcaption id=\"caption-attachment-19287\" class=\"wp-caption-text\"> <\/figcaption><\/figure>\n<p><strong>Lais Mendes Pimentel e Patricia Almeida *<\/strong><\/p>\n<p>O debate sobre inclus\u00e3o escolar avan\u00e7ou nas \u00faltimas semanas a partir de  dois fatos: o an\u00fancio do &#8220;poss\u00edvel fechamento&#8221; do Instituto Nacional  de\u00a0Educa\u00e7\u00e3o\u00a0de Surdos e do Instituto Benjamin Constant, para alunos  cegos; e, o massacre de 12 jovens numa escola municipal de Realengo por  um ex-aluno da institui\u00e7\u00e3o.<\/p>\n<p>N\u00e3o, o INES e o IBC nunca estiveram a ponto de ser fechados. O que n\u00e3o  significa que devam ficar imunes a mudan\u00e7as previstas pelo movimento  mundial da inclus\u00e3o, que prev\u00ea a gradual extin\u00e7\u00e3o das escolas especiais e  incorpora\u00e7\u00e3o dos alunos com defici\u00eancia nas escolas regulares perto de  suas casas, direito inegoci\u00e1vel inscrito em nossa Constitui\u00e7\u00e3o.<\/p>\n<p>H\u00e1 17 anos o Brasil assinou a Declara\u00e7\u00e3o de Salamanca, assumindo um  compromisso internacional de promover a inclus\u00e3o de alunos com  necessidades educacionais espec\u00edficas na rede regular de ensino, o que  foi ratificado na Conven\u00e7\u00e3o sobre os Direitos das Pessoas com  Defici\u00eancia em 2008.<\/p>\n<p>A\u00a0Educa\u00e7\u00e3o\u00a0B\u00e1sica \u00e9, ent\u00e3o, direito de todos indiscriminadamente.\u00a0A segunda situa\u00e7\u00e3o chocou o Brasil.<\/p>\n<p>Wellington Menezes, ex-aluno da Tasso da Silveira, volta \u00e0 escola e  dispara 60 tiros, matando 12 crian\u00e7as. Primeira rea\u00e7\u00e3o: o assassino era  um maluco! Logo, parentes e ex-alunos da Tasso da Silveira revelaram que  o rapaz tinha sabidos problemas psicol\u00f3gicos e fora v\u00edtima de\u00a0Bullying.  O que Wellington Menezes fez foi um acerto de contas. De v\u00edtima, ele  passou a algoz.<\/p>\n<p>Vem do Canad\u00e1 o relat\u00f3rio que mostra como escolas realmente inclusivas s\u00e3o mais seguras.<\/p>\n<p>&#8220;As ra\u00edzes desse comportamento agressivo dos estudantes encontram-se em  seus sentimentos de aliena\u00e7\u00e3o, no fato de n\u00e3o acharem que pertencem ao  ambiente escolar. Este problema \u00e9 agravado pelo fracasso das escolas em  atender \u00e0s necessidades educacionais e emocionais desses alunos que se  sentem exclu\u00eddos. \u00c9 este tipo de situa\u00e7\u00e3o, em sua forma extrema, que  propicia trag\u00e9dias como as que ocorreram na Columbine High School e no  Virginia Technological Institute.&#8221;<\/p>\n<p>No Brasil, salas de recurso foram criadas para atender alunos com  necessidades especiais. O que deve incluir tamb\u00e9m jovens sem diagn\u00f3stico  de defici\u00eancia, mas que precisam de uma aten\u00e7\u00e3o extra ministrada por  uma equipe multidisciplinar. S\u00e3o alunos que sofrem abusos em casa ou  mesmo que t\u00eam problemas psicol\u00f3gicos, como era o caso do Wellington  Menezes.<\/p>\n<p>Mas h\u00e1 quem seja contra a inclus\u00e3o escolar. S\u00e3o os que ignoram o quanto  a\u00a0Educa\u00e7\u00e3o inclusiva estimula n\u00e3o s\u00f3 o &#8220;especial&#8221; como tamb\u00e9m educa a  sensibilidade do aluno &#8220;n\u00e3o especial&#8221;. Fora os que preferem manter a  aloca\u00e7\u00e3o de vultosas verbas federais e o prest\u00edgio pol\u00edtico das antigas  institui\u00e7\u00f5es.<\/p>\n<p>Quem defende a segrega\u00e7\u00e3o com o argumento de que a\u00a0Educa\u00e7\u00e3o\u00a0j\u00e1 \u00e9 ruim  sem inclus\u00e3o est\u00e1 cometendo um perigoso erro de l\u00f3gica, uma invers\u00e3o  rudimentar da rela\u00e7\u00e3o causa-efeito.<\/p>\n<p>O pre\u00e7o da\u00a0Educa\u00e7\u00e3o\u00a0&#8220;exclusiva&#8221; \u00e9 o\u00a0Bullying. E ningu\u00e9m est\u00e1 livre de ser uma v\u00edtima dele.<\/p>\n<p>* LAIS MENDES PIMENTEL e PATRICIA ALMEIDA s\u00e3o jornalistas e m\u00e3es de crian\u00e7as com s\u00edndrome de Down.<\/p>\n<p>____________________________________________<\/p>\n<p><strong>Fonte:<\/strong> Publicado na parte de Opini\u00e3o do jornal O Globo<br \/>\n28\/04, Primeiro Caderno, p\u00e1gina 8.<\/p>\n","protected":false},"excerpt":{"rendered":"<p>&#8221;O pre\u00e7o da Educa\u00e7\u00e3o &#8216;exclusiva&#8217; \u00e9 o bullying. E ningu\u00e9m est\u00e1 livre de ser uma v\u00edtima dele&#8221;, afirmam as jornalistas Lais Mendes Pimentel e Patricia Almeida<\/p>\n","protected":false},"author":1,"featured_media":0,"comment_status":"open","ping_status":"open","sticky":false,"template":"","format":"standard","meta":{"site-container-style":"default","site-container-layout":"default","site-sidebar-layout":"default","disable-article-header":"default","disable-site-header":"default","disable-site-footer":"default","disable-content-area-spacing":"default","footnotes":""},"categories":[35,38,39,6,48,4,8],"tags":[],"class_list":["post-19286","post","type-post","status-publish","format-standard","hentry","category-de-nossa-parte","category-deficiencia","category-discriminacao","category-educacao","category-inclusao","category-noticias","category-textos-e-artigos"],"yoast_head":"<!-- This site is optimized with the Yoast SEO plugin v27.4 - https:\/\/yoast.com\/product\/yoast-seo-wordpress\/ -->\n<title>O pre\u00e7o da exclus\u00e3o -<\/title>\n<meta name=\"robots\" content=\"index, follow, max-snippet:-1, max-image-preview:large, max-video-preview:-1\" \/>\n<link rel=\"canonical\" href=\"https:\/\/inclusivenews.com.br\/?p=19286\" \/>\n<meta property=\"og:locale\" content=\"pt_PT\" \/>\n<meta property=\"og:type\" content=\"article\" \/>\n<meta property=\"og:title\" content=\"O pre\u00e7o da exclus\u00e3o -\" \/>\n<meta property=\"og:description\" content=\"&#039;&#039;O pre\u00e7o da Educa\u00e7\u00e3o &#039;exclusiva&#039; \u00e9 o bullying. E ningu\u00e9m est\u00e1 livre de ser uma v\u00edtima dele&#039;&#039;, afirmam as jornalistas Lais Mendes Pimentel e Patricia Almeida\" \/>\n<meta property=\"og:url\" content=\"https:\/\/inclusivenews.com.br\/?p=19286\" \/>\n<meta property=\"article:publisher\" content=\"https:\/\/www.facebook.com\/agenciainclusive\/\" \/>\n<meta property=\"article:published_time\" content=\"2011-04-29T17:20:53+00:00\" \/>\n<meta property=\"og:image\" content=\"http:\/\/inclusivenews.com.br\/wp-content\/uploads\/2011\/04\/cifrao.bmp\" \/>\n<meta name=\"author\" content=\"inclusivenews2024\" \/>\n<meta name=\"twitter:card\" content=\"summary_large_image\" \/>\n<meta name=\"twitter:label1\" content=\"Escrito por\" \/>\n\t<meta name=\"twitter:data1\" content=\"inclusivenews2024\" \/>\n\t<meta name=\"twitter:label2\" content=\"Tempo estimado de leitura\" \/>\n\t<meta name=\"twitter:data2\" content=\"3 minutos\" \/>\n<script type=\"application\/ld+json\" class=\"yoast-schema-graph\">{\"@context\":\"https:\\\/\\\/schema.org\",\"@graph\":[{\"@type\":\"Article\",\"@id\":\"https:\\\/\\\/inclusivenews.com.br\\\/?p=19286#article\",\"isPartOf\":{\"@id\":\"https:\\\/\\\/inclusivenews.com.br\\\/?p=19286\"},\"author\":{\"name\":\"inclusivenews2024\",\"@id\":\"https:\\\/\\\/inclusivenews.com.br\\\/#\\\/schema\\\/person\\\/ae4ec7087559b8692fb33b6fffd2273b\"},\"headline\":\"O pre\u00e7o da exclus\u00e3o\",\"datePublished\":\"2011-04-29T17:20:53+00:00\",\"mainEntityOfPage\":{\"@id\":\"https:\\\/\\\/inclusivenews.com.br\\\/?p=19286\"},\"wordCount\":567,\"commentCount\":7,\"publisher\":{\"@id\":\"https:\\\/\\\/inclusivenews.com.br\\\/#organization\"},\"image\":{\"@id\":\"https:\\\/\\\/inclusivenews.com.br\\\/?p=19286#primaryimage\"},\"thumbnailUrl\":\"http:\\\/\\\/inclusivenews.com.br\\\/wp-content\\\/uploads\\\/2011\\\/04\\\/cifrao.bmp\",\"articleSection\":[\"+ De nossa parte\",\"Defici\u00eancia\",\"Discrimina\u00e7\u00e3o\",\"EDUCA\u00c7\u00c3O\",\"INCLUS\u00c3O SOCIAL\",\"NOT\u00cdCIAS\",\"OPINI\u00c3O\"],\"inLanguage\":\"pt-PT\",\"potentialAction\":[{\"@type\":\"CommentAction\",\"name\":\"Comment\",\"target\":[\"https:\\\/\\\/inclusivenews.com.br\\\/?p=19286#respond\"]}]},{\"@type\":\"WebPage\",\"@id\":\"https:\\\/\\\/inclusivenews.com.br\\\/?p=19286\",\"url\":\"https:\\\/\\\/inclusivenews.com.br\\\/?p=19286\",\"name\":\"O pre\u00e7o da exclus\u00e3o -\",\"isPartOf\":{\"@id\":\"https:\\\/\\\/inclusivenews.com.br\\\/#website\"},\"primaryImageOfPage\":{\"@id\":\"https:\\\/\\\/inclusivenews.com.br\\\/?p=19286#primaryimage\"},\"image\":{\"@id\":\"https:\\\/\\\/inclusivenews.com.br\\\/?p=19286#primaryimage\"},\"thumbnailUrl\":\"http:\\\/\\\/inclusivenews.com.br\\\/wp-content\\\/uploads\\\/2011\\\/04\\\/cifrao.bmp\",\"datePublished\":\"2011-04-29T17:20:53+00:00\",\"breadcrumb\":{\"@id\":\"https:\\\/\\\/inclusivenews.com.br\\\/?p=19286#breadcrumb\"},\"inLanguage\":\"pt-PT\",\"potentialAction\":[{\"@type\":\"ReadAction\",\"target\":[\"https:\\\/\\\/inclusivenews.com.br\\\/?p=19286\"]}]},{\"@type\":\"ImageObject\",\"inLanguage\":\"pt-PT\",\"@id\":\"https:\\\/\\\/inclusivenews.com.br\\\/?p=19286#primaryimage\",\"url\":\"\",\"contentUrl\":\"\"},{\"@type\":\"BreadcrumbList\",\"@id\":\"https:\\\/\\\/inclusivenews.com.br\\\/?p=19286#breadcrumb\",\"itemListElement\":[{\"@type\":\"ListItem\",\"position\":1,\"name\":\"In\u00edcio\",\"item\":\"https:\\\/\\\/inclusivenews.com.br\\\/\"},{\"@type\":\"ListItem\",\"position\":2,\"name\":\"O pre\u00e7o da exclus\u00e3o\"}]},{\"@type\":\"WebSite\",\"@id\":\"https:\\\/\\\/inclusivenews.com.br\\\/#website\",\"url\":\"https:\\\/\\\/inclusivenews.com.br\\\/\",\"name\":\"Inclusive News\",\"description\":\"Inclusive News\",\"publisher\":{\"@id\":\"https:\\\/\\\/inclusivenews.com.br\\\/#organization\"},\"potentialAction\":[{\"@type\":\"SearchAction\",\"target\":{\"@type\":\"EntryPoint\",\"urlTemplate\":\"https:\\\/\\\/inclusivenews.com.br\\\/?s={search_term_string}\"},\"query-input\":{\"@type\":\"PropertyValueSpecification\",\"valueRequired\":true,\"valueName\":\"search_term_string\"}}],\"inLanguage\":\"pt-PT\"},{\"@type\":\"Organization\",\"@id\":\"https:\\\/\\\/inclusivenews.com.br\\\/#organization\",\"name\":\"Inclusive - inclus\u00e3o e cidadania\",\"url\":\"https:\\\/\\\/inclusivenews.com.br\\\/\",\"logo\":{\"@type\":\"ImageObject\",\"inLanguage\":\"pt-PT\",\"@id\":\"https:\\\/\\\/inclusivenews.com.br\\\/#\\\/schema\\\/logo\\\/image\\\/\",\"url\":\"https:\\\/\\\/inclusivenews.com.br\\\/wp-content\\\/uploads\\\/2024\\\/03\\\/@grandesite.png\",\"contentUrl\":\"https:\\\/\\\/inclusivenews.com.br\\\/wp-content\\\/uploads\\\/2024\\\/03\\\/@grandesite.png\",\"width\":1080,\"height\":1080,\"caption\":\"Inclusive - inclus\u00e3o e cidadania\"},\"image\":{\"@id\":\"https:\\\/\\\/inclusivenews.com.br\\\/#\\\/schema\\\/logo\\\/image\\\/\"},\"sameAs\":[\"https:\\\/\\\/www.facebook.com\\\/agenciainclusive\\\/\",\"https:\\\/\\\/www.instagram.com\\\/newsinclusive\\\/\"]},{\"@type\":\"Person\",\"@id\":\"https:\\\/\\\/inclusivenews.com.br\\\/#\\\/schema\\\/person\\\/ae4ec7087559b8692fb33b6fffd2273b\",\"name\":\"inclusivenews2024\",\"image\":{\"@type\":\"ImageObject\",\"inLanguage\":\"pt-PT\",\"@id\":\"https:\\\/\\\/secure.gravatar.com\\\/avatar\\\/c5a7ef84c66fa914f55bc4f7ce26cfa275a3b9a1c5568b907bd184fb4dde7b40?s=96&d=mm&r=g\",\"url\":\"https:\\\/\\\/secure.gravatar.com\\\/avatar\\\/c5a7ef84c66fa914f55bc4f7ce26cfa275a3b9a1c5568b907bd184fb4dde7b40?s=96&d=mm&r=g\",\"contentUrl\":\"https:\\\/\\\/secure.gravatar.com\\\/avatar\\\/c5a7ef84c66fa914f55bc4f7ce26cfa275a3b9a1c5568b907bd184fb4dde7b40?s=96&d=mm&r=g\",\"caption\":\"inclusivenews2024\"},\"sameAs\":[\"https:\\\/\\\/inclusivenews.com.br\"],\"url\":\"https:\\\/\\\/inclusivenews.com.br\\\/?author=1\"}]}<\/script>\n<!-- \/ Yoast SEO plugin. -->","yoast_head_json":{"title":"O pre\u00e7o da exclus\u00e3o -","robots":{"index":"index","follow":"follow","max-snippet":"max-snippet:-1","max-image-preview":"max-image-preview:large","max-video-preview":"max-video-preview:-1"},"canonical":"https:\/\/inclusivenews.com.br\/?p=19286","og_locale":"pt_PT","og_type":"article","og_title":"O pre\u00e7o da exclus\u00e3o -","og_description":"''O pre\u00e7o da Educa\u00e7\u00e3o 'exclusiva' \u00e9 o bullying. E ningu\u00e9m est\u00e1 livre de ser uma v\u00edtima dele'', afirmam as jornalistas Lais Mendes Pimentel e Patricia Almeida","og_url":"https:\/\/inclusivenews.com.br\/?p=19286","article_publisher":"https:\/\/www.facebook.com\/agenciainclusive\/","article_published_time":"2011-04-29T17:20:53+00:00","og_image":[{"url":"http:\/\/inclusivenews.com.br\/wp-content\/uploads\/2011\/04\/cifrao.bmp","type":"","width":"","height":""}],"author":"inclusivenews2024","twitter_card":"summary_large_image","twitter_misc":{"Escrito por":"inclusivenews2024","Tempo estimado de leitura":"3 minutos"},"schema":{"@context":"https:\/\/schema.org","@graph":[{"@type":"Article","@id":"https:\/\/inclusivenews.com.br\/?p=19286#article","isPartOf":{"@id":"https:\/\/inclusivenews.com.br\/?p=19286"},"author":{"name":"inclusivenews2024","@id":"https:\/\/inclusivenews.com.br\/#\/schema\/person\/ae4ec7087559b8692fb33b6fffd2273b"},"headline":"O pre\u00e7o da exclus\u00e3o","datePublished":"2011-04-29T17:20:53+00:00","mainEntityOfPage":{"@id":"https:\/\/inclusivenews.com.br\/?p=19286"},"wordCount":567,"commentCount":7,"publisher":{"@id":"https:\/\/inclusivenews.com.br\/#organization"},"image":{"@id":"https:\/\/inclusivenews.com.br\/?p=19286#primaryimage"},"thumbnailUrl":"http:\/\/inclusivenews.com.br\/wp-content\/uploads\/2011\/04\/cifrao.bmp","articleSection":["+ De nossa parte","Defici\u00eancia","Discrimina\u00e7\u00e3o","EDUCA\u00c7\u00c3O","INCLUS\u00c3O SOCIAL","NOT\u00cdCIAS","OPINI\u00c3O"],"inLanguage":"pt-PT","potentialAction":[{"@type":"CommentAction","name":"Comment","target":["https:\/\/inclusivenews.com.br\/?p=19286#respond"]}]},{"@type":"WebPage","@id":"https:\/\/inclusivenews.com.br\/?p=19286","url":"https:\/\/inclusivenews.com.br\/?p=19286","name":"O pre\u00e7o da exclus\u00e3o -","isPartOf":{"@id":"https:\/\/inclusivenews.com.br\/#website"},"primaryImageOfPage":{"@id":"https:\/\/inclusivenews.com.br\/?p=19286#primaryimage"},"image":{"@id":"https:\/\/inclusivenews.com.br\/?p=19286#primaryimage"},"thumbnailUrl":"http:\/\/inclusivenews.com.br\/wp-content\/uploads\/2011\/04\/cifrao.bmp","datePublished":"2011-04-29T17:20:53+00:00","breadcrumb":{"@id":"https:\/\/inclusivenews.com.br\/?p=19286#breadcrumb"},"inLanguage":"pt-PT","potentialAction":[{"@type":"ReadAction","target":["https:\/\/inclusivenews.com.br\/?p=19286"]}]},{"@type":"ImageObject","inLanguage":"pt-PT","@id":"https:\/\/inclusivenews.com.br\/?p=19286#primaryimage","url":"","contentUrl":""},{"@type":"BreadcrumbList","@id":"https:\/\/inclusivenews.com.br\/?p=19286#breadcrumb","itemListElement":[{"@type":"ListItem","position":1,"name":"In\u00edcio","item":"https:\/\/inclusivenews.com.br\/"},{"@type":"ListItem","position":2,"name":"O pre\u00e7o da exclus\u00e3o"}]},{"@type":"WebSite","@id":"https:\/\/inclusivenews.com.br\/#website","url":"https:\/\/inclusivenews.com.br\/","name":"Inclusive News","description":"Inclusive News","publisher":{"@id":"https:\/\/inclusivenews.com.br\/#organization"},"potentialAction":[{"@type":"SearchAction","target":{"@type":"EntryPoint","urlTemplate":"https:\/\/inclusivenews.com.br\/?s={search_term_string}"},"query-input":{"@type":"PropertyValueSpecification","valueRequired":true,"valueName":"search_term_string"}}],"inLanguage":"pt-PT"},{"@type":"Organization","@id":"https:\/\/inclusivenews.com.br\/#organization","name":"Inclusive - inclus\u00e3o e cidadania","url":"https:\/\/inclusivenews.com.br\/","logo":{"@type":"ImageObject","inLanguage":"pt-PT","@id":"https:\/\/inclusivenews.com.br\/#\/schema\/logo\/image\/","url":"https:\/\/inclusivenews.com.br\/wp-content\/uploads\/2024\/03\/@grandesite.png","contentUrl":"https:\/\/inclusivenews.com.br\/wp-content\/uploads\/2024\/03\/@grandesite.png","width":1080,"height":1080,"caption":"Inclusive - inclus\u00e3o e cidadania"},"image":{"@id":"https:\/\/inclusivenews.com.br\/#\/schema\/logo\/image\/"},"sameAs":["https:\/\/www.facebook.com\/agenciainclusive\/","https:\/\/www.instagram.com\/newsinclusive\/"]},{"@type":"Person","@id":"https:\/\/inclusivenews.com.br\/#\/schema\/person\/ae4ec7087559b8692fb33b6fffd2273b","name":"inclusivenews2024","image":{"@type":"ImageObject","inLanguage":"pt-PT","@id":"https:\/\/secure.gravatar.com\/avatar\/c5a7ef84c66fa914f55bc4f7ce26cfa275a3b9a1c5568b907bd184fb4dde7b40?s=96&d=mm&r=g","url":"https:\/\/secure.gravatar.com\/avatar\/c5a7ef84c66fa914f55bc4f7ce26cfa275a3b9a1c5568b907bd184fb4dde7b40?s=96&d=mm&r=g","contentUrl":"https:\/\/secure.gravatar.com\/avatar\/c5a7ef84c66fa914f55bc4f7ce26cfa275a3b9a1c5568b907bd184fb4dde7b40?s=96&d=mm&r=g","caption":"inclusivenews2024"},"sameAs":["https:\/\/inclusivenews.com.br"],"url":"https:\/\/inclusivenews.com.br\/?author=1"}]}},"_links":{"self":[{"href":"https:\/\/inclusivenews.com.br\/index.php?rest_route=\/wp\/v2\/posts\/19286","targetHints":{"allow":["GET"]}}],"collection":[{"href":"https:\/\/inclusivenews.com.br\/index.php?rest_route=\/wp\/v2\/posts"}],"about":[{"href":"https:\/\/inclusivenews.com.br\/index.php?rest_route=\/wp\/v2\/types\/post"}],"author":[{"embeddable":true,"href":"https:\/\/inclusivenews.com.br\/index.php?rest_route=\/wp\/v2\/users\/1"}],"replies":[{"embeddable":true,"href":"https:\/\/inclusivenews.com.br\/index.php?rest_route=%2Fwp%2Fv2%2Fcomments&post=19286"}],"version-history":[{"count":0,"href":"https:\/\/inclusivenews.com.br\/index.php?rest_route=\/wp\/v2\/posts\/19286\/revisions"}],"wp:attachment":[{"href":"https:\/\/inclusivenews.com.br\/index.php?rest_route=%2Fwp%2Fv2%2Fmedia&parent=19286"}],"wp:term":[{"taxonomy":"category","embeddable":true,"href":"https:\/\/inclusivenews.com.br\/index.php?rest_route=%2Fwp%2Fv2%2Fcategories&post=19286"},{"taxonomy":"post_tag","embeddable":true,"href":"https:\/\/inclusivenews.com.br\/index.php?rest_route=%2Fwp%2Fv2%2Ftags&post=19286"}],"curies":[{"name":"wp","href":"https:\/\/api.w.org\/{rel}","templated":true}]}}