{"id":19340,"date":"2011-05-04T10:47:49","date_gmt":"2011-05-04T13:47:49","guid":{"rendered":"http:\/\/www.inclusive.org.br\/?p=19340"},"modified":"2011-05-04T10:47:49","modified_gmt":"2011-05-04T13:47:49","slug":"camara-dos-deputados-realiza-audiencia-publica-sobre-discriminacao-e-bullying-na-educacao","status":"publish","type":"post","link":"https:\/\/inclusivenews.com.br\/?p=19340","title":{"rendered":"C\u00e2mara dos Deputados realiza audi\u00eancia p\u00fablica sobre discrimina\u00e7\u00e3o e bullying na educa\u00e7\u00e3o"},"content":{"rendered":"<p><a href=\"http:\/\/www.inclusivenews.com.br\/wp-content\/uploads\/2009\/11\/campanha.jpg\"><img loading=\"lazy\" decoding=\"async\" class=\"alignleft size-full wp-image-12548\" title=\"Campanha Nacional pelo Direito \u00e0 Educa\u00e7\u00e3o - um livro e aves saindo dentro dele\" src=\"http:\/\/inclusivenews.com.br\/wp-content\/uploads\/2009\/11\/campanha.jpg\" alt=\"Campanha Nacional pelo Direito \u00e0 Educa\u00e7\u00e3o - um livro e aves saindo dentro dele\" width=\"190\" height=\"190\" srcset=\"https:\/\/inclusivenews.com.br\/wp-content\/uploads\/2009\/11\/campanha.jpg 190w, https:\/\/inclusivenews.com.br\/wp-content\/uploads\/2009\/11\/campanha-150x150.jpg 150w\" sizes=\"auto, (max-width: 190px) 100vw, 190px\" \/><\/a>Em parceria com a Comiss\u00e3o de Educa\u00e7\u00e3o e Cultura, a Campanha Nacional pelo Direito \u00e0 Educa\u00e7\u00e3o far\u00e1 uma audi\u00eancia p\u00fablica para que deputadas e deputados ou\u00e7am as preocupa\u00e7\u00f5es e reivindica\u00e7\u00f5es da sociedade civil organizada quanto ao enfrentamento de leis, pol\u00edticas e pr\u00e1ticas discriminat\u00f3rias na educa\u00e7\u00e3o.<\/p>\n<p>V\u00e1rias organiza\u00e7\u00f5es ap\u00f3iam a Semana de A\u00e7\u00e3o Mundial no Brasil, entre elas Unesco e Unicef. Um filme com L\u00e1zaro Ramos, cedido pelo Unicef, est\u00e1 sendo divulgado no blog da Semana (semanaacaomundial2011.wordpress.com). Haver\u00e1 sorteio de kits com camisetas, bolsas e outros materiais promocionais pelo twitter no per\u00edodo da SAM, que se estende de 2 a 8 de maio (#semanaacaomundial).<\/p>\n<p><strong>Expositores<\/strong><br \/>\nPara a audi\u00eancia p\u00fablica foram convidados expositores que abordar\u00e3o campos espec\u00edficos de discrimina\u00e7\u00e3o na educa\u00e7\u00e3o, como racismo, homofobia, preconceito contra pessoas do campo e contra deficientes, entre outros. S\u00e3o eles:<\/p>\n<p>Maria Nazar\u00e9 Mota de Lima \u2013 Coordenadora da \u00c1rea de Educa\u00e7\u00e3o &#8211; Ceafro (Centro de Estudos Afro-Orientais da UFBA)<br \/>\nCleodelice Aparecida Zonato Fante \u2013 Plan (Pesquisa sobre bullying escolar e campanha Aprender Sem Medo)<br \/>\nClaudia Maia \u2013 Coordenadora T\u00e9cnica da ONG Escola de Gente<br \/>\nDaniel Cara \u2013 Coordenador Geral da Campanha Nacional pelo Direito \u00e0 Educa\u00e7\u00e3o<br \/>\nDenise Carreira Soares \u2013 Relatora da Relatoria Nacional do Direito Humano \u00e0 Educa\u00e7\u00e3o<br \/>\nMaria Cristina Vargas \u2013 Coletivo de Educa\u00e7\u00e3o do MST<br \/>\nMaria Helena Franco \u2013 Coordenadora do Projeto Escola sem Homofobia na ECOS Comunica\u00e7\u00e3o em Sexualidade<br \/>\nToni Reis \u2013 Presidente da ABGLT (Associa\u00e7\u00e3o Brasileira de L\u00e9sbicas, Gays, Bissexuais, Travestis e Transexuais)<\/p>\n<p><strong>Oficina de grafite<\/strong><br \/>\nNa ter\u00e7a-feira, 3\/5, v\u00e9spera da audi\u00eancia p\u00fablica, ser\u00e1 realizada uma oficina de grafite com jovens de escolas p\u00fablicas do DF. Os trabalhos resultantes da oficina ser\u00e3o levados \u00e0 audi\u00eancia no Congresso Nacional. A oficina ser\u00e1 ministrada por Giordana Moreira e pela grafiteira Aila, do coletivo Artefeito, do Rio de Janeiro, que j\u00e1 trabalha com o tema da educa\u00e7\u00e3o n\u00e3o sexista, desenvolvendo a campanha \u201cArte PENSE &#8211; Graffiti por uma educa\u00e7\u00e3o n\u00e3o sexista\u201d. Participar\u00e3o da atividade cerca de 15 adolescentes de escolas p\u00fablicas de Bras\u00edlia, envolvidos no projeto Crian\u00e7a no Parlamento, do Inesc (Instituto de Estudos Socioecon\u00f4micos). \u201cEsperamos trabalhar com a realidade desses jovens na oficina. Queremos abordar a vis\u00e3o deles, o que eles vivem de discrimina\u00e7\u00e3o e o que eles necessitam para enfrentar isso. Atrav\u00e9s do grafite, vamos expressar suas demandas, que levaremos para a audi\u00eancia p\u00fablica\u201d, afirma Giordana.<\/p>\n<p><strong>Dados sobre preconceito, discrimina\u00e7\u00e3o e bullying na educa\u00e7\u00e3o<\/strong><br \/>\nAlguns dados retirados do material educativo da Semana mostram desigualdades e discrimina\u00e7\u00f5es no ambiente escolar.<br \/>\n\u00b7 de acordo com a pesquisa \u201cPreconceito e discrimina\u00e7\u00e3o no ambiente escolar\u201d, do Inep, as principais v\u00edtimas de bullying na escola s\u00e3o as pessoas negras, os pobres, homossexuais, mulheres e idosos.<br \/>\n\u00b7 na pesquisa sobre bullying escolar , da Plan Brail de 2009, 70% dos estudantes responderam ter presenciado cenas de agress\u00f5es entre colegas, e 30% declararam ter vivenciado ao menos uma situa\u00e7\u00e3o violenta em 2009.<br \/>\n\u00b7 das 680 mil crian\u00e7as de 7 a 14 anos fora da escola, 450 mil s\u00e3o negras (correspondendo a 66%), segundo pesquisa do Unicef, com dados da Pnad 2007;<br \/>\n\u00b7 o analfabetismo entre adolescentes negros de 12 a 17 anos \u00e9 quase duas vezes maior do que entre brancos, de acordo com a pesquisa citada acima;<br \/>\n\u00b7 39,6% dos estudantes de sexo masculino n\u00e3o gostariam de ter um colega de classe homossexual, segundo pesquisa da Unesco de 2004;<br \/>\n\u00b7 60% das(os) professoras(es) afirmaram n\u00e3o ter conhecimento suficiente para lidar com a quest\u00e3o da homossexualidade na sala de aula, de acordo com a mesma pesquisa acima;<br \/>\n\u00b7 70,64% da popula\u00e7\u00e3o brasileira de 0 a 18 anos que est\u00e1 fora da escola \u00e9 de crian\u00e7as, adolescentes e jovens com defici\u00eancia, segundo c\u00e1lculos do MEC.<br \/>\n\u00b7 O pa\u00eds tem avan\u00e7ado na inclus\u00e3o de pessoas com defici\u00eancia no ensino regular: de 1998 a 2010, as taxas de matr\u00edcula em ensino regular de pessoas com defici\u00eancia passaram de 13% a 69%. Mas as crian\u00e7as, jovens e adultos matriculados enfrentam enorme preconceito. Em pesquisa do Inep, mais de 96% dos respondentes confirmaram predisposi\u00e7\u00e3o de manter algum grau de dist\u00e2ncia em rela\u00e7\u00e3o a pessoas com defici\u00eancia.<\/p>\n<p>[Veja mais dados no folder da SAM 2011, <a href=\"http:\/\/arquivo.campanhaeducacao.org.br\/semana\/2011\/Folder_SAM2011.pdf\">clicando aqui<\/a>].<\/p>\n<p><strong>Reivindica\u00e7\u00f5es<\/strong><br \/>\nDurante a audi\u00eancia de 4 de maio, a Campanha apresentar\u00e1 diversas reivindica\u00e7\u00f5es ao Estado brasileiro. Entre elas, a implementa\u00e7\u00e3o imediata do item \u201cDireito \u00e0 Educa\u00e7\u00e3o\u201d do Programa Brasil sem Homofobia, que prev\u00ea forma\u00e7\u00e3o inicial e continuada de professoras na \u00e1rea da sexualidade e aprova\u00e7\u00e3o e disponibiliza\u00e7\u00e3o do kit Escola sem Homofobia para escolas p\u00fablicas.<\/p>\n<p>Outra reivindica\u00e7\u00e3o \u00e9 pelo fim do ensino religioso nas escolas p\u00fablicas e da compra de livros religiosos pelos governos. Est\u00e1 em andamento junto ao STF (Supremo Tribunal Federal) a ADI 4439 (A\u00e7\u00e3o Direta de Inconstitucionalidade), que pede a interpreta\u00e7\u00e3o conforme a Constitui\u00e7\u00e3o do art. 33 da LDB e do art.11 da Concordata, acordo firmado entre o Brasil e a Santa S\u00e9 em 2008. Tal interpreta\u00e7\u00e3o determinaria que o ensino religioso previsto nessas normas seja somente de car\u00e1ter n\u00e3o-confessional, com a proibi\u00e7\u00e3o de contrata\u00e7\u00e3o de professores vinculados \u00e0s confiss\u00f5es religiosas. Como alternativa, pede a declara\u00e7\u00e3o de inconstitucionalidade da express\u00e3o &#8220;cat\u00f3lico e de outras confiss\u00f5es&#8221; na Concordata. O requerimento partiu do Procurador da Rep\u00fablica Daniel Sarmento e de Waldemar Zveiter, ex-ministro do STJ (Supremo Tribunal de Justi\u00e7a).<\/p>\n<p>[Veja mais reivindica\u00e7\u00f5es no folder da SAM 2011, <a href=\"http:\/\/arquivo.campanhaeducacao.org.br\/semana\/2011\/Folder_SAM2011.pdf\">clicando aqui<\/a>].<\/p>\n<p><strong>Eventos em todo o Brasil<\/strong><br \/>\nAl\u00e9m da audi\u00eancia p\u00fablica em Bras\u00edlia, organiza\u00e7\u00f5es locais realizam atividades sobre o tema da SAM 2011. S\u00e3o 26 atividades locais j\u00e1 confirmadas pelo Brasil, como por exemplo, um encontro de autores em Braille, no munic\u00edpio de Taguatinga (DF), em que haver\u00e1 leituras feitas pelos deficientes visuais de livros sobre educa\u00e7\u00e3o n\u00e3o-discriminat\u00f3ria.<\/p>\n<p>[Veja as atividades locais j\u00e1 confirmadas, <a href=\"http:\/\/semanaacaomundial2011.wordpress.com\/atividades\/\">clicando aqui.<\/a>]<\/p>\n<p><strong>que \u00e9 a Semana de A\u00e7\u00e3o Mundial<\/strong><br \/>\nA Semana \u00e9 uma iniciativa da Campanha Global pela Educa\u00e7\u00e3o e acontece desde 2003 em mais de 100 pa\u00edses, para exigir que governos de todo o mundo cumpram os acordos internacionais da \u00e1rea. No Brasil, a Semana \u00e9 coordenada pela Campanha Nacional pelo Direito \u00e0 Educa\u00e7\u00e3o, em parceria com outros movimentos, organiza\u00e7\u00f5es e redes.<\/p>\n<p><strong>Servi\u00e7o<\/strong><br \/>\nAs pessoas, escolas e organiza\u00e7\u00f5es interessadas em receber os materiais da Semana de A\u00e7\u00e3o Mundial e saber como realizar atividades locais devem entrar em contato com a Campanha Nacional pelo Direito \u00e0 Educa\u00e7\u00e3o:<br \/>\nEmail: sam@campanhaeducacao.org.br<br \/>\nTel.: (11) 3159-1243 e (11) 8793-7711 (TIM)<br \/>\nSkype: campanhaeducacaobrasil<\/p>\n<p><strong>Atendimento \u00e0 Imprensa<\/strong><br \/>\nEntrar em contato com:<br \/>\nAndressa Pellanda<br \/>\nComunica\u00e7\u00e3o Social da Campanha Nacional pelo Direito \u00e0 Educa\u00e7\u00e3o<br \/>\nTel.: (+55 11) 3159-1243<br \/>\nCel.: (+55 11) 8793-7711<br \/>\nandressa@campanhaeducacao.org.br<\/p>\n<p><strong>Fontes para a Imprensa<\/strong><br \/>\nMaria Nazar\u00e9 Mota de Lima \u2013 Coordenadora da \u00c1rea de Educa\u00e7\u00e3o &#8211; Ceafro (Centro de Estudos Afro-Orientais da UFBA)<br \/>\nCleodelice Aparecida Zonato Fante &#8211; Plan<br \/>\nClaudia Maia \u2013 Coordenadora T\u00e9cnica da ONG Escola de Gente<br \/>\nDaniel Cara \u2013 Coordenador Geral da Campanha Nacional pelo Direito \u00e0 Educa\u00e7\u00e3o<br \/>\nDenise Carreira Soares \u2013 Relatora da Relatoria Nacional do Direito Humano \u00e0 Educa\u00e7\u00e3o<br \/>\nMaria Cristina Vargas \u2013 Coletivo de Educa\u00e7\u00e3o do MST<br \/>\nMaria Helena Franco \u2013 Coordenadora do Projeto Escola sem Homofobia na ECOS Comunica\u00e7\u00e3o em Sexualidade<br \/>\nToni Reis \u2013 Presidente da ABGLT (Associa\u00e7\u00e3o Brasileira de L\u00e9sbicas, Gays, Bissexuais, Travestis e Transexuais)<\/p>\n<p>_________________________________________<\/p>\n<td align=\"left\">\u00a0<\/td>\n<p>\u00a0<strong>Fonte:<\/strong> <a href=\"http:\/\/www.campanhaeducacao.org.br\/www.campanhaeducacao.org.br\" target=\"_blank\" rel=\"noopener\">Campanha Nacional pelo Direito \u00e0 Educa\u00e7\u00e3o<\/a><\/p>\n","protected":false},"excerpt":{"rendered":"<p>A audi\u00eancia acontece nesta quarta-feira, 4\/5, como principal atividade da Semana de A\u00e7\u00e3o Mundial 2011, organizada pela Campanha Nacional pelo Direito \u00e0 Educa\u00e7\u00e3o. Haver\u00e1 tamb\u00e9m oficina de grafite com jovens do DF, que v\u00e3o expor seus trabalhos no Congresso.<\/p>\n","protected":false},"author":1,"featured_media":0,"comment_status":"open","ping_status":"open","sticky":false,"template":"","format":"standard","meta":{"site-container-style":"default","site-container-layout":"default","site-sidebar-layout":"default","disable-article-header":"default","disable-site-header":"default","disable-site-footer":"default","disable-content-area-spacing":"default","footnotes":""},"categories":[11,39,6,48,4,41],"tags":[],"class_list":["post-19340","post","type-post","status-publish","format-standard","hentry","category-direitos-humanos","category-discriminacao","category-educacao","category-inclusao","category-noticias","category-preconceito"],"yoast_head":"<!-- This site is optimized with the Yoast SEO plugin v27.4 - https:\/\/yoast.com\/product\/yoast-seo-wordpress\/ -->\n<title>C\u00e2mara dos Deputados realiza audi\u00eancia p\u00fablica sobre discrimina\u00e7\u00e3o e bullying na educa\u00e7\u00e3o -<\/title>\n<meta name=\"robots\" content=\"index, follow, max-snippet:-1, max-image-preview:large, max-video-preview:-1\" \/>\n<link rel=\"canonical\" href=\"https:\/\/inclusivenews.com.br\/?p=19340\" \/>\n<meta property=\"og:locale\" content=\"pt_PT\" \/>\n<meta property=\"og:type\" content=\"article\" \/>\n<meta property=\"og:title\" content=\"C\u00e2mara dos Deputados realiza audi\u00eancia p\u00fablica sobre discrimina\u00e7\u00e3o e bullying na educa\u00e7\u00e3o -\" \/>\n<meta property=\"og:description\" content=\"A audi\u00eancia acontece nesta quarta-feira, 4\/5, como principal atividade da Semana de A\u00e7\u00e3o Mundial 2011, organizada pela Campanha Nacional pelo Direito \u00e0 Educa\u00e7\u00e3o. Haver\u00e1 tamb\u00e9m oficina de grafite com jovens do DF, que v\u00e3o expor seus trabalhos no Congresso.\" \/>\n<meta property=\"og:url\" content=\"https:\/\/inclusivenews.com.br\/?p=19340\" \/>\n<meta property=\"article:publisher\" content=\"https:\/\/www.facebook.com\/agenciainclusive\/\" \/>\n<meta property=\"article:published_time\" content=\"2011-05-04T13:47:49+00:00\" \/>\n<meta property=\"og:image\" content=\"http:\/\/inclusivenews.com.br\/wp-content\/uploads\/2009\/11\/campanha.jpg\" \/>\n<meta name=\"author\" content=\"inclusivenews2024\" \/>\n<meta name=\"twitter:card\" content=\"summary_large_image\" \/>\n<meta name=\"twitter:label1\" content=\"Escrito por\" \/>\n\t<meta name=\"twitter:data1\" content=\"inclusivenews2024\" \/>\n\t<meta name=\"twitter:label2\" content=\"Tempo estimado de leitura\" \/>\n\t<meta name=\"twitter:data2\" content=\"6 minutos\" \/>\n<script type=\"application\/ld+json\" class=\"yoast-schema-graph\">{\"@context\":\"https:\\\/\\\/schema.org\",\"@graph\":[{\"@type\":\"Article\",\"@id\":\"https:\\\/\\\/inclusivenews.com.br\\\/?p=19340#article\",\"isPartOf\":{\"@id\":\"https:\\\/\\\/inclusivenews.com.br\\\/?p=19340\"},\"author\":{\"name\":\"inclusivenews2024\",\"@id\":\"https:\\\/\\\/inclusivenews.com.br\\\/#\\\/schema\\\/person\\\/ae4ec7087559b8692fb33b6fffd2273b\"},\"headline\":\"C\u00e2mara dos Deputados realiza audi\u00eancia p\u00fablica sobre discrimina\u00e7\u00e3o e bullying na educa\u00e7\u00e3o\",\"datePublished\":\"2011-05-04T13:47:49+00:00\",\"mainEntityOfPage\":{\"@id\":\"https:\\\/\\\/inclusivenews.com.br\\\/?p=19340\"},\"wordCount\":1260,\"commentCount\":0,\"publisher\":{\"@id\":\"https:\\\/\\\/inclusivenews.com.br\\\/#organization\"},\"image\":{\"@id\":\"https:\\\/\\\/inclusivenews.com.br\\\/?p=19340#primaryimage\"},\"thumbnailUrl\":\"http:\\\/\\\/inclusivenews.com.br\\\/wp-content\\\/uploads\\\/2009\\\/11\\\/campanha.jpg\",\"articleSection\":[\"DIREITOS HUMANOS\",\"Discrimina\u00e7\u00e3o\",\"EDUCA\u00c7\u00c3O\",\"INCLUS\u00c3O SOCIAL\",\"NOT\u00cdCIAS\",\"Preconceito\"],\"inLanguage\":\"pt-PT\",\"potentialAction\":[{\"@type\":\"CommentAction\",\"name\":\"Comment\",\"target\":[\"https:\\\/\\\/inclusivenews.com.br\\\/?p=19340#respond\"]}]},{\"@type\":\"WebPage\",\"@id\":\"https:\\\/\\\/inclusivenews.com.br\\\/?p=19340\",\"url\":\"https:\\\/\\\/inclusivenews.com.br\\\/?p=19340\",\"name\":\"C\u00e2mara dos Deputados realiza audi\u00eancia p\u00fablica sobre discrimina\u00e7\u00e3o e bullying na educa\u00e7\u00e3o -\",\"isPartOf\":{\"@id\":\"https:\\\/\\\/inclusivenews.com.br\\\/#website\"},\"primaryImageOfPage\":{\"@id\":\"https:\\\/\\\/inclusivenews.com.br\\\/?p=19340#primaryimage\"},\"image\":{\"@id\":\"https:\\\/\\\/inclusivenews.com.br\\\/?p=19340#primaryimage\"},\"thumbnailUrl\":\"http:\\\/\\\/inclusivenews.com.br\\\/wp-content\\\/uploads\\\/2009\\\/11\\\/campanha.jpg\",\"datePublished\":\"2011-05-04T13:47:49+00:00\",\"breadcrumb\":{\"@id\":\"https:\\\/\\\/inclusivenews.com.br\\\/?p=19340#breadcrumb\"},\"inLanguage\":\"pt-PT\",\"potentialAction\":[{\"@type\":\"ReadAction\",\"target\":[\"https:\\\/\\\/inclusivenews.com.br\\\/?p=19340\"]}]},{\"@type\":\"ImageObject\",\"inLanguage\":\"pt-PT\",\"@id\":\"https:\\\/\\\/inclusivenews.com.br\\\/?p=19340#primaryimage\",\"url\":\"https:\\\/\\\/inclusivenews.com.br\\\/wp-content\\\/uploads\\\/2009\\\/11\\\/campanha.jpg\",\"contentUrl\":\"https:\\\/\\\/inclusivenews.com.br\\\/wp-content\\\/uploads\\\/2009\\\/11\\\/campanha.jpg\",\"width\":190,\"height\":190,\"caption\":\"Campanha Nacional pelo Direito \u00e0 Educa\u00e7\u00e3o - um livro e aves saindo dentro dele\"},{\"@type\":\"BreadcrumbList\",\"@id\":\"https:\\\/\\\/inclusivenews.com.br\\\/?p=19340#breadcrumb\",\"itemListElement\":[{\"@type\":\"ListItem\",\"position\":1,\"name\":\"In\u00edcio\",\"item\":\"https:\\\/\\\/inclusivenews.com.br\\\/\"},{\"@type\":\"ListItem\",\"position\":2,\"name\":\"C\u00e2mara dos Deputados realiza audi\u00eancia p\u00fablica sobre discrimina\u00e7\u00e3o e bullying na educa\u00e7\u00e3o\"}]},{\"@type\":\"WebSite\",\"@id\":\"https:\\\/\\\/inclusivenews.com.br\\\/#website\",\"url\":\"https:\\\/\\\/inclusivenews.com.br\\\/\",\"name\":\"Inclusive News\",\"description\":\"Inclusive News\",\"publisher\":{\"@id\":\"https:\\\/\\\/inclusivenews.com.br\\\/#organization\"},\"potentialAction\":[{\"@type\":\"SearchAction\",\"target\":{\"@type\":\"EntryPoint\",\"urlTemplate\":\"https:\\\/\\\/inclusivenews.com.br\\\/?s={search_term_string}\"},\"query-input\":{\"@type\":\"PropertyValueSpecification\",\"valueRequired\":true,\"valueName\":\"search_term_string\"}}],\"inLanguage\":\"pt-PT\"},{\"@type\":\"Organization\",\"@id\":\"https:\\\/\\\/inclusivenews.com.br\\\/#organization\",\"name\":\"Inclusive - inclus\u00e3o e cidadania\",\"url\":\"https:\\\/\\\/inclusivenews.com.br\\\/\",\"logo\":{\"@type\":\"ImageObject\",\"inLanguage\":\"pt-PT\",\"@id\":\"https:\\\/\\\/inclusivenews.com.br\\\/#\\\/schema\\\/logo\\\/image\\\/\",\"url\":\"https:\\\/\\\/inclusivenews.com.br\\\/wp-content\\\/uploads\\\/2024\\\/03\\\/@grandesite.png\",\"contentUrl\":\"https:\\\/\\\/inclusivenews.com.br\\\/wp-content\\\/uploads\\\/2024\\\/03\\\/@grandesite.png\",\"width\":1080,\"height\":1080,\"caption\":\"Inclusive - inclus\u00e3o e cidadania\"},\"image\":{\"@id\":\"https:\\\/\\\/inclusivenews.com.br\\\/#\\\/schema\\\/logo\\\/image\\\/\"},\"sameAs\":[\"https:\\\/\\\/www.facebook.com\\\/agenciainclusive\\\/\",\"https:\\\/\\\/www.instagram.com\\\/newsinclusive\\\/\"]},{\"@type\":\"Person\",\"@id\":\"https:\\\/\\\/inclusivenews.com.br\\\/#\\\/schema\\\/person\\\/ae4ec7087559b8692fb33b6fffd2273b\",\"name\":\"inclusivenews2024\",\"image\":{\"@type\":\"ImageObject\",\"inLanguage\":\"pt-PT\",\"@id\":\"https:\\\/\\\/secure.gravatar.com\\\/avatar\\\/c5a7ef84c66fa914f55bc4f7ce26cfa275a3b9a1c5568b907bd184fb4dde7b40?s=96&d=mm&r=g\",\"url\":\"https:\\\/\\\/secure.gravatar.com\\\/avatar\\\/c5a7ef84c66fa914f55bc4f7ce26cfa275a3b9a1c5568b907bd184fb4dde7b40?s=96&d=mm&r=g\",\"contentUrl\":\"https:\\\/\\\/secure.gravatar.com\\\/avatar\\\/c5a7ef84c66fa914f55bc4f7ce26cfa275a3b9a1c5568b907bd184fb4dde7b40?s=96&d=mm&r=g\",\"caption\":\"inclusivenews2024\"},\"sameAs\":[\"https:\\\/\\\/inclusivenews.com.br\"],\"url\":\"https:\\\/\\\/inclusivenews.com.br\\\/?author=1\"}]}<\/script>\n<!-- \/ Yoast SEO plugin. -->","yoast_head_json":{"title":"C\u00e2mara dos Deputados realiza audi\u00eancia p\u00fablica sobre discrimina\u00e7\u00e3o e bullying na educa\u00e7\u00e3o -","robots":{"index":"index","follow":"follow","max-snippet":"max-snippet:-1","max-image-preview":"max-image-preview:large","max-video-preview":"max-video-preview:-1"},"canonical":"https:\/\/inclusivenews.com.br\/?p=19340","og_locale":"pt_PT","og_type":"article","og_title":"C\u00e2mara dos Deputados realiza audi\u00eancia p\u00fablica sobre discrimina\u00e7\u00e3o e bullying na educa\u00e7\u00e3o -","og_description":"A audi\u00eancia acontece nesta quarta-feira, 4\/5, como principal atividade da Semana de A\u00e7\u00e3o Mundial 2011, organizada pela Campanha Nacional pelo Direito \u00e0 Educa\u00e7\u00e3o. Haver\u00e1 tamb\u00e9m oficina de grafite com jovens do DF, que v\u00e3o expor seus trabalhos no Congresso.","og_url":"https:\/\/inclusivenews.com.br\/?p=19340","article_publisher":"https:\/\/www.facebook.com\/agenciainclusive\/","article_published_time":"2011-05-04T13:47:49+00:00","og_image":[{"url":"http:\/\/inclusivenews.com.br\/wp-content\/uploads\/2009\/11\/campanha.jpg","type":"","width":"","height":""}],"author":"inclusivenews2024","twitter_card":"summary_large_image","twitter_misc":{"Escrito por":"inclusivenews2024","Tempo estimado de leitura":"6 minutos"},"schema":{"@context":"https:\/\/schema.org","@graph":[{"@type":"Article","@id":"https:\/\/inclusivenews.com.br\/?p=19340#article","isPartOf":{"@id":"https:\/\/inclusivenews.com.br\/?p=19340"},"author":{"name":"inclusivenews2024","@id":"https:\/\/inclusivenews.com.br\/#\/schema\/person\/ae4ec7087559b8692fb33b6fffd2273b"},"headline":"C\u00e2mara dos Deputados realiza audi\u00eancia p\u00fablica sobre discrimina\u00e7\u00e3o e bullying na educa\u00e7\u00e3o","datePublished":"2011-05-04T13:47:49+00:00","mainEntityOfPage":{"@id":"https:\/\/inclusivenews.com.br\/?p=19340"},"wordCount":1260,"commentCount":0,"publisher":{"@id":"https:\/\/inclusivenews.com.br\/#organization"},"image":{"@id":"https:\/\/inclusivenews.com.br\/?p=19340#primaryimage"},"thumbnailUrl":"http:\/\/inclusivenews.com.br\/wp-content\/uploads\/2009\/11\/campanha.jpg","articleSection":["DIREITOS HUMANOS","Discrimina\u00e7\u00e3o","EDUCA\u00c7\u00c3O","INCLUS\u00c3O SOCIAL","NOT\u00cdCIAS","Preconceito"],"inLanguage":"pt-PT","potentialAction":[{"@type":"CommentAction","name":"Comment","target":["https:\/\/inclusivenews.com.br\/?p=19340#respond"]}]},{"@type":"WebPage","@id":"https:\/\/inclusivenews.com.br\/?p=19340","url":"https:\/\/inclusivenews.com.br\/?p=19340","name":"C\u00e2mara dos Deputados realiza audi\u00eancia p\u00fablica sobre discrimina\u00e7\u00e3o e bullying na educa\u00e7\u00e3o -","isPartOf":{"@id":"https:\/\/inclusivenews.com.br\/#website"},"primaryImageOfPage":{"@id":"https:\/\/inclusivenews.com.br\/?p=19340#primaryimage"},"image":{"@id":"https:\/\/inclusivenews.com.br\/?p=19340#primaryimage"},"thumbnailUrl":"http:\/\/inclusivenews.com.br\/wp-content\/uploads\/2009\/11\/campanha.jpg","datePublished":"2011-05-04T13:47:49+00:00","breadcrumb":{"@id":"https:\/\/inclusivenews.com.br\/?p=19340#breadcrumb"},"inLanguage":"pt-PT","potentialAction":[{"@type":"ReadAction","target":["https:\/\/inclusivenews.com.br\/?p=19340"]}]},{"@type":"ImageObject","inLanguage":"pt-PT","@id":"https:\/\/inclusivenews.com.br\/?p=19340#primaryimage","url":"https:\/\/inclusivenews.com.br\/wp-content\/uploads\/2009\/11\/campanha.jpg","contentUrl":"https:\/\/inclusivenews.com.br\/wp-content\/uploads\/2009\/11\/campanha.jpg","width":190,"height":190,"caption":"Campanha Nacional pelo Direito \u00e0 Educa\u00e7\u00e3o - um livro e aves saindo dentro dele"},{"@type":"BreadcrumbList","@id":"https:\/\/inclusivenews.com.br\/?p=19340#breadcrumb","itemListElement":[{"@type":"ListItem","position":1,"name":"In\u00edcio","item":"https:\/\/inclusivenews.com.br\/"},{"@type":"ListItem","position":2,"name":"C\u00e2mara dos Deputados realiza audi\u00eancia p\u00fablica sobre discrimina\u00e7\u00e3o e bullying na educa\u00e7\u00e3o"}]},{"@type":"WebSite","@id":"https:\/\/inclusivenews.com.br\/#website","url":"https:\/\/inclusivenews.com.br\/","name":"Inclusive News","description":"Inclusive News","publisher":{"@id":"https:\/\/inclusivenews.com.br\/#organization"},"potentialAction":[{"@type":"SearchAction","target":{"@type":"EntryPoint","urlTemplate":"https:\/\/inclusivenews.com.br\/?s={search_term_string}"},"query-input":{"@type":"PropertyValueSpecification","valueRequired":true,"valueName":"search_term_string"}}],"inLanguage":"pt-PT"},{"@type":"Organization","@id":"https:\/\/inclusivenews.com.br\/#organization","name":"Inclusive - inclus\u00e3o e cidadania","url":"https:\/\/inclusivenews.com.br\/","logo":{"@type":"ImageObject","inLanguage":"pt-PT","@id":"https:\/\/inclusivenews.com.br\/#\/schema\/logo\/image\/","url":"https:\/\/inclusivenews.com.br\/wp-content\/uploads\/2024\/03\/@grandesite.png","contentUrl":"https:\/\/inclusivenews.com.br\/wp-content\/uploads\/2024\/03\/@grandesite.png","width":1080,"height":1080,"caption":"Inclusive - inclus\u00e3o e cidadania"},"image":{"@id":"https:\/\/inclusivenews.com.br\/#\/schema\/logo\/image\/"},"sameAs":["https:\/\/www.facebook.com\/agenciainclusive\/","https:\/\/www.instagram.com\/newsinclusive\/"]},{"@type":"Person","@id":"https:\/\/inclusivenews.com.br\/#\/schema\/person\/ae4ec7087559b8692fb33b6fffd2273b","name":"inclusivenews2024","image":{"@type":"ImageObject","inLanguage":"pt-PT","@id":"https:\/\/secure.gravatar.com\/avatar\/c5a7ef84c66fa914f55bc4f7ce26cfa275a3b9a1c5568b907bd184fb4dde7b40?s=96&d=mm&r=g","url":"https:\/\/secure.gravatar.com\/avatar\/c5a7ef84c66fa914f55bc4f7ce26cfa275a3b9a1c5568b907bd184fb4dde7b40?s=96&d=mm&r=g","contentUrl":"https:\/\/secure.gravatar.com\/avatar\/c5a7ef84c66fa914f55bc4f7ce26cfa275a3b9a1c5568b907bd184fb4dde7b40?s=96&d=mm&r=g","caption":"inclusivenews2024"},"sameAs":["https:\/\/inclusivenews.com.br"],"url":"https:\/\/inclusivenews.com.br\/?author=1"}]}},"_links":{"self":[{"href":"https:\/\/inclusivenews.com.br\/index.php?rest_route=\/wp\/v2\/posts\/19340","targetHints":{"allow":["GET"]}}],"collection":[{"href":"https:\/\/inclusivenews.com.br\/index.php?rest_route=\/wp\/v2\/posts"}],"about":[{"href":"https:\/\/inclusivenews.com.br\/index.php?rest_route=\/wp\/v2\/types\/post"}],"author":[{"embeddable":true,"href":"https:\/\/inclusivenews.com.br\/index.php?rest_route=\/wp\/v2\/users\/1"}],"replies":[{"embeddable":true,"href":"https:\/\/inclusivenews.com.br\/index.php?rest_route=%2Fwp%2Fv2%2Fcomments&post=19340"}],"version-history":[{"count":0,"href":"https:\/\/inclusivenews.com.br\/index.php?rest_route=\/wp\/v2\/posts\/19340\/revisions"}],"wp:attachment":[{"href":"https:\/\/inclusivenews.com.br\/index.php?rest_route=%2Fwp%2Fv2%2Fmedia&parent=19340"}],"wp:term":[{"taxonomy":"category","embeddable":true,"href":"https:\/\/inclusivenews.com.br\/index.php?rest_route=%2Fwp%2Fv2%2Fcategories&post=19340"},{"taxonomy":"post_tag","embeddable":true,"href":"https:\/\/inclusivenews.com.br\/index.php?rest_route=%2Fwp%2Fv2%2Ftags&post=19340"}],"curies":[{"name":"wp","href":"https:\/\/api.w.org\/{rel}","templated":true}]}}