{"id":19363,"date":"2011-05-05T15:16:55","date_gmt":"2011-05-05T18:16:55","guid":{"rendered":"http:\/\/www.inclusive.org.br\/?p=19363"},"modified":"2011-05-05T15:16:55","modified_gmt":"2011-05-05T18:16:55","slug":"lancado-edital-para-selecao-de-projetos-financiados-pela-sdh","status":"publish","type":"post","link":"https:\/\/inclusivenews.com.br\/?p=19363","title":{"rendered":"Lan\u00e7ado Edital para sele\u00e7\u00e3o de projetos financiados pela SDH"},"content":{"rendered":"<p><em><\/p>\n<figure id=\"attachment_19381\" aria-describedby=\"caption-attachment-19381\" style=\"width: 232px\" class=\"wp-caption alignleft\"><em><a href=\"http:\/\/www.inclusivenews.com.br\/wp-content\/uploads\/2011\/05\/SDH.jpg\"><img loading=\"lazy\" decoding=\"async\" class=\"size-full wp-image-19381\" title=\"SDH\" src=\"http:\/\/inclusivenews.com.br\/wp-content\/uploads\/2011\/05\/SDH.jpg\" alt=\"Logotipo da Secretaria de Direitos Humanos - Bandeira do Brasil estilizada\" width=\"232\" height=\"112\" \/><\/a><\/em><figcaption id=\"caption-attachment-19381\" class=\"wp-caption-text\">Logotipo da Secretaria de Direitos Humanos - Bandeira do Brasil estilizada<\/figcaption><\/figure>\n<p>Por Paula Rosa, Rede ANDI Brasil &#8211; Bras\u00edlia (DF)<\/p>\n<p><\/em><\/p>\n<p>J\u00e1 est\u00e1 dispon\u00edvel no site da Secretaria de Direitos Humanos da Presid\u00eancia da Rep\u00fablica, o edital p\u00fablico que vai selecionar projetos que auxiliem o desempenho da miss\u00e3o institucional da Secretaria, em conformidade com as diretrizes contidas no Programa Nacional de Direitos Humanos (PNDH-3), voltados \u00e0 promo\u00e7\u00e3o e defesa dos direitos humanos, entre outros, os da crian\u00e7a e do adolescente, da pessoa com defici\u00eancia, da pessoa idosa e de l\u00e9sbicas, gays, bissexuais, travestis e transexuais.<\/p>\n<p><span class=\"Apple-style-span\" style=\"line-height: 18px;\">Poder\u00e3o participar da sele\u00e7\u00e3o \u00f3rg\u00e3os da Administra\u00e7\u00e3o P\u00fablica Federal, Estadual, Municipal e do Distrito Federal, bem como as institui\u00e7\u00f5es privadas sem fins lucrativos cuja finalidade se relacione diretamente \u00e0s caracter\u00edsticas dos programas e a\u00e7\u00f5es aos quais concorrer\u00e3o.<\/span><em> <\/em><\/p>\n<p><em> <\/em>Na \u00e1rea da defici\u00eancia ser\u00e3o recebidos projetos para capacitac\u0327a\u0303o de  recursos humanos para defesa dos direitos da pessoa com deficie\u0302ncia,  apoio a estudos e pesquisas, capacita\u00e7\u00e3o e especializa\u00e7\u00e3o de t\u00e9cnicos e  agentes sociais em acessibilidade e apoio a implanta\u00e7\u00e3o de Conselhos de  direitos das pessoas com defici\u00eancia em estados e munic\u00edpios.<\/p>\n<p>Na \u00e1rea da inf\u00e2ncia e adolesc\u00eancia, que tem um anexo espec\u00edfico, as propostas apresentadas devem abranger os programas de enfrentamento da viol\u00eancia sexual contra crian\u00e7as e adolescentes; o Sistema Nacional de Atencimento Socioeducativo ao Adolescente em conflito com a Lei \u2013 PROSINASE e o Sistema de Garantia dos Direitos da Crian\u00e7a e do Adolescente. Os recursos para os Projetos selecionados s\u00e3o Secretaria de Direitos Humanos e do Fundo Nacional para a crian\u00e7a e o adolescente, no ano 2011, com base no Plano Plurianual para o per\u00edodo 2008 a 2011.<\/p>\n<p style=\"margin: 0px 0px 0.75em; padding: 0px; line-height: 1.5em;\">A data limite para inclus\u00e3o e envio de Proposta no Sistema de Gest\u00e3o de Conv\u00eanios e Contratos de Repasse \u2013 SICONV, juntamente com os demais documentos complementares exigidos por cada \u00e1rea respons\u00e1vel pela execu\u00e7\u00e3o do programa e suas respectivas a\u00e7\u00f5es \u00e9 29 de junho de 2011.<\/p>\n<p style=\"margin: 0px 0px 0.75em; padding: 0px; line-height: 1.5em;\">Para apresentar proposta de trabalho, o interessado dever\u00e1 estar credenciado e devidamente cadastrado no SICONV. O objeto do conv\u00eanio dever\u00e1 conter no m\u00e1ximo 500 (quinhentos) caracteres, e sua execu\u00e7\u00e3o ser de no m\u00ednimo 12 meses e no m\u00e1ximo 24 meses, n\u00e3o podendo ter sua finaliza\u00e7\u00e3o prevista para os meses de dezembro e janeiro, per\u00edodo este que poder\u00e1 ser revisto a crit\u00e9rio da SDH. Quem for cadastrar a proposta dever\u00e1 ainda apresentar documentos obrigat\u00f3rios que dever\u00e3o ser digitalizados e anexados \u00e0 proposta registrada. Tamb\u00e9m dever\u00e1 encaminhar correspond\u00eancia dirigida a Ministra de Estado Chefe da Secretaria de Direitos Humanos da Presid\u00eancia da Rep\u00fablica, explanando interesse na execu\u00e7\u00e3o do objeto, bem como informando o n\u00famero da proposta cadastrada no SICONV.<\/p>\n<p style=\"margin: 0px 0px 0.75em; padding: 0px; line-height: 1.5em;\">Entre outras caracter\u00edsticas, ser\u00e3o priorizados projetos que estimulem, em suas estrat\u00e9gias metodol\u00f3gicas e de articula\u00e7\u00e3o, bem como nos conte\u00fados e temas abordados, a redu\u00e7\u00e3o das desigualdades regionais, a eq\u00fcidade de ra\u00e7a, de etnia, de g\u00eanero, de orienta\u00e7\u00e3o sexual e a inclus\u00e3o de pessoas com defici\u00eancia, bem como a participa\u00e7\u00e3o ativa de crian\u00e7as e adolescentes nas atividades do projeto, quando couber, assim como a exist\u00eancia e a elabora\u00e7\u00e3o dos Planos Nacionais ou Resolu\u00e7\u00f5es aprovadas pelos Conselhos.<\/p>\n<p style=\"margin: 0px 0px 0.75em; padding: 0px; line-height: 1.5em;\">Confira\u00a0<a class=\"external-link ext\" style=\"margin: 0px; padding: 1px ! important; color: #436976; text-decoration: underline; border-bottom-width: 0px ! important; background-image: none ! important;\" href=\"http:\/\/www.direitoshumanos.gov.br\/destaques\/edital-de-chamada-publica-no.-01-2011-sdh-pr-selecao-de-projetos.pdf\" target=\"_blank\" rel=\"noopener\">aqui<\/a><span class=\"ext\"> <\/span> o EDITAL completo.<\/p>\n<p style=\"margin: 0px 0px 0.75em; padding: 0px; line-height: 1.5em;\"><a class=\"ext\" style=\"margin: 0px; padding: 1px ! important; color: #436976; text-decoration: underline; border-bottom-width: 0px ! important; background-image: none ! important;\" href=\"http:\/\/www.direitoshumanos.gov.br\/destaques\/anexo-2-politicas-de-promocao-e-defesa-dos-direitos-humanos-capacitacao.pdf\" target=\"_blank\" rel=\"noopener\">ANEXO 1 &#8211; Pol\u00edticas de Promo\u00e7\u00e3o dos Direitos da Crian\u00e7a e do Adolescente<\/a><span class=\"ext\"> <\/span><\/p>\n<p style=\"margin: 0px 0px 0.75em; padding: 0px; line-height: 1.5em;\"><a class=\"ext\" style=\"margin: 0px; padding: 1px ! important; color: #436976; text-decoration: underline; border-bottom-width: 0px ! important; background-image: none ! important;\" href=\"http:\/\/www.direitoshumanos.gov.br\/destaques\/anexo-3-politicas-publicas-de-promocao-e-defesa-dos-direitos-humanos-educacao-em-direitos-humanos.pdf\" target=\"_blank\" rel=\"noopener\">ANEXO 2 &#8211; Politicas de Promo\u00e7\u00e3o e Defesa dos Direitos HUmanos &#8211; Capacita\u00e7\u00e3o<\/a><span class=\"ext\"> <\/span><\/p>\n<p style=\"margin: 0px 0px 0.75em; padding: 0px; line-height: 1.5em;\"><a class=\"ext\" style=\"margin: 0px; padding: 1px ! important; color: #436976; text-decoration: underline; border-bottom-width: 0px ! important; background-image: none ! important;\" href=\"http:\/\/www.direitoshumanos.gov.br\/destaques\/anexo-4-politicas-de-promocao-e-defesa-dos-direitos-humanos-educacao-em-direitos-humanos.pdf\" target=\"_blank\" rel=\"noopener\">ANEXO 3 &#8211; Pol\u00edticas P\u00fablicas de Promo\u00e7\u00e3o e Defesa dos Direitos Humanos &#8211; Educa\u00e7\u00e3o em Direitos Humanos<\/a><\/p>\n<p style=\"margin: 0px 0px 0.75em; padding: 0px; line-height: 1.5em;\"><a class=\"external-link ext\" style=\"margin: 0px; padding: 1px ! important; color: #436976; text-decoration: underline; border-bottom-width: 0px ! important; background-image: none ! important;\" href=\"http:\/\/www.direitoshumanos.gov.br\/destaques\/anexo-4-politicas-de-promocao-e-defesa-dos-direitos-humanos-educacao-em-direitos-humanos.pdf\" target=\"_blank\" rel=\"noopener\">ANEXO 4 &#8211; Pol\u00edticas de Promo\u00e7\u00e3o e Defesa dos Direitos Humanos &#8211; Educa\u00e7\u00e3o em Direitos Humanos<\/a><\/p>\n<p style=\"margin: 0px 0px 0.75em; padding: 0px; line-height: 1.5em;\"><a class=\"external-link ext\" style=\"margin: 0px; padding: 1px ! important; color: #436976; text-decoration: underline; border-bottom-width: 0px ! important; background-image: none ! important;\" href=\"http:\/\/www.direitoshumanos.gov.br\/destaques\/anexo-5-politicas-publicas-em-direitos-humanos-implantacao-de-centros-de-referencias.pdf\" target=\"_blank\" rel=\"noopener\">ANEXO 5 &#8211; Pol\u00edticas P\u00fablicas em Direitos Humanos &#8211; Implanta\u00e7\u00e3o de Centros de Refer\u00eancias<\/a><\/p>\n<p style=\"margin: 0px 0px 0.75em; padding: 0px; line-height: 1.5em;\"><a class=\"external-link ext\" style=\"margin: 0px; padding: 1px ! important; color: #436976; text-decoration: underline; border-bottom-width: 0px ! important; background-image: none ! important;\" href=\"http:\/\/www.direitoshumanos.gov.br\/destaques\/anexo-6-politicas-publicas-em-direitos-humanos-registro-civil-de-nascimento.pdf\" target=\"_blank\" rel=\"noopener\">ANEXO 6 &#8211; Pol\u00edticas P\u00fablicas em Direitos Humanos &#8211; Registro Civil de Nascimento<\/a><\/p>\n<p style=\"margin: 0px 0px 0.75em; padding: 0px; line-height: 1.5em;\"><a class=\"external-link ext\" style=\"margin: 0px; padding: 1px ! important; color: #436976; text-decoration: underline; border-bottom-width: 0px ! important; background-image: none ! important;\" href=\"http:\/\/www.direitoshumanos.gov.br\/destaques\/anexo-7-politicas-publicas-de-promocao-e-defesa-dos-direitos-de-pessoas-com-deficiencia.pdf\" target=\"_blank\" rel=\"noopener\">ANEXO 7 &#8211; Pol\u00edticas P\u00fablicas de Promo\u00e7\u00e3o e Defesa dos Direitos de Pessoas com Defici\u00eancia<\/a><\/p>\n<p style=\"margin: 0px 0px 0.75em; padding: 0px; line-height: 1.5em;\"><a class=\"external-link ext\" style=\"margin: 0px; padding: 1px ! important; color: #436976; text-decoration: underline; border-bottom-width: 0px ! important; background-image: none ! important;\" href=\"http:\/\/www.direitoshumanos.gov.br\/destaques\/anexo-8-informacoes-teoricas-para-contribuir-na-elaboracao-do-projeto-termo-de-referencias-e-modelos-de-alguns-dos-documentos-necessarios.pdf\" target=\"_blank\" rel=\"noopener\">ANEXO 8 &#8211; Informa\u00e7\u00f5es Te\u00f3ricas para Contribuir na Elabora\u00e7\u00e3o do Projeto_Termo de Refer\u00eancias, e Modelos de Alguns dos Documentos Necess\u00e1rios<\/a><br \/>\n______________<\/p>\n<p style=\"margin: 0px 0px 0.75em; padding: 0px; line-height: 1.5em;\"><strong>Fonte:<\/strong> <a href=\"http:\/\/www.andi.org.br\/infancia-e-juventude\/pauta\/lancado-edital-para-selecao-de-projetos-financiados-pela-sdh\">Rede Andi<\/a><\/p>\n","protected":false},"excerpt":{"rendered":"<p>Os projetos voltados \u00e0 promo\u00e7\u00e3o e defesa dos direitos humanos devem ser enviados at\u00e9 29 de junho de 2011.<\/p>\n","protected":false},"author":1,"featured_media":0,"comment_status":"open","ping_status":"open","sticky":false,"template":"","format":"standard","meta":{"site-container-style":"default","site-container-layout":"default","site-sidebar-layout":"default","disable-article-header":"default","disable-site-header":"default","disable-site-footer":"default","disable-content-area-spacing":"default","footnotes":""},"categories":[44,38,11,96,4,49],"tags":[],"class_list":["post-19363","post","type-post","status-publish","format-standard","hentry","category-acessibilidade","category-deficiencia","category-direitos-humanos","category-editais","category-noticias","category-politicas-publicas"],"yoast_head":"<!-- This site is optimized with the Yoast SEO plugin v27.4 - https:\/\/yoast.com\/product\/yoast-seo-wordpress\/ -->\n<title>Lan\u00e7ado Edital para sele\u00e7\u00e3o de projetos financiados pela SDH -<\/title>\n<meta name=\"robots\" content=\"index, follow, max-snippet:-1, max-image-preview:large, max-video-preview:-1\" \/>\n<link rel=\"canonical\" href=\"https:\/\/inclusivenews.com.br\/?p=19363\" \/>\n<meta property=\"og:locale\" content=\"pt_PT\" \/>\n<meta property=\"og:type\" content=\"article\" \/>\n<meta property=\"og:title\" content=\"Lan\u00e7ado Edital para sele\u00e7\u00e3o de projetos financiados pela SDH -\" \/>\n<meta property=\"og:description\" content=\"Os projetos voltados \u00e0 promo\u00e7\u00e3o e defesa dos direitos humanos devem ser enviados at\u00e9 29 de junho de 2011.\" \/>\n<meta property=\"og:url\" content=\"https:\/\/inclusivenews.com.br\/?p=19363\" \/>\n<meta property=\"article:publisher\" content=\"https:\/\/www.facebook.com\/agenciainclusive\/\" \/>\n<meta property=\"article:published_time\" content=\"2011-05-05T18:16:55+00:00\" \/>\n<meta property=\"og:image\" content=\"http:\/\/inclusivenews.com.br\/wp-content\/uploads\/2011\/05\/SDH.jpg\" \/>\n<meta name=\"author\" content=\"inclusivenews2024\" \/>\n<meta name=\"twitter:card\" content=\"summary_large_image\" \/>\n<meta name=\"twitter:label1\" content=\"Escrito por\" \/>\n\t<meta name=\"twitter:data1\" content=\"inclusivenews2024\" \/>\n\t<meta name=\"twitter:label2\" content=\"Tempo estimado de leitura\" \/>\n\t<meta name=\"twitter:data2\" content=\"4 minutos\" \/>\n<script type=\"application\/ld+json\" class=\"yoast-schema-graph\">{\"@context\":\"https:\\\/\\\/schema.org\",\"@graph\":[{\"@type\":\"Article\",\"@id\":\"https:\\\/\\\/inclusivenews.com.br\\\/?p=19363#article\",\"isPartOf\":{\"@id\":\"https:\\\/\\\/inclusivenews.com.br\\\/?p=19363\"},\"author\":{\"name\":\"inclusivenews2024\",\"@id\":\"https:\\\/\\\/inclusivenews.com.br\\\/#\\\/schema\\\/person\\\/ae4ec7087559b8692fb33b6fffd2273b\"},\"headline\":\"Lan\u00e7ado Edital para sele\u00e7\u00e3o de projetos financiados pela SDH\",\"datePublished\":\"2011-05-05T18:16:55+00:00\",\"mainEntityOfPage\":{\"@id\":\"https:\\\/\\\/inclusivenews.com.br\\\/?p=19363\"},\"wordCount\":744,\"commentCount\":0,\"publisher\":{\"@id\":\"https:\\\/\\\/inclusivenews.com.br\\\/#organization\"},\"image\":{\"@id\":\"https:\\\/\\\/inclusivenews.com.br\\\/?p=19363#primaryimage\"},\"thumbnailUrl\":\"http:\\\/\\\/inclusivenews.com.br\\\/wp-content\\\/uploads\\\/2011\\\/05\\\/SDH.jpg\",\"articleSection\":[\"ACESSIBILIDADE\",\"Defici\u00eancia\",\"DIREITOS HUMANOS\",\"Editais\",\"NOT\u00cdCIAS\",\"Pol\u00edticas p\u00fablicas\"],\"inLanguage\":\"pt-PT\",\"potentialAction\":[{\"@type\":\"CommentAction\",\"name\":\"Comment\",\"target\":[\"https:\\\/\\\/inclusivenews.com.br\\\/?p=19363#respond\"]}]},{\"@type\":\"WebPage\",\"@id\":\"https:\\\/\\\/inclusivenews.com.br\\\/?p=19363\",\"url\":\"https:\\\/\\\/inclusivenews.com.br\\\/?p=19363\",\"name\":\"Lan\u00e7ado Edital para sele\u00e7\u00e3o de projetos financiados pela SDH -\",\"isPartOf\":{\"@id\":\"https:\\\/\\\/inclusivenews.com.br\\\/#website\"},\"primaryImageOfPage\":{\"@id\":\"https:\\\/\\\/inclusivenews.com.br\\\/?p=19363#primaryimage\"},\"image\":{\"@id\":\"https:\\\/\\\/inclusivenews.com.br\\\/?p=19363#primaryimage\"},\"thumbnailUrl\":\"http:\\\/\\\/inclusivenews.com.br\\\/wp-content\\\/uploads\\\/2011\\\/05\\\/SDH.jpg\",\"datePublished\":\"2011-05-05T18:16:55+00:00\",\"breadcrumb\":{\"@id\":\"https:\\\/\\\/inclusivenews.com.br\\\/?p=19363#breadcrumb\"},\"inLanguage\":\"pt-PT\",\"potentialAction\":[{\"@type\":\"ReadAction\",\"target\":[\"https:\\\/\\\/inclusivenews.com.br\\\/?p=19363\"]}]},{\"@type\":\"ImageObject\",\"inLanguage\":\"pt-PT\",\"@id\":\"https:\\\/\\\/inclusivenews.com.br\\\/?p=19363#primaryimage\",\"url\":\"\",\"contentUrl\":\"\"},{\"@type\":\"BreadcrumbList\",\"@id\":\"https:\\\/\\\/inclusivenews.com.br\\\/?p=19363#breadcrumb\",\"itemListElement\":[{\"@type\":\"ListItem\",\"position\":1,\"name\":\"In\u00edcio\",\"item\":\"https:\\\/\\\/inclusivenews.com.br\\\/\"},{\"@type\":\"ListItem\",\"position\":2,\"name\":\"Lan\u00e7ado Edital para sele\u00e7\u00e3o de projetos financiados pela SDH\"}]},{\"@type\":\"WebSite\",\"@id\":\"https:\\\/\\\/inclusivenews.com.br\\\/#website\",\"url\":\"https:\\\/\\\/inclusivenews.com.br\\\/\",\"name\":\"Inclusive News\",\"description\":\"Inclusive News\",\"publisher\":{\"@id\":\"https:\\\/\\\/inclusivenews.com.br\\\/#organization\"},\"potentialAction\":[{\"@type\":\"SearchAction\",\"target\":{\"@type\":\"EntryPoint\",\"urlTemplate\":\"https:\\\/\\\/inclusivenews.com.br\\\/?s={search_term_string}\"},\"query-input\":{\"@type\":\"PropertyValueSpecification\",\"valueRequired\":true,\"valueName\":\"search_term_string\"}}],\"inLanguage\":\"pt-PT\"},{\"@type\":\"Organization\",\"@id\":\"https:\\\/\\\/inclusivenews.com.br\\\/#organization\",\"name\":\"Inclusive - inclus\u00e3o e cidadania\",\"url\":\"https:\\\/\\\/inclusivenews.com.br\\\/\",\"logo\":{\"@type\":\"ImageObject\",\"inLanguage\":\"pt-PT\",\"@id\":\"https:\\\/\\\/inclusivenews.com.br\\\/#\\\/schema\\\/logo\\\/image\\\/\",\"url\":\"https:\\\/\\\/inclusivenews.com.br\\\/wp-content\\\/uploads\\\/2024\\\/03\\\/@grandesite.png\",\"contentUrl\":\"https:\\\/\\\/inclusivenews.com.br\\\/wp-content\\\/uploads\\\/2024\\\/03\\\/@grandesite.png\",\"width\":1080,\"height\":1080,\"caption\":\"Inclusive - inclus\u00e3o e cidadania\"},\"image\":{\"@id\":\"https:\\\/\\\/inclusivenews.com.br\\\/#\\\/schema\\\/logo\\\/image\\\/\"},\"sameAs\":[\"https:\\\/\\\/www.facebook.com\\\/agenciainclusive\\\/\",\"https:\\\/\\\/www.instagram.com\\\/newsinclusive\\\/\"]},{\"@type\":\"Person\",\"@id\":\"https:\\\/\\\/inclusivenews.com.br\\\/#\\\/schema\\\/person\\\/ae4ec7087559b8692fb33b6fffd2273b\",\"name\":\"inclusivenews2024\",\"image\":{\"@type\":\"ImageObject\",\"inLanguage\":\"pt-PT\",\"@id\":\"https:\\\/\\\/secure.gravatar.com\\\/avatar\\\/c5a7ef84c66fa914f55bc4f7ce26cfa275a3b9a1c5568b907bd184fb4dde7b40?s=96&d=mm&r=g\",\"url\":\"https:\\\/\\\/secure.gravatar.com\\\/avatar\\\/c5a7ef84c66fa914f55bc4f7ce26cfa275a3b9a1c5568b907bd184fb4dde7b40?s=96&d=mm&r=g\",\"contentUrl\":\"https:\\\/\\\/secure.gravatar.com\\\/avatar\\\/c5a7ef84c66fa914f55bc4f7ce26cfa275a3b9a1c5568b907bd184fb4dde7b40?s=96&d=mm&r=g\",\"caption\":\"inclusivenews2024\"},\"sameAs\":[\"https:\\\/\\\/inclusivenews.com.br\"],\"url\":\"https:\\\/\\\/inclusivenews.com.br\\\/?author=1\"}]}<\/script>\n<!-- \/ Yoast SEO plugin. -->","yoast_head_json":{"title":"Lan\u00e7ado Edital para sele\u00e7\u00e3o de projetos financiados pela SDH -","robots":{"index":"index","follow":"follow","max-snippet":"max-snippet:-1","max-image-preview":"max-image-preview:large","max-video-preview":"max-video-preview:-1"},"canonical":"https:\/\/inclusivenews.com.br\/?p=19363","og_locale":"pt_PT","og_type":"article","og_title":"Lan\u00e7ado Edital para sele\u00e7\u00e3o de projetos financiados pela SDH -","og_description":"Os projetos voltados \u00e0 promo\u00e7\u00e3o e defesa dos direitos humanos devem ser enviados at\u00e9 29 de junho de 2011.","og_url":"https:\/\/inclusivenews.com.br\/?p=19363","article_publisher":"https:\/\/www.facebook.com\/agenciainclusive\/","article_published_time":"2011-05-05T18:16:55+00:00","og_image":[{"url":"http:\/\/inclusivenews.com.br\/wp-content\/uploads\/2011\/05\/SDH.jpg","type":"","width":"","height":""}],"author":"inclusivenews2024","twitter_card":"summary_large_image","twitter_misc":{"Escrito por":"inclusivenews2024","Tempo estimado de leitura":"4 minutos"},"schema":{"@context":"https:\/\/schema.org","@graph":[{"@type":"Article","@id":"https:\/\/inclusivenews.com.br\/?p=19363#article","isPartOf":{"@id":"https:\/\/inclusivenews.com.br\/?p=19363"},"author":{"name":"inclusivenews2024","@id":"https:\/\/inclusivenews.com.br\/#\/schema\/person\/ae4ec7087559b8692fb33b6fffd2273b"},"headline":"Lan\u00e7ado Edital para sele\u00e7\u00e3o de projetos financiados pela SDH","datePublished":"2011-05-05T18:16:55+00:00","mainEntityOfPage":{"@id":"https:\/\/inclusivenews.com.br\/?p=19363"},"wordCount":744,"commentCount":0,"publisher":{"@id":"https:\/\/inclusivenews.com.br\/#organization"},"image":{"@id":"https:\/\/inclusivenews.com.br\/?p=19363#primaryimage"},"thumbnailUrl":"http:\/\/inclusivenews.com.br\/wp-content\/uploads\/2011\/05\/SDH.jpg","articleSection":["ACESSIBILIDADE","Defici\u00eancia","DIREITOS HUMANOS","Editais","NOT\u00cdCIAS","Pol\u00edticas p\u00fablicas"],"inLanguage":"pt-PT","potentialAction":[{"@type":"CommentAction","name":"Comment","target":["https:\/\/inclusivenews.com.br\/?p=19363#respond"]}]},{"@type":"WebPage","@id":"https:\/\/inclusivenews.com.br\/?p=19363","url":"https:\/\/inclusivenews.com.br\/?p=19363","name":"Lan\u00e7ado Edital para sele\u00e7\u00e3o de projetos financiados pela SDH -","isPartOf":{"@id":"https:\/\/inclusivenews.com.br\/#website"},"primaryImageOfPage":{"@id":"https:\/\/inclusivenews.com.br\/?p=19363#primaryimage"},"image":{"@id":"https:\/\/inclusivenews.com.br\/?p=19363#primaryimage"},"thumbnailUrl":"http:\/\/inclusivenews.com.br\/wp-content\/uploads\/2011\/05\/SDH.jpg","datePublished":"2011-05-05T18:16:55+00:00","breadcrumb":{"@id":"https:\/\/inclusivenews.com.br\/?p=19363#breadcrumb"},"inLanguage":"pt-PT","potentialAction":[{"@type":"ReadAction","target":["https:\/\/inclusivenews.com.br\/?p=19363"]}]},{"@type":"ImageObject","inLanguage":"pt-PT","@id":"https:\/\/inclusivenews.com.br\/?p=19363#primaryimage","url":"","contentUrl":""},{"@type":"BreadcrumbList","@id":"https:\/\/inclusivenews.com.br\/?p=19363#breadcrumb","itemListElement":[{"@type":"ListItem","position":1,"name":"In\u00edcio","item":"https:\/\/inclusivenews.com.br\/"},{"@type":"ListItem","position":2,"name":"Lan\u00e7ado Edital para sele\u00e7\u00e3o de projetos financiados pela SDH"}]},{"@type":"WebSite","@id":"https:\/\/inclusivenews.com.br\/#website","url":"https:\/\/inclusivenews.com.br\/","name":"Inclusive News","description":"Inclusive News","publisher":{"@id":"https:\/\/inclusivenews.com.br\/#organization"},"potentialAction":[{"@type":"SearchAction","target":{"@type":"EntryPoint","urlTemplate":"https:\/\/inclusivenews.com.br\/?s={search_term_string}"},"query-input":{"@type":"PropertyValueSpecification","valueRequired":true,"valueName":"search_term_string"}}],"inLanguage":"pt-PT"},{"@type":"Organization","@id":"https:\/\/inclusivenews.com.br\/#organization","name":"Inclusive - inclus\u00e3o e cidadania","url":"https:\/\/inclusivenews.com.br\/","logo":{"@type":"ImageObject","inLanguage":"pt-PT","@id":"https:\/\/inclusivenews.com.br\/#\/schema\/logo\/image\/","url":"https:\/\/inclusivenews.com.br\/wp-content\/uploads\/2024\/03\/@grandesite.png","contentUrl":"https:\/\/inclusivenews.com.br\/wp-content\/uploads\/2024\/03\/@grandesite.png","width":1080,"height":1080,"caption":"Inclusive - inclus\u00e3o e cidadania"},"image":{"@id":"https:\/\/inclusivenews.com.br\/#\/schema\/logo\/image\/"},"sameAs":["https:\/\/www.facebook.com\/agenciainclusive\/","https:\/\/www.instagram.com\/newsinclusive\/"]},{"@type":"Person","@id":"https:\/\/inclusivenews.com.br\/#\/schema\/person\/ae4ec7087559b8692fb33b6fffd2273b","name":"inclusivenews2024","image":{"@type":"ImageObject","inLanguage":"pt-PT","@id":"https:\/\/secure.gravatar.com\/avatar\/c5a7ef84c66fa914f55bc4f7ce26cfa275a3b9a1c5568b907bd184fb4dde7b40?s=96&d=mm&r=g","url":"https:\/\/secure.gravatar.com\/avatar\/c5a7ef84c66fa914f55bc4f7ce26cfa275a3b9a1c5568b907bd184fb4dde7b40?s=96&d=mm&r=g","contentUrl":"https:\/\/secure.gravatar.com\/avatar\/c5a7ef84c66fa914f55bc4f7ce26cfa275a3b9a1c5568b907bd184fb4dde7b40?s=96&d=mm&r=g","caption":"inclusivenews2024"},"sameAs":["https:\/\/inclusivenews.com.br"],"url":"https:\/\/inclusivenews.com.br\/?author=1"}]}},"_links":{"self":[{"href":"https:\/\/inclusivenews.com.br\/index.php?rest_route=\/wp\/v2\/posts\/19363","targetHints":{"allow":["GET"]}}],"collection":[{"href":"https:\/\/inclusivenews.com.br\/index.php?rest_route=\/wp\/v2\/posts"}],"about":[{"href":"https:\/\/inclusivenews.com.br\/index.php?rest_route=\/wp\/v2\/types\/post"}],"author":[{"embeddable":true,"href":"https:\/\/inclusivenews.com.br\/index.php?rest_route=\/wp\/v2\/users\/1"}],"replies":[{"embeddable":true,"href":"https:\/\/inclusivenews.com.br\/index.php?rest_route=%2Fwp%2Fv2%2Fcomments&post=19363"}],"version-history":[{"count":0,"href":"https:\/\/inclusivenews.com.br\/index.php?rest_route=\/wp\/v2\/posts\/19363\/revisions"}],"wp:attachment":[{"href":"https:\/\/inclusivenews.com.br\/index.php?rest_route=%2Fwp%2Fv2%2Fmedia&parent=19363"}],"wp:term":[{"taxonomy":"category","embeddable":true,"href":"https:\/\/inclusivenews.com.br\/index.php?rest_route=%2Fwp%2Fv2%2Fcategories&post=19363"},{"taxonomy":"post_tag","embeddable":true,"href":"https:\/\/inclusivenews.com.br\/index.php?rest_route=%2Fwp%2Fv2%2Ftags&post=19363"}],"curies":[{"name":"wp","href":"https:\/\/api.w.org\/{rel}","templated":true}]}}