{"id":19367,"date":"2011-05-05T15:27:41","date_gmt":"2011-05-05T18:27:41","guid":{"rendered":"http:\/\/www.inclusive.org.br\/?p=19367"},"modified":"2011-05-05T15:27:41","modified_gmt":"2011-05-05T18:27:41","slug":"desenvolvimento-pra-que","status":"publish","type":"post","link":"https:\/\/inclusivenews.com.br\/?p=19367","title":{"rendered":"Desenvolvimento pra qu\u00ea?"},"content":{"rendered":"<figure style=\"width: 212px\" class=\"wp-caption alignleft\"><a class=\"moz-txt-link-freetext\" href=\"http:\/\/www.ibase.br\/userimages\/image\/dv-46.jpg\"><img loading=\"lazy\" decoding=\"async\" title=\"Capa da publica\u00e7\u00e3o - uma chamin\u00e9 industrial e a pergunta: Desenvolvimento para qu\u00ea?\" src=\"http:\/\/www.ibase.br\/userimages\/image\/dv-46.jpg\" alt=\"Capa da publica\u00e7\u00e3o - uma chamin\u00e9 industrial e a pergunta: Desenvolvimento para qu\u00ea?\" width=\"212\" height=\"284\" \/><\/a><figcaption class=\"wp-caption-text\">Capa da publica\u00e7\u00e3o - uma chamin\u00e9 industrial e a pergunta: Desenvolvimento para qu\u00ea?<\/figcaption><\/figure>\n<p><strong>Dulce Pandolfi<br \/>\ndo Ibase<\/strong><\/p>\n<p>Como de costume, a revista <em>Democracia Viva<\/em> traz para o debate temas e quest\u00f5es pertinentes, instigantes e atuais. A preocupa\u00e7\u00e3o maior \u00e9 com a democracia, com a participa\u00e7\u00e3o e com a cidadania e a abrang\u00eancia vai do local ao mundial. Ao refletirmos sobre a cidade, o pa\u00eds e o mundo que temos, pretendemos contribuir para a constru\u00e7\u00e3o da cidade, do pa\u00eds e do mundo que queremos.<\/p>\n<p>Nesta edi\u00e7\u00e3o, a despeito da variedade dos problemas abordados, dois se destacam e formam se\u00e7\u00f5es. Uma reproduz falas de moradores e moradoras de favelas, gestores p\u00fablicos e pesquisadores que, em evento hist\u00f3rico, organizado pela Funda\u00e7\u00e3o Heinrich B\u00f6ll e pelo Ibase, discutiram a cidade, a seguran\u00e7a e o futuro das Unidades de Pol\u00edcia Pacificadora, as UPPs. A outra gira em torno da problem\u00e1tica do desenvolvimento e tem um foco especial no <a href=\"http:\/\/www.bndes.gov.br\/SiteBNDES\/bndes\/bndes_pt\">BNDES<\/a>, objeto de uma iniciativa que o Ibase participa em articula\u00e7\u00e3o com uma s\u00e9rie de institui\u00e7\u00f5es.<\/p>\n<p>Para al\u00e9m dessas se\u00e7\u00f5es, os demais artigos aqui publicados debatem quest\u00f5es como a disputa entre a mercantiliza\u00e7\u00e3o da ci\u00eancia e a sua percep\u00e7\u00e3o como um patrim\u00f4nio a ser compartilhado por todos; o processo de revitaliza\u00e7\u00e3o da zona portu\u00e1ria do Rio de Janeiro, que est\u00e1 se dando em fun\u00e7\u00e3o dos chamados megaeventos, mas que n\u00e3o tem ouvido a popula\u00e7\u00e3o que ali mora; a expans\u00e3o do <a href=\"http:\/\/pt.wikipedia.org\/wiki\/Partido_Pirata\">Partido Pirata<\/a>, criado em 2006 na Su\u00e9cia, cujas bandeiras principais s\u00e3o a aboli\u00e7\u00e3o da propriedade intelectual, a transpar\u00eancia p\u00fablica e o acesso amplo \u00e0 informa\u00e7\u00e3o; o papel das redes sociais nas elei\u00e7\u00f5es de 2010. Questiona-se o tipo de coopera\u00e7\u00e3o que os pa\u00edses emergentes como Brasil, China e \u00cdndia t\u00eam com o continente africano e ainda os acordos estabelecidos entre Brasil e Peru para a constru\u00e7\u00e3o de hidrel\u00e9tricas que atingem o meio ambiente e afetam drasticamente as popula\u00e7\u00f5es ind\u00edgenas.<\/p>\n<p>Dois s\u00e3o os nossos entrevistados. Um \u00e9 <a href=\"http:\/\/www.globalizacion.org\/gudynas\/\">Eduardo Gudynas<\/a>, para quem o desenvolvimento \u00e9 um conceito ultrapassado e, por isso, considera fundamental se pensar \u201calternativas de desenvolvimento\u201d. O outro entrevistado \u00e9 <a href=\"http:\/\/pt.wikipedia.org\/wiki\/Francisco_de_Oliveira\">Chico de Oliveira<\/a>. Com uma rica trajet\u00f3ria de vida, ao lado de Celso Furtado, foi um dos principais construtores da Sudene. Cr\u00edtico feroz do nosso modelo de desenvolvimento, Chico tem feito do tema um dos objetos centrais de sua extensa e densa reflex\u00e3o.<\/p>\n<p>Confira <a href=\"http:\/\/issuu.com\/ibase\/docs\/democraciaviva_ed46_web\">aqui<\/a> a \u00edntegra da revista.<br \/>\n__________<\/p>\n<p><strong>Fonte:<\/strong> <a href=\"http:\/\/www.ibase.br\/index.php\">Ibase<\/a><\/p>\n","protected":false},"excerpt":{"rendered":"<p>Nesta edi\u00e7\u00e3o, a despeito da variedade dos problemas abordados, dois se destacam e formam se\u00e7\u00f5es. Uma reproduz falas de moradores e moradoras de favelas, gestores p\u00fablicos e pesquisadores que, em evento hist\u00f3rico, organizado pela Funda\u00e7\u00e3o Heinrich B\u00f6ll e pelo Ibase, discutiram a cidade, a seguran\u00e7a e o futuro das Unidades de Pol\u00edcia Pacificadora, as UPPs. A outra gira em torno da problem\u00e1tica do desenvolvimento e tem um foco especial no BNDES, objeto de uma iniciativa que o Ibase participa em articula\u00e7\u00e3o com uma s\u00e9rie de institui\u00e7\u00f5es.<\/p>\n","protected":false},"author":1,"featured_media":0,"comment_status":"open","ping_status":"open","sticky":false,"template":"","format":"standard","meta":{"site-container-style":"default","site-container-layout":"default","site-sidebar-layout":"default","disable-article-header":"default","disable-site-header":"default","disable-site-footer":"default","disable-content-area-spacing":"default","footnotes":""},"categories":[4,10,80],"tags":[],"class_list":["post-19367","post","type-post","status-publish","format-standard","hentry","category-noticias","category-publicacoes","category-revistas"],"yoast_head":"<!-- This site is optimized with the Yoast SEO plugin v27.4 - https:\/\/yoast.com\/product\/yoast-seo-wordpress\/ -->\n<title>Desenvolvimento pra qu\u00ea? -<\/title>\n<meta name=\"robots\" content=\"index, follow, max-snippet:-1, max-image-preview:large, max-video-preview:-1\" \/>\n<link rel=\"canonical\" href=\"https:\/\/inclusivenews.com.br\/?p=19367\" \/>\n<meta property=\"og:locale\" content=\"pt_PT\" \/>\n<meta property=\"og:type\" content=\"article\" \/>\n<meta property=\"og:title\" content=\"Desenvolvimento pra qu\u00ea? -\" \/>\n<meta property=\"og:description\" content=\"Nesta edi\u00e7\u00e3o, a despeito da variedade dos problemas abordados, dois se destacam e formam se\u00e7\u00f5es. Uma reproduz falas de moradores e moradoras de favelas, gestores p\u00fablicos e pesquisadores que, em evento hist\u00f3rico, organizado pela Funda\u00e7\u00e3o Heinrich B\u00f6ll e pelo Ibase, discutiram a cidade, a seguran\u00e7a e o futuro das Unidades de Pol\u00edcia Pacificadora, as UPPs. A outra gira em torno da problem\u00e1tica do desenvolvimento e tem um foco especial no BNDES, objeto de uma iniciativa que o Ibase participa em articula\u00e7\u00e3o com uma s\u00e9rie de institui\u00e7\u00f5es.\" \/>\n<meta property=\"og:url\" content=\"https:\/\/inclusivenews.com.br\/?p=19367\" \/>\n<meta property=\"article:publisher\" content=\"https:\/\/www.facebook.com\/agenciainclusive\/\" \/>\n<meta property=\"article:published_time\" content=\"2011-05-05T18:27:41+00:00\" \/>\n<meta property=\"og:image\" content=\"http:\/\/www.ibase.br\/userimages\/image\/dv-46.jpg\" \/>\n<meta name=\"author\" content=\"inclusivenews2024\" \/>\n<meta name=\"twitter:card\" content=\"summary_large_image\" \/>\n<meta name=\"twitter:label1\" content=\"Escrito por\" \/>\n\t<meta name=\"twitter:data1\" content=\"inclusivenews2024\" \/>\n\t<meta name=\"twitter:label2\" content=\"Tempo estimado de leitura\" \/>\n\t<meta name=\"twitter:data2\" content=\"2 minutos\" \/>\n<script type=\"application\/ld+json\" class=\"yoast-schema-graph\">{\"@context\":\"https:\\\/\\\/schema.org\",\"@graph\":[{\"@type\":\"Article\",\"@id\":\"https:\\\/\\\/inclusivenews.com.br\\\/?p=19367#article\",\"isPartOf\":{\"@id\":\"https:\\\/\\\/inclusivenews.com.br\\\/?p=19367\"},\"author\":{\"name\":\"inclusivenews2024\",\"@id\":\"https:\\\/\\\/inclusivenews.com.br\\\/#\\\/schema\\\/person\\\/ae4ec7087559b8692fb33b6fffd2273b\"},\"headline\":\"Desenvolvimento pra qu\u00ea?\",\"datePublished\":\"2011-05-05T18:27:41+00:00\",\"mainEntityOfPage\":{\"@id\":\"https:\\\/\\\/inclusivenews.com.br\\\/?p=19367\"},\"wordCount\":447,\"commentCount\":0,\"publisher\":{\"@id\":\"https:\\\/\\\/inclusivenews.com.br\\\/#organization\"},\"image\":{\"@id\":\"https:\\\/\\\/inclusivenews.com.br\\\/?p=19367#primaryimage\"},\"thumbnailUrl\":\"http:\\\/\\\/www.ibase.br\\\/userimages\\\/image\\\/dv-46.jpg\",\"articleSection\":[\"NOT\u00cdCIAS\",\"PUBLICA\u00c7\u00d5ES\",\"Revistas\"],\"inLanguage\":\"pt-PT\",\"potentialAction\":[{\"@type\":\"CommentAction\",\"name\":\"Comment\",\"target\":[\"https:\\\/\\\/inclusivenews.com.br\\\/?p=19367#respond\"]}]},{\"@type\":\"WebPage\",\"@id\":\"https:\\\/\\\/inclusivenews.com.br\\\/?p=19367\",\"url\":\"https:\\\/\\\/inclusivenews.com.br\\\/?p=19367\",\"name\":\"Desenvolvimento pra qu\u00ea? -\",\"isPartOf\":{\"@id\":\"https:\\\/\\\/inclusivenews.com.br\\\/#website\"},\"primaryImageOfPage\":{\"@id\":\"https:\\\/\\\/inclusivenews.com.br\\\/?p=19367#primaryimage\"},\"image\":{\"@id\":\"https:\\\/\\\/inclusivenews.com.br\\\/?p=19367#primaryimage\"},\"thumbnailUrl\":\"http:\\\/\\\/www.ibase.br\\\/userimages\\\/image\\\/dv-46.jpg\",\"datePublished\":\"2011-05-05T18:27:41+00:00\",\"breadcrumb\":{\"@id\":\"https:\\\/\\\/inclusivenews.com.br\\\/?p=19367#breadcrumb\"},\"inLanguage\":\"pt-PT\",\"potentialAction\":[{\"@type\":\"ReadAction\",\"target\":[\"https:\\\/\\\/inclusivenews.com.br\\\/?p=19367\"]}]},{\"@type\":\"ImageObject\",\"inLanguage\":\"pt-PT\",\"@id\":\"https:\\\/\\\/inclusivenews.com.br\\\/?p=19367#primaryimage\",\"url\":\"http:\\\/\\\/www.ibase.br\\\/userimages\\\/image\\\/dv-46.jpg\",\"contentUrl\":\"http:\\\/\\\/www.ibase.br\\\/userimages\\\/image\\\/dv-46.jpg\"},{\"@type\":\"BreadcrumbList\",\"@id\":\"https:\\\/\\\/inclusivenews.com.br\\\/?p=19367#breadcrumb\",\"itemListElement\":[{\"@type\":\"ListItem\",\"position\":1,\"name\":\"In\u00edcio\",\"item\":\"https:\\\/\\\/inclusivenews.com.br\\\/\"},{\"@type\":\"ListItem\",\"position\":2,\"name\":\"Desenvolvimento pra qu\u00ea?\"}]},{\"@type\":\"WebSite\",\"@id\":\"https:\\\/\\\/inclusivenews.com.br\\\/#website\",\"url\":\"https:\\\/\\\/inclusivenews.com.br\\\/\",\"name\":\"Inclusive News\",\"description\":\"Inclusive News\",\"publisher\":{\"@id\":\"https:\\\/\\\/inclusivenews.com.br\\\/#organization\"},\"potentialAction\":[{\"@type\":\"SearchAction\",\"target\":{\"@type\":\"EntryPoint\",\"urlTemplate\":\"https:\\\/\\\/inclusivenews.com.br\\\/?s={search_term_string}\"},\"query-input\":{\"@type\":\"PropertyValueSpecification\",\"valueRequired\":true,\"valueName\":\"search_term_string\"}}],\"inLanguage\":\"pt-PT\"},{\"@type\":\"Organization\",\"@id\":\"https:\\\/\\\/inclusivenews.com.br\\\/#organization\",\"name\":\"Inclusive - inclus\u00e3o e cidadania\",\"url\":\"https:\\\/\\\/inclusivenews.com.br\\\/\",\"logo\":{\"@type\":\"ImageObject\",\"inLanguage\":\"pt-PT\",\"@id\":\"https:\\\/\\\/inclusivenews.com.br\\\/#\\\/schema\\\/logo\\\/image\\\/\",\"url\":\"https:\\\/\\\/inclusivenews.com.br\\\/wp-content\\\/uploads\\\/2024\\\/03\\\/@grandesite.png\",\"contentUrl\":\"https:\\\/\\\/inclusivenews.com.br\\\/wp-content\\\/uploads\\\/2024\\\/03\\\/@grandesite.png\",\"width\":1080,\"height\":1080,\"caption\":\"Inclusive - inclus\u00e3o e cidadania\"},\"image\":{\"@id\":\"https:\\\/\\\/inclusivenews.com.br\\\/#\\\/schema\\\/logo\\\/image\\\/\"},\"sameAs\":[\"https:\\\/\\\/www.facebook.com\\\/agenciainclusive\\\/\",\"https:\\\/\\\/www.instagram.com\\\/newsinclusive\\\/\"]},{\"@type\":\"Person\",\"@id\":\"https:\\\/\\\/inclusivenews.com.br\\\/#\\\/schema\\\/person\\\/ae4ec7087559b8692fb33b6fffd2273b\",\"name\":\"inclusivenews2024\",\"image\":{\"@type\":\"ImageObject\",\"inLanguage\":\"pt-PT\",\"@id\":\"https:\\\/\\\/secure.gravatar.com\\\/avatar\\\/c5a7ef84c66fa914f55bc4f7ce26cfa275a3b9a1c5568b907bd184fb4dde7b40?s=96&d=mm&r=g\",\"url\":\"https:\\\/\\\/secure.gravatar.com\\\/avatar\\\/c5a7ef84c66fa914f55bc4f7ce26cfa275a3b9a1c5568b907bd184fb4dde7b40?s=96&d=mm&r=g\",\"contentUrl\":\"https:\\\/\\\/secure.gravatar.com\\\/avatar\\\/c5a7ef84c66fa914f55bc4f7ce26cfa275a3b9a1c5568b907bd184fb4dde7b40?s=96&d=mm&r=g\",\"caption\":\"inclusivenews2024\"},\"sameAs\":[\"https:\\\/\\\/inclusivenews.com.br\"],\"url\":\"https:\\\/\\\/inclusivenews.com.br\\\/?author=1\"}]}<\/script>\n<!-- \/ Yoast SEO plugin. -->","yoast_head_json":{"title":"Desenvolvimento pra qu\u00ea? -","robots":{"index":"index","follow":"follow","max-snippet":"max-snippet:-1","max-image-preview":"max-image-preview:large","max-video-preview":"max-video-preview:-1"},"canonical":"https:\/\/inclusivenews.com.br\/?p=19367","og_locale":"pt_PT","og_type":"article","og_title":"Desenvolvimento pra qu\u00ea? -","og_description":"Nesta edi\u00e7\u00e3o, a despeito da variedade dos problemas abordados, dois se destacam e formam se\u00e7\u00f5es. Uma reproduz falas de moradores e moradoras de favelas, gestores p\u00fablicos e pesquisadores que, em evento hist\u00f3rico, organizado pela Funda\u00e7\u00e3o Heinrich B\u00f6ll e pelo Ibase, discutiram a cidade, a seguran\u00e7a e o futuro das Unidades de Pol\u00edcia Pacificadora, as UPPs. A outra gira em torno da problem\u00e1tica do desenvolvimento e tem um foco especial no BNDES, objeto de uma iniciativa que o Ibase participa em articula\u00e7\u00e3o com uma s\u00e9rie de institui\u00e7\u00f5es.","og_url":"https:\/\/inclusivenews.com.br\/?p=19367","article_publisher":"https:\/\/www.facebook.com\/agenciainclusive\/","article_published_time":"2011-05-05T18:27:41+00:00","og_image":[{"url":"http:\/\/www.ibase.br\/userimages\/image\/dv-46.jpg","type":"","width":"","height":""}],"author":"inclusivenews2024","twitter_card":"summary_large_image","twitter_misc":{"Escrito por":"inclusivenews2024","Tempo estimado de leitura":"2 minutos"},"schema":{"@context":"https:\/\/schema.org","@graph":[{"@type":"Article","@id":"https:\/\/inclusivenews.com.br\/?p=19367#article","isPartOf":{"@id":"https:\/\/inclusivenews.com.br\/?p=19367"},"author":{"name":"inclusivenews2024","@id":"https:\/\/inclusivenews.com.br\/#\/schema\/person\/ae4ec7087559b8692fb33b6fffd2273b"},"headline":"Desenvolvimento pra qu\u00ea?","datePublished":"2011-05-05T18:27:41+00:00","mainEntityOfPage":{"@id":"https:\/\/inclusivenews.com.br\/?p=19367"},"wordCount":447,"commentCount":0,"publisher":{"@id":"https:\/\/inclusivenews.com.br\/#organization"},"image":{"@id":"https:\/\/inclusivenews.com.br\/?p=19367#primaryimage"},"thumbnailUrl":"http:\/\/www.ibase.br\/userimages\/image\/dv-46.jpg","articleSection":["NOT\u00cdCIAS","PUBLICA\u00c7\u00d5ES","Revistas"],"inLanguage":"pt-PT","potentialAction":[{"@type":"CommentAction","name":"Comment","target":["https:\/\/inclusivenews.com.br\/?p=19367#respond"]}]},{"@type":"WebPage","@id":"https:\/\/inclusivenews.com.br\/?p=19367","url":"https:\/\/inclusivenews.com.br\/?p=19367","name":"Desenvolvimento pra qu\u00ea? -","isPartOf":{"@id":"https:\/\/inclusivenews.com.br\/#website"},"primaryImageOfPage":{"@id":"https:\/\/inclusivenews.com.br\/?p=19367#primaryimage"},"image":{"@id":"https:\/\/inclusivenews.com.br\/?p=19367#primaryimage"},"thumbnailUrl":"http:\/\/www.ibase.br\/userimages\/image\/dv-46.jpg","datePublished":"2011-05-05T18:27:41+00:00","breadcrumb":{"@id":"https:\/\/inclusivenews.com.br\/?p=19367#breadcrumb"},"inLanguage":"pt-PT","potentialAction":[{"@type":"ReadAction","target":["https:\/\/inclusivenews.com.br\/?p=19367"]}]},{"@type":"ImageObject","inLanguage":"pt-PT","@id":"https:\/\/inclusivenews.com.br\/?p=19367#primaryimage","url":"http:\/\/www.ibase.br\/userimages\/image\/dv-46.jpg","contentUrl":"http:\/\/www.ibase.br\/userimages\/image\/dv-46.jpg"},{"@type":"BreadcrumbList","@id":"https:\/\/inclusivenews.com.br\/?p=19367#breadcrumb","itemListElement":[{"@type":"ListItem","position":1,"name":"In\u00edcio","item":"https:\/\/inclusivenews.com.br\/"},{"@type":"ListItem","position":2,"name":"Desenvolvimento pra qu\u00ea?"}]},{"@type":"WebSite","@id":"https:\/\/inclusivenews.com.br\/#website","url":"https:\/\/inclusivenews.com.br\/","name":"Inclusive News","description":"Inclusive News","publisher":{"@id":"https:\/\/inclusivenews.com.br\/#organization"},"potentialAction":[{"@type":"SearchAction","target":{"@type":"EntryPoint","urlTemplate":"https:\/\/inclusivenews.com.br\/?s={search_term_string}"},"query-input":{"@type":"PropertyValueSpecification","valueRequired":true,"valueName":"search_term_string"}}],"inLanguage":"pt-PT"},{"@type":"Organization","@id":"https:\/\/inclusivenews.com.br\/#organization","name":"Inclusive - inclus\u00e3o e cidadania","url":"https:\/\/inclusivenews.com.br\/","logo":{"@type":"ImageObject","inLanguage":"pt-PT","@id":"https:\/\/inclusivenews.com.br\/#\/schema\/logo\/image\/","url":"https:\/\/inclusivenews.com.br\/wp-content\/uploads\/2024\/03\/@grandesite.png","contentUrl":"https:\/\/inclusivenews.com.br\/wp-content\/uploads\/2024\/03\/@grandesite.png","width":1080,"height":1080,"caption":"Inclusive - inclus\u00e3o e cidadania"},"image":{"@id":"https:\/\/inclusivenews.com.br\/#\/schema\/logo\/image\/"},"sameAs":["https:\/\/www.facebook.com\/agenciainclusive\/","https:\/\/www.instagram.com\/newsinclusive\/"]},{"@type":"Person","@id":"https:\/\/inclusivenews.com.br\/#\/schema\/person\/ae4ec7087559b8692fb33b6fffd2273b","name":"inclusivenews2024","image":{"@type":"ImageObject","inLanguage":"pt-PT","@id":"https:\/\/secure.gravatar.com\/avatar\/c5a7ef84c66fa914f55bc4f7ce26cfa275a3b9a1c5568b907bd184fb4dde7b40?s=96&d=mm&r=g","url":"https:\/\/secure.gravatar.com\/avatar\/c5a7ef84c66fa914f55bc4f7ce26cfa275a3b9a1c5568b907bd184fb4dde7b40?s=96&d=mm&r=g","contentUrl":"https:\/\/secure.gravatar.com\/avatar\/c5a7ef84c66fa914f55bc4f7ce26cfa275a3b9a1c5568b907bd184fb4dde7b40?s=96&d=mm&r=g","caption":"inclusivenews2024"},"sameAs":["https:\/\/inclusivenews.com.br"],"url":"https:\/\/inclusivenews.com.br\/?author=1"}]}},"_links":{"self":[{"href":"https:\/\/inclusivenews.com.br\/index.php?rest_route=\/wp\/v2\/posts\/19367","targetHints":{"allow":["GET"]}}],"collection":[{"href":"https:\/\/inclusivenews.com.br\/index.php?rest_route=\/wp\/v2\/posts"}],"about":[{"href":"https:\/\/inclusivenews.com.br\/index.php?rest_route=\/wp\/v2\/types\/post"}],"author":[{"embeddable":true,"href":"https:\/\/inclusivenews.com.br\/index.php?rest_route=\/wp\/v2\/users\/1"}],"replies":[{"embeddable":true,"href":"https:\/\/inclusivenews.com.br\/index.php?rest_route=%2Fwp%2Fv2%2Fcomments&post=19367"}],"version-history":[{"count":0,"href":"https:\/\/inclusivenews.com.br\/index.php?rest_route=\/wp\/v2\/posts\/19367\/revisions"}],"wp:attachment":[{"href":"https:\/\/inclusivenews.com.br\/index.php?rest_route=%2Fwp%2Fv2%2Fmedia&parent=19367"}],"wp:term":[{"taxonomy":"category","embeddable":true,"href":"https:\/\/inclusivenews.com.br\/index.php?rest_route=%2Fwp%2Fv2%2Fcategories&post=19367"},{"taxonomy":"post_tag","embeddable":true,"href":"https:\/\/inclusivenews.com.br\/index.php?rest_route=%2Fwp%2Fv2%2Ftags&post=19367"}],"curies":[{"name":"wp","href":"https:\/\/api.w.org\/{rel}","templated":true}]}}