{"id":19386,"date":"2011-05-05T15:28:19","date_gmt":"2011-05-05T18:28:19","guid":{"rendered":"http:\/\/www.inclusive.org.br\/?p=19386"},"modified":"2011-05-05T15:28:19","modified_gmt":"2011-05-05T18:28:19","slug":"trabalhador-invisivel-supera-preconceito","status":"publish","type":"post","link":"https:\/\/inclusivenews.com.br\/?p=19386","title":{"rendered":"Trabalhador \u2018invis\u00edvel\u2019 supera preconceito"},"content":{"rendered":"<p><em><\/p>\n<figure id=\"attachment_19390\" aria-describedby=\"caption-attachment-19390\" style=\"width: 300px\" class=\"wp-caption alignleft\"><em><a href=\"http:\/\/www.inclusivenews.com.br\/wp-content\/uploads\/2011\/05\/tumblr_krjjerCBGg1qa50fmo1_400.jpg\"><img loading=\"lazy\" decoding=\"async\" class=\"size-full wp-image-19390\" title=\"tumblr_krjjerCBGg1qa50fmo1_400\" src=\"http:\/\/inclusivenews.com.br\/wp-content\/uploads\/2011\/05\/tumblr_krjjerCBGg1qa50fmo1_400.jpg\" alt=\"Em fundo preto, desenho de cabe\u00e7a branca de perfil, com ponto de interroga\u00e7\u00e3o preto no meio\" width=\"300\" height=\"300\" \/><\/a><\/em><figcaption id=\"caption-attachment-19390\" class=\"wp-caption-text\">Em fundo preto, desenho de cabe\u00e7a branca de perfil, com ponto de interroga\u00e7\u00e3o preto no meio<\/figcaption><\/figure>\n<p><em>Estudo de psic\u00f3logo paulistano comprova rejei\u00e7\u00e3o social sofrida por trabalhadores das camadas mais humildes; mesmo assim, eles superam preconceitos, dificuldades e celebram o orgulho pelo cumprimento do dever<\/em><br \/>\n<strong><br \/>\nPor Luiz Beltramin<br \/>\ndo Jornal da Cidade de Bauru<\/strong><\/p>\n<p><\/em><\/p>\n<p>Dignidade n\u00e3o tem pre\u00e7o. Educa\u00e7\u00e3o, idem. Palavras simples como bom dia, boa tarde ou boa noite, obrigado ou at\u00e9 logo, por mais banais e corriqueiras que possam parecer, fazem muito a diferen\u00e7a. Principalmente para quem, mais do que cumprir o dever di\u00e1rio, lida com uma \u201cpe\u00e7a\u201d complicada e imprevis\u00edvel chamada gente.<\/p>\n<p>No Dia do Trabalho, quem comemora tamb\u00e9m tem do que reclamar. Independentemente \u00e0s reivindica\u00e7\u00f5es salariais e por melhores condi\u00e7\u00f5es de exercer o of\u00edcio &#8211; muitas vezes sem ser o escolhido, obra do destino -, existe outro item em pauta: respeito.<\/p>\n<p>Mais do que considera\u00e7\u00e3o pelo profissional, esses trabalhadores falam de respeito \u00e0 condi\u00e7\u00e3o de ser humano, independentemente ao uniforme que vestem ou ao instrumento que usam para garantir a sobreviv\u00eancia, sempre com dignidade que, entretanto, passa batida por muita gente.<\/p>\n<p>\u00c9 o que um trabalho acad\u00eamico no ramo da Psicologia, concebido ainda nos long\u00ednquos anos 1990, aponta: determinada faixa profissional sofre do fen\u00f4meno batizado \u201cinvisibilidade social\u201d.<\/p>\n<p>O termo foi criado pelo pr\u00f3prio autor da monografia, Fernando Braga da Costa, hoje doutorando em Psicologia Social pela Universidade de S\u00e3o Paulo (USP), mas ainda estudante de gradua\u00e7\u00e3o na \u00e9poca em que constatou na pr\u00f3pria pele o descaso por determinadas classes trabalhadoras.<\/p>\n<p>Na \u00e9poca da faculdade, o psic\u00f3logo se vestiu de gari, de in\u00edcio, apenas para um trabalho curricular. Tamanho o envolvimento, ele passou dez anos visitando regularmente os varredores, com os quais compartilhou a desagrad\u00e1vel sensa\u00e7\u00e3o de passar batido perante muita gente, inclusive conhecidos.<\/p>\n<p>A experi\u00eancia resultou no livro \u201cHomens Invis\u00edveis \u2013 Relato de uma humilha\u00e7\u00e3o social\u201d (Editora Globo \u2013 256 p\u00e1ginas). Segundo ele, muitos trabalhadores sentem-se como fantasmas na multid\u00e3o.<\/p>\n<p>Num dos relatos, ao atravessar os corredores da pr\u00f3pria faculdade onde estudava, perto de funcion\u00e1rios e alunos do conv\u00edvio cotidiano, o uniforme de gari e a vassoura em punho foram o \u201cant\u00eddotos\u201d para a invisibilidade.<\/p>\n<p>Na ocasi\u00e3o, as pessoas sequer olhavam em sua dire\u00e7\u00e3o, tratando-o como se fosse um cone, ao simplesmente desviarem. Contudo, n\u00e3o \u00e9 necess\u00e1rio ir aos corredores da cidade universit\u00e1ria paulistana para ouvir o que alguns trabalhadores t\u00eam a dizer sobre essa tal invisibilidade.<\/p>\n<p>Durante 14 anos, Lu\u00eds Ant\u00f4nio Amorin fez da vassoura e sola de sapato instrumentos e trabalho e locomo\u00e7\u00e3o pelo quente asfalto bauruense.<\/p>\n<p>Atualmente chefe do setor feminino de varri\u00e7\u00e3o da Empresa Municipal de Desenvolvimento Urbano e Rural de Bauru (Emdurb), ele se recorda com tristeza de alguns transeuntes que, simplesmente, desprezavam tanto o ser humano quanto o pr\u00f3prio trabalho que acabara de ser feito. \u201cJ\u00e1 chegaram a jogar papel no ch\u00e3o em minha frente\u201d, lembra. \u201cAlgumas pessoas n\u00e3o d\u00e3o aten\u00e7\u00e3o para voc\u00ea simplesmente pelo fato de voc\u00ea estar com o uniforme\u201d, lamenta.<\/p>\n<p>Por\u00e9m, ressalva o encarregado da prefeitura, a maioria, pelo menos em seu caso espec\u00edfico, sempre o respeitou. \u201cFelizmente quem \u00e9 mal educado, no meu caso, sempre foi minoria. \u00c9 muito bom quando algu\u00e9m demonstra respeito por nosso trabalho. Muita gente j\u00e1 me agradeceu ou parou o carro pedindo para jogar o lixo no cesto. Isto faz diferen\u00e7a\u201d, aprova.<\/p>\n<p>A comprova\u00e7\u00e3o venal da tese do psic\u00f3logo paulistano \u00e9 dada pela varredora bauruense Ester Miranda, que chega ao ponto de n\u00e3o ser cumprimentada por uma vizinha, toda vez em que ela est\u00e1 com roupa de servi\u00e7o. \u201cBasta eu colocar o uniforme para ela fingir que eu n\u00e3o existo\u201d, revela. \u201cE olha que ela \u00e9 dom\u00e9stica\u201d, acrescenta, sobre outra classe trabalhadora que tamb\u00e9m sofre aos olhos, do preconceito.<\/p>\n<p>Por incr\u00edvel que pare\u00e7a, um simples gesto de cumplicidade \u2013 um mero \u201coi\u201d, por exemplo \u2013 faz uma diferen\u00e7a brutal. \u201cNos sentimos bem quando notados. Mas tamb\u00e9m entendemos o que a maioria est\u00e1 passando (quando os ignora). Nesse caso, me restrinjo apenas a responder o que me \u00e9 perguntado\u201d, salienta Nilson Ferreira de Melo, vigia de supermercado.<\/p>\n<p>Manter o bom humor, independentemente da rabugice ou \u201ccegueira\u201d alheia, para a arrumadeira de hotel Jana\u00edna Alves Fernandes, \u00e9 o melhor ant\u00eddoto. Para ela, n\u00e3o \u00e9 a falta de educa\u00e7\u00e3o alheia que vai determinar o quanto bom ou ruim \u00e9 o dia. \u201cL\u00f3gico que uma pessoa bem educada faz grande diferen\u00e7a. Mas, se algu\u00e9m me ignora, apesar de ser uma sensa\u00e7\u00e3o desconfort\u00e1vel, continuo do mesmo jeito\u201d, ensina.<\/p>\n<p>Pa\u00eds tem mais de 2,5 mil profiss\u00f5es catalogadas<\/p>\n<p>Jacazeiro ou acrobata. Certamente voc\u00ea ouviu alguns desses termos. Mas j\u00e1 passou por sua cabe\u00e7a que, respectivamente, o of\u00edcio de quem faz cestas ou piruetas das mais variadas formas, \u00e9 reconhecido pelo Minist\u00e9rio do Trabalho e Emprego (MTE)?<\/p>\n<p>Entre as 2.511 ocupa\u00e7\u00f5es homologadas oficialmente no Pa\u00eds, algumas s\u00e3o bastante curiosas, mas tem o mesmo peso legal que qualquer outra.<\/p>\n<p>Todos os trabalhos reconhecidos pelo Minist\u00e9rio s\u00e3o formalmente catalogados na Classifica\u00e7\u00e3o Brasileira de Ocupa\u00e7\u00f5es (CBO). As ocupa\u00e7\u00f5es, dividida em 607 fam\u00edlias, 192 subgrupos e 48 grupos principais e dez grandes divis\u00f5es, \u00e9 base para o cadastro de toda popula\u00e7\u00e3o economicamente ativa no Brasil. Entre os of\u00edcios curiosos, por\u00e9m n\u00e3o menos reconhecidos, est\u00e3o o de alambrador (fabricante de arame), m\u00edmico, quir\u00f3logo (quem faz leitura das m\u00e3os) ou t\u00e9cnico em ranicultura (especialista em cria\u00e7\u00e3o de r\u00e3s). A lista com todas as profiss\u00f5es est\u00e1 dispon\u00edvel na Internet: <a class=\"moz-txt-link-abbreviated\" href=\"http:\/\/www.mtecbo.gov.br\">www.mtecbo.gov.br<\/a>.<br \/>\n___________________________<\/p>\n<p><strong>Fonte:<\/strong> <a href=\"http:\/\/www.jcnet.com.br\/detalhe_economia.php?codigo=206473\">Jornal da Cidade de Bauru<\/a><\/p>\n","protected":false},"excerpt":{"rendered":"<p>Estudo de psic\u00f3logo paulistano comprova rejei\u00e7\u00e3o social sofrida por trabalhadores das camadas mais humildes; mesmo assim, eles superam preconceitos, dificuldades e celebram o orgulho pelo cumprimento do dever.<\/p>\n","protected":false},"author":1,"featured_media":0,"comment_status":"open","ping_status":"open","sticky":false,"template":"","format":"standard","meta":{"site-container-style":"default","site-container-layout":"default","site-sidebar-layout":"default","disable-article-header":"default","disable-site-header":"default","disable-site-footer":"default","disable-content-area-spacing":"default","footnotes":""},"categories":[39,46,4,41],"tags":[],"class_list":["post-19386","post","type-post","status-publish","format-standard","hentry","category-discriminacao","category-mercado-de-trabalho","category-noticias","category-preconceito"],"yoast_head":"<!-- This site is optimized with the Yoast SEO plugin v27.4 - https:\/\/yoast.com\/product\/yoast-seo-wordpress\/ -->\n<title>Trabalhador \u2018invis\u00edvel\u2019 supera preconceito -<\/title>\n<meta name=\"robots\" content=\"index, follow, max-snippet:-1, max-image-preview:large, max-video-preview:-1\" \/>\n<link rel=\"canonical\" href=\"https:\/\/inclusivenews.com.br\/?p=19386\" \/>\n<meta property=\"og:locale\" content=\"pt_PT\" \/>\n<meta property=\"og:type\" content=\"article\" \/>\n<meta property=\"og:title\" content=\"Trabalhador \u2018invis\u00edvel\u2019 supera preconceito -\" \/>\n<meta property=\"og:description\" content=\"Estudo de psic\u00f3logo paulistano comprova rejei\u00e7\u00e3o social sofrida por trabalhadores das camadas mais humildes; mesmo assim, eles superam preconceitos, dificuldades e celebram o orgulho pelo cumprimento do dever.\" \/>\n<meta property=\"og:url\" content=\"https:\/\/inclusivenews.com.br\/?p=19386\" \/>\n<meta property=\"article:publisher\" content=\"https:\/\/www.facebook.com\/agenciainclusive\/\" \/>\n<meta property=\"article:published_time\" content=\"2011-05-05T18:28:19+00:00\" \/>\n<meta property=\"og:image\" content=\"http:\/\/inclusivenews.com.br\/wp-content\/uploads\/2011\/05\/tumblr_krjjerCBGg1qa50fmo1_400.jpg\" \/>\n<meta name=\"author\" content=\"inclusivenews2024\" \/>\n<meta name=\"twitter:card\" content=\"summary_large_image\" \/>\n<meta name=\"twitter:label1\" content=\"Escrito por\" \/>\n\t<meta name=\"twitter:data1\" content=\"inclusivenews2024\" \/>\n\t<meta name=\"twitter:label2\" content=\"Tempo estimado de leitura\" \/>\n\t<meta name=\"twitter:data2\" content=\"5 minutos\" \/>\n<script type=\"application\/ld+json\" class=\"yoast-schema-graph\">{\"@context\":\"https:\\\/\\\/schema.org\",\"@graph\":[{\"@type\":\"Article\",\"@id\":\"https:\\\/\\\/inclusivenews.com.br\\\/?p=19386#article\",\"isPartOf\":{\"@id\":\"https:\\\/\\\/inclusivenews.com.br\\\/?p=19386\"},\"author\":{\"name\":\"inclusivenews2024\",\"@id\":\"https:\\\/\\\/inclusivenews.com.br\\\/#\\\/schema\\\/person\\\/ae4ec7087559b8692fb33b6fffd2273b\"},\"headline\":\"Trabalhador \u2018invis\u00edvel\u2019 supera preconceito\",\"datePublished\":\"2011-05-05T18:28:19+00:00\",\"mainEntityOfPage\":{\"@id\":\"https:\\\/\\\/inclusivenews.com.br\\\/?p=19386\"},\"wordCount\":995,\"commentCount\":0,\"publisher\":{\"@id\":\"https:\\\/\\\/inclusivenews.com.br\\\/#organization\"},\"image\":{\"@id\":\"https:\\\/\\\/inclusivenews.com.br\\\/?p=19386#primaryimage\"},\"thumbnailUrl\":\"http:\\\/\\\/inclusivenews.com.br\\\/wp-content\\\/uploads\\\/2011\\\/05\\\/tumblr_krjjerCBGg1qa50fmo1_400.jpg\",\"articleSection\":[\"Discrimina\u00e7\u00e3o\",\"Mercado de Trabalho\",\"NOT\u00cdCIAS\",\"Preconceito\"],\"inLanguage\":\"pt-PT\",\"potentialAction\":[{\"@type\":\"CommentAction\",\"name\":\"Comment\",\"target\":[\"https:\\\/\\\/inclusivenews.com.br\\\/?p=19386#respond\"]}]},{\"@type\":\"WebPage\",\"@id\":\"https:\\\/\\\/inclusivenews.com.br\\\/?p=19386\",\"url\":\"https:\\\/\\\/inclusivenews.com.br\\\/?p=19386\",\"name\":\"Trabalhador \u2018invis\u00edvel\u2019 supera preconceito -\",\"isPartOf\":{\"@id\":\"https:\\\/\\\/inclusivenews.com.br\\\/#website\"},\"primaryImageOfPage\":{\"@id\":\"https:\\\/\\\/inclusivenews.com.br\\\/?p=19386#primaryimage\"},\"image\":{\"@id\":\"https:\\\/\\\/inclusivenews.com.br\\\/?p=19386#primaryimage\"},\"thumbnailUrl\":\"http:\\\/\\\/inclusivenews.com.br\\\/wp-content\\\/uploads\\\/2011\\\/05\\\/tumblr_krjjerCBGg1qa50fmo1_400.jpg\",\"datePublished\":\"2011-05-05T18:28:19+00:00\",\"breadcrumb\":{\"@id\":\"https:\\\/\\\/inclusivenews.com.br\\\/?p=19386#breadcrumb\"},\"inLanguage\":\"pt-PT\",\"potentialAction\":[{\"@type\":\"ReadAction\",\"target\":[\"https:\\\/\\\/inclusivenews.com.br\\\/?p=19386\"]}]},{\"@type\":\"ImageObject\",\"inLanguage\":\"pt-PT\",\"@id\":\"https:\\\/\\\/inclusivenews.com.br\\\/?p=19386#primaryimage\",\"url\":\"\",\"contentUrl\":\"\"},{\"@type\":\"BreadcrumbList\",\"@id\":\"https:\\\/\\\/inclusivenews.com.br\\\/?p=19386#breadcrumb\",\"itemListElement\":[{\"@type\":\"ListItem\",\"position\":1,\"name\":\"In\u00edcio\",\"item\":\"https:\\\/\\\/inclusivenews.com.br\\\/\"},{\"@type\":\"ListItem\",\"position\":2,\"name\":\"Trabalhador \u2018invis\u00edvel\u2019 supera preconceito\"}]},{\"@type\":\"WebSite\",\"@id\":\"https:\\\/\\\/inclusivenews.com.br\\\/#website\",\"url\":\"https:\\\/\\\/inclusivenews.com.br\\\/\",\"name\":\"Inclusive News\",\"description\":\"Inclusive News\",\"publisher\":{\"@id\":\"https:\\\/\\\/inclusivenews.com.br\\\/#organization\"},\"potentialAction\":[{\"@type\":\"SearchAction\",\"target\":{\"@type\":\"EntryPoint\",\"urlTemplate\":\"https:\\\/\\\/inclusivenews.com.br\\\/?s={search_term_string}\"},\"query-input\":{\"@type\":\"PropertyValueSpecification\",\"valueRequired\":true,\"valueName\":\"search_term_string\"}}],\"inLanguage\":\"pt-PT\"},{\"@type\":\"Organization\",\"@id\":\"https:\\\/\\\/inclusivenews.com.br\\\/#organization\",\"name\":\"Inclusive - inclus\u00e3o e cidadania\",\"url\":\"https:\\\/\\\/inclusivenews.com.br\\\/\",\"logo\":{\"@type\":\"ImageObject\",\"inLanguage\":\"pt-PT\",\"@id\":\"https:\\\/\\\/inclusivenews.com.br\\\/#\\\/schema\\\/logo\\\/image\\\/\",\"url\":\"https:\\\/\\\/inclusivenews.com.br\\\/wp-content\\\/uploads\\\/2024\\\/03\\\/@grandesite.png\",\"contentUrl\":\"https:\\\/\\\/inclusivenews.com.br\\\/wp-content\\\/uploads\\\/2024\\\/03\\\/@grandesite.png\",\"width\":1080,\"height\":1080,\"caption\":\"Inclusive - inclus\u00e3o e cidadania\"},\"image\":{\"@id\":\"https:\\\/\\\/inclusivenews.com.br\\\/#\\\/schema\\\/logo\\\/image\\\/\"},\"sameAs\":[\"https:\\\/\\\/www.facebook.com\\\/agenciainclusive\\\/\",\"https:\\\/\\\/www.instagram.com\\\/newsinclusive\\\/\"]},{\"@type\":\"Person\",\"@id\":\"https:\\\/\\\/inclusivenews.com.br\\\/#\\\/schema\\\/person\\\/ae4ec7087559b8692fb33b6fffd2273b\",\"name\":\"inclusivenews2024\",\"image\":{\"@type\":\"ImageObject\",\"inLanguage\":\"pt-PT\",\"@id\":\"https:\\\/\\\/secure.gravatar.com\\\/avatar\\\/c5a7ef84c66fa914f55bc4f7ce26cfa275a3b9a1c5568b907bd184fb4dde7b40?s=96&d=mm&r=g\",\"url\":\"https:\\\/\\\/secure.gravatar.com\\\/avatar\\\/c5a7ef84c66fa914f55bc4f7ce26cfa275a3b9a1c5568b907bd184fb4dde7b40?s=96&d=mm&r=g\",\"contentUrl\":\"https:\\\/\\\/secure.gravatar.com\\\/avatar\\\/c5a7ef84c66fa914f55bc4f7ce26cfa275a3b9a1c5568b907bd184fb4dde7b40?s=96&d=mm&r=g\",\"caption\":\"inclusivenews2024\"},\"sameAs\":[\"https:\\\/\\\/inclusivenews.com.br\"],\"url\":\"https:\\\/\\\/inclusivenews.com.br\\\/?author=1\"}]}<\/script>\n<!-- \/ Yoast SEO plugin. -->","yoast_head_json":{"title":"Trabalhador \u2018invis\u00edvel\u2019 supera preconceito -","robots":{"index":"index","follow":"follow","max-snippet":"max-snippet:-1","max-image-preview":"max-image-preview:large","max-video-preview":"max-video-preview:-1"},"canonical":"https:\/\/inclusivenews.com.br\/?p=19386","og_locale":"pt_PT","og_type":"article","og_title":"Trabalhador \u2018invis\u00edvel\u2019 supera preconceito -","og_description":"Estudo de psic\u00f3logo paulistano comprova rejei\u00e7\u00e3o social sofrida por trabalhadores das camadas mais humildes; mesmo assim, eles superam preconceitos, dificuldades e celebram o orgulho pelo cumprimento do dever.","og_url":"https:\/\/inclusivenews.com.br\/?p=19386","article_publisher":"https:\/\/www.facebook.com\/agenciainclusive\/","article_published_time":"2011-05-05T18:28:19+00:00","og_image":[{"url":"http:\/\/inclusivenews.com.br\/wp-content\/uploads\/2011\/05\/tumblr_krjjerCBGg1qa50fmo1_400.jpg","type":"","width":"","height":""}],"author":"inclusivenews2024","twitter_card":"summary_large_image","twitter_misc":{"Escrito por":"inclusivenews2024","Tempo estimado de leitura":"5 minutos"},"schema":{"@context":"https:\/\/schema.org","@graph":[{"@type":"Article","@id":"https:\/\/inclusivenews.com.br\/?p=19386#article","isPartOf":{"@id":"https:\/\/inclusivenews.com.br\/?p=19386"},"author":{"name":"inclusivenews2024","@id":"https:\/\/inclusivenews.com.br\/#\/schema\/person\/ae4ec7087559b8692fb33b6fffd2273b"},"headline":"Trabalhador \u2018invis\u00edvel\u2019 supera preconceito","datePublished":"2011-05-05T18:28:19+00:00","mainEntityOfPage":{"@id":"https:\/\/inclusivenews.com.br\/?p=19386"},"wordCount":995,"commentCount":0,"publisher":{"@id":"https:\/\/inclusivenews.com.br\/#organization"},"image":{"@id":"https:\/\/inclusivenews.com.br\/?p=19386#primaryimage"},"thumbnailUrl":"http:\/\/inclusivenews.com.br\/wp-content\/uploads\/2011\/05\/tumblr_krjjerCBGg1qa50fmo1_400.jpg","articleSection":["Discrimina\u00e7\u00e3o","Mercado de Trabalho","NOT\u00cdCIAS","Preconceito"],"inLanguage":"pt-PT","potentialAction":[{"@type":"CommentAction","name":"Comment","target":["https:\/\/inclusivenews.com.br\/?p=19386#respond"]}]},{"@type":"WebPage","@id":"https:\/\/inclusivenews.com.br\/?p=19386","url":"https:\/\/inclusivenews.com.br\/?p=19386","name":"Trabalhador \u2018invis\u00edvel\u2019 supera preconceito -","isPartOf":{"@id":"https:\/\/inclusivenews.com.br\/#website"},"primaryImageOfPage":{"@id":"https:\/\/inclusivenews.com.br\/?p=19386#primaryimage"},"image":{"@id":"https:\/\/inclusivenews.com.br\/?p=19386#primaryimage"},"thumbnailUrl":"http:\/\/inclusivenews.com.br\/wp-content\/uploads\/2011\/05\/tumblr_krjjerCBGg1qa50fmo1_400.jpg","datePublished":"2011-05-05T18:28:19+00:00","breadcrumb":{"@id":"https:\/\/inclusivenews.com.br\/?p=19386#breadcrumb"},"inLanguage":"pt-PT","potentialAction":[{"@type":"ReadAction","target":["https:\/\/inclusivenews.com.br\/?p=19386"]}]},{"@type":"ImageObject","inLanguage":"pt-PT","@id":"https:\/\/inclusivenews.com.br\/?p=19386#primaryimage","url":"","contentUrl":""},{"@type":"BreadcrumbList","@id":"https:\/\/inclusivenews.com.br\/?p=19386#breadcrumb","itemListElement":[{"@type":"ListItem","position":1,"name":"In\u00edcio","item":"https:\/\/inclusivenews.com.br\/"},{"@type":"ListItem","position":2,"name":"Trabalhador \u2018invis\u00edvel\u2019 supera preconceito"}]},{"@type":"WebSite","@id":"https:\/\/inclusivenews.com.br\/#website","url":"https:\/\/inclusivenews.com.br\/","name":"Inclusive News","description":"Inclusive News","publisher":{"@id":"https:\/\/inclusivenews.com.br\/#organization"},"potentialAction":[{"@type":"SearchAction","target":{"@type":"EntryPoint","urlTemplate":"https:\/\/inclusivenews.com.br\/?s={search_term_string}"},"query-input":{"@type":"PropertyValueSpecification","valueRequired":true,"valueName":"search_term_string"}}],"inLanguage":"pt-PT"},{"@type":"Organization","@id":"https:\/\/inclusivenews.com.br\/#organization","name":"Inclusive - inclus\u00e3o e cidadania","url":"https:\/\/inclusivenews.com.br\/","logo":{"@type":"ImageObject","inLanguage":"pt-PT","@id":"https:\/\/inclusivenews.com.br\/#\/schema\/logo\/image\/","url":"https:\/\/inclusivenews.com.br\/wp-content\/uploads\/2024\/03\/@grandesite.png","contentUrl":"https:\/\/inclusivenews.com.br\/wp-content\/uploads\/2024\/03\/@grandesite.png","width":1080,"height":1080,"caption":"Inclusive - inclus\u00e3o e cidadania"},"image":{"@id":"https:\/\/inclusivenews.com.br\/#\/schema\/logo\/image\/"},"sameAs":["https:\/\/www.facebook.com\/agenciainclusive\/","https:\/\/www.instagram.com\/newsinclusive\/"]},{"@type":"Person","@id":"https:\/\/inclusivenews.com.br\/#\/schema\/person\/ae4ec7087559b8692fb33b6fffd2273b","name":"inclusivenews2024","image":{"@type":"ImageObject","inLanguage":"pt-PT","@id":"https:\/\/secure.gravatar.com\/avatar\/c5a7ef84c66fa914f55bc4f7ce26cfa275a3b9a1c5568b907bd184fb4dde7b40?s=96&d=mm&r=g","url":"https:\/\/secure.gravatar.com\/avatar\/c5a7ef84c66fa914f55bc4f7ce26cfa275a3b9a1c5568b907bd184fb4dde7b40?s=96&d=mm&r=g","contentUrl":"https:\/\/secure.gravatar.com\/avatar\/c5a7ef84c66fa914f55bc4f7ce26cfa275a3b9a1c5568b907bd184fb4dde7b40?s=96&d=mm&r=g","caption":"inclusivenews2024"},"sameAs":["https:\/\/inclusivenews.com.br"],"url":"https:\/\/inclusivenews.com.br\/?author=1"}]}},"_links":{"self":[{"href":"https:\/\/inclusivenews.com.br\/index.php?rest_route=\/wp\/v2\/posts\/19386","targetHints":{"allow":["GET"]}}],"collection":[{"href":"https:\/\/inclusivenews.com.br\/index.php?rest_route=\/wp\/v2\/posts"}],"about":[{"href":"https:\/\/inclusivenews.com.br\/index.php?rest_route=\/wp\/v2\/types\/post"}],"author":[{"embeddable":true,"href":"https:\/\/inclusivenews.com.br\/index.php?rest_route=\/wp\/v2\/users\/1"}],"replies":[{"embeddable":true,"href":"https:\/\/inclusivenews.com.br\/index.php?rest_route=%2Fwp%2Fv2%2Fcomments&post=19386"}],"version-history":[{"count":0,"href":"https:\/\/inclusivenews.com.br\/index.php?rest_route=\/wp\/v2\/posts\/19386\/revisions"}],"wp:attachment":[{"href":"https:\/\/inclusivenews.com.br\/index.php?rest_route=%2Fwp%2Fv2%2Fmedia&parent=19386"}],"wp:term":[{"taxonomy":"category","embeddable":true,"href":"https:\/\/inclusivenews.com.br\/index.php?rest_route=%2Fwp%2Fv2%2Fcategories&post=19386"},{"taxonomy":"post_tag","embeddable":true,"href":"https:\/\/inclusivenews.com.br\/index.php?rest_route=%2Fwp%2Fv2%2Ftags&post=19386"}],"curies":[{"name":"wp","href":"https:\/\/api.w.org\/{rel}","templated":true}]}}